{"id":7129,"date":"2022-04-10T16:03:45","date_gmt":"2022-04-10T14:03:45","guid":{"rendered":"https:\/\/larutadelasal.com\/?p=7129"},"modified":"2022-04-10T16:16:18","modified_gmt":"2022-04-10T14:16:18","slug":"categorias-mini-sal-charlie-y-golf","status":"publish","type":"post","link":"https:\/\/labs.100x100.net\/projects\/rutasal\/categorias-mini-sal-charlie-y-golf\/","title":{"rendered":"Categor\u00edas Mini-Sal, Charlie y GOLF"},"content":{"rendered":"<div id=\"attachment_7130\" style=\"width: 1010px\" class=\"wp-caption aligncenter\"><img loading=\"lazy\" decoding=\"async\" aria-describedby=\"caption-attachment-7130\" class=\"wp-image-7130 size-full\" src=\"http:\/\/larutadelasal.com\/custom\/uploads\/2022\/04\/Pekas-Tramuntana-2021.jpg\" alt=\"\" width=\"1000\" height=\"662\" srcset=\"https:\/\/labs.100x100.net\/projects\/rutasal\/custom\/uploads\/2022\/04\/Pekas-Tramuntana-2021.jpg 1000w, https:\/\/labs.100x100.net\/projects\/rutasal\/custom\/uploads\/2022\/04\/Pekas-Tramuntana-2021-300x199.jpg 300w, https:\/\/labs.100x100.net\/projects\/rutasal\/custom\/uploads\/2022\/04\/Pekas-Tramuntana-2021-768x508.jpg 768w\" sizes=\"(max-width: 1000px) 100vw, 1000px\" \/><p id=\"caption-attachment-7130\" class=\"wp-caption-text\">PEKAS X, JOD 35, dise\u00f1o de 1990, de Pep Navarro<\/p><\/div>\n<p>Despu\u00e9s de 33 ediciones queda m\u00e1s que patente la voluntad detr\u00e1s de la creaci\u00f3n de La Ruta de la Sal, el simple deseo de que los amantes del mar y de la navegaci\u00f3n de altura pudieran disfrutar de unos d\u00edas para competir y compartir su pasi\u00f3n tanto en el mar como en tierra.<\/p>\n<p>Categor\u00edas como la mini-sal son un ejemplo m\u00e1s de esta voluntad. Se trata de un recorrido acortado de 55 mn desde Denia hasta Sant Antoni de Portmany con rumbo directo, pensada para aquellas tripulaciones que quieran iniciarse en regatas de altura. Si tradicionalmente, en esta Versi\u00f3n Mini-Sal, se ha venido prohibiendo el uso de velas para vientos portantes, este a\u00f1o presenta la novedad que se anula dicha prohibici\u00f3n, permitiendo a los participantes exprimir al m\u00e1ximo las capacidades de las embarcaciones participantes.<\/p>\n<div id=\"attachment_7133\" style=\"width: 910px\" class=\"wp-caption aligncenter\"><img loading=\"lazy\" decoding=\"async\" aria-describedby=\"caption-attachment-7133\" class=\"wp-image-7133 size-full\" src=\"http:\/\/larutadelasal.com\/custom\/uploads\/2022\/04\/ASCATA-3-La-Sal-2021.jpg\" alt=\"\" width=\"900\" height=\"596\" srcset=\"https:\/\/labs.100x100.net\/projects\/rutasal\/custom\/uploads\/2022\/04\/ASCATA-3-La-Sal-2021.jpg 900w, https:\/\/labs.100x100.net\/projects\/rutasal\/custom\/uploads\/2022\/04\/ASCATA-3-La-Sal-2021-300x199.jpg 300w, https:\/\/labs.100x100.net\/projects\/rutasal\/custom\/uploads\/2022\/04\/ASCATA-3-La-Sal-2021-768x509.jpg 768w\" sizes=\"(max-width: 900px) 100vw, 900px\" \/><p id=\"caption-attachment-7133\" class=\"wp-caption-text\">ASCATA 3, Fortuna 12, dise\u00f1o de 1991, de Yamandu Rodr\u00edguez Caorsi<\/p><\/div>\n<p>Este a\u00f1o tambi\u00e9n habr\u00e1 trofeo para el vencedor de la Categor\u00eda Charlie, dedicada a embarcaciones dise\u00f1adas antes de 1992. En la versi\u00f3n Barcelona destacan embarcaciones come el ASCATA 3, Fortuna 12, dise\u00f1o de 1991, de Yamandu Rodr\u00edguez Caorsi, y el PEKAS X, JOD 35, dise\u00f1o de 1990, de Mas Navega. Mientras que en la Versi\u00f3n Denia destacan el MAR MENOR, de Pablo Bernab\u00e9 Garc\u00eda, y el TORNADO III, de H\u00e9ctor Luengo Fito, ambas embarcaciones representantes del m\u00edtico modelo COBO 40 dise\u00f1ado en los a\u00f1os 70\u2019s.<\/p>\n<p>En lo que hace referencia al grupo GOLF, reservada para cruceros tripulados por dos personas, en Denia destacan el 78 DE MAYO, Solaris 44 de Enrique Ortiz Rapalo, y el Colomba VI, Hunter Legend 37.5 de Francisco Va\u00f1o, experimentado navegante oce\u00e1nico que ha participado en varias ocasiones en el Grand Prix del Atl\u00e1ntico y que, a bien seguro, esta regata le servir\u00e1 para preparar su pr\u00f3xima participaci\u00f3n, cuya salida est\u00e1 prevista para enero 2023. Mientras que para la versi\u00f3n Barcelona este a\u00f1o no se crear\u00e1 la categor\u00eda, al no haberse alcanzado el m\u00ednimo de 5 equipos.<\/p>\n<p>Para ver el listado completo de inscritos haz clic aqu\u00ed:\u00a0<a href=\"https:\/\/larutadelasal.com\/relacion-de-inscritos\/\"><strong>Inscritos La Ruta de la Sal 2022<\/strong><\/a><\/p>\n<p>Fotos \u00a9AlfredFarre.com<\/p>\n","protected":false},"excerpt":{"rendered":"<p>Despu\u00e9s de 33 ediciones queda m\u00e1s que patente la voluntad detr\u00e1s de la creaci\u00f3n de La Ruta de la Sal, el simple deseo de que los amantes del mar y de la navegaci\u00f3n de altura pudieran disfrutar de unos d\u00edas para competir y compartir su pasi\u00f3n tanto en el mar como en tierra. Categor\u00edas como [&hellip;]<\/p>\n","protected":false},"author":7,"featured_media":7130,"comment_status":"open","ping_status":"open","sticky":false,"template":"","format":"standard","meta":{"_acf_changed":false,"footnotes":""},"categories":[3],"tags":[],"acf":[],"yoast_head":"<!-- This site is optimized with the Yoast SEO plugin v23.0 - https:\/\/yoast.com\/wordpress\/plugins\/seo\/ -->\n<title>Categor\u00edas Mini-Sal, Charlie y GOLF<\/title>\n<meta name=\"description\" content=\"Despu\u00e9s de 33 ediciones queda m\u00e1s que patente la voluntad de La Ruta de la Sal por acercar la vela de altura a todos los navegantes.\" \/>\n<meta name=\"robots\" content=\"noindex, follow, max-snippet:-1, max-image-preview:large, max-video-preview:-1\" \/>\n<meta property=\"og:locale\" content=\"es_ES\" \/>\n<meta property=\"og:type\" content=\"article\" \/>\n<meta property=\"og:title\" content=\"Categor\u00edas Mini-Sal, Charlie y GOLF\" \/>\n<meta property=\"og:description\" content=\"Despu\u00e9s de 33 ediciones queda m\u00e1s que patente la voluntad de La Ruta de la Sal por acercar la vela de altura a todos los navegantes.\" \/>\n<meta property=\"og:url\" content=\"https:\/\/labs.100x100.net\/projects\/rutasal\/categorias-mini-sal-charlie-y-golf\/\" \/>\n<meta property=\"og:site_name\" content=\"Regata La Ruta de la Sal\" \/>\n<meta property=\"article:publisher\" content=\"https:\/\/www.facebook.com\/rutadelasal\/\" \/>\n<meta property=\"article:published_time\" content=\"2022-04-10T14:03:45+00:00\" \/>\n<meta property=\"article:modified_time\" content=\"2022-04-10T14:16:18+00:00\" \/>\n<meta property=\"og:image\" content=\"https:\/\/labs.100x100.net\/projects\/rutasal\/custom\/uploads\/2022\/04\/Pekas-Tramuntana-2021.jpg\" \/>\n\t<meta property=\"og:image:width\" content=\"1000\" \/>\n\t<meta property=\"og:image:height\" content=\"662\" \/>\n\t<meta property=\"og:image:type\" content=\"image\/jpeg\" \/>\n<meta name=\"author\" content=\"Valentina Libri\" \/>\n<meta name=\"twitter:card\" content=\"summary_large_image\" \/>\n<meta name=\"twitter:creator\" content=\"@AnamMedi\" \/>\n<meta name=\"twitter:site\" content=\"@AnamMedi\" \/>\n<meta name=\"twitter:label1\" content=\"Escrito por\" \/>\n\t<meta name=\"twitter:data1\" content=\"Valentina Libri\" \/>\n\t<meta name=\"twitter:label2\" content=\"Tiempo de lectura\" \/>\n\t<meta name=\"twitter:data2\" content=\"2 minutos\" \/>\n<script type=\"application\/ld+json\" class=\"yoast-schema-graph\">{\"@context\":\"https:\/\/schema.org\",\"@graph\":[{\"@type\":\"WebPage\",\"@id\":\"https:\/\/labs.100x100.net\/projects\/rutasal\/categorias-mini-sal-charlie-y-golf\/\",\"url\":\"https:\/\/labs.100x100.net\/projects\/rutasal\/categorias-mini-sal-charlie-y-golf\/\",\"name\":\"Categor\u00edas Mini-Sal, Charlie y GOLF\",\"isPartOf\":{\"@id\":\"https:\/\/labs.100x100.net\/projects\/rutasal\/#website\"},\"primaryImageOfPage\":{\"@id\":\"https:\/\/labs.100x100.net\/projects\/rutasal\/categorias-mini-sal-charlie-y-golf\/#primaryimage\"},\"image\":{\"@id\":\"https:\/\/labs.100x100.net\/projects\/rutasal\/categorias-mini-sal-charlie-y-golf\/#primaryimage\"},\"thumbnailUrl\":\"https:\/\/labs.100x100.net\/projects\/rutasal\/custom\/uploads\/2022\/04\/Pekas-Tramuntana-2021.jpg\",\"datePublished\":\"2022-04-10T14:03:45+00:00\",\"dateModified\":\"2022-04-10T14:16:18+00:00\",\"author\":{\"@id\":\"https:\/\/labs.100x100.net\/projects\/rutasal\/#\/schema\/person\/78b3519b5320819eb3428bc4a4363faf\"},\"description\":\"Despu\u00e9s de 33 ediciones queda m\u00e1s que patente la voluntad de La Ruta de la Sal por acercar la vela de altura a todos los navegantes.\",\"breadcrumb\":{\"@id\":\"https:\/\/labs.100x100.net\/projects\/rutasal\/categorias-mini-sal-charlie-y-golf\/#breadcrumb\"},\"inLanguage\":\"es\",\"potentialAction\":[{\"@type\":\"ReadAction\",\"target\":[\"https:\/\/labs.100x100.net\/projects\/rutasal\/categorias-mini-sal-charlie-y-golf\/\"]}]},{\"@type\":\"ImageObject\",\"inLanguage\":\"es\",\"@id\":\"https:\/\/labs.100x100.net\/projects\/rutasal\/categorias-mini-sal-charlie-y-golf\/#primaryimage\",\"url\":\"https:\/\/labs.100x100.net\/projects\/rutasal\/custom\/uploads\/2022\/04\/Pekas-Tramuntana-2021.jpg\",\"contentUrl\":\"https:\/\/labs.100x100.net\/projects\/rutasal\/custom\/uploads\/2022\/04\/Pekas-Tramuntana-2021.jpg\",\"width\":1000,\"height\":662},{\"@type\":\"BreadcrumbList\",\"@id\":\"https:\/\/labs.100x100.net\/projects\/rutasal\/categorias-mini-sal-charlie-y-golf\/#breadcrumb\",\"itemListElement\":[{\"@type\":\"ListItem\",\"position\":1,\"name\":\"Portada\",\"item\":\"https:\/\/labs.100x100.net\/projects\/rutasal\/\"},{\"@type\":\"ListItem\",\"position\":2,\"name\":\"Categor\u00edas Mini-Sal, Charlie y GOLF\"}]},{\"@type\":\"WebSite\",\"@id\":\"https:\/\/labs.100x100.net\/projects\/rutasal\/#website\",\"url\":\"https:\/\/labs.100x100.net\/projects\/rutasal\/\",\"name\":\"Regata La Ruta de la Sal\",\"description\":\"Regata La Ruta de la Sal es una regata de Altura Mediterr\u00e1nea para barcos de crucero a vela con destino en Ibiza, que se disputa anualmente en Semana Santa.\",\"potentialAction\":[{\"@type\":\"SearchAction\",\"target\":{\"@type\":\"EntryPoint\",\"urlTemplate\":\"https:\/\/labs.100x100.net\/projects\/rutasal\/?s={search_term_string}\"},\"query-input\":\"required name=search_term_string\"}],\"inLanguage\":\"es\"},{\"@type\":\"Person\",\"@id\":\"https:\/\/labs.100x100.net\/projects\/rutasal\/#\/schema\/person\/78b3519b5320819eb3428bc4a4363faf\",\"name\":\"Valentina Libri\",\"image\":{\"@type\":\"ImageObject\",\"inLanguage\":\"es\",\"@id\":\"https:\/\/labs.100x100.net\/projects\/rutasal\/#\/schema\/person\/image\/\",\"url\":\"https:\/\/secure.gravatar.com\/avatar\/99c0547d5c3f4720c6410e401af04fe2?s=96&d=mm&r=g\",\"contentUrl\":\"https:\/\/secure.gravatar.com\/avatar\/99c0547d5c3f4720c6410e401af04fe2?s=96&d=mm&r=g\",\"caption\":\"Valentina Libri\"}}]}<\/script>\n<!-- \/ Yoast SEO plugin. -->","yoast_head_json":{"title":"Categor\u00edas Mini-Sal, Charlie y GOLF","description":"Despu\u00e9s de 33 ediciones queda m\u00e1s que patente la voluntad de La Ruta de la Sal por acercar la vela de altura a todos los navegantes.","robots":{"index":"noindex","follow":"follow","max-snippet":"max-snippet:-1","max-image-preview":"max-image-preview:large","max-video-preview":"max-video-preview:-1"},"og_locale":"es_ES","og_type":"article","og_title":"Categor\u00edas Mini-Sal, Charlie y GOLF","og_description":"Despu\u00e9s de 33 ediciones queda m\u00e1s que patente la voluntad de La Ruta de la Sal por acercar la vela de altura a todos los navegantes.","og_url":"https:\/\/labs.100x100.net\/projects\/rutasal\/categorias-mini-sal-charlie-y-golf\/","og_site_name":"Regata La Ruta de la Sal","article_publisher":"https:\/\/www.facebook.com\/rutadelasal\/","article_published_time":"2022-04-10T14:03:45+00:00","article_modified_time":"2022-04-10T14:16:18+00:00","og_image":[{"width":1000,"height":662,"url":"https:\/\/labs.100x100.net\/projects\/rutasal\/custom\/uploads\/2022\/04\/Pekas-Tramuntana-2021.jpg","type":"image\/jpeg"}],"author":"Valentina Libri","twitter_card":"summary_large_image","twitter_creator":"@AnamMedi","twitter_site":"@AnamMedi","twitter_misc":{"Escrito por":"Valentina Libri","Tiempo de lectura":"2 minutos"},"schema":{"@context":"https:\/\/schema.org","@graph":[{"@type":"WebPage","@id":"https:\/\/labs.100x100.net\/projects\/rutasal\/categorias-mini-sal-charlie-y-golf\/","url":"https:\/\/labs.100x100.net\/projects\/rutasal\/categorias-mini-sal-charlie-y-golf\/","name":"Categor\u00edas Mini-Sal, Charlie y GOLF","isPartOf":{"@id":"https:\/\/labs.100x100.net\/projects\/rutasal\/#website"},"primaryImageOfPage":{"@id":"https:\/\/labs.100x100.net\/projects\/rutasal\/categorias-mini-sal-charlie-y-golf\/#primaryimage"},"image":{"@id":"https:\/\/labs.100x100.net\/projects\/rutasal\/categorias-mini-sal-charlie-y-golf\/#primaryimage"},"thumbnailUrl":"https:\/\/labs.100x100.net\/projects\/rutasal\/custom\/uploads\/2022\/04\/Pekas-Tramuntana-2021.jpg","datePublished":"2022-04-10T14:03:45+00:00","dateModified":"2022-04-10T14:16:18+00:00","author":{"@id":"https:\/\/labs.100x100.net\/projects\/rutasal\/#\/schema\/person\/78b3519b5320819eb3428bc4a4363faf"},"description":"Despu\u00e9s de 33 ediciones queda m\u00e1s que patente la voluntad de La Ruta de la Sal por acercar la vela de altura a todos los navegantes.","breadcrumb":{"@id":"https:\/\/labs.100x100.net\/projects\/rutasal\/categorias-mini-sal-charlie-y-golf\/#breadcrumb"},"inLanguage":"es","potentialAction":[{"@type":"ReadAction","target":["https:\/\/labs.100x100.net\/projects\/rutasal\/categorias-mini-sal-charlie-y-golf\/"]}]},{"@type":"ImageObject","inLanguage":"es","@id":"https:\/\/labs.100x100.net\/projects\/rutasal\/categorias-mini-sal-charlie-y-golf\/#primaryimage","url":"https:\/\/labs.100x100.net\/projects\/rutasal\/custom\/uploads\/2022\/04\/Pekas-Tramuntana-2021.jpg","contentUrl":"https:\/\/labs.100x100.net\/projects\/rutasal\/custom\/uploads\/2022\/04\/Pekas-Tramuntana-2021.jpg","width":1000,"height":662},{"@type":"BreadcrumbList","@id":"https:\/\/labs.100x100.net\/projects\/rutasal\/categorias-mini-sal-charlie-y-golf\/#breadcrumb","itemListElement":[{"@type":"ListItem","position":1,"name":"Portada","item":"https:\/\/labs.100x100.net\/projects\/rutasal\/"},{"@type":"ListItem","position":2,"name":"Categor\u00edas Mini-Sal, Charlie y GOLF"}]},{"@type":"WebSite","@id":"https:\/\/labs.100x100.net\/projects\/rutasal\/#website","url":"https:\/\/labs.100x100.net\/projects\/rutasal\/","name":"Regata La Ruta de la Sal","description":"Regata La Ruta de la Sal es una regata de Altura Mediterr\u00e1nea para barcos de crucero a vela con destino en Ibiza, que se disputa anualmente en Semana Santa.","potentialAction":[{"@type":"SearchAction","target":{"@type":"EntryPoint","urlTemplate":"https:\/\/labs.100x100.net\/projects\/rutasal\/?s={search_term_string}"},"query-input":"required name=search_term_string"}],"inLanguage":"es"},{"@type":"Person","@id":"https:\/\/labs.100x100.net\/projects\/rutasal\/#\/schema\/person\/78b3519b5320819eb3428bc4a4363faf","name":"Valentina Libri","image":{"@type":"ImageObject","inLanguage":"es","@id":"https:\/\/labs.100x100.net\/projects\/rutasal\/#\/schema\/person\/image\/","url":"https:\/\/secure.gravatar.com\/avatar\/99c0547d5c3f4720c6410e401af04fe2?s=96&d=mm&r=g","contentUrl":"https:\/\/secure.gravatar.com\/avatar\/99c0547d5c3f4720c6410e401af04fe2?s=96&d=mm&r=g","caption":"Valentina Libri"}}]}},"_links":{"self":[{"href":"https:\/\/labs.100x100.net\/projects\/rutasal\/wp-json\/wp\/v2\/posts\/7129"}],"collection":[{"href":"https:\/\/labs.100x100.net\/projects\/rutasal\/wp-json\/wp\/v2\/posts"}],"about":[{"href":"https:\/\/labs.100x100.net\/projects\/rutasal\/wp-json\/wp\/v2\/types\/post"}],"author":[{"embeddable":true,"href":"https:\/\/labs.100x100.net\/projects\/rutasal\/wp-json\/wp\/v2\/users\/7"}],"replies":[{"embeddable":true,"href":"https:\/\/labs.100x100.net\/projects\/rutasal\/wp-json\/wp\/v2\/comments?post=7129"}],"version-history":[{"count":4,"href":"https:\/\/labs.100x100.net\/projects\/rutasal\/wp-json\/wp\/v2\/posts\/7129\/revisions"}],"predecessor-version":[{"id":7139,"href":"https:\/\/labs.100x100.net\/projects\/rutasal\/wp-json\/wp\/v2\/posts\/7129\/revisions\/7139"}],"wp:featuredmedia":[{"embeddable":true,"href":"https:\/\/labs.100x100.net\/projects\/rutasal\/wp-json\/wp\/v2\/media\/7130"}],"wp:attachment":[{"href":"https:\/\/labs.100x100.net\/projects\/rutasal\/wp-json\/wp\/v2\/media?parent=7129"}],"wp:term":[{"taxonomy":"category","embeddable":true,"href":"https:\/\/labs.100x100.net\/projects\/rutasal\/wp-json\/wp\/v2\/categories?post=7129"},{"taxonomy":"post_tag","embeddable":true,"href":"https:\/\/labs.100x100.net\/projects\/rutasal\/wp-json\/wp\/v2\/tags?post=7129"}],"curies":[{"name":"wp","href":"https:\/\/api.w.org\/{rel}","templated":true}]}}