{"id":7107,"date":"2022-04-09T17:07:31","date_gmt":"2022-04-09T15:07:31","guid":{"rendered":"https:\/\/larutadelasal.com\/?p=7107"},"modified":"2022-04-09T19:14:23","modified_gmt":"2022-04-09T17:14:23","slug":"garmin-gpsmap-86-series","status":"publish","type":"post","link":"https:\/\/labs.100x100.net\/projects\/rutasal\/garmin-gpsmap-86-series\/","title":{"rendered":"Navegar sin preocupaciones"},"content":{"rendered":"<p>Este a\u00f1o La Ruta de la Sal cuenta nuevamente con la colaboraci\u00f3n de Garmin, empresa l\u00edder en el mercado de la electr\u00f3nica para la n\u00e1utica. El apoyo de esta empresa a La Ruta de la Sal pone de manifiesto su voluntad de estar siempre a la vanguardia de la industria para permitir a los apasionados de la n\u00e1utica disfrutar del mar sin l\u00edmites.<\/p>\n<p>La Ruta de la Sal pone gran inter\u00e9s en los aspectos relacionados con la innovaci\u00f3n tecnol\u00f3gica para mejorar la comodidad en la navegaci\u00f3n y la seguridad de todos los participantes. La designaci\u00f3n de Garmin como Electr\u00f3nica Oficial de la regata resulta clave en este aspecto, pues se trata de una empresa de referencia en este sector, que continuamente lanza al mercado productos innovadores que resultan de gran ayuda a todo navegante, como el GPSMAP 86 SERIES, un dispositivo de mano que permite navegar sin preocupaciones.<\/p>\n<p><img loading=\"lazy\" decoding=\"async\" class=\"aligncenter wp-image-7111 size-large\" src=\"http:\/\/larutadelasal.com\/custom\/uploads\/2022\/04\/20190510_Support_RGB_8674-1024x683.jpg\" alt=\"\" width=\"1024\" height=\"683\" srcset=\"https:\/\/labs.100x100.net\/projects\/rutasal\/custom\/uploads\/2022\/04\/20190510_Support_RGB_8674-1024x683.jpg 1024w, https:\/\/labs.100x100.net\/projects\/rutasal\/custom\/uploads\/2022\/04\/20190510_Support_RGB_8674-300x200.jpg 300w, https:\/\/labs.100x100.net\/projects\/rutasal\/custom\/uploads\/2022\/04\/20190510_Support_RGB_8674-768x512.jpg 768w, https:\/\/labs.100x100.net\/projects\/rutasal\/custom\/uploads\/2022\/04\/20190510_Support_RGB_8674-1536x1024.jpg 1536w, https:\/\/labs.100x100.net\/projects\/rutasal\/custom\/uploads\/2022\/04\/20190510_Support_RGB_8674-2048x1365.jpg 2048w\" sizes=\"(max-width: 1024px) 100vw, 1024px\" \/><\/p>\n<p>Entre sus m\u00faltiples cualidades cabe destacar que se puede sincronizar con plotters Garmin e instrumentos compatibles para ver todos los datos de la embarcaci\u00f3n en tiempo real. Asimismo, se puede utilizar como mando a distancia del piloto autom\u00e1tico, pudiendo controlar la embarcaci\u00f3n, incluso al estar alejado del puente de mando. Tambi\u00e9n permite a\u00f1adir cartas n\u00e1uticas opcionales con datos de Garmin y Navionics integrados. Para disfrutar de la m\u00e1xima seguridad a bordo, es posible conectar este c\u00f3modo dispositivo de mano a la red satelitar Iridium, para enviar y recibir mensajes desde cualquier lugar. Dispone adem\u00e1s de SOS interactivo, que en caso de emergencia env\u00eda un mensaje al IERCC de Garmin, un centro de coordinaci\u00f3n de rescate con personal disponible las 24 horas.<\/p>\n<p>El GPSMAP 86 SERIES es ideal para soltar amarras y disfrutar de la navegaci\u00f3n sin preocupaciones.<\/p>\n<p><a href=\"http:\/\/www.garmin.com\">www.garmin.com<\/a><\/p>\n","protected":false},"excerpt":{"rendered":"<p>Este a\u00f1o La Ruta de la Sal cuenta nuevamente con la colaboraci\u00f3n de Garmin, empresa l\u00edder en el mercado de la electr\u00f3nica para la n\u00e1utica. El apoyo de esta empresa a La Ruta de la Sal pone de manifiesto su voluntad de estar siempre a la vanguardia de la industria para permitir a los apasionados [&hellip;]<\/p>\n","protected":false},"author":7,"featured_media":7111,"comment_status":"open","ping_status":"open","sticky":false,"template":"","format":"standard","meta":{"_acf_changed":false,"footnotes":""},"categories":[3],"tags":[],"acf":[],"yoast_head":"<!-- This site is optimized with the Yoast SEO plugin v23.0 - https:\/\/yoast.com\/wordpress\/plugins\/seo\/ -->\n<title>Navegar sin preocupaciones<\/title>\n<meta name=\"description\" content=\"Este a\u00f1o La Ruta de la Sal cuenta nuevamente con la colaboraci\u00f3n de Garmin, empresa l\u00edder en el mercado de la electr\u00f3nica para la n\u00e1utica.\" \/>\n<meta name=\"robots\" content=\"noindex, follow, max-snippet:-1, max-image-preview:large, max-video-preview:-1\" \/>\n<meta property=\"og:locale\" content=\"es_ES\" \/>\n<meta property=\"og:type\" content=\"article\" \/>\n<meta property=\"og:title\" content=\"Navegar sin preocupaciones\" \/>\n<meta property=\"og:description\" content=\"Este a\u00f1o La Ruta de la Sal cuenta nuevamente con la colaboraci\u00f3n de Garmin, empresa l\u00edder en el mercado de la electr\u00f3nica para la n\u00e1utica.\" \/>\n<meta property=\"og:url\" content=\"https:\/\/labs.100x100.net\/projects\/rutasal\/garmin-gpsmap-86-series\/\" \/>\n<meta property=\"og:site_name\" content=\"Regata La Ruta de la Sal\" \/>\n<meta property=\"article:publisher\" content=\"https:\/\/www.facebook.com\/rutadelasal\/\" \/>\n<meta property=\"article:published_time\" content=\"2022-04-09T15:07:31+00:00\" \/>\n<meta property=\"article:modified_time\" content=\"2022-04-09T17:14:23+00:00\" \/>\n<meta property=\"og:image\" content=\"https:\/\/labs.100x100.net\/projects\/rutasal\/custom\/uploads\/2022\/04\/20190510_Support_RGB_8674-scaled.jpg\" \/>\n\t<meta property=\"og:image:width\" content=\"2560\" \/>\n\t<meta property=\"og:image:height\" content=\"1707\" \/>\n\t<meta property=\"og:image:type\" content=\"image\/jpeg\" \/>\n<meta name=\"author\" content=\"Valentina Libri\" \/>\n<meta name=\"twitter:card\" content=\"summary_large_image\" \/>\n<meta name=\"twitter:creator\" content=\"@AnamMedi\" \/>\n<meta name=\"twitter:site\" content=\"@AnamMedi\" \/>\n<meta name=\"twitter:label1\" content=\"Escrito por\" \/>\n\t<meta name=\"twitter:data1\" content=\"Valentina Libri\" \/>\n\t<meta name=\"twitter:label2\" content=\"Tiempo de lectura\" \/>\n\t<meta name=\"twitter:data2\" content=\"2 minutos\" \/>\n<script type=\"application\/ld+json\" class=\"yoast-schema-graph\">{\"@context\":\"https:\/\/schema.org\",\"@graph\":[{\"@type\":\"WebPage\",\"@id\":\"https:\/\/labs.100x100.net\/projects\/rutasal\/garmin-gpsmap-86-series\/\",\"url\":\"https:\/\/labs.100x100.net\/projects\/rutasal\/garmin-gpsmap-86-series\/\",\"name\":\"Navegar sin preocupaciones\",\"isPartOf\":{\"@id\":\"https:\/\/labs.100x100.net\/projects\/rutasal\/#website\"},\"primaryImageOfPage\":{\"@id\":\"https:\/\/labs.100x100.net\/projects\/rutasal\/garmin-gpsmap-86-series\/#primaryimage\"},\"image\":{\"@id\":\"https:\/\/labs.100x100.net\/projects\/rutasal\/garmin-gpsmap-86-series\/#primaryimage\"},\"thumbnailUrl\":\"https:\/\/labs.100x100.net\/projects\/rutasal\/custom\/uploads\/2022\/04\/20190510_Support_RGB_8674-scaled.jpg\",\"datePublished\":\"2022-04-09T15:07:31+00:00\",\"dateModified\":\"2022-04-09T17:14:23+00:00\",\"author\":{\"@id\":\"https:\/\/labs.100x100.net\/projects\/rutasal\/#\/schema\/person\/78b3519b5320819eb3428bc4a4363faf\"},\"description\":\"Este a\u00f1o La Ruta de la Sal cuenta nuevamente con la colaboraci\u00f3n de Garmin, empresa l\u00edder en el mercado de la electr\u00f3nica para la n\u00e1utica.\",\"breadcrumb\":{\"@id\":\"https:\/\/labs.100x100.net\/projects\/rutasal\/garmin-gpsmap-86-series\/#breadcrumb\"},\"inLanguage\":\"es\",\"potentialAction\":[{\"@type\":\"ReadAction\",\"target\":[\"https:\/\/labs.100x100.net\/projects\/rutasal\/garmin-gpsmap-86-series\/\"]}]},{\"@type\":\"ImageObject\",\"inLanguage\":\"es\",\"@id\":\"https:\/\/labs.100x100.net\/projects\/rutasal\/garmin-gpsmap-86-series\/#primaryimage\",\"url\":\"https:\/\/labs.100x100.net\/projects\/rutasal\/custom\/uploads\/2022\/04\/20190510_Support_RGB_8674-scaled.jpg\",\"contentUrl\":\"https:\/\/labs.100x100.net\/projects\/rutasal\/custom\/uploads\/2022\/04\/20190510_Support_RGB_8674-scaled.jpg\",\"width\":2560,\"height\":1707,\"caption\":\"Forerunner 245, music\"},{\"@type\":\"BreadcrumbList\",\"@id\":\"https:\/\/labs.100x100.net\/projects\/rutasal\/garmin-gpsmap-86-series\/#breadcrumb\",\"itemListElement\":[{\"@type\":\"ListItem\",\"position\":1,\"name\":\"Portada\",\"item\":\"https:\/\/labs.100x100.net\/projects\/rutasal\/\"},{\"@type\":\"ListItem\",\"position\":2,\"name\":\"Navegar sin preocupaciones\"}]},{\"@type\":\"WebSite\",\"@id\":\"https:\/\/labs.100x100.net\/projects\/rutasal\/#website\",\"url\":\"https:\/\/labs.100x100.net\/projects\/rutasal\/\",\"name\":\"Regata La Ruta de la Sal\",\"description\":\"Regata La Ruta de la Sal es una regata de Altura Mediterr\u00e1nea para barcos de crucero a vela con destino en Ibiza, que se disputa anualmente en Semana Santa.\",\"potentialAction\":[{\"@type\":\"SearchAction\",\"target\":{\"@type\":\"EntryPoint\",\"urlTemplate\":\"https:\/\/labs.100x100.net\/projects\/rutasal\/?s={search_term_string}\"},\"query-input\":\"required name=search_term_string\"}],\"inLanguage\":\"es\"},{\"@type\":\"Person\",\"@id\":\"https:\/\/labs.100x100.net\/projects\/rutasal\/#\/schema\/person\/78b3519b5320819eb3428bc4a4363faf\",\"name\":\"Valentina Libri\",\"image\":{\"@type\":\"ImageObject\",\"inLanguage\":\"es\",\"@id\":\"https:\/\/labs.100x100.net\/projects\/rutasal\/#\/schema\/person\/image\/\",\"url\":\"https:\/\/secure.gravatar.com\/avatar\/99c0547d5c3f4720c6410e401af04fe2?s=96&d=mm&r=g\",\"contentUrl\":\"https:\/\/secure.gravatar.com\/avatar\/99c0547d5c3f4720c6410e401af04fe2?s=96&d=mm&r=g\",\"caption\":\"Valentina Libri\"}}]}<\/script>\n<!-- \/ Yoast SEO plugin. -->","yoast_head_json":{"title":"Navegar sin preocupaciones","description":"Este a\u00f1o La Ruta de la Sal cuenta nuevamente con la colaboraci\u00f3n de Garmin, empresa l\u00edder en el mercado de la electr\u00f3nica para la n\u00e1utica.","robots":{"index":"noindex","follow":"follow","max-snippet":"max-snippet:-1","max-image-preview":"max-image-preview:large","max-video-preview":"max-video-preview:-1"},"og_locale":"es_ES","og_type":"article","og_title":"Navegar sin preocupaciones","og_description":"Este a\u00f1o La Ruta de la Sal cuenta nuevamente con la colaboraci\u00f3n de Garmin, empresa l\u00edder en el mercado de la electr\u00f3nica para la n\u00e1utica.","og_url":"https:\/\/labs.100x100.net\/projects\/rutasal\/garmin-gpsmap-86-series\/","og_site_name":"Regata La Ruta de la Sal","article_publisher":"https:\/\/www.facebook.com\/rutadelasal\/","article_published_time":"2022-04-09T15:07:31+00:00","article_modified_time":"2022-04-09T17:14:23+00:00","og_image":[{"width":2560,"height":1707,"url":"https:\/\/labs.100x100.net\/projects\/rutasal\/custom\/uploads\/2022\/04\/20190510_Support_RGB_8674-scaled.jpg","type":"image\/jpeg"}],"author":"Valentina Libri","twitter_card":"summary_large_image","twitter_creator":"@AnamMedi","twitter_site":"@AnamMedi","twitter_misc":{"Escrito por":"Valentina Libri","Tiempo de lectura":"2 minutos"},"schema":{"@context":"https:\/\/schema.org","@graph":[{"@type":"WebPage","@id":"https:\/\/labs.100x100.net\/projects\/rutasal\/garmin-gpsmap-86-series\/","url":"https:\/\/labs.100x100.net\/projects\/rutasal\/garmin-gpsmap-86-series\/","name":"Navegar sin preocupaciones","isPartOf":{"@id":"https:\/\/labs.100x100.net\/projects\/rutasal\/#website"},"primaryImageOfPage":{"@id":"https:\/\/labs.100x100.net\/projects\/rutasal\/garmin-gpsmap-86-series\/#primaryimage"},"image":{"@id":"https:\/\/labs.100x100.net\/projects\/rutasal\/garmin-gpsmap-86-series\/#primaryimage"},"thumbnailUrl":"https:\/\/labs.100x100.net\/projects\/rutasal\/custom\/uploads\/2022\/04\/20190510_Support_RGB_8674-scaled.jpg","datePublished":"2022-04-09T15:07:31+00:00","dateModified":"2022-04-09T17:14:23+00:00","author":{"@id":"https:\/\/labs.100x100.net\/projects\/rutasal\/#\/schema\/person\/78b3519b5320819eb3428bc4a4363faf"},"description":"Este a\u00f1o La Ruta de la Sal cuenta nuevamente con la colaboraci\u00f3n de Garmin, empresa l\u00edder en el mercado de la electr\u00f3nica para la n\u00e1utica.","breadcrumb":{"@id":"https:\/\/labs.100x100.net\/projects\/rutasal\/garmin-gpsmap-86-series\/#breadcrumb"},"inLanguage":"es","potentialAction":[{"@type":"ReadAction","target":["https:\/\/labs.100x100.net\/projects\/rutasal\/garmin-gpsmap-86-series\/"]}]},{"@type":"ImageObject","inLanguage":"es","@id":"https:\/\/labs.100x100.net\/projects\/rutasal\/garmin-gpsmap-86-series\/#primaryimage","url":"https:\/\/labs.100x100.net\/projects\/rutasal\/custom\/uploads\/2022\/04\/20190510_Support_RGB_8674-scaled.jpg","contentUrl":"https:\/\/labs.100x100.net\/projects\/rutasal\/custom\/uploads\/2022\/04\/20190510_Support_RGB_8674-scaled.jpg","width":2560,"height":1707,"caption":"Forerunner 245, music"},{"@type":"BreadcrumbList","@id":"https:\/\/labs.100x100.net\/projects\/rutasal\/garmin-gpsmap-86-series\/#breadcrumb","itemListElement":[{"@type":"ListItem","position":1,"name":"Portada","item":"https:\/\/labs.100x100.net\/projects\/rutasal\/"},{"@type":"ListItem","position":2,"name":"Navegar sin preocupaciones"}]},{"@type":"WebSite","@id":"https:\/\/labs.100x100.net\/projects\/rutasal\/#website","url":"https:\/\/labs.100x100.net\/projects\/rutasal\/","name":"Regata La Ruta de la Sal","description":"Regata La Ruta de la Sal es una regata de Altura Mediterr\u00e1nea para barcos de crucero a vela con destino en Ibiza, que se disputa anualmente en Semana Santa.","potentialAction":[{"@type":"SearchAction","target":{"@type":"EntryPoint","urlTemplate":"https:\/\/labs.100x100.net\/projects\/rutasal\/?s={search_term_string}"},"query-input":"required name=search_term_string"}],"inLanguage":"es"},{"@type":"Person","@id":"https:\/\/labs.100x100.net\/projects\/rutasal\/#\/schema\/person\/78b3519b5320819eb3428bc4a4363faf","name":"Valentina Libri","image":{"@type":"ImageObject","inLanguage":"es","@id":"https:\/\/labs.100x100.net\/projects\/rutasal\/#\/schema\/person\/image\/","url":"https:\/\/secure.gravatar.com\/avatar\/99c0547d5c3f4720c6410e401af04fe2?s=96&d=mm&r=g","contentUrl":"https:\/\/secure.gravatar.com\/avatar\/99c0547d5c3f4720c6410e401af04fe2?s=96&d=mm&r=g","caption":"Valentina Libri"}}]}},"_links":{"self":[{"href":"https:\/\/labs.100x100.net\/projects\/rutasal\/wp-json\/wp\/v2\/posts\/7107"}],"collection":[{"href":"https:\/\/labs.100x100.net\/projects\/rutasal\/wp-json\/wp\/v2\/posts"}],"about":[{"href":"https:\/\/labs.100x100.net\/projects\/rutasal\/wp-json\/wp\/v2\/types\/post"}],"author":[{"embeddable":true,"href":"https:\/\/labs.100x100.net\/projects\/rutasal\/wp-json\/wp\/v2\/users\/7"}],"replies":[{"embeddable":true,"href":"https:\/\/labs.100x100.net\/projects\/rutasal\/wp-json\/wp\/v2\/comments?post=7107"}],"version-history":[{"count":4,"href":"https:\/\/labs.100x100.net\/projects\/rutasal\/wp-json\/wp\/v2\/posts\/7107\/revisions"}],"predecessor-version":[{"id":7123,"href":"https:\/\/labs.100x100.net\/projects\/rutasal\/wp-json\/wp\/v2\/posts\/7107\/revisions\/7123"}],"wp:featuredmedia":[{"embeddable":true,"href":"https:\/\/labs.100x100.net\/projects\/rutasal\/wp-json\/wp\/v2\/media\/7111"}],"wp:attachment":[{"href":"https:\/\/labs.100x100.net\/projects\/rutasal\/wp-json\/wp\/v2\/media?parent=7107"}],"wp:term":[{"taxonomy":"category","embeddable":true,"href":"https:\/\/labs.100x100.net\/projects\/rutasal\/wp-json\/wp\/v2\/categories?post=7107"},{"taxonomy":"post_tag","embeddable":true,"href":"https:\/\/labs.100x100.net\/projects\/rutasal\/wp-json\/wp\/v2\/tags?post=7107"}],"curies":[{"name":"wp","href":"https:\/\/api.w.org\/{rel}","templated":true}]}}