{"id":7095,"date":"2022-04-09T14:56:14","date_gmt":"2022-04-09T12:56:14","guid":{"rendered":"https:\/\/larutadelasal.com\/?p=7095"},"modified":"2022-04-09T21:05:22","modified_gmt":"2022-04-09T19:05:22","slug":"la-categoria-bravo-las-embarcaciones-disenadas-entre-1992-y-2004","status":"publish","type":"post","link":"https:\/\/labs.100x100.net\/projects\/rutasal\/la-categoria-bravo-las-embarcaciones-disenadas-entre-1992-y-2004\/","title":{"rendered":"La Categor\u00eda Bravo: las embarcaciones dise\u00f1adas entre 1992 y 2004"},"content":{"rendered":"<div id=\"attachment_7124\" style=\"width: 810px\" class=\"wp-caption aligncenter\"><img loading=\"lazy\" decoding=\"async\" aria-describedby=\"caption-attachment-7124\" class=\"wp-image-7124 size-full\" src=\"http:\/\/larutadelasal.com\/custom\/uploads\/2022\/04\/Brujo-Golden2019_2.jpg\" alt=\"\" width=\"800\" height=\"534\" srcset=\"https:\/\/labs.100x100.net\/projects\/rutasal\/custom\/uploads\/2022\/04\/Brujo-Golden2019_2.jpg 800w, https:\/\/labs.100x100.net\/projects\/rutasal\/custom\/uploads\/2022\/04\/Brujo-Golden2019_2-300x200.jpg 300w, https:\/\/labs.100x100.net\/projects\/rutasal\/custom\/uploads\/2022\/04\/Brujo-Golden2019_2-768x513.jpg 768w\" sizes=\"(max-width: 800px) 100vw, 800px\" \/><p id=\"caption-attachment-7124\" class=\"wp-caption-text\">BRUJO, Swan 45 de Alberto de Castro, Vencedor Absoluto de la \u00faltima edici\u00f3n<\/p><\/div>\n<p>La flota de la 34\u00ba edici\u00f3n de La Ruta de la Sal est\u00e1 a punto de soltar amarras rumbo a Sant Antoni de Portmany, Ibiza.<\/p>\n<p>Con un recorrido de 140 millas n\u00e1utica en la VERSI\u00d3N BARCELONA y un recorrido de 120 millas n\u00e1uticas en la VERSI\u00d3N DENIA, esta edici\u00f3n se presenta muy competida, con varios equipos que ya cuentan con victorias en ediciones anteriores y que aspiran a repetir p\u00f3dium.<\/p>\n<p>La categor\u00eda Bravo incluye a aquellos barcos dise\u00f1ados entre 1992 y 2004.<\/p>\n<div id=\"attachment_7096\" style=\"width: 910px\" class=\"wp-caption aligncenter\"><img loading=\"lazy\" decoding=\"async\" aria-describedby=\"caption-attachment-7096\" class=\"wp-image-7096 size-full\" src=\"http:\/\/larutadelasal.com\/custom\/uploads\/2022\/04\/Gymir-Bravo-BCN.jpg\" alt=\"\" width=\"900\" height=\"601\" srcset=\"https:\/\/labs.100x100.net\/projects\/rutasal\/custom\/uploads\/2022\/04\/Gymir-Bravo-BCN.jpg 900w, https:\/\/labs.100x100.net\/projects\/rutasal\/custom\/uploads\/2022\/04\/Gymir-Bravo-BCN-300x200.jpg 300w, https:\/\/labs.100x100.net\/projects\/rutasal\/custom\/uploads\/2022\/04\/Gymir-Bravo-BCN-768x513.jpg 768w\" sizes=\"(max-width: 900px) 100vw, 900px\" \/><p id=\"caption-attachment-7096\" class=\"wp-caption-text\">GYMIR, Maxi Dolphin 65 de Manel Codina, Vencedor en Tiempo Real de la Versi\u00f3n Barcelona en la edici\u00f3n 2021<\/p><\/div>\n<p>De las 65 embarcaciones que tomar\u00e1n la salida en la <strong>VERSI\u00d3N BARCELONA<\/strong>, 20 pertenecen a esta categor\u00eda. Entre las de mayor eslora cabe destacar al GYMIR, Maxi Dolphin 65 de Manel Codina, al MANDRAKE, Swan 60 de Pablo Arnus de Soto, y LA BELLE, Swan 56 del holand\u00e9s Frans van Belle. En el rango de esloras medianas encontramos el ATLANT DEL VENT, IMX 45 de David Tur, y el CONEIX.COM-MENUT II, Sun Fast 36 de Miquel Delclos. Por su parte, entre las esloras m\u00e1s peque\u00f1as cabe destacar al DIABOLIC, Sun Fast 35 del belga Glenn De Brouwer, ganador de la \u00faltima edici\u00f3n del Circuito de Regatas de Altura.<\/p>\n<div id=\"attachment_7099\" style=\"width: 906px\" class=\"wp-caption aligncenter\"><img loading=\"lazy\" decoding=\"async\" aria-describedby=\"caption-attachment-7099\" class=\"wp-image-7099 size-full\" src=\"http:\/\/larutadelasal.com\/custom\/uploads\/2022\/04\/La-Sal-2014-CLEM_2-Bravo-BCN-sin-creditos.jpg\" alt=\"\" width=\"896\" height=\"594\" srcset=\"https:\/\/labs.100x100.net\/projects\/rutasal\/custom\/uploads\/2022\/04\/La-Sal-2014-CLEM_2-Bravo-BCN-sin-creditos.jpg 896w, https:\/\/labs.100x100.net\/projects\/rutasal\/custom\/uploads\/2022\/04\/La-Sal-2014-CLEM_2-Bravo-BCN-sin-creditos-300x199.jpg 300w, https:\/\/labs.100x100.net\/projects\/rutasal\/custom\/uploads\/2022\/04\/La-Sal-2014-CLEM_2-Bravo-BCN-sin-creditos-768x509.jpg 768w\" sizes=\"(max-width: 896px) 100vw, 896px\" \/><p id=\"caption-attachment-7099\" class=\"wp-caption-text\">CLEM, Swan 56 de Jaime Olazabal Fourquet, Vencedor Absoluto en 2009 Versi\u00f3n Barcelona y 2017 Versi\u00f3n Mallorca<\/p><\/div>\n<p>En la <strong>VERSI\u00d3N DENIA<\/strong>, de las 24 embarcaciones de la categor\u00eda Bravo, cabe destacar, entre los de mayor eslora, al PLIS PLAY, Swan 80 de Vicente Garc\u00eda Torres, al ALAIK, Swan 62 de Alberto Zardoya, y al CLEM, Swan 56 de Jaime Olazabal Fourquet. Tanto el Plis Play como el Clem cuentan con victorias en ediciones anteriores, que a buen seguro tratar\u00e1n de reeditar en esta ocasi\u00f3n. En el rango de esloras medias encontramos al vencedor absoluto de la \u00faltima edici\u00f3n: el BRUJO, Swan 45 de Alberto de Castro, as\u00ed como al JERONIMO II, First 47.7 de Mike Marqu\u00e9s, y al SOPUTRES, Grand Soleil 45 del finland\u00e9s Jorma Nuutinem. Finalmente, entre las esloras m\u00e1s peque\u00f1as destacan el GDES-AEROX, First 40.7 de Clara Dominguis Forquet, EL GAITERO, Espada 34 de Vicente Amengual Colomar, y el SPACE ARGENT, Sun Fast 32i de Jos\u00e9 Rosello Tur.<\/p>\n<p>Para ver el listado completo de inscritos haz clic aqu\u00ed:\u00a0<a href=\"https:\/\/larutadelasal.com\/relacion-de-inscritos\/\"><strong>Inscritos La Ruta de la Sal 2022<\/strong><\/a><\/p>\n<p>Fotos \u00a9AlfredFarre.com<\/p>\n","protected":false},"excerpt":{"rendered":"<p>La flota de la 34\u00ba edici\u00f3n de La Ruta de la Sal est\u00e1 a punto de soltar amarras rumbo a Sant Antoni de Portmany, Ibiza. Con un recorrido de 140 millas n\u00e1utica en la VERSI\u00d3N BARCELONA y un recorrido de 120 millas n\u00e1uticas en la VERSI\u00d3N DENIA, esta edici\u00f3n se presenta muy competida, con varios [&hellip;]<\/p>\n","protected":false},"author":7,"featured_media":7124,"comment_status":"open","ping_status":"open","sticky":false,"template":"","format":"standard","meta":{"_acf_changed":false,"footnotes":""},"categories":[3],"tags":[],"acf":[],"yoast_head":"<!-- This site is optimized with the Yoast SEO plugin v23.0 - https:\/\/yoast.com\/wordpress\/plugins\/seo\/ -->\n<title>La Categor\u00eda Bravo: las embarcaciones dise\u00f1adas entre 1992 y 2004<\/title>\n<meta name=\"description\" content=\"La flota de 44 barcos de la Categor\u00eda Bravo de la 34\u00ba edici\u00f3n de La Ruta de la Sal est\u00e1 a punto de soltar amarras rumbo a Sant Antoni de Portmany, Ibiza.\" \/>\n<meta name=\"robots\" content=\"noindex, follow, max-snippet:-1, max-image-preview:large, max-video-preview:-1\" \/>\n<meta property=\"og:locale\" content=\"es_ES\" \/>\n<meta property=\"og:type\" content=\"article\" \/>\n<meta property=\"og:title\" content=\"La Categor\u00eda Bravo: las embarcaciones dise\u00f1adas entre 1992 y 2004\" \/>\n<meta property=\"og:description\" content=\"La flota de 44 barcos de la Categor\u00eda Bravo de la 34\u00ba edici\u00f3n de La Ruta de la Sal est\u00e1 a punto de soltar amarras rumbo a Sant Antoni de Portmany, Ibiza.\" \/>\n<meta property=\"og:url\" content=\"https:\/\/labs.100x100.net\/projects\/rutasal\/la-categoria-bravo-las-embarcaciones-disenadas-entre-1992-y-2004\/\" \/>\n<meta property=\"og:site_name\" content=\"Regata La Ruta de la Sal\" \/>\n<meta property=\"article:publisher\" content=\"https:\/\/www.facebook.com\/rutadelasal\/\" \/>\n<meta property=\"article:published_time\" content=\"2022-04-09T12:56:14+00:00\" \/>\n<meta property=\"article:modified_time\" content=\"2022-04-09T19:05:22+00:00\" \/>\n<meta property=\"og:image\" content=\"https:\/\/labs.100x100.net\/projects\/rutasal\/custom\/uploads\/2022\/04\/Brujo-Golden2019_2.jpg\" \/>\n\t<meta property=\"og:image:width\" content=\"800\" \/>\n\t<meta property=\"og:image:height\" content=\"534\" \/>\n\t<meta property=\"og:image:type\" content=\"image\/jpeg\" \/>\n<meta name=\"author\" content=\"Valentina Libri\" \/>\n<meta name=\"twitter:card\" content=\"summary_large_image\" \/>\n<meta name=\"twitter:creator\" content=\"@AnamMedi\" \/>\n<meta name=\"twitter:site\" content=\"@AnamMedi\" \/>\n<meta name=\"twitter:label1\" content=\"Escrito por\" \/>\n\t<meta name=\"twitter:data1\" content=\"Valentina Libri\" \/>\n\t<meta name=\"twitter:label2\" content=\"Tiempo de lectura\" \/>\n\t<meta name=\"twitter:data2\" content=\"3 minutos\" \/>\n<script type=\"application\/ld+json\" class=\"yoast-schema-graph\">{\"@context\":\"https:\/\/schema.org\",\"@graph\":[{\"@type\":\"WebPage\",\"@id\":\"https:\/\/labs.100x100.net\/projects\/rutasal\/la-categoria-bravo-las-embarcaciones-disenadas-entre-1992-y-2004\/\",\"url\":\"https:\/\/labs.100x100.net\/projects\/rutasal\/la-categoria-bravo-las-embarcaciones-disenadas-entre-1992-y-2004\/\",\"name\":\"La Categor\u00eda Bravo: las embarcaciones dise\u00f1adas entre 1992 y 2004\",\"isPartOf\":{\"@id\":\"https:\/\/labs.100x100.net\/projects\/rutasal\/#website\"},\"primaryImageOfPage\":{\"@id\":\"https:\/\/labs.100x100.net\/projects\/rutasal\/la-categoria-bravo-las-embarcaciones-disenadas-entre-1992-y-2004\/#primaryimage\"},\"image\":{\"@id\":\"https:\/\/labs.100x100.net\/projects\/rutasal\/la-categoria-bravo-las-embarcaciones-disenadas-entre-1992-y-2004\/#primaryimage\"},\"thumbnailUrl\":\"https:\/\/labs.100x100.net\/projects\/rutasal\/custom\/uploads\/2022\/04\/Brujo-Golden2019_2.jpg\",\"datePublished\":\"2022-04-09T12:56:14+00:00\",\"dateModified\":\"2022-04-09T19:05:22+00:00\",\"author\":{\"@id\":\"https:\/\/labs.100x100.net\/projects\/rutasal\/#\/schema\/person\/78b3519b5320819eb3428bc4a4363faf\"},\"description\":\"La flota de 44 barcos de la Categor\u00eda Bravo de la 34\u00ba edici\u00f3n de La Ruta de la Sal est\u00e1 a punto de soltar amarras rumbo a Sant Antoni de Portmany, Ibiza.\",\"breadcrumb\":{\"@id\":\"https:\/\/labs.100x100.net\/projects\/rutasal\/la-categoria-bravo-las-embarcaciones-disenadas-entre-1992-y-2004\/#breadcrumb\"},\"inLanguage\":\"es\",\"potentialAction\":[{\"@type\":\"ReadAction\",\"target\":[\"https:\/\/labs.100x100.net\/projects\/rutasal\/la-categoria-bravo-las-embarcaciones-disenadas-entre-1992-y-2004\/\"]}]},{\"@type\":\"ImageObject\",\"inLanguage\":\"es\",\"@id\":\"https:\/\/labs.100x100.net\/projects\/rutasal\/la-categoria-bravo-las-embarcaciones-disenadas-entre-1992-y-2004\/#primaryimage\",\"url\":\"https:\/\/labs.100x100.net\/projects\/rutasal\/custom\/uploads\/2022\/04\/Brujo-Golden2019_2.jpg\",\"contentUrl\":\"https:\/\/labs.100x100.net\/projects\/rutasal\/custom\/uploads\/2022\/04\/Brujo-Golden2019_2.jpg\",\"width\":800,\"height\":534},{\"@type\":\"BreadcrumbList\",\"@id\":\"https:\/\/labs.100x100.net\/projects\/rutasal\/la-categoria-bravo-las-embarcaciones-disenadas-entre-1992-y-2004\/#breadcrumb\",\"itemListElement\":[{\"@type\":\"ListItem\",\"position\":1,\"name\":\"Portada\",\"item\":\"https:\/\/labs.100x100.net\/projects\/rutasal\/\"},{\"@type\":\"ListItem\",\"position\":2,\"name\":\"La Categor\u00eda Bravo: las embarcaciones dise\u00f1adas entre 1992 y 2004\"}]},{\"@type\":\"WebSite\",\"@id\":\"https:\/\/labs.100x100.net\/projects\/rutasal\/#website\",\"url\":\"https:\/\/labs.100x100.net\/projects\/rutasal\/\",\"name\":\"Regata La Ruta de la Sal\",\"description\":\"Regata La Ruta de la Sal es una regata de Altura Mediterr\u00e1nea para barcos de crucero a vela con destino en Ibiza, que se disputa anualmente en Semana Santa.\",\"potentialAction\":[{\"@type\":\"SearchAction\",\"target\":{\"@type\":\"EntryPoint\",\"urlTemplate\":\"https:\/\/labs.100x100.net\/projects\/rutasal\/?s={search_term_string}\"},\"query-input\":\"required name=search_term_string\"}],\"inLanguage\":\"es\"},{\"@type\":\"Person\",\"@id\":\"https:\/\/labs.100x100.net\/projects\/rutasal\/#\/schema\/person\/78b3519b5320819eb3428bc4a4363faf\",\"name\":\"Valentina Libri\",\"image\":{\"@type\":\"ImageObject\",\"inLanguage\":\"es\",\"@id\":\"https:\/\/labs.100x100.net\/projects\/rutasal\/#\/schema\/person\/image\/\",\"url\":\"https:\/\/secure.gravatar.com\/avatar\/99c0547d5c3f4720c6410e401af04fe2?s=96&d=mm&r=g\",\"contentUrl\":\"https:\/\/secure.gravatar.com\/avatar\/99c0547d5c3f4720c6410e401af04fe2?s=96&d=mm&r=g\",\"caption\":\"Valentina Libri\"}}]}<\/script>\n<!-- \/ Yoast SEO plugin. -->","yoast_head_json":{"title":"La Categor\u00eda Bravo: las embarcaciones dise\u00f1adas entre 1992 y 2004","description":"La flota de 44 barcos de la Categor\u00eda Bravo de la 34\u00ba edici\u00f3n de La Ruta de la Sal est\u00e1 a punto de soltar amarras rumbo a Sant Antoni de Portmany, Ibiza.","robots":{"index":"noindex","follow":"follow","max-snippet":"max-snippet:-1","max-image-preview":"max-image-preview:large","max-video-preview":"max-video-preview:-1"},"og_locale":"es_ES","og_type":"article","og_title":"La Categor\u00eda Bravo: las embarcaciones dise\u00f1adas entre 1992 y 2004","og_description":"La flota de 44 barcos de la Categor\u00eda Bravo de la 34\u00ba edici\u00f3n de La Ruta de la Sal est\u00e1 a punto de soltar amarras rumbo a Sant Antoni de Portmany, Ibiza.","og_url":"https:\/\/labs.100x100.net\/projects\/rutasal\/la-categoria-bravo-las-embarcaciones-disenadas-entre-1992-y-2004\/","og_site_name":"Regata La Ruta de la Sal","article_publisher":"https:\/\/www.facebook.com\/rutadelasal\/","article_published_time":"2022-04-09T12:56:14+00:00","article_modified_time":"2022-04-09T19:05:22+00:00","og_image":[{"width":800,"height":534,"url":"https:\/\/labs.100x100.net\/projects\/rutasal\/custom\/uploads\/2022\/04\/Brujo-Golden2019_2.jpg","type":"image\/jpeg"}],"author":"Valentina Libri","twitter_card":"summary_large_image","twitter_creator":"@AnamMedi","twitter_site":"@AnamMedi","twitter_misc":{"Escrito por":"Valentina Libri","Tiempo de lectura":"3 minutos"},"schema":{"@context":"https:\/\/schema.org","@graph":[{"@type":"WebPage","@id":"https:\/\/labs.100x100.net\/projects\/rutasal\/la-categoria-bravo-las-embarcaciones-disenadas-entre-1992-y-2004\/","url":"https:\/\/labs.100x100.net\/projects\/rutasal\/la-categoria-bravo-las-embarcaciones-disenadas-entre-1992-y-2004\/","name":"La Categor\u00eda Bravo: las embarcaciones dise\u00f1adas entre 1992 y 2004","isPartOf":{"@id":"https:\/\/labs.100x100.net\/projects\/rutasal\/#website"},"primaryImageOfPage":{"@id":"https:\/\/labs.100x100.net\/projects\/rutasal\/la-categoria-bravo-las-embarcaciones-disenadas-entre-1992-y-2004\/#primaryimage"},"image":{"@id":"https:\/\/labs.100x100.net\/projects\/rutasal\/la-categoria-bravo-las-embarcaciones-disenadas-entre-1992-y-2004\/#primaryimage"},"thumbnailUrl":"https:\/\/labs.100x100.net\/projects\/rutasal\/custom\/uploads\/2022\/04\/Brujo-Golden2019_2.jpg","datePublished":"2022-04-09T12:56:14+00:00","dateModified":"2022-04-09T19:05:22+00:00","author":{"@id":"https:\/\/labs.100x100.net\/projects\/rutasal\/#\/schema\/person\/78b3519b5320819eb3428bc4a4363faf"},"description":"La flota de 44 barcos de la Categor\u00eda Bravo de la 34\u00ba edici\u00f3n de La Ruta de la Sal est\u00e1 a punto de soltar amarras rumbo a Sant Antoni de Portmany, Ibiza.","breadcrumb":{"@id":"https:\/\/labs.100x100.net\/projects\/rutasal\/la-categoria-bravo-las-embarcaciones-disenadas-entre-1992-y-2004\/#breadcrumb"},"inLanguage":"es","potentialAction":[{"@type":"ReadAction","target":["https:\/\/labs.100x100.net\/projects\/rutasal\/la-categoria-bravo-las-embarcaciones-disenadas-entre-1992-y-2004\/"]}]},{"@type":"ImageObject","inLanguage":"es","@id":"https:\/\/labs.100x100.net\/projects\/rutasal\/la-categoria-bravo-las-embarcaciones-disenadas-entre-1992-y-2004\/#primaryimage","url":"https:\/\/labs.100x100.net\/projects\/rutasal\/custom\/uploads\/2022\/04\/Brujo-Golden2019_2.jpg","contentUrl":"https:\/\/labs.100x100.net\/projects\/rutasal\/custom\/uploads\/2022\/04\/Brujo-Golden2019_2.jpg","width":800,"height":534},{"@type":"BreadcrumbList","@id":"https:\/\/labs.100x100.net\/projects\/rutasal\/la-categoria-bravo-las-embarcaciones-disenadas-entre-1992-y-2004\/#breadcrumb","itemListElement":[{"@type":"ListItem","position":1,"name":"Portada","item":"https:\/\/labs.100x100.net\/projects\/rutasal\/"},{"@type":"ListItem","position":2,"name":"La Categor\u00eda Bravo: las embarcaciones dise\u00f1adas entre 1992 y 2004"}]},{"@type":"WebSite","@id":"https:\/\/labs.100x100.net\/projects\/rutasal\/#website","url":"https:\/\/labs.100x100.net\/projects\/rutasal\/","name":"Regata La Ruta de la Sal","description":"Regata La Ruta de la Sal es una regata de Altura Mediterr\u00e1nea para barcos de crucero a vela con destino en Ibiza, que se disputa anualmente en Semana Santa.","potentialAction":[{"@type":"SearchAction","target":{"@type":"EntryPoint","urlTemplate":"https:\/\/labs.100x100.net\/projects\/rutasal\/?s={search_term_string}"},"query-input":"required name=search_term_string"}],"inLanguage":"es"},{"@type":"Person","@id":"https:\/\/labs.100x100.net\/projects\/rutasal\/#\/schema\/person\/78b3519b5320819eb3428bc4a4363faf","name":"Valentina Libri","image":{"@type":"ImageObject","inLanguage":"es","@id":"https:\/\/labs.100x100.net\/projects\/rutasal\/#\/schema\/person\/image\/","url":"https:\/\/secure.gravatar.com\/avatar\/99c0547d5c3f4720c6410e401af04fe2?s=96&d=mm&r=g","contentUrl":"https:\/\/secure.gravatar.com\/avatar\/99c0547d5c3f4720c6410e401af04fe2?s=96&d=mm&r=g","caption":"Valentina Libri"}}]}},"_links":{"self":[{"href":"https:\/\/labs.100x100.net\/projects\/rutasal\/wp-json\/wp\/v2\/posts\/7095"}],"collection":[{"href":"https:\/\/labs.100x100.net\/projects\/rutasal\/wp-json\/wp\/v2\/posts"}],"about":[{"href":"https:\/\/labs.100x100.net\/projects\/rutasal\/wp-json\/wp\/v2\/types\/post"}],"author":[{"embeddable":true,"href":"https:\/\/labs.100x100.net\/projects\/rutasal\/wp-json\/wp\/v2\/users\/7"}],"replies":[{"embeddable":true,"href":"https:\/\/labs.100x100.net\/projects\/rutasal\/wp-json\/wp\/v2\/comments?post=7095"}],"version-history":[{"count":7,"href":"https:\/\/labs.100x100.net\/projects\/rutasal\/wp-json\/wp\/v2\/posts\/7095\/revisions"}],"predecessor-version":[{"id":7128,"href":"https:\/\/labs.100x100.net\/projects\/rutasal\/wp-json\/wp\/v2\/posts\/7095\/revisions\/7128"}],"wp:featuredmedia":[{"embeddable":true,"href":"https:\/\/labs.100x100.net\/projects\/rutasal\/wp-json\/wp\/v2\/media\/7124"}],"wp:attachment":[{"href":"https:\/\/labs.100x100.net\/projects\/rutasal\/wp-json\/wp\/v2\/media?parent=7095"}],"wp:term":[{"taxonomy":"category","embeddable":true,"href":"https:\/\/labs.100x100.net\/projects\/rutasal\/wp-json\/wp\/v2\/categories?post=7095"},{"taxonomy":"post_tag","embeddable":true,"href":"https:\/\/labs.100x100.net\/projects\/rutasal\/wp-json\/wp\/v2\/tags?post=7095"}],"curies":[{"name":"wp","href":"https:\/\/api.w.org\/{rel}","templated":true}]}}