{"id":7061,"date":"2022-04-06T08:56:09","date_gmt":"2022-04-06T06:56:09","guid":{"rendered":"https:\/\/larutadelasal.com\/?p=7061"},"modified":"2022-04-06T08:57:20","modified_gmt":"2022-04-06T06:57:20","slug":"seguridad-maritima-a-bordo","status":"publish","type":"post","link":"https:\/\/labs.100x100.net\/projects\/rutasal\/seguridad-maritima-a-bordo\/","title":{"rendered":"Seguridad mar\u00edtima a bordo"},"content":{"rendered":"<p>Un a\u00f1o m\u00e1s La Ruta de la Sal se enorgullece de contar con la empresa de seguridad mar\u00edtima Ausmar como empresa colaboradora. La Sal es una regata que, como no pod\u00eda ser de otra manera, otorga m\u00e1xima importancia al tema de la seguridad. En este sentido, los requerimientos para participar se corresponden a la categor\u00eda 3 con balsa salvavidas, as\u00ed como radiobaliza, de la World Sailing. El mi\u00e9rcoles 13, durante el registro de participantes, la organizaci\u00f3n realizar\u00e1 controles para verificar el material de seguridad tanto en Denia como en Port Ginesta.<\/p>\n<p>El partner de seguridad mar\u00edtima de La Ruta de la Sal es una referencia en este sector. Fabricantes de la prestigiosa marca Duarry y con m\u00e1s de 40 a\u00f1os de experiencia, Ausmar se posiciona como una empresa de renombre dentro del sector de la seguridad mar\u00edtima gracias a la calidad de sus productos, al conocimiento de los t\u00e9cnicos y empleados del grupo y a su red\u00a0 de estaciones de revisi\u00f3n de balsas salvavidas, la m\u00e1s amplia en Espa\u00f1a.<\/p>\n<p><img loading=\"lazy\" decoding=\"async\" class=\"wp-image-7065 aligncenter\" src=\"http:\/\/larutadelasal.com\/custom\/uploads\/2022\/04\/dynamic_balsa-300x220.png\" alt=\"\" width=\"555\" height=\"407\" srcset=\"https:\/\/labs.100x100.net\/projects\/rutasal\/custom\/uploads\/2022\/04\/dynamic_balsa-300x220.png 300w, https:\/\/labs.100x100.net\/projects\/rutasal\/custom\/uploads\/2022\/04\/dynamic_balsa-1024x750.png 1024w, https:\/\/labs.100x100.net\/projects\/rutasal\/custom\/uploads\/2022\/04\/dynamic_balsa-768x563.png 768w, https:\/\/labs.100x100.net\/projects\/rutasal\/custom\/uploads\/2022\/04\/dynamic_balsa.png 1344w\" sizes=\"(max-width: 555px) 100vw, 555px\" \/><img loading=\"lazy\" decoding=\"async\" class=\"wp-image-7068 aligncenter\" src=\"http:\/\/larutadelasal.com\/custom\/uploads\/2022\/04\/dynamic_bolsa-300x212.png\" alt=\"\" width=\"518\" height=\"367\" srcset=\"https:\/\/labs.100x100.net\/projects\/rutasal\/custom\/uploads\/2022\/04\/dynamic_bolsa-300x212.png 300w, https:\/\/labs.100x100.net\/projects\/rutasal\/custom\/uploads\/2022\/04\/dynamic_bolsa-768x542.png 768w\" sizes=\"(max-width: 518px) 100vw, 518px\" \/>Tambi\u00e9n en esta edici\u00f3n de La Ruta de la Sal, la marca Ausmar estar\u00e1 presente en la Oficia de Regata de la Versi\u00f3n Barcelona en Port Ginesta. All\u00ed los participantes podr\u00e1n hablar con expertos profesionales de la marca y, en particular, podr\u00e1n ver de cerca dos de sus productos m\u00e1s innovadores: la Balsa Duarry ISO 9650 y la balsa Coast.<\/p>\n<p>La Basla Duarry ISO 9650 es la m\u00e1s ligera del mercado, al haberse reducido en un 30% el peso y las medidas respecto al modelo anterior, y est\u00e1 equipada con una pr\u00e1ctica bolsa estanca \u201cGrab Bag\u201d que permite llevar, adem\u00e1s del equipo de emergencia de la propia balsa, todos los elementos que deben quedarse secos en caso de una evacuaci\u00f3n, como la documentaci\u00f3n, los m\u00f3viles, etc. Mientras que, la balsa Coast es la balsa salvavidas m\u00e1s peque\u00f1a del mercado, la soluci\u00f3n ideal para la navegaci\u00f3n costera.<\/p>\n<p><a href=\"http:\/\/larutadelasal.com\/custom\/uploads\/2022\/04\/Balsa_COAST2018.tif\"><img loading=\"lazy\" decoding=\"async\" class=\"alignnone size-medium wp-image-7071\" src=\"http:\/\/larutadelasal.com\/custom\/uploads\/2022\/04\/Balsa_COAST2018.tif\" alt=\"\" width=\"1\" height=\"1\" \/><\/a><a href=\"http:\/\/larutadelasal.com\/custom\/uploads\/2022\/04\/Balsa_COAST2018-1.tif\"><img loading=\"lazy\" decoding=\"async\" class=\"alignnone size-medium wp-image-7074\" src=\"http:\/\/larutadelasal.com\/custom\/uploads\/2022\/04\/Balsa_COAST2018-1.tif\" alt=\"\" width=\"1\" height=\"1\" \/><\/a> <img loading=\"lazy\" decoding=\"async\" class=\"wp-image-7077 aligncenter\" src=\"http:\/\/larutadelasal.com\/custom\/uploads\/2022\/04\/Balsa_COAST2018-300x225.jpg\" alt=\"\" width=\"498\" height=\"373\" srcset=\"https:\/\/labs.100x100.net\/projects\/rutasal\/custom\/uploads\/2022\/04\/Balsa_COAST2018-300x225.jpg 300w, https:\/\/labs.100x100.net\/projects\/rutasal\/custom\/uploads\/2022\/04\/Balsa_COAST2018-1024x768.jpg 1024w, https:\/\/labs.100x100.net\/projects\/rutasal\/custom\/uploads\/2022\/04\/Balsa_COAST2018-768x576.jpg 768w, https:\/\/labs.100x100.net\/projects\/rutasal\/custom\/uploads\/2022\/04\/Balsa_COAST2018.jpg 1040w\" sizes=\"(max-width: 498px) 100vw, 498px\" \/><\/p>\n<p><img loading=\"lazy\" decoding=\"async\" class=\"wp-image-7080 alignright\" src=\"http:\/\/larutadelasal.com\/custom\/uploads\/2022\/04\/wingman-silver-fanned-300x300.jpg\" alt=\"\" width=\"343\" height=\"343\" srcset=\"https:\/\/labs.100x100.net\/projects\/rutasal\/custom\/uploads\/2022\/04\/wingman-silver-fanned-300x300.jpg 300w, https:\/\/labs.100x100.net\/projects\/rutasal\/custom\/uploads\/2022\/04\/wingman-silver-fanned-1024x1024.jpg 1024w, https:\/\/labs.100x100.net\/projects\/rutasal\/custom\/uploads\/2022\/04\/wingman-silver-fanned-150x150.jpg 150w, https:\/\/labs.100x100.net\/projects\/rutasal\/custom\/uploads\/2022\/04\/wingman-silver-fanned-768x768.jpg 768w, https:\/\/labs.100x100.net\/projects\/rutasal\/custom\/uploads\/2022\/04\/wingman-silver-fanned-1536x1536.jpg 1536w, https:\/\/labs.100x100.net\/projects\/rutasal\/custom\/uploads\/2022\/04\/wingman-silver-fanned.jpg 2000w\" sizes=\"(max-width: 343px) 100vw, 343px\" \/><\/p>\n<p>Como cada a\u00f1o, a trav\u00e9s de un sorteo, Ausmar obsequiar\u00e1 a uno de los tripulantes de la flota de La Ruta de la Sal con una herramienta multiusos Leatherman Wingman. Lo \u00fanico que hay que hacer para participar es rellenar el formulario del sorteo en el momento de la recogida de la Bolsa del Capit\u00e1n en las oficinas de regata en Port Ginesta, para la Versi\u00f3n Barcelona, y en el RCN Denia, para la Versi\u00f3n Denia, y esperar a que la fortuna golpee a la puerta.<\/p>\n<p><a href=\"http:\/\/www.ausmar.com\">www.ausmar.com<\/a><\/p>\n","protected":false},"excerpt":{"rendered":"<p>Un a\u00f1o m\u00e1s La Ruta de la Sal se enorgullece de contar con la empresa de seguridad mar\u00edtima Ausmar como empresa colaboradora. La Sal es una regata que, como no pod\u00eda ser de otra manera, otorga m\u00e1xima importancia al tema de la seguridad. En este sentido, los requerimientos para participar se corresponden a la categor\u00eda [&hellip;]<\/p>\n","protected":false},"author":7,"featured_media":7062,"comment_status":"open","ping_status":"open","sticky":false,"template":"","format":"standard","meta":{"_acf_changed":false,"footnotes":""},"categories":[3],"tags":[],"acf":[],"yoast_head":"<!-- This site is optimized with the Yoast SEO plugin v23.0 - https:\/\/yoast.com\/wordpress\/plugins\/seo\/ -->\n<title>Seguridad mar\u00edtima a bordo<\/title>\n<meta name=\"description\" content=\"Un a\u00f1o m\u00e1s La Ruta de la Sal se enorgullece de contar con la empresa de seguridad mar\u00edtima Ausmar como empresa colaboradora.\" \/>\n<meta name=\"robots\" content=\"noindex, follow, max-snippet:-1, max-image-preview:large, max-video-preview:-1\" \/>\n<meta property=\"og:locale\" content=\"es_ES\" \/>\n<meta property=\"og:type\" content=\"article\" \/>\n<meta property=\"og:title\" content=\"Seguridad mar\u00edtima a bordo\" \/>\n<meta property=\"og:description\" content=\"Un a\u00f1o m\u00e1s La Ruta de la Sal se enorgullece de contar con la empresa de seguridad mar\u00edtima Ausmar como empresa colaboradora.\" \/>\n<meta property=\"og:url\" content=\"https:\/\/labs.100x100.net\/projects\/rutasal\/seguridad-maritima-a-bordo\/\" \/>\n<meta property=\"og:site_name\" content=\"Regata La Ruta de la Sal\" \/>\n<meta property=\"article:publisher\" content=\"https:\/\/www.facebook.com\/rutadelasal\/\" \/>\n<meta property=\"article:published_time\" content=\"2022-04-06T06:56:09+00:00\" \/>\n<meta property=\"article:modified_time\" content=\"2022-04-06T06:57:20+00:00\" \/>\n<meta property=\"og:image\" content=\"https:\/\/labs.100x100.net\/projects\/rutasal\/custom\/uploads\/2022\/04\/IMG_2186-scaled.jpg\" \/>\n\t<meta property=\"og:image:width\" content=\"2560\" \/>\n\t<meta property=\"og:image:height\" content=\"1707\" \/>\n\t<meta property=\"og:image:type\" content=\"image\/jpeg\" \/>\n<meta name=\"author\" content=\"Valentina Libri\" \/>\n<meta name=\"twitter:card\" content=\"summary_large_image\" \/>\n<meta name=\"twitter:creator\" content=\"@AnamMedi\" \/>\n<meta name=\"twitter:site\" content=\"@AnamMedi\" \/>\n<meta name=\"twitter:label1\" content=\"Escrito por\" \/>\n\t<meta name=\"twitter:data1\" content=\"Valentina Libri\" \/>\n\t<meta name=\"twitter:label2\" content=\"Tiempo de lectura\" \/>\n\t<meta name=\"twitter:data2\" content=\"3 minutos\" \/>\n<script type=\"application\/ld+json\" class=\"yoast-schema-graph\">{\"@context\":\"https:\/\/schema.org\",\"@graph\":[{\"@type\":\"WebPage\",\"@id\":\"https:\/\/labs.100x100.net\/projects\/rutasal\/seguridad-maritima-a-bordo\/\",\"url\":\"https:\/\/labs.100x100.net\/projects\/rutasal\/seguridad-maritima-a-bordo\/\",\"name\":\"Seguridad mar\u00edtima a bordo\",\"isPartOf\":{\"@id\":\"https:\/\/labs.100x100.net\/projects\/rutasal\/#website\"},\"primaryImageOfPage\":{\"@id\":\"https:\/\/labs.100x100.net\/projects\/rutasal\/seguridad-maritima-a-bordo\/#primaryimage\"},\"image\":{\"@id\":\"https:\/\/labs.100x100.net\/projects\/rutasal\/seguridad-maritima-a-bordo\/#primaryimage\"},\"thumbnailUrl\":\"https:\/\/labs.100x100.net\/projects\/rutasal\/custom\/uploads\/2022\/04\/IMG_2186-scaled.jpg\",\"datePublished\":\"2022-04-06T06:56:09+00:00\",\"dateModified\":\"2022-04-06T06:57:20+00:00\",\"author\":{\"@id\":\"https:\/\/labs.100x100.net\/projects\/rutasal\/#\/schema\/person\/78b3519b5320819eb3428bc4a4363faf\"},\"description\":\"Un a\u00f1o m\u00e1s La Ruta de la Sal se enorgullece de contar con la empresa de seguridad mar\u00edtima Ausmar como empresa colaboradora.\",\"breadcrumb\":{\"@id\":\"https:\/\/labs.100x100.net\/projects\/rutasal\/seguridad-maritima-a-bordo\/#breadcrumb\"},\"inLanguage\":\"es\",\"potentialAction\":[{\"@type\":\"ReadAction\",\"target\":[\"https:\/\/labs.100x100.net\/projects\/rutasal\/seguridad-maritima-a-bordo\/\"]}]},{\"@type\":\"ImageObject\",\"inLanguage\":\"es\",\"@id\":\"https:\/\/labs.100x100.net\/projects\/rutasal\/seguridad-maritima-a-bordo\/#primaryimage\",\"url\":\"https:\/\/labs.100x100.net\/projects\/rutasal\/custom\/uploads\/2022\/04\/IMG_2186-scaled.jpg\",\"contentUrl\":\"https:\/\/labs.100x100.net\/projects\/rutasal\/custom\/uploads\/2022\/04\/IMG_2186-scaled.jpg\",\"width\":2560,\"height\":1707},{\"@type\":\"BreadcrumbList\",\"@id\":\"https:\/\/labs.100x100.net\/projects\/rutasal\/seguridad-maritima-a-bordo\/#breadcrumb\",\"itemListElement\":[{\"@type\":\"ListItem\",\"position\":1,\"name\":\"Portada\",\"item\":\"https:\/\/labs.100x100.net\/projects\/rutasal\/\"},{\"@type\":\"ListItem\",\"position\":2,\"name\":\"Seguridad mar\u00edtima a bordo\"}]},{\"@type\":\"WebSite\",\"@id\":\"https:\/\/labs.100x100.net\/projects\/rutasal\/#website\",\"url\":\"https:\/\/labs.100x100.net\/projects\/rutasal\/\",\"name\":\"Regata La Ruta de la Sal\",\"description\":\"Regata La Ruta de la Sal es una regata de Altura Mediterr\u00e1nea para barcos de crucero a vela con destino en Ibiza, que se disputa anualmente en Semana Santa.\",\"potentialAction\":[{\"@type\":\"SearchAction\",\"target\":{\"@type\":\"EntryPoint\",\"urlTemplate\":\"https:\/\/labs.100x100.net\/projects\/rutasal\/?s={search_term_string}\"},\"query-input\":\"required name=search_term_string\"}],\"inLanguage\":\"es\"},{\"@type\":\"Person\",\"@id\":\"https:\/\/labs.100x100.net\/projects\/rutasal\/#\/schema\/person\/78b3519b5320819eb3428bc4a4363faf\",\"name\":\"Valentina Libri\",\"image\":{\"@type\":\"ImageObject\",\"inLanguage\":\"es\",\"@id\":\"https:\/\/labs.100x100.net\/projects\/rutasal\/#\/schema\/person\/image\/\",\"url\":\"https:\/\/secure.gravatar.com\/avatar\/99c0547d5c3f4720c6410e401af04fe2?s=96&d=mm&r=g\",\"contentUrl\":\"https:\/\/secure.gravatar.com\/avatar\/99c0547d5c3f4720c6410e401af04fe2?s=96&d=mm&r=g\",\"caption\":\"Valentina Libri\"}}]}<\/script>\n<!-- \/ Yoast SEO plugin. -->","yoast_head_json":{"title":"Seguridad mar\u00edtima a bordo","description":"Un a\u00f1o m\u00e1s La Ruta de la Sal se enorgullece de contar con la empresa de seguridad mar\u00edtima Ausmar como empresa colaboradora.","robots":{"index":"noindex","follow":"follow","max-snippet":"max-snippet:-1","max-image-preview":"max-image-preview:large","max-video-preview":"max-video-preview:-1"},"og_locale":"es_ES","og_type":"article","og_title":"Seguridad mar\u00edtima a bordo","og_description":"Un a\u00f1o m\u00e1s La Ruta de la Sal se enorgullece de contar con la empresa de seguridad mar\u00edtima Ausmar como empresa colaboradora.","og_url":"https:\/\/labs.100x100.net\/projects\/rutasal\/seguridad-maritima-a-bordo\/","og_site_name":"Regata La Ruta de la Sal","article_publisher":"https:\/\/www.facebook.com\/rutadelasal\/","article_published_time":"2022-04-06T06:56:09+00:00","article_modified_time":"2022-04-06T06:57:20+00:00","og_image":[{"width":2560,"height":1707,"url":"https:\/\/labs.100x100.net\/projects\/rutasal\/custom\/uploads\/2022\/04\/IMG_2186-scaled.jpg","type":"image\/jpeg"}],"author":"Valentina Libri","twitter_card":"summary_large_image","twitter_creator":"@AnamMedi","twitter_site":"@AnamMedi","twitter_misc":{"Escrito por":"Valentina Libri","Tiempo de lectura":"3 minutos"},"schema":{"@context":"https:\/\/schema.org","@graph":[{"@type":"WebPage","@id":"https:\/\/labs.100x100.net\/projects\/rutasal\/seguridad-maritima-a-bordo\/","url":"https:\/\/labs.100x100.net\/projects\/rutasal\/seguridad-maritima-a-bordo\/","name":"Seguridad mar\u00edtima a bordo","isPartOf":{"@id":"https:\/\/labs.100x100.net\/projects\/rutasal\/#website"},"primaryImageOfPage":{"@id":"https:\/\/labs.100x100.net\/projects\/rutasal\/seguridad-maritima-a-bordo\/#primaryimage"},"image":{"@id":"https:\/\/labs.100x100.net\/projects\/rutasal\/seguridad-maritima-a-bordo\/#primaryimage"},"thumbnailUrl":"https:\/\/labs.100x100.net\/projects\/rutasal\/custom\/uploads\/2022\/04\/IMG_2186-scaled.jpg","datePublished":"2022-04-06T06:56:09+00:00","dateModified":"2022-04-06T06:57:20+00:00","author":{"@id":"https:\/\/labs.100x100.net\/projects\/rutasal\/#\/schema\/person\/78b3519b5320819eb3428bc4a4363faf"},"description":"Un a\u00f1o m\u00e1s La Ruta de la Sal se enorgullece de contar con la empresa de seguridad mar\u00edtima Ausmar como empresa colaboradora.","breadcrumb":{"@id":"https:\/\/labs.100x100.net\/projects\/rutasal\/seguridad-maritima-a-bordo\/#breadcrumb"},"inLanguage":"es","potentialAction":[{"@type":"ReadAction","target":["https:\/\/labs.100x100.net\/projects\/rutasal\/seguridad-maritima-a-bordo\/"]}]},{"@type":"ImageObject","inLanguage":"es","@id":"https:\/\/labs.100x100.net\/projects\/rutasal\/seguridad-maritima-a-bordo\/#primaryimage","url":"https:\/\/labs.100x100.net\/projects\/rutasal\/custom\/uploads\/2022\/04\/IMG_2186-scaled.jpg","contentUrl":"https:\/\/labs.100x100.net\/projects\/rutasal\/custom\/uploads\/2022\/04\/IMG_2186-scaled.jpg","width":2560,"height":1707},{"@type":"BreadcrumbList","@id":"https:\/\/labs.100x100.net\/projects\/rutasal\/seguridad-maritima-a-bordo\/#breadcrumb","itemListElement":[{"@type":"ListItem","position":1,"name":"Portada","item":"https:\/\/labs.100x100.net\/projects\/rutasal\/"},{"@type":"ListItem","position":2,"name":"Seguridad mar\u00edtima a bordo"}]},{"@type":"WebSite","@id":"https:\/\/labs.100x100.net\/projects\/rutasal\/#website","url":"https:\/\/labs.100x100.net\/projects\/rutasal\/","name":"Regata La Ruta de la Sal","description":"Regata La Ruta de la Sal es una regata de Altura Mediterr\u00e1nea para barcos de crucero a vela con destino en Ibiza, que se disputa anualmente en Semana Santa.","potentialAction":[{"@type":"SearchAction","target":{"@type":"EntryPoint","urlTemplate":"https:\/\/labs.100x100.net\/projects\/rutasal\/?s={search_term_string}"},"query-input":"required name=search_term_string"}],"inLanguage":"es"},{"@type":"Person","@id":"https:\/\/labs.100x100.net\/projects\/rutasal\/#\/schema\/person\/78b3519b5320819eb3428bc4a4363faf","name":"Valentina Libri","image":{"@type":"ImageObject","inLanguage":"es","@id":"https:\/\/labs.100x100.net\/projects\/rutasal\/#\/schema\/person\/image\/","url":"https:\/\/secure.gravatar.com\/avatar\/99c0547d5c3f4720c6410e401af04fe2?s=96&d=mm&r=g","contentUrl":"https:\/\/secure.gravatar.com\/avatar\/99c0547d5c3f4720c6410e401af04fe2?s=96&d=mm&r=g","caption":"Valentina Libri"}}]}},"_links":{"self":[{"href":"https:\/\/labs.100x100.net\/projects\/rutasal\/wp-json\/wp\/v2\/posts\/7061"}],"collection":[{"href":"https:\/\/labs.100x100.net\/projects\/rutasal\/wp-json\/wp\/v2\/posts"}],"about":[{"href":"https:\/\/labs.100x100.net\/projects\/rutasal\/wp-json\/wp\/v2\/types\/post"}],"author":[{"embeddable":true,"href":"https:\/\/labs.100x100.net\/projects\/rutasal\/wp-json\/wp\/v2\/users\/7"}],"replies":[{"embeddable":true,"href":"https:\/\/labs.100x100.net\/projects\/rutasal\/wp-json\/wp\/v2\/comments?post=7061"}],"version-history":[{"count":10,"href":"https:\/\/labs.100x100.net\/projects\/rutasal\/wp-json\/wp\/v2\/posts\/7061\/revisions"}],"predecessor-version":[{"id":7092,"href":"https:\/\/labs.100x100.net\/projects\/rutasal\/wp-json\/wp\/v2\/posts\/7061\/revisions\/7092"}],"wp:featuredmedia":[{"embeddable":true,"href":"https:\/\/labs.100x100.net\/projects\/rutasal\/wp-json\/wp\/v2\/media\/7062"}],"wp:attachment":[{"href":"https:\/\/labs.100x100.net\/projects\/rutasal\/wp-json\/wp\/v2\/media?parent=7061"}],"wp:term":[{"taxonomy":"category","embeddable":true,"href":"https:\/\/labs.100x100.net\/projects\/rutasal\/wp-json\/wp\/v2\/categories?post=7061"},{"taxonomy":"post_tag","embeddable":true,"href":"https:\/\/labs.100x100.net\/projects\/rutasal\/wp-json\/wp\/v2\/tags?post=7061"}],"curies":[{"name":"wp","href":"https:\/\/api.w.org\/{rel}","templated":true}]}}