{"id":7048,"date":"2022-04-04T20:35:39","date_gmt":"2022-04-04T18:35:39","guid":{"rendered":"https:\/\/larutadelasal.com\/?p=7048"},"modified":"2022-04-06T09:09:37","modified_gmt":"2022-04-06T07:09:37","slug":"flota-categoria-alfa","status":"publish","type":"post","link":"https:\/\/labs.100x100.net\/projects\/rutasal\/flota-categoria-alfa\/","title":{"rendered":"La Categor\u00eda Alfa: las embarcaciones m\u00e1s modernas de la flota"},"content":{"rendered":"<div id=\"attachment_7049\" style=\"width: 1210px\" class=\"wp-caption aligncenter\"><img loading=\"lazy\" decoding=\"async\" aria-describedby=\"caption-attachment-7049\" class=\"wp-image-7049 size-full\" src=\"http:\/\/larutadelasal.com\/custom\/uploads\/2022\/04\/Salida-Port-Ginesta.jpg\" alt=\"\" width=\"1200\" height=\"630\" srcset=\"https:\/\/labs.100x100.net\/projects\/rutasal\/custom\/uploads\/2022\/04\/Salida-Port-Ginesta.jpg 1200w, https:\/\/labs.100x100.net\/projects\/rutasal\/custom\/uploads\/2022\/04\/Salida-Port-Ginesta-300x158.jpg 300w, https:\/\/labs.100x100.net\/projects\/rutasal\/custom\/uploads\/2022\/04\/Salida-Port-Ginesta-1024x538.jpg 1024w, https:\/\/labs.100x100.net\/projects\/rutasal\/custom\/uploads\/2022\/04\/Salida-Port-Ginesta-768x403.jpg 768w\" sizes=\"(max-width: 1200px) 100vw, 1200px\" \/><p id=\"caption-attachment-7049\" class=\"wp-caption-text\">\u00a9AlfredFarre.com<\/p><\/div>\n<p>El 14 de abril la flota de unos 60 barcos de la VERIS\u00d3N BARCELONA y de m\u00e1s de 65 barcos de la VERSI\u00d3N DENIA, de de la 34\u00ba edici\u00f3n de La Ruta de la Sal, soltar\u00e1n amarras desde las instalaciones del CN Port Ginesta y del RCN Denia, respectivamente, rumbo a Es N\u00e1utic, en Sant Antoni de Pormany, Ibiza.<\/p>\n<p>En esta edici\u00f3n, la CATEGOR\u00cdA ALFA, dedicada a las embarcaciones m\u00e1s modernas, las con dise\u00f1o posterior a 2005, ver\u00e1 reunidas unas 49 embarcaciones en total, con 27 barcos\u00a0 en la l\u00ednea de salida de la Versi\u00f3n Barcelona y 22 en la de la Versi\u00f3n Denia.<\/p>\n<p>En la flota de la VERSI\u00d3N BARCELONA destacan, entre los barcos de mayor eslora, el PEREGRIN FALCON, Oyster 625 de Peter Blackmore, y el FLOMALI 2, Swan 60 de Alex Starring.<\/p>\n<p>En el rango de esloras medias, encontramos al ganador de la \u00faltima edici\u00f3n, el YELLOW ROSE, X35 del holand\u00e9s Marten Jan Ringers, el ROCKALL 7, JPK 1030 de Christopher Opielok, el BANDIDO, Dehler 44 de Juan Carlos Otamendi Busto, y el YRCUS, Grand Soleil 43 de Sergey Moskovskikh.<\/p>\n<p>En la flota de la VERSI\u00d3N DENIA, entre las embarcaciones de mayor eslora, destacan el PELOTARI PROJECT, Vismara Mills 68 de Andr\u00e9s Varela Entrecanales, el PH3, Contest 72CS de Austin Van t Wout, y el SPANIARD, Grand Soleil 50 de Juan Rodriguez.<\/p>\n<p>En el rango de esloras medias, encontramos al 78 DE MAYO, Solaris 44 de Enrique Ortiz Rapalo, al LIMBO II, X-Yachts XP 44 de Miguel \u00c1ngel Garc\u00eda Fern\u00e1ndez, al ADELIE DOS, First 40 de Mairead ni Cheallachain, y al SLAINTE, Salona 37 de Alejandro Ramos Lopez.<\/p>\n<p>Entre las esloras m\u00e1s peque\u00f1as, destacan el ADRENALIN, Archambault A35 de Juan Carlos Sanchis, el NAUTIC CAF\u00c9 DEL MAR, Espada 34 de Felip Cornet, y el ESTROPADA &#8211; CAF\u00c9 DEL MAR, J92 S de Toni Tur Boned.<\/p>\n<p>Para ver el listado completo de inscritos haz clic aqu\u00ed: <a href=\"https:\/\/larutadelasal.com\/relacion-de-inscritos\/\">Inscritos La Ruta de la Sal 2022<\/a><\/p>\n","protected":false},"excerpt":{"rendered":"<p>El 14 de abril la flota de unos 60 barcos de la VERIS\u00d3N BARCELONA y de m\u00e1s de 65 barcos de la VERSI\u00d3N DENIA, de de la 34\u00ba edici\u00f3n de La Ruta de la Sal, soltar\u00e1n amarras desde las instalaciones del CN Port Ginesta y del RCN Denia, respectivamente, rumbo a Es N\u00e1utic, en Sant [&hellip;]<\/p>\n","protected":false},"author":7,"featured_media":7049,"comment_status":"open","ping_status":"open","sticky":false,"template":"","format":"standard","meta":{"_acf_changed":false,"footnotes":""},"categories":[3],"tags":[],"acf":[],"yoast_head":"<!-- This site is optimized with the Yoast SEO plugin v23.0 - https:\/\/yoast.com\/wordpress\/plugins\/seo\/ -->\n<title>La Categor\u00eda Alfa: las embarcaciones m\u00e1s modernas de la flota<\/title>\n<meta name=\"description\" content=\"Dedicada a las embarcaciones m\u00e1s modernas, las con dise\u00f1o posterior a 2005, la Categor\u00eda Alfa de esta edici\u00f3n re\u00fane a barcos de gran prestigio.\" \/>\n<meta name=\"robots\" content=\"noindex, follow, max-snippet:-1, max-image-preview:large, max-video-preview:-1\" \/>\n<meta property=\"og:locale\" content=\"es_ES\" \/>\n<meta property=\"og:type\" content=\"article\" \/>\n<meta property=\"og:title\" content=\"La Categor\u00eda Alfa: las embarcaciones m\u00e1s modernas de la flota\" \/>\n<meta property=\"og:description\" content=\"Dedicada a las embarcaciones m\u00e1s modernas, las con dise\u00f1o posterior a 2005, la Categor\u00eda Alfa de esta edici\u00f3n re\u00fane a barcos de gran prestigio.\" \/>\n<meta property=\"og:url\" content=\"https:\/\/labs.100x100.net\/projects\/rutasal\/flota-categoria-alfa\/\" \/>\n<meta property=\"og:site_name\" content=\"Regata La Ruta de la Sal\" \/>\n<meta property=\"article:publisher\" content=\"https:\/\/www.facebook.com\/rutadelasal\/\" \/>\n<meta property=\"article:published_time\" content=\"2022-04-04T18:35:39+00:00\" \/>\n<meta property=\"article:modified_time\" content=\"2022-04-06T07:09:37+00:00\" \/>\n<meta property=\"og:image\" content=\"https:\/\/labs.100x100.net\/projects\/rutasal\/custom\/uploads\/2022\/04\/Salida-Port-Ginesta.jpg\" \/>\n\t<meta property=\"og:image:width\" content=\"1200\" \/>\n\t<meta property=\"og:image:height\" content=\"630\" \/>\n\t<meta property=\"og:image:type\" content=\"image\/jpeg\" \/>\n<meta name=\"author\" content=\"Valentina Libri\" \/>\n<meta name=\"twitter:card\" content=\"summary_large_image\" \/>\n<meta name=\"twitter:creator\" content=\"@AnamMedi\" \/>\n<meta name=\"twitter:site\" content=\"@AnamMedi\" \/>\n<meta name=\"twitter:label1\" content=\"Escrito por\" \/>\n\t<meta name=\"twitter:data1\" content=\"Valentina Libri\" \/>\n\t<meta name=\"twitter:label2\" content=\"Tiempo de lectura\" \/>\n\t<meta name=\"twitter:data2\" content=\"2 minutos\" \/>\n<script type=\"application\/ld+json\" class=\"yoast-schema-graph\">{\"@context\":\"https:\/\/schema.org\",\"@graph\":[{\"@type\":\"WebPage\",\"@id\":\"https:\/\/labs.100x100.net\/projects\/rutasal\/flota-categoria-alfa\/\",\"url\":\"https:\/\/labs.100x100.net\/projects\/rutasal\/flota-categoria-alfa\/\",\"name\":\"La Categor\u00eda Alfa: las embarcaciones m\u00e1s modernas de la flota\",\"isPartOf\":{\"@id\":\"https:\/\/labs.100x100.net\/projects\/rutasal\/#website\"},\"primaryImageOfPage\":{\"@id\":\"https:\/\/labs.100x100.net\/projects\/rutasal\/flota-categoria-alfa\/#primaryimage\"},\"image\":{\"@id\":\"https:\/\/labs.100x100.net\/projects\/rutasal\/flota-categoria-alfa\/#primaryimage\"},\"thumbnailUrl\":\"https:\/\/labs.100x100.net\/projects\/rutasal\/custom\/uploads\/2022\/04\/Salida-Port-Ginesta.jpg\",\"datePublished\":\"2022-04-04T18:35:39+00:00\",\"dateModified\":\"2022-04-06T07:09:37+00:00\",\"author\":{\"@id\":\"https:\/\/labs.100x100.net\/projects\/rutasal\/#\/schema\/person\/78b3519b5320819eb3428bc4a4363faf\"},\"description\":\"Dedicada a las embarcaciones m\u00e1s modernas, las con dise\u00f1o posterior a 2005, la Categor\u00eda Alfa de esta edici\u00f3n re\u00fane a barcos de gran prestigio.\",\"breadcrumb\":{\"@id\":\"https:\/\/labs.100x100.net\/projects\/rutasal\/flota-categoria-alfa\/#breadcrumb\"},\"inLanguage\":\"es\",\"potentialAction\":[{\"@type\":\"ReadAction\",\"target\":[\"https:\/\/labs.100x100.net\/projects\/rutasal\/flota-categoria-alfa\/\"]}]},{\"@type\":\"ImageObject\",\"inLanguage\":\"es\",\"@id\":\"https:\/\/labs.100x100.net\/projects\/rutasal\/flota-categoria-alfa\/#primaryimage\",\"url\":\"https:\/\/labs.100x100.net\/projects\/rutasal\/custom\/uploads\/2022\/04\/Salida-Port-Ginesta.jpg\",\"contentUrl\":\"https:\/\/labs.100x100.net\/projects\/rutasal\/custom\/uploads\/2022\/04\/Salida-Port-Ginesta.jpg\",\"width\":1200,\"height\":630},{\"@type\":\"BreadcrumbList\",\"@id\":\"https:\/\/labs.100x100.net\/projects\/rutasal\/flota-categoria-alfa\/#breadcrumb\",\"itemListElement\":[{\"@type\":\"ListItem\",\"position\":1,\"name\":\"Portada\",\"item\":\"https:\/\/labs.100x100.net\/projects\/rutasal\/\"},{\"@type\":\"ListItem\",\"position\":2,\"name\":\"La Categor\u00eda Alfa: las embarcaciones m\u00e1s modernas de la flota\"}]},{\"@type\":\"WebSite\",\"@id\":\"https:\/\/labs.100x100.net\/projects\/rutasal\/#website\",\"url\":\"https:\/\/labs.100x100.net\/projects\/rutasal\/\",\"name\":\"Regata La Ruta de la Sal\",\"description\":\"Regata La Ruta de la Sal es una regata de Altura Mediterr\u00e1nea para barcos de crucero a vela con destino en Ibiza, que se disputa anualmente en Semana Santa.\",\"potentialAction\":[{\"@type\":\"SearchAction\",\"target\":{\"@type\":\"EntryPoint\",\"urlTemplate\":\"https:\/\/labs.100x100.net\/projects\/rutasal\/?s={search_term_string}\"},\"query-input\":\"required name=search_term_string\"}],\"inLanguage\":\"es\"},{\"@type\":\"Person\",\"@id\":\"https:\/\/labs.100x100.net\/projects\/rutasal\/#\/schema\/person\/78b3519b5320819eb3428bc4a4363faf\",\"name\":\"Valentina Libri\",\"image\":{\"@type\":\"ImageObject\",\"inLanguage\":\"es\",\"@id\":\"https:\/\/labs.100x100.net\/projects\/rutasal\/#\/schema\/person\/image\/\",\"url\":\"https:\/\/secure.gravatar.com\/avatar\/99c0547d5c3f4720c6410e401af04fe2?s=96&d=mm&r=g\",\"contentUrl\":\"https:\/\/secure.gravatar.com\/avatar\/99c0547d5c3f4720c6410e401af04fe2?s=96&d=mm&r=g\",\"caption\":\"Valentina Libri\"}}]}<\/script>\n<!-- \/ Yoast SEO plugin. -->","yoast_head_json":{"title":"La Categor\u00eda Alfa: las embarcaciones m\u00e1s modernas de la flota","description":"Dedicada a las embarcaciones m\u00e1s modernas, las con dise\u00f1o posterior a 2005, la Categor\u00eda Alfa de esta edici\u00f3n re\u00fane a barcos de gran prestigio.","robots":{"index":"noindex","follow":"follow","max-snippet":"max-snippet:-1","max-image-preview":"max-image-preview:large","max-video-preview":"max-video-preview:-1"},"og_locale":"es_ES","og_type":"article","og_title":"La Categor\u00eda Alfa: las embarcaciones m\u00e1s modernas de la flota","og_description":"Dedicada a las embarcaciones m\u00e1s modernas, las con dise\u00f1o posterior a 2005, la Categor\u00eda Alfa de esta edici\u00f3n re\u00fane a barcos de gran prestigio.","og_url":"https:\/\/labs.100x100.net\/projects\/rutasal\/flota-categoria-alfa\/","og_site_name":"Regata La Ruta de la Sal","article_publisher":"https:\/\/www.facebook.com\/rutadelasal\/","article_published_time":"2022-04-04T18:35:39+00:00","article_modified_time":"2022-04-06T07:09:37+00:00","og_image":[{"width":1200,"height":630,"url":"https:\/\/labs.100x100.net\/projects\/rutasal\/custom\/uploads\/2022\/04\/Salida-Port-Ginesta.jpg","type":"image\/jpeg"}],"author":"Valentina Libri","twitter_card":"summary_large_image","twitter_creator":"@AnamMedi","twitter_site":"@AnamMedi","twitter_misc":{"Escrito por":"Valentina Libri","Tiempo de lectura":"2 minutos"},"schema":{"@context":"https:\/\/schema.org","@graph":[{"@type":"WebPage","@id":"https:\/\/labs.100x100.net\/projects\/rutasal\/flota-categoria-alfa\/","url":"https:\/\/labs.100x100.net\/projects\/rutasal\/flota-categoria-alfa\/","name":"La Categor\u00eda Alfa: las embarcaciones m\u00e1s modernas de la flota","isPartOf":{"@id":"https:\/\/labs.100x100.net\/projects\/rutasal\/#website"},"primaryImageOfPage":{"@id":"https:\/\/labs.100x100.net\/projects\/rutasal\/flota-categoria-alfa\/#primaryimage"},"image":{"@id":"https:\/\/labs.100x100.net\/projects\/rutasal\/flota-categoria-alfa\/#primaryimage"},"thumbnailUrl":"https:\/\/labs.100x100.net\/projects\/rutasal\/custom\/uploads\/2022\/04\/Salida-Port-Ginesta.jpg","datePublished":"2022-04-04T18:35:39+00:00","dateModified":"2022-04-06T07:09:37+00:00","author":{"@id":"https:\/\/labs.100x100.net\/projects\/rutasal\/#\/schema\/person\/78b3519b5320819eb3428bc4a4363faf"},"description":"Dedicada a las embarcaciones m\u00e1s modernas, las con dise\u00f1o posterior a 2005, la Categor\u00eda Alfa de esta edici\u00f3n re\u00fane a barcos de gran prestigio.","breadcrumb":{"@id":"https:\/\/labs.100x100.net\/projects\/rutasal\/flota-categoria-alfa\/#breadcrumb"},"inLanguage":"es","potentialAction":[{"@type":"ReadAction","target":["https:\/\/labs.100x100.net\/projects\/rutasal\/flota-categoria-alfa\/"]}]},{"@type":"ImageObject","inLanguage":"es","@id":"https:\/\/labs.100x100.net\/projects\/rutasal\/flota-categoria-alfa\/#primaryimage","url":"https:\/\/labs.100x100.net\/projects\/rutasal\/custom\/uploads\/2022\/04\/Salida-Port-Ginesta.jpg","contentUrl":"https:\/\/labs.100x100.net\/projects\/rutasal\/custom\/uploads\/2022\/04\/Salida-Port-Ginesta.jpg","width":1200,"height":630},{"@type":"BreadcrumbList","@id":"https:\/\/labs.100x100.net\/projects\/rutasal\/flota-categoria-alfa\/#breadcrumb","itemListElement":[{"@type":"ListItem","position":1,"name":"Portada","item":"https:\/\/labs.100x100.net\/projects\/rutasal\/"},{"@type":"ListItem","position":2,"name":"La Categor\u00eda Alfa: las embarcaciones m\u00e1s modernas de la flota"}]},{"@type":"WebSite","@id":"https:\/\/labs.100x100.net\/projects\/rutasal\/#website","url":"https:\/\/labs.100x100.net\/projects\/rutasal\/","name":"Regata La Ruta de la Sal","description":"Regata La Ruta de la Sal es una regata de Altura Mediterr\u00e1nea para barcos de crucero a vela con destino en Ibiza, que se disputa anualmente en Semana Santa.","potentialAction":[{"@type":"SearchAction","target":{"@type":"EntryPoint","urlTemplate":"https:\/\/labs.100x100.net\/projects\/rutasal\/?s={search_term_string}"},"query-input":"required name=search_term_string"}],"inLanguage":"es"},{"@type":"Person","@id":"https:\/\/labs.100x100.net\/projects\/rutasal\/#\/schema\/person\/78b3519b5320819eb3428bc4a4363faf","name":"Valentina Libri","image":{"@type":"ImageObject","inLanguage":"es","@id":"https:\/\/labs.100x100.net\/projects\/rutasal\/#\/schema\/person\/image\/","url":"https:\/\/secure.gravatar.com\/avatar\/99c0547d5c3f4720c6410e401af04fe2?s=96&d=mm&r=g","contentUrl":"https:\/\/secure.gravatar.com\/avatar\/99c0547d5c3f4720c6410e401af04fe2?s=96&d=mm&r=g","caption":"Valentina Libri"}}]}},"_links":{"self":[{"href":"https:\/\/labs.100x100.net\/projects\/rutasal\/wp-json\/wp\/v2\/posts\/7048"}],"collection":[{"href":"https:\/\/labs.100x100.net\/projects\/rutasal\/wp-json\/wp\/v2\/posts"}],"about":[{"href":"https:\/\/labs.100x100.net\/projects\/rutasal\/wp-json\/wp\/v2\/types\/post"}],"author":[{"embeddable":true,"href":"https:\/\/labs.100x100.net\/projects\/rutasal\/wp-json\/wp\/v2\/users\/7"}],"replies":[{"embeddable":true,"href":"https:\/\/labs.100x100.net\/projects\/rutasal\/wp-json\/wp\/v2\/comments?post=7048"}],"version-history":[{"count":10,"href":"https:\/\/labs.100x100.net\/projects\/rutasal\/wp-json\/wp\/v2\/posts\/7048\/revisions"}],"predecessor-version":[{"id":7094,"href":"https:\/\/labs.100x100.net\/projects\/rutasal\/wp-json\/wp\/v2\/posts\/7048\/revisions\/7094"}],"wp:featuredmedia":[{"embeddable":true,"href":"https:\/\/labs.100x100.net\/projects\/rutasal\/wp-json\/wp\/v2\/media\/7049"}],"wp:attachment":[{"href":"https:\/\/labs.100x100.net\/projects\/rutasal\/wp-json\/wp\/v2\/media?parent=7048"}],"wp:term":[{"taxonomy":"category","embeddable":true,"href":"https:\/\/labs.100x100.net\/projects\/rutasal\/wp-json\/wp\/v2\/categories?post=7048"},{"taxonomy":"post_tag","embeddable":true,"href":"https:\/\/labs.100x100.net\/projects\/rutasal\/wp-json\/wp\/v2\/tags?post=7048"}],"curies":[{"name":"wp","href":"https:\/\/api.w.org\/{rel}","templated":true}]}}