{"id":6983,"date":"2022-04-04T12:29:52","date_gmt":"2022-04-04T10:29:52","guid":{"rendered":"https:\/\/larutadelasal.com\/?p=6983"},"modified":"2022-04-04T15:08:02","modified_gmt":"2022-04-04T13:08:02","slug":"la-ruta-de-la-sal-fuerte-caracter-dinamizador","status":"publish","type":"post","link":"https:\/\/labs.100x100.net\/projects\/rutasal\/la-ruta-de-la-sal-fuerte-caracter-dinamizador\/","title":{"rendered":"La Ruta de la Sal: fuerte car\u00e1cter dinamizador"},"content":{"rendered":"<p>La Ruta de la Sal es algo m\u00e1s que una regata. El volumen de participaci\u00f3n y difusi\u00f3n medi\u00e1tica conllevan que este evento suponga un motor del sector n\u00e1utico. En reconocimiento de este car\u00e1cter dinamizador, un nutrido grupo de empresas privadas llevan a\u00f1os apoyando fielmente la regata.<\/p>\n<p><img loading=\"lazy\" decoding=\"async\" class=\"aligncenter size-large wp-image-7039\" src=\"http:\/\/larutadelasal.com\/custom\/uploads\/2022\/04\/photocall-2022_reducido-1024x386.jpg\" alt=\"\" width=\"1024\" height=\"386\" srcset=\"https:\/\/labs.100x100.net\/projects\/rutasal\/custom\/uploads\/2022\/04\/photocall-2022_reducido-1024x386.jpg 1024w, https:\/\/labs.100x100.net\/projects\/rutasal\/custom\/uploads\/2022\/04\/photocall-2022_reducido-300x113.jpg 300w, https:\/\/labs.100x100.net\/projects\/rutasal\/custom\/uploads\/2022\/04\/photocall-2022_reducido-768x289.jpg 768w, https:\/\/labs.100x100.net\/projects\/rutasal\/custom\/uploads\/2022\/04\/photocall-2022_reducido-1536x578.jpg 1536w, https:\/\/labs.100x100.net\/projects\/rutasal\/custom\/uploads\/2022\/04\/photocall-2022_reducido-2048x771.jpg 2048w\" sizes=\"(max-width: 1024px) 100vw, 1024px\" \/><\/p>\n<p><a href=\"https:\/\/www.garmin.com\/es-ES\/\"><strong>Garmin<\/strong> <\/a>es uno de los patrocinadores principales, y muestra de ello es la foto de los vencedores de la regata alzando el reloj n\u00e1utico de la marca en se\u00f1al de victoria, y que en estos \u00faltimos a\u00f1os ha venido a convertirse en una de las principales im\u00e1genes de la regata.<\/p>\n<p>La regata lleva a\u00f1os colaborando tambi\u00e9n con <a href=\"https:\/\/www.trasmed.com\/\"><strong>Transmed<\/strong><\/a>, compa\u00f1\u00eda con la que comparte el objetivo de promocionar el turismo en Baleares por la v\u00eda mar\u00edtima.<\/p>\n<p><a href=\"https:\/\/www.globesailor.es\/\"><strong>Globe Sailor<\/strong><\/a>, una plataforma para el alquiler de barcos a trav\u00e9s de internet, y <a href=\"https:\/\/www.sailwiz.com\/\"><strong>Sailwiz<\/strong><\/a>, que tambi\u00e9n utiliza la plataforma digital para ofrecer experiencias de barcos compartidos, son ejemplos de la evoluci\u00f3n del sector y de c\u00f3mo La Ruta de la Sal, se adapta, con el apoyo del sector privado, a los cambios en la n\u00e1utica. La participaci\u00f3n de embarcaciones de alquiler va en constante aumento, y actualmente, la categor\u00eda GLOBE SAILOR, reservada para este tipo de embarcaciones ya cuenta con cerca de 30 barcos inscritos. Por su parte, gracias a la colaboraci\u00f3n con Sailwiz, un individuo interesado puede participar en la regata sin necesidad de disponer de conocimientos, barco ni tripulaci\u00f3n, apunt\u00e1ndose a alguna de las ofertas de barco compartido que ofrece la plataforma, a la cual tambi\u00e9n se puede acceder desde el men\u00fa de LaRutadeSal.com.<\/p>\n<p>La cadena <a href=\"https:\/\/www.od-hotels.com\/es\/?msclkid=18c642f0135e1135972b20bad5fcaf20&amp;utm_source=bing&amp;utm_medium=cpc&amp;utm_campaign=1.%20ES%20-%20Branding%20-%20OD&amp;utm_term=od%20hotels&amp;utm_content=od%20hotels\"><strong>OD Hoteles<\/strong><\/a>, con presencia en Barcelona, Ibiza, Mallorca y Madrid acoge el acto de presentaci\u00f3n a prensa de la regata en la ciudad Condal. La cadena se caracteriza por su dinamismo y su constante vinculaci\u00f3n a eventos que promocionan estos destinos compartidos.<\/p>\n<p><a href=\"https:\/\/www.ausmar.com\/index.php\/es\/\"><strong>Aumsar<\/strong><\/a>, empresa con una larga y reconocida trayectoria en el sector de la seguridad mar\u00edtima representa un estrat\u00e9gico partner oficial de la regata en esta materia.<\/p>\n<p><a href=\"https:\/\/www.gramona.com\/es\/\"><strong>Gramona<\/strong><\/a>, es el cava oficial de la regata. Solo los primeros en cruzar la l\u00ednea de llegada podr\u00e1n descorchar la botella para festejar el triunfo. Aunque en realidad todas las tripulaciones podr\u00e1n degustar su selecci\u00f3n de vinos en las cenas previas a la salida.<\/p>\n<p><a href=\"https:\/\/www.cenautica.com\/\"><strong>Cenautica<\/strong><\/a>, es una de las escuelas de navegaci\u00f3n con m\u00e1s historial en Espa\u00f1a, ha formado a cientos de miles de navegantes a lo largo de su historia. Considerando la base social que rodea a la entidad, ha creado un Club de Patrones, para fomentar la interacci\u00f3n de sus ex alumni, promoviendo la organizaci\u00f3n de eventos y de encuentros de navegantes como La Ruta de la Sal.<\/p>\n<p>El <a href=\"https:\/\/www.salonnautico.com\/\"><strong>Sal\u00f3n N\u00e1utico Internacional de Barcelona<\/strong><\/a> es el marco en el que anualmente se realiza la presentaci\u00f3n oficial de la Regata y donde se produce el pistoletazo de salida a la nueva temporada. El Sal\u00f3n de Barcelona y La Sal comparten su voluntad promotora del sector n\u00e1utico, tanto en su dimensi\u00f3n econ\u00f3mica como social.<\/p>\n<p><strong>Yamaha<\/strong>, es un fiel colaborador del evento al que aporta un motor fueraborda para sortearlo, entre todos los participantes, en el acto de clausura.<\/p>\n<p>Medusa Sail Equipment es un distribuidor especializado en soluciones de \u00faltima tecnolog\u00eda para veleros. Sus dos productos estrella son las h\u00e9lices plegables <strong><a href=\"https:\/\/ultimoo.com\/\">Ultimoo<\/a>,<\/strong> las m\u00e1s ligeras del mercado, y el ra\u00edl de polietileno <strong>SailTrack<\/strong>.<\/p>\n<p><a href=\"https:\/\/www.classrentacar.es\/\"><strong>Class rent-a-car<\/strong><\/a>, es la empresa oficial de alquiler de coches para visitar Ibiza a la llegada. <a href=\"https:\/\/www.newwave.es\/\"><strong>New Wave <\/strong><\/a>viste al equipo de la regata. <a href=\"https:\/\/www.illy.com\/es-es\/cafe?&amp;msclkid=8517975bb14712340908f511769d492b&amp;utm_source=bing&amp;utm_medium=cpc&amp;utm_campaign=ES%20-%20Search%20-%20Brand%20-%20Coffee&amp;utm_term=illy%20cafe%20espa%C3%B1a&amp;utm_content=Brand%20-%20Coffee%20-%20exact&amp;gclid=8517975bb14712340908f511769d492b&amp;gclsrc=3p.ds\"><strong>Illy<\/strong> <\/a>obsequia a todos los participantes con una degustaci\u00f3n de sus caf\u00e9s y sortea, en el acto de clausura en Ibiza, tres cafeteras entre todos los participantes. La velera <a href=\"http:\/\/www.sailselect.es\/\"><strong>SailSelect<\/strong><\/a> confecciona con tejido n\u00e1utico las carpetas en las que se entrega la documentaci\u00f3n a todos los participantes. <a href=\"https:\/\/catamarancenter.com\/\"><strong>Catamaran Center<\/strong><\/a> coordina la flota de embarcaciones de prensa para cubrir la salida de la regata. La <a href=\"https:\/\/marisqueriasantos.es\/\"><strong>Marisquer\u00eda Santos<\/strong><\/a> y el Restaurante <strong>Es Capit\u00e0<\/strong> acogen en Port Ginesta a todas las tripulaciones en el registro de participantes y en la cena de bienvenida, mientras que <a href=\"https:\/\/rioibiza.com\/\"><strong>R\u00edo Ibiza<\/strong><\/a> invita a una copa a todos los participantes reci\u00e9n llegados a Sant Antoni.<\/p>\n<p>Desde la organizaci\u00f3n de la regata queremos reconocer y agradecer el apoyo de todas estas empresas.<\/p>\n","protected":false},"excerpt":{"rendered":"<p>La Ruta de la Sal es algo m\u00e1s que una regata. El volumen de participaci\u00f3n y difusi\u00f3n medi\u00e1tica conllevan que este evento suponga un motor del sector n\u00e1utico. En reconocimiento de este car\u00e1cter dinamizador, un nutrido grupo de empresas privadas llevan a\u00f1os apoyando fielmente la regata. Garmin es uno de los patrocinadores principales, y muestra [&hellip;]<\/p>\n","protected":false},"author":7,"featured_media":7039,"comment_status":"open","ping_status":"open","sticky":false,"template":"","format":"standard","meta":{"_acf_changed":false,"footnotes":""},"categories":[3],"tags":[],"acf":[],"yoast_head":"<!-- This site is optimized with the Yoast SEO plugin v23.0 - https:\/\/yoast.com\/wordpress\/plugins\/seo\/ -->\n<title>La Ruta de la Sal: fuerte car\u00e1cter dinamizador<\/title>\n<meta name=\"description\" content=\"El volumen de participaci\u00f3n y difusi\u00f3n medi\u00e1tica conllevan que La Ruta de la Sal suponga un motor del sector n\u00e1utico.\" \/>\n<meta name=\"robots\" content=\"noindex, follow, max-snippet:-1, max-image-preview:large, max-video-preview:-1\" \/>\n<meta property=\"og:locale\" content=\"es_ES\" \/>\n<meta property=\"og:type\" content=\"article\" \/>\n<meta property=\"og:title\" content=\"La Ruta de la Sal: fuerte car\u00e1cter dinamizador\" \/>\n<meta property=\"og:description\" content=\"El volumen de participaci\u00f3n y difusi\u00f3n medi\u00e1tica conllevan que La Ruta de la Sal suponga un motor del sector n\u00e1utico.\" \/>\n<meta property=\"og:url\" content=\"https:\/\/labs.100x100.net\/projects\/rutasal\/la-ruta-de-la-sal-fuerte-caracter-dinamizador\/\" \/>\n<meta property=\"og:site_name\" content=\"Regata La Ruta de la Sal\" \/>\n<meta property=\"article:publisher\" content=\"https:\/\/www.facebook.com\/rutadelasal\/\" \/>\n<meta property=\"article:published_time\" content=\"2022-04-04T10:29:52+00:00\" \/>\n<meta property=\"article:modified_time\" content=\"2022-04-04T13:08:02+00:00\" \/>\n<meta property=\"og:image\" content=\"https:\/\/labs.100x100.net\/projects\/rutasal\/custom\/uploads\/2022\/04\/photocall-2022_reducido-scaled.jpg\" \/>\n\t<meta property=\"og:image:width\" content=\"2560\" \/>\n\t<meta property=\"og:image:height\" content=\"964\" \/>\n\t<meta property=\"og:image:type\" content=\"image\/jpeg\" \/>\n<meta name=\"author\" content=\"Valentina Libri\" \/>\n<meta name=\"twitter:card\" content=\"summary_large_image\" \/>\n<meta name=\"twitter:creator\" content=\"@AnamMedi\" \/>\n<meta name=\"twitter:site\" content=\"@AnamMedi\" \/>\n<meta name=\"twitter:label1\" content=\"Escrito por\" \/>\n\t<meta name=\"twitter:data1\" content=\"Valentina Libri\" \/>\n\t<meta name=\"twitter:label2\" content=\"Tiempo de lectura\" \/>\n\t<meta name=\"twitter:data2\" content=\"4 minutos\" \/>\n<script type=\"application\/ld+json\" class=\"yoast-schema-graph\">{\"@context\":\"https:\/\/schema.org\",\"@graph\":[{\"@type\":\"WebPage\",\"@id\":\"https:\/\/labs.100x100.net\/projects\/rutasal\/la-ruta-de-la-sal-fuerte-caracter-dinamizador\/\",\"url\":\"https:\/\/labs.100x100.net\/projects\/rutasal\/la-ruta-de-la-sal-fuerte-caracter-dinamizador\/\",\"name\":\"La Ruta de la Sal: fuerte car\u00e1cter dinamizador\",\"isPartOf\":{\"@id\":\"https:\/\/labs.100x100.net\/projects\/rutasal\/#website\"},\"primaryImageOfPage\":{\"@id\":\"https:\/\/labs.100x100.net\/projects\/rutasal\/la-ruta-de-la-sal-fuerte-caracter-dinamizador\/#primaryimage\"},\"image\":{\"@id\":\"https:\/\/labs.100x100.net\/projects\/rutasal\/la-ruta-de-la-sal-fuerte-caracter-dinamizador\/#primaryimage\"},\"thumbnailUrl\":\"https:\/\/labs.100x100.net\/projects\/rutasal\/custom\/uploads\/2022\/04\/photocall-2022_reducido-scaled.jpg\",\"datePublished\":\"2022-04-04T10:29:52+00:00\",\"dateModified\":\"2022-04-04T13:08:02+00:00\",\"author\":{\"@id\":\"https:\/\/labs.100x100.net\/projects\/rutasal\/#\/schema\/person\/78b3519b5320819eb3428bc4a4363faf\"},\"description\":\"El volumen de participaci\u00f3n y difusi\u00f3n medi\u00e1tica conllevan que La Ruta de la Sal suponga un motor del sector n\u00e1utico.\",\"breadcrumb\":{\"@id\":\"https:\/\/labs.100x100.net\/projects\/rutasal\/la-ruta-de-la-sal-fuerte-caracter-dinamizador\/#breadcrumb\"},\"inLanguage\":\"es\",\"potentialAction\":[{\"@type\":\"ReadAction\",\"target\":[\"https:\/\/labs.100x100.net\/projects\/rutasal\/la-ruta-de-la-sal-fuerte-caracter-dinamizador\/\"]}]},{\"@type\":\"ImageObject\",\"inLanguage\":\"es\",\"@id\":\"https:\/\/labs.100x100.net\/projects\/rutasal\/la-ruta-de-la-sal-fuerte-caracter-dinamizador\/#primaryimage\",\"url\":\"https:\/\/labs.100x100.net\/projects\/rutasal\/custom\/uploads\/2022\/04\/photocall-2022_reducido-scaled.jpg\",\"contentUrl\":\"https:\/\/labs.100x100.net\/projects\/rutasal\/custom\/uploads\/2022\/04\/photocall-2022_reducido-scaled.jpg\",\"width\":2560,\"height\":964},{\"@type\":\"BreadcrumbList\",\"@id\":\"https:\/\/labs.100x100.net\/projects\/rutasal\/la-ruta-de-la-sal-fuerte-caracter-dinamizador\/#breadcrumb\",\"itemListElement\":[{\"@type\":\"ListItem\",\"position\":1,\"name\":\"Portada\",\"item\":\"https:\/\/labs.100x100.net\/projects\/rutasal\/\"},{\"@type\":\"ListItem\",\"position\":2,\"name\":\"La Ruta de la Sal: fuerte car\u00e1cter dinamizador\"}]},{\"@type\":\"WebSite\",\"@id\":\"https:\/\/labs.100x100.net\/projects\/rutasal\/#website\",\"url\":\"https:\/\/labs.100x100.net\/projects\/rutasal\/\",\"name\":\"Regata La Ruta de la Sal\",\"description\":\"Regata La Ruta de la Sal es una regata de Altura Mediterr\u00e1nea para barcos de crucero a vela con destino en Ibiza, que se disputa anualmente en Semana Santa.\",\"potentialAction\":[{\"@type\":\"SearchAction\",\"target\":{\"@type\":\"EntryPoint\",\"urlTemplate\":\"https:\/\/labs.100x100.net\/projects\/rutasal\/?s={search_term_string}\"},\"query-input\":\"required name=search_term_string\"}],\"inLanguage\":\"es\"},{\"@type\":\"Person\",\"@id\":\"https:\/\/labs.100x100.net\/projects\/rutasal\/#\/schema\/person\/78b3519b5320819eb3428bc4a4363faf\",\"name\":\"Valentina Libri\",\"image\":{\"@type\":\"ImageObject\",\"inLanguage\":\"es\",\"@id\":\"https:\/\/labs.100x100.net\/projects\/rutasal\/#\/schema\/person\/image\/\",\"url\":\"https:\/\/secure.gravatar.com\/avatar\/99c0547d5c3f4720c6410e401af04fe2?s=96&d=mm&r=g\",\"contentUrl\":\"https:\/\/secure.gravatar.com\/avatar\/99c0547d5c3f4720c6410e401af04fe2?s=96&d=mm&r=g\",\"caption\":\"Valentina Libri\"}}]}<\/script>\n<!-- \/ Yoast SEO plugin. -->","yoast_head_json":{"title":"La Ruta de la Sal: fuerte car\u00e1cter dinamizador","description":"El volumen de participaci\u00f3n y difusi\u00f3n medi\u00e1tica conllevan que La Ruta de la Sal suponga un motor del sector n\u00e1utico.","robots":{"index":"noindex","follow":"follow","max-snippet":"max-snippet:-1","max-image-preview":"max-image-preview:large","max-video-preview":"max-video-preview:-1"},"og_locale":"es_ES","og_type":"article","og_title":"La Ruta de la Sal: fuerte car\u00e1cter dinamizador","og_description":"El volumen de participaci\u00f3n y difusi\u00f3n medi\u00e1tica conllevan que La Ruta de la Sal suponga un motor del sector n\u00e1utico.","og_url":"https:\/\/labs.100x100.net\/projects\/rutasal\/la-ruta-de-la-sal-fuerte-caracter-dinamizador\/","og_site_name":"Regata La Ruta de la Sal","article_publisher":"https:\/\/www.facebook.com\/rutadelasal\/","article_published_time":"2022-04-04T10:29:52+00:00","article_modified_time":"2022-04-04T13:08:02+00:00","og_image":[{"width":2560,"height":964,"url":"https:\/\/labs.100x100.net\/projects\/rutasal\/custom\/uploads\/2022\/04\/photocall-2022_reducido-scaled.jpg","type":"image\/jpeg"}],"author":"Valentina Libri","twitter_card":"summary_large_image","twitter_creator":"@AnamMedi","twitter_site":"@AnamMedi","twitter_misc":{"Escrito por":"Valentina Libri","Tiempo de lectura":"4 minutos"},"schema":{"@context":"https:\/\/schema.org","@graph":[{"@type":"WebPage","@id":"https:\/\/labs.100x100.net\/projects\/rutasal\/la-ruta-de-la-sal-fuerte-caracter-dinamizador\/","url":"https:\/\/labs.100x100.net\/projects\/rutasal\/la-ruta-de-la-sal-fuerte-caracter-dinamizador\/","name":"La Ruta de la Sal: fuerte car\u00e1cter dinamizador","isPartOf":{"@id":"https:\/\/labs.100x100.net\/projects\/rutasal\/#website"},"primaryImageOfPage":{"@id":"https:\/\/labs.100x100.net\/projects\/rutasal\/la-ruta-de-la-sal-fuerte-caracter-dinamizador\/#primaryimage"},"image":{"@id":"https:\/\/labs.100x100.net\/projects\/rutasal\/la-ruta-de-la-sal-fuerte-caracter-dinamizador\/#primaryimage"},"thumbnailUrl":"https:\/\/labs.100x100.net\/projects\/rutasal\/custom\/uploads\/2022\/04\/photocall-2022_reducido-scaled.jpg","datePublished":"2022-04-04T10:29:52+00:00","dateModified":"2022-04-04T13:08:02+00:00","author":{"@id":"https:\/\/labs.100x100.net\/projects\/rutasal\/#\/schema\/person\/78b3519b5320819eb3428bc4a4363faf"},"description":"El volumen de participaci\u00f3n y difusi\u00f3n medi\u00e1tica conllevan que La Ruta de la Sal suponga un motor del sector n\u00e1utico.","breadcrumb":{"@id":"https:\/\/labs.100x100.net\/projects\/rutasal\/la-ruta-de-la-sal-fuerte-caracter-dinamizador\/#breadcrumb"},"inLanguage":"es","potentialAction":[{"@type":"ReadAction","target":["https:\/\/labs.100x100.net\/projects\/rutasal\/la-ruta-de-la-sal-fuerte-caracter-dinamizador\/"]}]},{"@type":"ImageObject","inLanguage":"es","@id":"https:\/\/labs.100x100.net\/projects\/rutasal\/la-ruta-de-la-sal-fuerte-caracter-dinamizador\/#primaryimage","url":"https:\/\/labs.100x100.net\/projects\/rutasal\/custom\/uploads\/2022\/04\/photocall-2022_reducido-scaled.jpg","contentUrl":"https:\/\/labs.100x100.net\/projects\/rutasal\/custom\/uploads\/2022\/04\/photocall-2022_reducido-scaled.jpg","width":2560,"height":964},{"@type":"BreadcrumbList","@id":"https:\/\/labs.100x100.net\/projects\/rutasal\/la-ruta-de-la-sal-fuerte-caracter-dinamizador\/#breadcrumb","itemListElement":[{"@type":"ListItem","position":1,"name":"Portada","item":"https:\/\/labs.100x100.net\/projects\/rutasal\/"},{"@type":"ListItem","position":2,"name":"La Ruta de la Sal: fuerte car\u00e1cter dinamizador"}]},{"@type":"WebSite","@id":"https:\/\/labs.100x100.net\/projects\/rutasal\/#website","url":"https:\/\/labs.100x100.net\/projects\/rutasal\/","name":"Regata La Ruta de la Sal","description":"Regata La Ruta de la Sal es una regata de Altura Mediterr\u00e1nea para barcos de crucero a vela con destino en Ibiza, que se disputa anualmente en Semana Santa.","potentialAction":[{"@type":"SearchAction","target":{"@type":"EntryPoint","urlTemplate":"https:\/\/labs.100x100.net\/projects\/rutasal\/?s={search_term_string}"},"query-input":"required name=search_term_string"}],"inLanguage":"es"},{"@type":"Person","@id":"https:\/\/labs.100x100.net\/projects\/rutasal\/#\/schema\/person\/78b3519b5320819eb3428bc4a4363faf","name":"Valentina Libri","image":{"@type":"ImageObject","inLanguage":"es","@id":"https:\/\/labs.100x100.net\/projects\/rutasal\/#\/schema\/person\/image\/","url":"https:\/\/secure.gravatar.com\/avatar\/99c0547d5c3f4720c6410e401af04fe2?s=96&d=mm&r=g","contentUrl":"https:\/\/secure.gravatar.com\/avatar\/99c0547d5c3f4720c6410e401af04fe2?s=96&d=mm&r=g","caption":"Valentina Libri"}}]}},"_links":{"self":[{"href":"https:\/\/labs.100x100.net\/projects\/rutasal\/wp-json\/wp\/v2\/posts\/6983"}],"collection":[{"href":"https:\/\/labs.100x100.net\/projects\/rutasal\/wp-json\/wp\/v2\/posts"}],"about":[{"href":"https:\/\/labs.100x100.net\/projects\/rutasal\/wp-json\/wp\/v2\/types\/post"}],"author":[{"embeddable":true,"href":"https:\/\/labs.100x100.net\/projects\/rutasal\/wp-json\/wp\/v2\/users\/7"}],"replies":[{"embeddable":true,"href":"https:\/\/labs.100x100.net\/projects\/rutasal\/wp-json\/wp\/v2\/comments?post=6983"}],"version-history":[{"count":10,"href":"https:\/\/labs.100x100.net\/projects\/rutasal\/wp-json\/wp\/v2\/posts\/6983\/revisions"}],"predecessor-version":[{"id":7042,"href":"https:\/\/labs.100x100.net\/projects\/rutasal\/wp-json\/wp\/v2\/posts\/6983\/revisions\/7042"}],"wp:featuredmedia":[{"embeddable":true,"href":"https:\/\/labs.100x100.net\/projects\/rutasal\/wp-json\/wp\/v2\/media\/7039"}],"wp:attachment":[{"href":"https:\/\/labs.100x100.net\/projects\/rutasal\/wp-json\/wp\/v2\/media?parent=6983"}],"wp:term":[{"taxonomy":"category","embeddable":true,"href":"https:\/\/labs.100x100.net\/projects\/rutasal\/wp-json\/wp\/v2\/categories?post=6983"},{"taxonomy":"post_tag","embeddable":true,"href":"https:\/\/labs.100x100.net\/projects\/rutasal\/wp-json\/wp\/v2\/tags?post=6983"}],"curies":[{"name":"wp","href":"https:\/\/api.w.org\/{rel}","templated":true}]}}