{"id":6979,"date":"2022-04-03T14:07:36","date_gmt":"2022-04-03T12:07:36","guid":{"rendered":"https:\/\/larutadelasal.com\/?p=6979"},"modified":"2022-04-03T14:07:36","modified_gmt":"2022-04-03T12:07:36","slug":"pon-rumbo-a-ibiza-barco-compartido","status":"publish","type":"post","link":"https:\/\/labs.100x100.net\/projects\/rutasal\/pon-rumbo-a-ibiza-barco-compartido\/","title":{"rendered":"Pon rumbo a Ibiza a bordo de un barco compartido"},"content":{"rendered":"<p class=\"MsoNormal\" style=\"text-align: justify;\">Aunque se han agotado las inscripciones para los barcos, las personas interesadas en participar en la 34\u00ba edici\u00f3n de La Ruta de la Sal todav\u00eda pueden apuntarse a trav\u00e9s de las embarcaciones ya inscritas que ofrecen plazas compartidas.<\/p>\n<p class=\"MsoNormal\" style=\"text-align: justify;\">Concretamente, gracias a uno de nuestros patrocinadores, <a href=\"https:\/\/www.sailwiz.com\/\"><span style=\"color: #000090;\">Sailwiz<\/span><\/a>, una plataforma que ofrece experiencias n\u00e1uticas compartidas, cualquier persona interesada puede participar en la regata sin necesidad de disponer de conocimientos, barco ni tripulaci\u00f3n, apunt\u00e1ndose a alguna de las ofertas de barco compartido que se ofrecen en dicha plataforma.<\/p>\n<p class=\"MsoNormal\" style=\"text-align: justify;\">\n<p class=\"MsoNormal\" style=\"text-align: justify;\">Desde la p\u00e1gina de inicio de <a href=\"https:\/\/www.sailwiz.com\/\">Sailwiz<\/a>, se puede acceder a diversas ofertas para vivir la experiencia de esta m\u00edtica regata, conocer otros entusiastas de la vela y navegar por Ibiza en Samanta Santa, pudiendo escoger diferentes puntos de partida en la costa catalana y valenciana.<\/p>\n<p class=\"MsoNormal\" style=\"text-align: justify;\">\n<p class=\"MsoNormal\" style=\"text-align: justify;\">Para m\u00e1s informaci\u00f3n: <a href=\"https:\/\/larutadelasal.com\/comparte-barco\/\"><span style=\"color: windowtext;\">larutadelasal.com\/comparte-barco<\/span><\/a><\/p>\n<div id=\"attachment_6937\" style=\"width: 1210px\" class=\"wp-caption aligncenter\"><img loading=\"lazy\" decoding=\"async\" aria-describedby=\"caption-attachment-6937\" class=\"wp-image-6937 size-full\" src=\"http:\/\/larutadelasal.com\/custom\/uploads\/2022\/03\/Flota.jpg\" alt=\"\" width=\"1200\" height=\"741\" srcset=\"https:\/\/labs.100x100.net\/projects\/rutasal\/custom\/uploads\/2022\/03\/Flota.jpg 1200w, https:\/\/labs.100x100.net\/projects\/rutasal\/custom\/uploads\/2022\/03\/Flota-300x185.jpg 300w, https:\/\/labs.100x100.net\/projects\/rutasal\/custom\/uploads\/2022\/03\/Flota-1024x632.jpg 1024w, https:\/\/labs.100x100.net\/projects\/rutasal\/custom\/uploads\/2022\/03\/Flota-768x474.jpg 768w\" sizes=\"(max-width: 1200px) 100vw, 1200px\" \/><p id=\"caption-attachment-6937\" class=\"wp-caption-text\">\u00a9AlfredFarre.com<\/p><\/div>\n<p class=\"MsoNormal\" style=\"text-align: justify;\">\n<p class=\"MsoNormal\" style=\"text-align: justify;\">\n","protected":false},"excerpt":{"rendered":"<p>Aunque se han agotado las inscripciones para los barcos, las personas interesadas en participar en la 34\u00ba edici\u00f3n de La Ruta de la Sal todav\u00eda pueden apuntarse a trav\u00e9s de las embarcaciones ya inscritas que ofrecen plazas compartidas. Concretamente, gracias a uno de nuestros patrocinadores, Sailwiz, una plataforma que ofrece experiencias n\u00e1uticas compartidas, cualquier persona [&hellip;]<\/p>\n","protected":false},"author":7,"featured_media":4342,"comment_status":"open","ping_status":"open","sticky":false,"template":"","format":"standard","meta":{"_acf_changed":false,"footnotes":""},"categories":[3],"tags":[],"acf":[],"yoast_head":"<!-- This site is optimized with the Yoast SEO plugin v23.0 - https:\/\/yoast.com\/wordpress\/plugins\/seo\/ -->\n<title>Pon rumbo a Ibiza a bordo de un barco compartido<\/title>\n<meta name=\"description\" content=\"Las personas interesadas en participar en 34\u00ba edici\u00f3n de La Sal todav\u00eda pueden apuntarse a bordo de barcos que ofrecen plazas compartidas.\" \/>\n<meta name=\"robots\" content=\"noindex, follow, max-snippet:-1, max-image-preview:large, max-video-preview:-1\" \/>\n<meta property=\"og:locale\" content=\"es_ES\" \/>\n<meta property=\"og:type\" content=\"article\" \/>\n<meta property=\"og:title\" content=\"Pon rumbo a Ibiza a bordo de un barco compartido\" \/>\n<meta property=\"og:description\" content=\"Las personas interesadas en participar en 34\u00ba edici\u00f3n de La Sal todav\u00eda pueden apuntarse a bordo de barcos que ofrecen plazas compartidas.\" \/>\n<meta property=\"og:url\" content=\"https:\/\/labs.100x100.net\/projects\/rutasal\/pon-rumbo-a-ibiza-barco-compartido\/\" \/>\n<meta property=\"og:site_name\" content=\"Regata La Ruta de la Sal\" \/>\n<meta property=\"article:publisher\" content=\"https:\/\/www.facebook.com\/rutadelasal\/\" \/>\n<meta property=\"article:published_time\" content=\"2022-04-03T12:07:36+00:00\" \/>\n<meta property=\"og:image\" content=\"https:\/\/labs.100x100.net\/projects\/rutasal\/custom\/uploads\/2019\/04\/regata-la-ruta-de-la-sal-inscripcion.jpg\" \/>\n\t<meta property=\"og:image:width\" content=\"798\" \/>\n\t<meta property=\"og:image:height\" content=\"492\" \/>\n\t<meta property=\"og:image:type\" content=\"image\/jpeg\" \/>\n<meta name=\"author\" content=\"Valentina Libri\" \/>\n<meta name=\"twitter:card\" content=\"summary_large_image\" \/>\n<meta name=\"twitter:creator\" content=\"@AnamMedi\" \/>\n<meta name=\"twitter:site\" content=\"@AnamMedi\" \/>\n<meta name=\"twitter:label1\" content=\"Escrito por\" \/>\n\t<meta name=\"twitter:data1\" content=\"Valentina Libri\" \/>\n\t<meta name=\"twitter:label2\" content=\"Tiempo de lectura\" \/>\n\t<meta name=\"twitter:data2\" content=\"1 minuto\" \/>\n<script type=\"application\/ld+json\" class=\"yoast-schema-graph\">{\"@context\":\"https:\/\/schema.org\",\"@graph\":[{\"@type\":\"WebPage\",\"@id\":\"https:\/\/labs.100x100.net\/projects\/rutasal\/pon-rumbo-a-ibiza-barco-compartido\/\",\"url\":\"https:\/\/labs.100x100.net\/projects\/rutasal\/pon-rumbo-a-ibiza-barco-compartido\/\",\"name\":\"Pon rumbo a Ibiza a bordo de un barco compartido\",\"isPartOf\":{\"@id\":\"https:\/\/labs.100x100.net\/projects\/rutasal\/#website\"},\"primaryImageOfPage\":{\"@id\":\"https:\/\/labs.100x100.net\/projects\/rutasal\/pon-rumbo-a-ibiza-barco-compartido\/#primaryimage\"},\"image\":{\"@id\":\"https:\/\/labs.100x100.net\/projects\/rutasal\/pon-rumbo-a-ibiza-barco-compartido\/#primaryimage\"},\"thumbnailUrl\":\"https:\/\/labs.100x100.net\/projects\/rutasal\/custom\/uploads\/2019\/04\/regata-la-ruta-de-la-sal-inscripcion.jpg\",\"datePublished\":\"2022-04-03T12:07:36+00:00\",\"dateModified\":\"2022-04-03T12:07:36+00:00\",\"author\":{\"@id\":\"https:\/\/labs.100x100.net\/projects\/rutasal\/#\/schema\/person\/78b3519b5320819eb3428bc4a4363faf\"},\"description\":\"Las personas interesadas en participar en 34\u00ba edici\u00f3n de La Sal todav\u00eda pueden apuntarse a bordo de barcos que ofrecen plazas compartidas.\",\"breadcrumb\":{\"@id\":\"https:\/\/labs.100x100.net\/projects\/rutasal\/pon-rumbo-a-ibiza-barco-compartido\/#breadcrumb\"},\"inLanguage\":\"es\",\"potentialAction\":[{\"@type\":\"ReadAction\",\"target\":[\"https:\/\/labs.100x100.net\/projects\/rutasal\/pon-rumbo-a-ibiza-barco-compartido\/\"]}]},{\"@type\":\"ImageObject\",\"inLanguage\":\"es\",\"@id\":\"https:\/\/labs.100x100.net\/projects\/rutasal\/pon-rumbo-a-ibiza-barco-compartido\/#primaryimage\",\"url\":\"https:\/\/labs.100x100.net\/projects\/rutasal\/custom\/uploads\/2019\/04\/regata-la-ruta-de-la-sal-inscripcion.jpg\",\"contentUrl\":\"https:\/\/labs.100x100.net\/projects\/rutasal\/custom\/uploads\/2019\/04\/regata-la-ruta-de-la-sal-inscripcion.jpg\",\"width\":798,\"height\":492,\"caption\":\"Regata ruta de la sal\"},{\"@type\":\"BreadcrumbList\",\"@id\":\"https:\/\/labs.100x100.net\/projects\/rutasal\/pon-rumbo-a-ibiza-barco-compartido\/#breadcrumb\",\"itemListElement\":[{\"@type\":\"ListItem\",\"position\":1,\"name\":\"Portada\",\"item\":\"https:\/\/labs.100x100.net\/projects\/rutasal\/\"},{\"@type\":\"ListItem\",\"position\":2,\"name\":\"Pon rumbo a Ibiza a bordo de un barco compartido\"}]},{\"@type\":\"WebSite\",\"@id\":\"https:\/\/labs.100x100.net\/projects\/rutasal\/#website\",\"url\":\"https:\/\/labs.100x100.net\/projects\/rutasal\/\",\"name\":\"Regata La Ruta de la Sal\",\"description\":\"Regata La Ruta de la Sal es una regata de Altura Mediterr\u00e1nea para barcos de crucero a vela con destino en Ibiza, que se disputa anualmente en Semana Santa.\",\"potentialAction\":[{\"@type\":\"SearchAction\",\"target\":{\"@type\":\"EntryPoint\",\"urlTemplate\":\"https:\/\/labs.100x100.net\/projects\/rutasal\/?s={search_term_string}\"},\"query-input\":\"required name=search_term_string\"}],\"inLanguage\":\"es\"},{\"@type\":\"Person\",\"@id\":\"https:\/\/labs.100x100.net\/projects\/rutasal\/#\/schema\/person\/78b3519b5320819eb3428bc4a4363faf\",\"name\":\"Valentina Libri\",\"image\":{\"@type\":\"ImageObject\",\"inLanguage\":\"es\",\"@id\":\"https:\/\/labs.100x100.net\/projects\/rutasal\/#\/schema\/person\/image\/\",\"url\":\"https:\/\/secure.gravatar.com\/avatar\/99c0547d5c3f4720c6410e401af04fe2?s=96&d=mm&r=g\",\"contentUrl\":\"https:\/\/secure.gravatar.com\/avatar\/99c0547d5c3f4720c6410e401af04fe2?s=96&d=mm&r=g\",\"caption\":\"Valentina Libri\"}}]}<\/script>\n<!-- \/ Yoast SEO plugin. -->","yoast_head_json":{"title":"Pon rumbo a Ibiza a bordo de un barco compartido","description":"Las personas interesadas en participar en 34\u00ba edici\u00f3n de La Sal todav\u00eda pueden apuntarse a bordo de barcos que ofrecen plazas compartidas.","robots":{"index":"noindex","follow":"follow","max-snippet":"max-snippet:-1","max-image-preview":"max-image-preview:large","max-video-preview":"max-video-preview:-1"},"og_locale":"es_ES","og_type":"article","og_title":"Pon rumbo a Ibiza a bordo de un barco compartido","og_description":"Las personas interesadas en participar en 34\u00ba edici\u00f3n de La Sal todav\u00eda pueden apuntarse a bordo de barcos que ofrecen plazas compartidas.","og_url":"https:\/\/labs.100x100.net\/projects\/rutasal\/pon-rumbo-a-ibiza-barco-compartido\/","og_site_name":"Regata La Ruta de la Sal","article_publisher":"https:\/\/www.facebook.com\/rutadelasal\/","article_published_time":"2022-04-03T12:07:36+00:00","og_image":[{"width":798,"height":492,"url":"https:\/\/labs.100x100.net\/projects\/rutasal\/custom\/uploads\/2019\/04\/regata-la-ruta-de-la-sal-inscripcion.jpg","type":"image\/jpeg"}],"author":"Valentina Libri","twitter_card":"summary_large_image","twitter_creator":"@AnamMedi","twitter_site":"@AnamMedi","twitter_misc":{"Escrito por":"Valentina Libri","Tiempo de lectura":"1 minuto"},"schema":{"@context":"https:\/\/schema.org","@graph":[{"@type":"WebPage","@id":"https:\/\/labs.100x100.net\/projects\/rutasal\/pon-rumbo-a-ibiza-barco-compartido\/","url":"https:\/\/labs.100x100.net\/projects\/rutasal\/pon-rumbo-a-ibiza-barco-compartido\/","name":"Pon rumbo a Ibiza a bordo de un barco compartido","isPartOf":{"@id":"https:\/\/labs.100x100.net\/projects\/rutasal\/#website"},"primaryImageOfPage":{"@id":"https:\/\/labs.100x100.net\/projects\/rutasal\/pon-rumbo-a-ibiza-barco-compartido\/#primaryimage"},"image":{"@id":"https:\/\/labs.100x100.net\/projects\/rutasal\/pon-rumbo-a-ibiza-barco-compartido\/#primaryimage"},"thumbnailUrl":"https:\/\/labs.100x100.net\/projects\/rutasal\/custom\/uploads\/2019\/04\/regata-la-ruta-de-la-sal-inscripcion.jpg","datePublished":"2022-04-03T12:07:36+00:00","dateModified":"2022-04-03T12:07:36+00:00","author":{"@id":"https:\/\/labs.100x100.net\/projects\/rutasal\/#\/schema\/person\/78b3519b5320819eb3428bc4a4363faf"},"description":"Las personas interesadas en participar en 34\u00ba edici\u00f3n de La Sal todav\u00eda pueden apuntarse a bordo de barcos que ofrecen plazas compartidas.","breadcrumb":{"@id":"https:\/\/labs.100x100.net\/projects\/rutasal\/pon-rumbo-a-ibiza-barco-compartido\/#breadcrumb"},"inLanguage":"es","potentialAction":[{"@type":"ReadAction","target":["https:\/\/labs.100x100.net\/projects\/rutasal\/pon-rumbo-a-ibiza-barco-compartido\/"]}]},{"@type":"ImageObject","inLanguage":"es","@id":"https:\/\/labs.100x100.net\/projects\/rutasal\/pon-rumbo-a-ibiza-barco-compartido\/#primaryimage","url":"https:\/\/labs.100x100.net\/projects\/rutasal\/custom\/uploads\/2019\/04\/regata-la-ruta-de-la-sal-inscripcion.jpg","contentUrl":"https:\/\/labs.100x100.net\/projects\/rutasal\/custom\/uploads\/2019\/04\/regata-la-ruta-de-la-sal-inscripcion.jpg","width":798,"height":492,"caption":"Regata ruta de la sal"},{"@type":"BreadcrumbList","@id":"https:\/\/labs.100x100.net\/projects\/rutasal\/pon-rumbo-a-ibiza-barco-compartido\/#breadcrumb","itemListElement":[{"@type":"ListItem","position":1,"name":"Portada","item":"https:\/\/labs.100x100.net\/projects\/rutasal\/"},{"@type":"ListItem","position":2,"name":"Pon rumbo a Ibiza a bordo de un barco compartido"}]},{"@type":"WebSite","@id":"https:\/\/labs.100x100.net\/projects\/rutasal\/#website","url":"https:\/\/labs.100x100.net\/projects\/rutasal\/","name":"Regata La Ruta de la Sal","description":"Regata La Ruta de la Sal es una regata de Altura Mediterr\u00e1nea para barcos de crucero a vela con destino en Ibiza, que se disputa anualmente en Semana Santa.","potentialAction":[{"@type":"SearchAction","target":{"@type":"EntryPoint","urlTemplate":"https:\/\/labs.100x100.net\/projects\/rutasal\/?s={search_term_string}"},"query-input":"required name=search_term_string"}],"inLanguage":"es"},{"@type":"Person","@id":"https:\/\/labs.100x100.net\/projects\/rutasal\/#\/schema\/person\/78b3519b5320819eb3428bc4a4363faf","name":"Valentina Libri","image":{"@type":"ImageObject","inLanguage":"es","@id":"https:\/\/labs.100x100.net\/projects\/rutasal\/#\/schema\/person\/image\/","url":"https:\/\/secure.gravatar.com\/avatar\/99c0547d5c3f4720c6410e401af04fe2?s=96&d=mm&r=g","contentUrl":"https:\/\/secure.gravatar.com\/avatar\/99c0547d5c3f4720c6410e401af04fe2?s=96&d=mm&r=g","caption":"Valentina Libri"}}]}},"_links":{"self":[{"href":"https:\/\/labs.100x100.net\/projects\/rutasal\/wp-json\/wp\/v2\/posts\/6979"}],"collection":[{"href":"https:\/\/labs.100x100.net\/projects\/rutasal\/wp-json\/wp\/v2\/posts"}],"about":[{"href":"https:\/\/labs.100x100.net\/projects\/rutasal\/wp-json\/wp\/v2\/types\/post"}],"author":[{"embeddable":true,"href":"https:\/\/labs.100x100.net\/projects\/rutasal\/wp-json\/wp\/v2\/users\/7"}],"replies":[{"embeddable":true,"href":"https:\/\/labs.100x100.net\/projects\/rutasal\/wp-json\/wp\/v2\/comments?post=6979"}],"version-history":[{"count":3,"href":"https:\/\/labs.100x100.net\/projects\/rutasal\/wp-json\/wp\/v2\/posts\/6979\/revisions"}],"predecessor-version":[{"id":6982,"href":"https:\/\/labs.100x100.net\/projects\/rutasal\/wp-json\/wp\/v2\/posts\/6979\/revisions\/6982"}],"wp:featuredmedia":[{"embeddable":true,"href":"https:\/\/labs.100x100.net\/projects\/rutasal\/wp-json\/wp\/v2\/media\/4342"}],"wp:attachment":[{"href":"https:\/\/labs.100x100.net\/projects\/rutasal\/wp-json\/wp\/v2\/media?parent=6979"}],"wp:term":[{"taxonomy":"category","embeddable":true,"href":"https:\/\/labs.100x100.net\/projects\/rutasal\/wp-json\/wp\/v2\/categories?post=6979"},{"taxonomy":"post_tag","embeddable":true,"href":"https:\/\/labs.100x100.net\/projects\/rutasal\/wp-json\/wp\/v2\/tags?post=6979"}],"curies":[{"name":"wp","href":"https:\/\/api.w.org\/{rel}","templated":true}]}}