{"id":6945,"date":"2022-04-01T19:30:33","date_gmt":"2022-04-01T17:30:33","guid":{"rendered":"https:\/\/larutadelasal.com\/?p=6945"},"modified":"2022-04-01T19:33:43","modified_gmt":"2022-04-01T17:33:43","slug":"evento-turistico-deportivo-de-primer-orden-en-ibiza","status":"publish","type":"post","link":"https:\/\/labs.100x100.net\/projects\/rutasal\/evento-turistico-deportivo-de-primer-orden-en-ibiza\/","title":{"rendered":"La Ruta de la Sal, evento tur\u00edstico deportivo de primer orden en Ibiza"},"content":{"rendered":"<p>&nbsp;<\/p>\n<div id=\"attachment_6953\" style=\"width: 1034px\" class=\"wp-caption aligncenter\"><img loading=\"lazy\" decoding=\"async\" aria-describedby=\"caption-attachment-6953\" class=\"wp-image-6953 size-large\" src=\"http:\/\/larutadelasal.com\/custom\/uploads\/2022\/03\/Cala-Salada-med-1-1024x759.jpg\" alt=\"\" width=\"1024\" height=\"759\" srcset=\"https:\/\/labs.100x100.net\/projects\/rutasal\/custom\/uploads\/2022\/03\/Cala-Salada-med-1-1024x759.jpg 1024w, https:\/\/labs.100x100.net\/projects\/rutasal\/custom\/uploads\/2022\/03\/Cala-Salada-med-1-300x222.jpg 300w, https:\/\/labs.100x100.net\/projects\/rutasal\/custom\/uploads\/2022\/03\/Cala-Salada-med-1-768x570.jpg 768w, https:\/\/labs.100x100.net\/projects\/rutasal\/custom\/uploads\/2022\/03\/Cala-Salada-med-1-1536x1139.jpg 1536w, https:\/\/labs.100x100.net\/projects\/rutasal\/custom\/uploads\/2022\/03\/Cala-Salada-med-1-2048x1519.jpg 2048w\" sizes=\"(max-width: 1024px) 100vw, 1024px\" \/><p id=\"caption-attachment-6953\" class=\"wp-caption-text\">Fotos \u00a9Jaume Capell\u00e0_ArxiuAETIB<\/p><\/div>\n<p>La Ruta de la Sal es una regata declarada Evento de Inter\u00e9s Tur\u00edstico Insular por el Consell d\u2019Eivissa, lo que la convierte en uno de los acontecimientos tur\u00edsticos deportivos de primer orden de la isla, que la distingue como escenario deportivo de la vela. La Ruta de la Sal representa una gran herramienta de notoriedad de la marca Ibiza, promocionando el destino fuera de temporada y en un mercado estrat\u00e9gico, como es el turismo n\u00e1utico-deportivo, asociado a la calidad, a la salud y a la sostenibilidad.<\/p>\n<div id=\"attachment_6972\" style=\"width: 988px\" class=\"wp-caption alignnone\"><img loading=\"lazy\" decoding=\"async\" aria-describedby=\"caption-attachment-6972\" class=\"wp-image-6972\" src=\"http:\/\/larutadelasal.com\/custom\/uploads\/2022\/04\/32692500167_8fe3aa768e_c-300x225.jpg\" alt=\"\" width=\"978\" height=\"733\" srcset=\"https:\/\/labs.100x100.net\/projects\/rutasal\/custom\/uploads\/2022\/04\/32692500167_8fe3aa768e_c-300x225.jpg 300w, https:\/\/labs.100x100.net\/projects\/rutasal\/custom\/uploads\/2022\/04\/32692500167_8fe3aa768e_c-768x576.jpg 768w, https:\/\/labs.100x100.net\/projects\/rutasal\/custom\/uploads\/2022\/04\/32692500167_8fe3aa768e_c.jpg 800w\" sizes=\"(max-width: 978px) 100vw, 978px\" \/><p id=\"caption-attachment-6972\" class=\"wp-caption-text\">Fotos \u00a9AlfredFarre.com<\/p><\/div>\n<p>La Ruta de la Sal cuenta tambi\u00e9n con el inestimable apoyo del Real Club N\u00e1utico de Denia y de Port Ginesta, que acogen en los puertos de salida a la gran flota de La Sal y son los lugares de encuentro en las horas previas de la partida rumbo Ibiza.<\/p>\n<div id=\"attachment_3707\" style=\"width: 1002px\" class=\"wp-caption alignright\"><img loading=\"lazy\" decoding=\"async\" aria-describedby=\"caption-attachment-3707\" class=\"wp-image-3707\" src=\"http:\/\/larutadelasal.com\/custom\/uploads\/2019\/03\/Capture-3.png\" alt=\"\" width=\"992\" height=\"657\" srcset=\"https:\/\/labs.100x100.net\/projects\/rutasal\/custom\/uploads\/2019\/03\/Capture-3.png 640w, https:\/\/labs.100x100.net\/projects\/rutasal\/custom\/uploads\/2019\/03\/Capture-3-300x199.png 300w\" sizes=\"(max-width: 992px) 100vw, 992px\" \/><p id=\"caption-attachment-3707\" class=\"wp-caption-text\">Fotos \u00a9AlfredFarre.com<\/p><\/div>\n<p>Por su parte, el Club N\u00e1utic de Sant Antoni de Portmany y Ports IB aportan sus amarres e instalaciones para acoger a la gran flota de la Sal, tras la traves\u00eda mediterr\u00e1nea. En su caso, el desaf\u00edo es a\u00fan mayor, pues en Ibiza se concentran todos los barcos, llegados de las dos rutas que ofrece la regata. Tras el evento deportivo, el Ayuntamiento de Sant Antoni de Portmany colabora estrechamente para garantizar la organizaci\u00f3n de los eventos sociales en la isla.<\/p>\n<div id=\"attachment_6949\" style=\"width: 710px\" class=\"wp-caption aligncenter\"><img loading=\"lazy\" decoding=\"async\" aria-describedby=\"caption-attachment-6949\" class=\"wp-image-6949\" src=\"http:\/\/larutadelasal.com\/custom\/uploads\/2022\/03\/santantoni2.jpeg\" alt=\"\" width=\"700\" height=\"769\" srcset=\"https:\/\/labs.100x100.net\/projects\/rutasal\/custom\/uploads\/2022\/03\/santantoni2.jpeg 546w, https:\/\/labs.100x100.net\/projects\/rutasal\/custom\/uploads\/2022\/03\/santantoni2-273x300.jpeg 273w\" sizes=\"(max-width: 700px) 100vw, 700px\" \/><p id=\"caption-attachment-6949\" class=\"wp-caption-text\">\u00a9visit.santantoni.net<\/p><\/div>\n<p>&nbsp;<\/p>\n<p>&nbsp;<\/p>\n","protected":false},"excerpt":{"rendered":"<p>&nbsp; La Ruta de la Sal es una regata declarada Evento de Inter\u00e9s Tur\u00edstico Insular por el Consell d\u2019Eivissa, lo que la convierte en uno de los acontecimientos tur\u00edsticos deportivos de primer orden de la isla, que la distingue como escenario deportivo de la vela. La Ruta de la Sal representa una gran herramienta de [&hellip;]<\/p>\n","protected":false},"author":7,"featured_media":6953,"comment_status":"open","ping_status":"open","sticky":false,"template":"","format":"standard","meta":{"_acf_changed":false,"footnotes":""},"categories":[3],"tags":[],"acf":[],"yoast_head":"<!-- This site is optimized with the Yoast SEO plugin v23.0 - https:\/\/yoast.com\/wordpress\/plugins\/seo\/ -->\n<title>La Ruta de la Sal, evento tur\u00edstico deportivo de primer orden en Ibiza<\/title>\n<meta name=\"description\" content=\"La Ruta de la Sal es declarada Evento de Inter\u00e9s Tur\u00edstico por el Consell d\u2019Eivissa, al estar asociada a la calidad, a la salud y a la sostenibilidad.\" \/>\n<meta name=\"robots\" content=\"noindex, follow, max-snippet:-1, max-image-preview:large, max-video-preview:-1\" \/>\n<meta property=\"og:locale\" content=\"es_ES\" \/>\n<meta property=\"og:type\" content=\"article\" \/>\n<meta property=\"og:title\" content=\"La Ruta de la Sal, evento tur\u00edstico deportivo de primer orden en Ibiza\" \/>\n<meta property=\"og:description\" content=\"La Ruta de la Sal es declarada Evento de Inter\u00e9s Tur\u00edstico por el Consell d\u2019Eivissa, al estar asociada a la calidad, a la salud y a la sostenibilidad.\" \/>\n<meta property=\"og:url\" content=\"https:\/\/labs.100x100.net\/projects\/rutasal\/evento-turistico-deportivo-de-primer-orden-en-ibiza\/\" \/>\n<meta property=\"og:site_name\" content=\"Regata La Ruta de la Sal\" \/>\n<meta property=\"article:publisher\" content=\"https:\/\/www.facebook.com\/rutadelasal\/\" \/>\n<meta property=\"article:published_time\" content=\"2022-04-01T17:30:33+00:00\" \/>\n<meta property=\"article:modified_time\" content=\"2022-04-01T17:33:43+00:00\" \/>\n<meta property=\"og:image\" content=\"https:\/\/labs.100x100.net\/projects\/rutasal\/custom\/uploads\/2022\/03\/Cala-Salada-med-1.jpg\" \/>\n\t<meta property=\"og:image:width\" content=\"2500\" \/>\n\t<meta property=\"og:image:height\" content=\"1854\" \/>\n\t<meta property=\"og:image:type\" content=\"image\/jpeg\" \/>\n<meta name=\"author\" content=\"Valentina Libri\" \/>\n<meta name=\"twitter:card\" content=\"summary_large_image\" \/>\n<meta name=\"twitter:creator\" content=\"@AnamMedi\" \/>\n<meta name=\"twitter:site\" content=\"@AnamMedi\" \/>\n<meta name=\"twitter:label1\" content=\"Escrito por\" \/>\n\t<meta name=\"twitter:data1\" content=\"Valentina Libri\" \/>\n\t<meta name=\"twitter:label2\" content=\"Tiempo de lectura\" \/>\n\t<meta name=\"twitter:data2\" content=\"2 minutos\" \/>\n<script type=\"application\/ld+json\" class=\"yoast-schema-graph\">{\"@context\":\"https:\/\/schema.org\",\"@graph\":[{\"@type\":\"WebPage\",\"@id\":\"https:\/\/labs.100x100.net\/projects\/rutasal\/evento-turistico-deportivo-de-primer-orden-en-ibiza\/\",\"url\":\"https:\/\/labs.100x100.net\/projects\/rutasal\/evento-turistico-deportivo-de-primer-orden-en-ibiza\/\",\"name\":\"La Ruta de la Sal, evento tur\u00edstico deportivo de primer orden en Ibiza\",\"isPartOf\":{\"@id\":\"https:\/\/labs.100x100.net\/projects\/rutasal\/#website\"},\"primaryImageOfPage\":{\"@id\":\"https:\/\/labs.100x100.net\/projects\/rutasal\/evento-turistico-deportivo-de-primer-orden-en-ibiza\/#primaryimage\"},\"image\":{\"@id\":\"https:\/\/labs.100x100.net\/projects\/rutasal\/evento-turistico-deportivo-de-primer-orden-en-ibiza\/#primaryimage\"},\"thumbnailUrl\":\"https:\/\/labs.100x100.net\/projects\/rutasal\/custom\/uploads\/2022\/03\/Cala-Salada-med-1.jpg\",\"datePublished\":\"2022-04-01T17:30:33+00:00\",\"dateModified\":\"2022-04-01T17:33:43+00:00\",\"author\":{\"@id\":\"https:\/\/labs.100x100.net\/projects\/rutasal\/#\/schema\/person\/78b3519b5320819eb3428bc4a4363faf\"},\"description\":\"La Ruta de la Sal es declarada Evento de Inter\u00e9s Tur\u00edstico por el Consell d\u2019Eivissa, al estar asociada a la calidad, a la salud y a la sostenibilidad.\",\"breadcrumb\":{\"@id\":\"https:\/\/labs.100x100.net\/projects\/rutasal\/evento-turistico-deportivo-de-primer-orden-en-ibiza\/#breadcrumb\"},\"inLanguage\":\"es\",\"potentialAction\":[{\"@type\":\"ReadAction\",\"target\":[\"https:\/\/labs.100x100.net\/projects\/rutasal\/evento-turistico-deportivo-de-primer-orden-en-ibiza\/\"]}]},{\"@type\":\"ImageObject\",\"inLanguage\":\"es\",\"@id\":\"https:\/\/labs.100x100.net\/projects\/rutasal\/evento-turistico-deportivo-de-primer-orden-en-ibiza\/#primaryimage\",\"url\":\"https:\/\/labs.100x100.net\/projects\/rutasal\/custom\/uploads\/2022\/03\/Cala-Salada-med-1.jpg\",\"contentUrl\":\"https:\/\/labs.100x100.net\/projects\/rutasal\/custom\/uploads\/2022\/03\/Cala-Salada-med-1.jpg\",\"width\":2500,\"height\":1854},{\"@type\":\"BreadcrumbList\",\"@id\":\"https:\/\/labs.100x100.net\/projects\/rutasal\/evento-turistico-deportivo-de-primer-orden-en-ibiza\/#breadcrumb\",\"itemListElement\":[{\"@type\":\"ListItem\",\"position\":1,\"name\":\"Portada\",\"item\":\"https:\/\/labs.100x100.net\/projects\/rutasal\/\"},{\"@type\":\"ListItem\",\"position\":2,\"name\":\"La Ruta de la Sal, evento tur\u00edstico deportivo de primer orden en Ibiza\"}]},{\"@type\":\"WebSite\",\"@id\":\"https:\/\/labs.100x100.net\/projects\/rutasal\/#website\",\"url\":\"https:\/\/labs.100x100.net\/projects\/rutasal\/\",\"name\":\"Regata La Ruta de la Sal\",\"description\":\"Regata La Ruta de la Sal es una regata de Altura Mediterr\u00e1nea para barcos de crucero a vela con destino en Ibiza, que se disputa anualmente en Semana Santa.\",\"potentialAction\":[{\"@type\":\"SearchAction\",\"target\":{\"@type\":\"EntryPoint\",\"urlTemplate\":\"https:\/\/labs.100x100.net\/projects\/rutasal\/?s={search_term_string}\"},\"query-input\":\"required name=search_term_string\"}],\"inLanguage\":\"es\"},{\"@type\":\"Person\",\"@id\":\"https:\/\/labs.100x100.net\/projects\/rutasal\/#\/schema\/person\/78b3519b5320819eb3428bc4a4363faf\",\"name\":\"Valentina Libri\",\"image\":{\"@type\":\"ImageObject\",\"inLanguage\":\"es\",\"@id\":\"https:\/\/labs.100x100.net\/projects\/rutasal\/#\/schema\/person\/image\/\",\"url\":\"https:\/\/secure.gravatar.com\/avatar\/99c0547d5c3f4720c6410e401af04fe2?s=96&d=mm&r=g\",\"contentUrl\":\"https:\/\/secure.gravatar.com\/avatar\/99c0547d5c3f4720c6410e401af04fe2?s=96&d=mm&r=g\",\"caption\":\"Valentina Libri\"}}]}<\/script>\n<!-- \/ Yoast SEO plugin. -->","yoast_head_json":{"title":"La Ruta de la Sal, evento tur\u00edstico deportivo de primer orden en Ibiza","description":"La Ruta de la Sal es declarada Evento de Inter\u00e9s Tur\u00edstico por el Consell d\u2019Eivissa, al estar asociada a la calidad, a la salud y a la sostenibilidad.","robots":{"index":"noindex","follow":"follow","max-snippet":"max-snippet:-1","max-image-preview":"max-image-preview:large","max-video-preview":"max-video-preview:-1"},"og_locale":"es_ES","og_type":"article","og_title":"La Ruta de la Sal, evento tur\u00edstico deportivo de primer orden en Ibiza","og_description":"La Ruta de la Sal es declarada Evento de Inter\u00e9s Tur\u00edstico por el Consell d\u2019Eivissa, al estar asociada a la calidad, a la salud y a la sostenibilidad.","og_url":"https:\/\/labs.100x100.net\/projects\/rutasal\/evento-turistico-deportivo-de-primer-orden-en-ibiza\/","og_site_name":"Regata La Ruta de la Sal","article_publisher":"https:\/\/www.facebook.com\/rutadelasal\/","article_published_time":"2022-04-01T17:30:33+00:00","article_modified_time":"2022-04-01T17:33:43+00:00","og_image":[{"width":2500,"height":1854,"url":"https:\/\/labs.100x100.net\/projects\/rutasal\/custom\/uploads\/2022\/03\/Cala-Salada-med-1.jpg","type":"image\/jpeg"}],"author":"Valentina Libri","twitter_card":"summary_large_image","twitter_creator":"@AnamMedi","twitter_site":"@AnamMedi","twitter_misc":{"Escrito por":"Valentina Libri","Tiempo de lectura":"2 minutos"},"schema":{"@context":"https:\/\/schema.org","@graph":[{"@type":"WebPage","@id":"https:\/\/labs.100x100.net\/projects\/rutasal\/evento-turistico-deportivo-de-primer-orden-en-ibiza\/","url":"https:\/\/labs.100x100.net\/projects\/rutasal\/evento-turistico-deportivo-de-primer-orden-en-ibiza\/","name":"La Ruta de la Sal, evento tur\u00edstico deportivo de primer orden en Ibiza","isPartOf":{"@id":"https:\/\/labs.100x100.net\/projects\/rutasal\/#website"},"primaryImageOfPage":{"@id":"https:\/\/labs.100x100.net\/projects\/rutasal\/evento-turistico-deportivo-de-primer-orden-en-ibiza\/#primaryimage"},"image":{"@id":"https:\/\/labs.100x100.net\/projects\/rutasal\/evento-turistico-deportivo-de-primer-orden-en-ibiza\/#primaryimage"},"thumbnailUrl":"https:\/\/labs.100x100.net\/projects\/rutasal\/custom\/uploads\/2022\/03\/Cala-Salada-med-1.jpg","datePublished":"2022-04-01T17:30:33+00:00","dateModified":"2022-04-01T17:33:43+00:00","author":{"@id":"https:\/\/labs.100x100.net\/projects\/rutasal\/#\/schema\/person\/78b3519b5320819eb3428bc4a4363faf"},"description":"La Ruta de la Sal es declarada Evento de Inter\u00e9s Tur\u00edstico por el Consell d\u2019Eivissa, al estar asociada a la calidad, a la salud y a la sostenibilidad.","breadcrumb":{"@id":"https:\/\/labs.100x100.net\/projects\/rutasal\/evento-turistico-deportivo-de-primer-orden-en-ibiza\/#breadcrumb"},"inLanguage":"es","potentialAction":[{"@type":"ReadAction","target":["https:\/\/labs.100x100.net\/projects\/rutasal\/evento-turistico-deportivo-de-primer-orden-en-ibiza\/"]}]},{"@type":"ImageObject","inLanguage":"es","@id":"https:\/\/labs.100x100.net\/projects\/rutasal\/evento-turistico-deportivo-de-primer-orden-en-ibiza\/#primaryimage","url":"https:\/\/labs.100x100.net\/projects\/rutasal\/custom\/uploads\/2022\/03\/Cala-Salada-med-1.jpg","contentUrl":"https:\/\/labs.100x100.net\/projects\/rutasal\/custom\/uploads\/2022\/03\/Cala-Salada-med-1.jpg","width":2500,"height":1854},{"@type":"BreadcrumbList","@id":"https:\/\/labs.100x100.net\/projects\/rutasal\/evento-turistico-deportivo-de-primer-orden-en-ibiza\/#breadcrumb","itemListElement":[{"@type":"ListItem","position":1,"name":"Portada","item":"https:\/\/labs.100x100.net\/projects\/rutasal\/"},{"@type":"ListItem","position":2,"name":"La Ruta de la Sal, evento tur\u00edstico deportivo de primer orden en Ibiza"}]},{"@type":"WebSite","@id":"https:\/\/labs.100x100.net\/projects\/rutasal\/#website","url":"https:\/\/labs.100x100.net\/projects\/rutasal\/","name":"Regata La Ruta de la Sal","description":"Regata La Ruta de la Sal es una regata de Altura Mediterr\u00e1nea para barcos de crucero a vela con destino en Ibiza, que se disputa anualmente en Semana Santa.","potentialAction":[{"@type":"SearchAction","target":{"@type":"EntryPoint","urlTemplate":"https:\/\/labs.100x100.net\/projects\/rutasal\/?s={search_term_string}"},"query-input":"required name=search_term_string"}],"inLanguage":"es"},{"@type":"Person","@id":"https:\/\/labs.100x100.net\/projects\/rutasal\/#\/schema\/person\/78b3519b5320819eb3428bc4a4363faf","name":"Valentina Libri","image":{"@type":"ImageObject","inLanguage":"es","@id":"https:\/\/labs.100x100.net\/projects\/rutasal\/#\/schema\/person\/image\/","url":"https:\/\/secure.gravatar.com\/avatar\/99c0547d5c3f4720c6410e401af04fe2?s=96&d=mm&r=g","contentUrl":"https:\/\/secure.gravatar.com\/avatar\/99c0547d5c3f4720c6410e401af04fe2?s=96&d=mm&r=g","caption":"Valentina Libri"}}]}},"_links":{"self":[{"href":"https:\/\/labs.100x100.net\/projects\/rutasal\/wp-json\/wp\/v2\/posts\/6945"}],"collection":[{"href":"https:\/\/labs.100x100.net\/projects\/rutasal\/wp-json\/wp\/v2\/posts"}],"about":[{"href":"https:\/\/labs.100x100.net\/projects\/rutasal\/wp-json\/wp\/v2\/types\/post"}],"author":[{"embeddable":true,"href":"https:\/\/labs.100x100.net\/projects\/rutasal\/wp-json\/wp\/v2\/users\/7"}],"replies":[{"embeddable":true,"href":"https:\/\/labs.100x100.net\/projects\/rutasal\/wp-json\/wp\/v2\/comments?post=6945"}],"version-history":[{"count":9,"href":"https:\/\/labs.100x100.net\/projects\/rutasal\/wp-json\/wp\/v2\/posts\/6945\/revisions"}],"predecessor-version":[{"id":6978,"href":"https:\/\/labs.100x100.net\/projects\/rutasal\/wp-json\/wp\/v2\/posts\/6945\/revisions\/6978"}],"wp:featuredmedia":[{"embeddable":true,"href":"https:\/\/labs.100x100.net\/projects\/rutasal\/wp-json\/wp\/v2\/media\/6953"}],"wp:attachment":[{"href":"https:\/\/labs.100x100.net\/projects\/rutasal\/wp-json\/wp\/v2\/media?parent=6945"}],"wp:term":[{"taxonomy":"category","embeddable":true,"href":"https:\/\/labs.100x100.net\/projects\/rutasal\/wp-json\/wp\/v2\/categories?post=6945"},{"taxonomy":"post_tag","embeddable":true,"href":"https:\/\/labs.100x100.net\/projects\/rutasal\/wp-json\/wp\/v2\/tags?post=6945"}],"curies":[{"name":"wp","href":"https:\/\/api.w.org\/{rel}","templated":true}]}}