{"id":6930,"date":"2022-03-31T13:31:46","date_gmt":"2022-03-31T11:31:46","guid":{"rendered":"https:\/\/larutadelasal.com\/?p=6930"},"modified":"2022-03-31T17:38:54","modified_gmt":"2022-03-31T15:38:54","slug":"cierran-las-inscripciones","status":"publish","type":"post","link":"https:\/\/labs.100x100.net\/projects\/rutasal\/cierran-las-inscripciones\/","title":{"rendered":"Cierran las inscripciones a la 34\u00ba edici\u00f3n de La Ruta de la Sal"},"content":{"rendered":"<p><img loading=\"lazy\" decoding=\"async\" class=\"aligncenter wp-image-6931 size-full\" src=\"http:\/\/larutadelasal.com\/custom\/uploads\/2022\/03\/Sant-Antoni-_Aerea.jpeg\" alt=\"\" width=\"1536\" height=\"1152\" srcset=\"https:\/\/labs.100x100.net\/projects\/rutasal\/custom\/uploads\/2022\/03\/Sant-Antoni-_Aerea.jpeg 1536w, https:\/\/labs.100x100.net\/projects\/rutasal\/custom\/uploads\/2022\/03\/Sant-Antoni-_Aerea-300x225.jpeg 300w, https:\/\/labs.100x100.net\/projects\/rutasal\/custom\/uploads\/2022\/03\/Sant-Antoni-_Aerea-1024x768.jpeg 1024w, https:\/\/labs.100x100.net\/projects\/rutasal\/custom\/uploads\/2022\/03\/Sant-Antoni-_Aerea-768x576.jpeg 768w\" sizes=\"(max-width: 1536px) 100vw, 1536px\" \/><\/p>\n<p>La Ruta de la Sal, a dos semanas de dar el pistoletazo de salida, previsto para el jueves 14 de abril, pone el cartel de completo al haber agotado el cupo de amarres disponibles en el Puerto de Sant Antoni de Portmany, destino en Ibiza de las dos flotas que componen esta regata, con salidas desde Barcelona y Denia.<\/p>\n<p>A pesar de los esfuerzos del Club N\u00e1utico y de Ports IB, el n\u00famero de amarres disponibles para la regata en el Puerto de Sant Antoni de Portmany es cada vez m\u00e1s limitado, sobre todo en el rango de grandes esloras. \u201c<em>La captaci\u00f3n de los grandes veleros requiere mucho esfuerzo por parte de la organizaci\u00f3n y tener que dejarlos fuera de la regata por falta de amarres representa un golpe dif\u00edcil de asumir<\/em>\u201d, declara Enrique Curt, Director de la Regata, que se muestra convencido de que a trav\u00e9s de la colaboraci\u00f3n de los entes p\u00fablicos: Consell d\u2019Eivissa, Ajuntament de Sant Antoni de Portmany y Ports IB se conseguir\u00e1 \u00a0revertir esta tendencia.<\/p>\n<p><strong>LA OPCI\u00d3N DE BARCO COMPARTIDO<\/strong><\/p>\n<p>Aunque se han agotado las inscripciones para los barcos, las personas interesadas en participar todav\u00eda pueden apuntarse a trav\u00e9s de las embarcaciones ya inscritas que ofrecen plazas compartidas. Esta opci\u00f3n viene a reflejar acuerdos estrat\u00e9gicos que ha establecido la organizaci\u00f3n con actores privados para adaptar La Ruta de la Sal a los nuevos tiempos y a la evoluci\u00f3n que se est\u00e1 produciendo en el sector n\u00e1utico.<\/p>\n<p>Concretamente, gracias a <a href=\"https:\/\/www.sailwiz.com\/\">Sailwiz.com<\/a>, una plataforma que ofrece experiencias n\u00e1uticas compartidas, cualquier persona interesada puede participar en la regata sin necesidad de disponer de conocimientos, barco ni tripulaci\u00f3n, apunt\u00e1ndose a alguna de las ofertas de barco compartido que se ofrecen en <a href=\"https:\/\/www.sailwiz.com\/\">Sailwiz.com<\/a>. Desde la p\u00e1gina de inicio de este servicio, se puede acceder a diversas ofertas para vivir la experiencia de esta regata \u00fanica y navegar por Ibiza en Samanta Santa,\u00a0pudiendo escoger diferentes puntos de partida en la costa catalana y valenciana.<\/p>\n<p>&nbsp;<\/p>\n<p><img loading=\"lazy\" decoding=\"async\" class=\"aligncenter wp-image-6937 size-full\" src=\"http:\/\/larutadelasal.com\/custom\/uploads\/2022\/03\/Flota.jpg\" alt=\"\" width=\"1200\" height=\"741\" srcset=\"https:\/\/labs.100x100.net\/projects\/rutasal\/custom\/uploads\/2022\/03\/Flota.jpg 1200w, https:\/\/labs.100x100.net\/projects\/rutasal\/custom\/uploads\/2022\/03\/Flota-300x185.jpg 300w, https:\/\/labs.100x100.net\/projects\/rutasal\/custom\/uploads\/2022\/03\/Flota-1024x632.jpg 1024w, https:\/\/labs.100x100.net\/projects\/rutasal\/custom\/uploads\/2022\/03\/Flota-768x474.jpg 768w\" sizes=\"(max-width: 1200px) 100vw, 1200px\" \/><\/p>\n<p><a href=\"https:\/\/www.sailwiz.com\/\">Sailwiz.com<\/a> ha extendido el acuerdo para colaborar tambi\u00e9n con el <a href=\"https:\/\/www.granprixdelatlantico.com\/\">Gran Prix del Atl\u00e1ntico<\/a>, la \u00fanica prueba transoce\u00e1nica que se organiza en Espa\u00f1a, y que tambi\u00e9n lidera Enrique Curt, Director de Regata de La Ruta de la Sal. El objetivo es promover al m\u00e1ximo la navegaci\u00f3n oce\u00e1nica, facilitando el contacto entre las empresas de ch\u00e1rter que ofrecen plazas, los navegantes interesados y este evento que cada dos a\u00f1os re\u00fane a los aspirantes y veteranos del cruce Atl\u00e1ntico, y cuya pr\u00f3xima traves\u00eda est\u00e1 prevista para el 8 de enero de 2023.<\/p>\n<p>&nbsp;<\/p>\n","protected":false},"excerpt":{"rendered":"<p>La Ruta de la Sal, a dos semanas de dar el pistoletazo de salida, previsto para el jueves 14 de abril, pone el cartel de completo al haber agotado el cupo de amarres disponibles en el Puerto de Sant Antoni de Portmany, destino en Ibiza de las dos flotas que componen esta regata, con salidas [&hellip;]<\/p>\n","protected":false},"author":7,"featured_media":6931,"comment_status":"open","ping_status":"open","sticky":false,"template":"","format":"standard","meta":{"_acf_changed":false,"footnotes":""},"categories":[3],"tags":[],"acf":[],"yoast_head":"<!-- This site is optimized with the Yoast SEO plugin v23.0 - https:\/\/yoast.com\/wordpress\/plugins\/seo\/ -->\n<title>Cierran las inscripciones a la 34\u00ba edici\u00f3n de La Ruta de la Sal<\/title>\n<meta name=\"description\" content=\"A dos semanas de la salida, La Sal pone el cartel de completo al haber agotado el cupo de amarres en el puerto de llegada en Ibiza.\" \/>\n<meta name=\"robots\" content=\"noindex, follow, max-snippet:-1, max-image-preview:large, max-video-preview:-1\" \/>\n<meta property=\"og:locale\" content=\"es_ES\" \/>\n<meta property=\"og:type\" content=\"article\" \/>\n<meta property=\"og:title\" content=\"Cierran las inscripciones a la 34\u00ba edici\u00f3n de La Ruta de la Sal\" \/>\n<meta property=\"og:description\" content=\"A dos semanas de la salida, La Sal pone el cartel de completo al haber agotado el cupo de amarres en el puerto de llegada en Ibiza.\" \/>\n<meta property=\"og:url\" content=\"https:\/\/labs.100x100.net\/projects\/rutasal\/cierran-las-inscripciones\/\" \/>\n<meta property=\"og:site_name\" content=\"Regata La Ruta de la Sal\" \/>\n<meta property=\"article:publisher\" content=\"https:\/\/www.facebook.com\/rutadelasal\/\" \/>\n<meta property=\"article:published_time\" content=\"2022-03-31T11:31:46+00:00\" \/>\n<meta property=\"article:modified_time\" content=\"2022-03-31T15:38:54+00:00\" \/>\n<meta property=\"og:image\" content=\"https:\/\/labs.100x100.net\/projects\/rutasal\/custom\/uploads\/2022\/03\/Sant-Antoni-_Aerea.jpeg\" \/>\n\t<meta property=\"og:image:width\" content=\"1536\" \/>\n\t<meta property=\"og:image:height\" content=\"1152\" \/>\n\t<meta property=\"og:image:type\" content=\"image\/jpeg\" \/>\n<meta name=\"author\" content=\"Valentina Libri\" \/>\n<meta name=\"twitter:card\" content=\"summary_large_image\" \/>\n<meta name=\"twitter:creator\" content=\"@AnamMedi\" \/>\n<meta name=\"twitter:site\" content=\"@AnamMedi\" \/>\n<meta name=\"twitter:label1\" content=\"Escrito por\" \/>\n\t<meta name=\"twitter:data1\" content=\"Valentina Libri\" \/>\n\t<meta name=\"twitter:label2\" content=\"Tiempo de lectura\" \/>\n\t<meta name=\"twitter:data2\" content=\"3 minutos\" \/>\n<script type=\"application\/ld+json\" class=\"yoast-schema-graph\">{\"@context\":\"https:\/\/schema.org\",\"@graph\":[{\"@type\":\"WebPage\",\"@id\":\"https:\/\/labs.100x100.net\/projects\/rutasal\/cierran-las-inscripciones\/\",\"url\":\"https:\/\/labs.100x100.net\/projects\/rutasal\/cierran-las-inscripciones\/\",\"name\":\"Cierran las inscripciones a la 34\u00ba edici\u00f3n de La Ruta de la Sal\",\"isPartOf\":{\"@id\":\"https:\/\/labs.100x100.net\/projects\/rutasal\/#website\"},\"primaryImageOfPage\":{\"@id\":\"https:\/\/labs.100x100.net\/projects\/rutasal\/cierran-las-inscripciones\/#primaryimage\"},\"image\":{\"@id\":\"https:\/\/labs.100x100.net\/projects\/rutasal\/cierran-las-inscripciones\/#primaryimage\"},\"thumbnailUrl\":\"https:\/\/labs.100x100.net\/projects\/rutasal\/custom\/uploads\/2022\/03\/Sant-Antoni-_Aerea.jpeg\",\"datePublished\":\"2022-03-31T11:31:46+00:00\",\"dateModified\":\"2022-03-31T15:38:54+00:00\",\"author\":{\"@id\":\"https:\/\/labs.100x100.net\/projects\/rutasal\/#\/schema\/person\/78b3519b5320819eb3428bc4a4363faf\"},\"description\":\"A dos semanas de la salida, La Sal pone el cartel de completo al haber agotado el cupo de amarres en el puerto de llegada en Ibiza.\",\"breadcrumb\":{\"@id\":\"https:\/\/labs.100x100.net\/projects\/rutasal\/cierran-las-inscripciones\/#breadcrumb\"},\"inLanguage\":\"es\",\"potentialAction\":[{\"@type\":\"ReadAction\",\"target\":[\"https:\/\/labs.100x100.net\/projects\/rutasal\/cierran-las-inscripciones\/\"]}]},{\"@type\":\"ImageObject\",\"inLanguage\":\"es\",\"@id\":\"https:\/\/labs.100x100.net\/projects\/rutasal\/cierran-las-inscripciones\/#primaryimage\",\"url\":\"https:\/\/labs.100x100.net\/projects\/rutasal\/custom\/uploads\/2022\/03\/Sant-Antoni-_Aerea.jpeg\",\"contentUrl\":\"https:\/\/labs.100x100.net\/projects\/rutasal\/custom\/uploads\/2022\/03\/Sant-Antoni-_Aerea.jpeg\",\"width\":1536,\"height\":1152},{\"@type\":\"BreadcrumbList\",\"@id\":\"https:\/\/labs.100x100.net\/projects\/rutasal\/cierran-las-inscripciones\/#breadcrumb\",\"itemListElement\":[{\"@type\":\"ListItem\",\"position\":1,\"name\":\"Portada\",\"item\":\"https:\/\/labs.100x100.net\/projects\/rutasal\/\"},{\"@type\":\"ListItem\",\"position\":2,\"name\":\"Cierran las inscripciones a la 34\u00ba edici\u00f3n de La Ruta de la Sal\"}]},{\"@type\":\"WebSite\",\"@id\":\"https:\/\/labs.100x100.net\/projects\/rutasal\/#website\",\"url\":\"https:\/\/labs.100x100.net\/projects\/rutasal\/\",\"name\":\"Regata La Ruta de la Sal\",\"description\":\"Regata La Ruta de la Sal es una regata de Altura Mediterr\u00e1nea para barcos de crucero a vela con destino en Ibiza, que se disputa anualmente en Semana Santa.\",\"potentialAction\":[{\"@type\":\"SearchAction\",\"target\":{\"@type\":\"EntryPoint\",\"urlTemplate\":\"https:\/\/labs.100x100.net\/projects\/rutasal\/?s={search_term_string}\"},\"query-input\":\"required name=search_term_string\"}],\"inLanguage\":\"es\"},{\"@type\":\"Person\",\"@id\":\"https:\/\/labs.100x100.net\/projects\/rutasal\/#\/schema\/person\/78b3519b5320819eb3428bc4a4363faf\",\"name\":\"Valentina Libri\",\"image\":{\"@type\":\"ImageObject\",\"inLanguage\":\"es\",\"@id\":\"https:\/\/labs.100x100.net\/projects\/rutasal\/#\/schema\/person\/image\/\",\"url\":\"https:\/\/secure.gravatar.com\/avatar\/99c0547d5c3f4720c6410e401af04fe2?s=96&d=mm&r=g\",\"contentUrl\":\"https:\/\/secure.gravatar.com\/avatar\/99c0547d5c3f4720c6410e401af04fe2?s=96&d=mm&r=g\",\"caption\":\"Valentina Libri\"}}]}<\/script>\n<!-- \/ Yoast SEO plugin. -->","yoast_head_json":{"title":"Cierran las inscripciones a la 34\u00ba edici\u00f3n de La Ruta de la Sal","description":"A dos semanas de la salida, La Sal pone el cartel de completo al haber agotado el cupo de amarres en el puerto de llegada en Ibiza.","robots":{"index":"noindex","follow":"follow","max-snippet":"max-snippet:-1","max-image-preview":"max-image-preview:large","max-video-preview":"max-video-preview:-1"},"og_locale":"es_ES","og_type":"article","og_title":"Cierran las inscripciones a la 34\u00ba edici\u00f3n de La Ruta de la Sal","og_description":"A dos semanas de la salida, La Sal pone el cartel de completo al haber agotado el cupo de amarres en el puerto de llegada en Ibiza.","og_url":"https:\/\/labs.100x100.net\/projects\/rutasal\/cierran-las-inscripciones\/","og_site_name":"Regata La Ruta de la Sal","article_publisher":"https:\/\/www.facebook.com\/rutadelasal\/","article_published_time":"2022-03-31T11:31:46+00:00","article_modified_time":"2022-03-31T15:38:54+00:00","og_image":[{"width":1536,"height":1152,"url":"https:\/\/labs.100x100.net\/projects\/rutasal\/custom\/uploads\/2022\/03\/Sant-Antoni-_Aerea.jpeg","type":"image\/jpeg"}],"author":"Valentina Libri","twitter_card":"summary_large_image","twitter_creator":"@AnamMedi","twitter_site":"@AnamMedi","twitter_misc":{"Escrito por":"Valentina Libri","Tiempo de lectura":"3 minutos"},"schema":{"@context":"https:\/\/schema.org","@graph":[{"@type":"WebPage","@id":"https:\/\/labs.100x100.net\/projects\/rutasal\/cierran-las-inscripciones\/","url":"https:\/\/labs.100x100.net\/projects\/rutasal\/cierran-las-inscripciones\/","name":"Cierran las inscripciones a la 34\u00ba edici\u00f3n de La Ruta de la Sal","isPartOf":{"@id":"https:\/\/labs.100x100.net\/projects\/rutasal\/#website"},"primaryImageOfPage":{"@id":"https:\/\/labs.100x100.net\/projects\/rutasal\/cierran-las-inscripciones\/#primaryimage"},"image":{"@id":"https:\/\/labs.100x100.net\/projects\/rutasal\/cierran-las-inscripciones\/#primaryimage"},"thumbnailUrl":"https:\/\/labs.100x100.net\/projects\/rutasal\/custom\/uploads\/2022\/03\/Sant-Antoni-_Aerea.jpeg","datePublished":"2022-03-31T11:31:46+00:00","dateModified":"2022-03-31T15:38:54+00:00","author":{"@id":"https:\/\/labs.100x100.net\/projects\/rutasal\/#\/schema\/person\/78b3519b5320819eb3428bc4a4363faf"},"description":"A dos semanas de la salida, La Sal pone el cartel de completo al haber agotado el cupo de amarres en el puerto de llegada en Ibiza.","breadcrumb":{"@id":"https:\/\/labs.100x100.net\/projects\/rutasal\/cierran-las-inscripciones\/#breadcrumb"},"inLanguage":"es","potentialAction":[{"@type":"ReadAction","target":["https:\/\/labs.100x100.net\/projects\/rutasal\/cierran-las-inscripciones\/"]}]},{"@type":"ImageObject","inLanguage":"es","@id":"https:\/\/labs.100x100.net\/projects\/rutasal\/cierran-las-inscripciones\/#primaryimage","url":"https:\/\/labs.100x100.net\/projects\/rutasal\/custom\/uploads\/2022\/03\/Sant-Antoni-_Aerea.jpeg","contentUrl":"https:\/\/labs.100x100.net\/projects\/rutasal\/custom\/uploads\/2022\/03\/Sant-Antoni-_Aerea.jpeg","width":1536,"height":1152},{"@type":"BreadcrumbList","@id":"https:\/\/labs.100x100.net\/projects\/rutasal\/cierran-las-inscripciones\/#breadcrumb","itemListElement":[{"@type":"ListItem","position":1,"name":"Portada","item":"https:\/\/labs.100x100.net\/projects\/rutasal\/"},{"@type":"ListItem","position":2,"name":"Cierran las inscripciones a la 34\u00ba edici\u00f3n de La Ruta de la Sal"}]},{"@type":"WebSite","@id":"https:\/\/labs.100x100.net\/projects\/rutasal\/#website","url":"https:\/\/labs.100x100.net\/projects\/rutasal\/","name":"Regata La Ruta de la Sal","description":"Regata La Ruta de la Sal es una regata de Altura Mediterr\u00e1nea para barcos de crucero a vela con destino en Ibiza, que se disputa anualmente en Semana Santa.","potentialAction":[{"@type":"SearchAction","target":{"@type":"EntryPoint","urlTemplate":"https:\/\/labs.100x100.net\/projects\/rutasal\/?s={search_term_string}"},"query-input":"required name=search_term_string"}],"inLanguage":"es"},{"@type":"Person","@id":"https:\/\/labs.100x100.net\/projects\/rutasal\/#\/schema\/person\/78b3519b5320819eb3428bc4a4363faf","name":"Valentina Libri","image":{"@type":"ImageObject","inLanguage":"es","@id":"https:\/\/labs.100x100.net\/projects\/rutasal\/#\/schema\/person\/image\/","url":"https:\/\/secure.gravatar.com\/avatar\/99c0547d5c3f4720c6410e401af04fe2?s=96&d=mm&r=g","contentUrl":"https:\/\/secure.gravatar.com\/avatar\/99c0547d5c3f4720c6410e401af04fe2?s=96&d=mm&r=g","caption":"Valentina Libri"}}]}},"_links":{"self":[{"href":"https:\/\/labs.100x100.net\/projects\/rutasal\/wp-json\/wp\/v2\/posts\/6930"}],"collection":[{"href":"https:\/\/labs.100x100.net\/projects\/rutasal\/wp-json\/wp\/v2\/posts"}],"about":[{"href":"https:\/\/labs.100x100.net\/projects\/rutasal\/wp-json\/wp\/v2\/types\/post"}],"author":[{"embeddable":true,"href":"https:\/\/labs.100x100.net\/projects\/rutasal\/wp-json\/wp\/v2\/users\/7"}],"replies":[{"embeddable":true,"href":"https:\/\/labs.100x100.net\/projects\/rutasal\/wp-json\/wp\/v2\/comments?post=6930"}],"version-history":[{"count":4,"href":"https:\/\/labs.100x100.net\/projects\/rutasal\/wp-json\/wp\/v2\/posts\/6930\/revisions"}],"predecessor-version":[{"id":6943,"href":"https:\/\/labs.100x100.net\/projects\/rutasal\/wp-json\/wp\/v2\/posts\/6930\/revisions\/6943"}],"wp:featuredmedia":[{"embeddable":true,"href":"https:\/\/labs.100x100.net\/projects\/rutasal\/wp-json\/wp\/v2\/media\/6931"}],"wp:attachment":[{"href":"https:\/\/labs.100x100.net\/projects\/rutasal\/wp-json\/wp\/v2\/media?parent=6930"}],"wp:term":[{"taxonomy":"category","embeddable":true,"href":"https:\/\/labs.100x100.net\/projects\/rutasal\/wp-json\/wp\/v2\/categories?post=6930"},{"taxonomy":"post_tag","embeddable":true,"href":"https:\/\/labs.100x100.net\/projects\/rutasal\/wp-json\/wp\/v2\/tags?post=6930"}],"curies":[{"name":"wp","href":"https:\/\/api.w.org\/{rel}","templated":true}]}}