{"id":6871,"date":"2022-03-23T14:52:49","date_gmt":"2022-03-23T12:52:49","guid":{"rendered":"https:\/\/larutadelasal.com\/?p=6871"},"modified":"2022-03-24T13:03:51","modified_gmt":"2022-03-24T11:03:51","slug":"veleros-emblematicos-la-ruta-de-la-sal","status":"publish","type":"post","link":"https:\/\/labs.100x100.net\/projects\/rutasal\/veleros-emblematicos-la-ruta-de-la-sal\/","title":{"rendered":"Los veleros m\u00e1s emblem\u00e1ticos de la 34\u00ba edici\u00f3n de La Ruta de la Sal"},"content":{"rendered":"<p>La Ruta de la Sal es un evento deportivo de primer nivel que cuenta con la participaci\u00f3n de embarcaciones que destacan en los principales Circuitos de Navegaci\u00f3n de Altura tanto espa\u00f1oles como europeos. En esta ocasi\u00f3n, La Sal reunir\u00e1 a barcos de diez nacionalidades, como Espa\u00f1a, Gran Breta\u00f1a, Irlanda, Pa\u00edses Bajos, B\u00e9lgica, Polonia, Italia, Rep\u00fablica Checa y Francia.<\/p>\n<div id=\"attachment_6878\" style=\"width: 810px\" class=\"wp-caption aligncenter\"><img loading=\"lazy\" decoding=\"async\" aria-describedby=\"caption-attachment-6878\" class=\"size-full wp-image-6878\" src=\"http:\/\/larutadelasal.com\/custom\/uploads\/2022\/03\/YellowRose-Golden2019.jpg\" alt=\"\" width=\"800\" height=\"534\" srcset=\"https:\/\/labs.100x100.net\/projects\/rutasal\/custom\/uploads\/2022\/03\/YellowRose-Golden2019.jpg 800w, https:\/\/labs.100x100.net\/projects\/rutasal\/custom\/uploads\/2022\/03\/YellowRose-Golden2019-300x200.jpg 300w, https:\/\/labs.100x100.net\/projects\/rutasal\/custom\/uploads\/2022\/03\/YellowRose-Golden2019-768x513.jpg 768w\" sizes=\"(max-width: 800px) 100vw, 800px\" \/><p id=\"caption-attachment-6878\" class=\"wp-caption-text\">X35 Yellow Rose<\/p><\/div>\n<p>En esta edici\u00f3n cabe destacar la inscripci\u00f3n del BRUJO de Alberto de Castro, ganador de la versi\u00f3n Denia del pasado a\u00f1o y reciente vencedor en tiempo real de la pasada 200 Millas a2 de Altea, y del YELLOW ROSE vencedor en La Sal 2021 en la versi\u00f3n Barcelona, que defender\u00e1n sus t\u00edtulos. Tambi\u00e9n est\u00e1n inscritos otros vencedores en ediciones pasadas, como el DKATEGORIA de Jos\u00e9 Ignacio Vicent, vencedor en el 2019, el CLEM de Jaime Olazabal, con sus victorias en 2009 y 2017, el MARJUIN de Pere Roquet, vencedor en 2018, o el PLIS PLAY de Vicente Garc\u00eda Torres, vencedor en el 2008.<\/p>\n<div id=\"attachment_6881\" style=\"width: 810px\" class=\"wp-caption aligncenter\"><img loading=\"lazy\" decoding=\"async\" aria-describedby=\"caption-attachment-6881\" class=\"wp-image-6881 size-full\" src=\"http:\/\/larutadelasal.com\/custom\/uploads\/2022\/03\/Marjuin-Golden2019.jpg\" alt=\"\" width=\"800\" height=\"534\" srcset=\"https:\/\/labs.100x100.net\/projects\/rutasal\/custom\/uploads\/2022\/03\/Marjuin-Golden2019.jpg 800w, https:\/\/labs.100x100.net\/projects\/rutasal\/custom\/uploads\/2022\/03\/Marjuin-Golden2019-300x200.jpg 300w, https:\/\/labs.100x100.net\/projects\/rutasal\/custom\/uploads\/2022\/03\/Marjuin-Golden2019-768x513.jpg 768w\" sizes=\"(max-width: 800px) 100vw, 800px\" \/><p id=\"caption-attachment-6881\" class=\"wp-caption-text\">Grand Soleil 50 Marjuin<\/p><\/div>\n<p>En la categor\u00eda ALFA, para las embarcaciones m\u00e1s modernas dise\u00f1adas a partir del 2005, destaca en la Versi\u00f3n Barcelona el PH3, un Contest 72, del holand\u00e9s Austin Van t Wout, el PEREGRIN FALCON, un Oyster 625 de Peter Blackmore, el EXIT, X50 de Javier Entrecanales, el SPOCK, FinotConq 53 de Thomas Schumacher y el MARJUIN, Grand Soleil 50 del Andorrano, Pere Roquet. En el rango de esloras medias, encontramos al ganador de la \u00faltima edici\u00f3n, el YELLOW ROSE, X35 del holand\u00e9s Marten Jan Ringers, que defender\u00e1 el t\u00edtulo frente a barcos como el JPK 1030, ROCKALL 7 de Christopher Opielok, el RM970 EASY RIDER de Benoit Durand o el Dufour 40 ALBA ALBA de Luis Mata.<\/p>\n<p>Por su parte en la versi\u00f3n Denia, los barcos m\u00e1s modernos tambi\u00e9n est\u00e1n bien representados por embarcaciones muy competitivas como el PELOTARI PROJECT, Vismara Mills 68 de Andr\u00e9s Varela, el SPANIARD Gran Soleil 50 de Juan Rodriguez, el 78 DE MAYO, Solaris 44 de Enrique Ortiz, el ADRENALIN, A35 de Juan Carlos Sanch\u00eds, o el ADELIE DOS, un first 40 del equipo femenino irland\u00e9s capitaneado por Mairead ni Cheallachain.<\/p>\n<div id=\"attachment_6884\" style=\"width: 810px\" class=\"wp-caption aligncenter\"><img loading=\"lazy\" decoding=\"async\" aria-describedby=\"caption-attachment-6884\" class=\"wp-image-6884 size-full\" src=\"http:\/\/larutadelasal.com\/custom\/uploads\/2022\/03\/Brujo-Golden2019-1.jpg\" alt=\"\" width=\"800\" height=\"534\" srcset=\"https:\/\/labs.100x100.net\/projects\/rutasal\/custom\/uploads\/2022\/03\/Brujo-Golden2019-1.jpg 800w, https:\/\/labs.100x100.net\/projects\/rutasal\/custom\/uploads\/2022\/03\/Brujo-Golden2019-1-300x200.jpg 300w, https:\/\/labs.100x100.net\/projects\/rutasal\/custom\/uploads\/2022\/03\/Brujo-Golden2019-1-768x513.jpg 768w\" sizes=\"(max-width: 800px) 100vw, 800px\" \/><p id=\"caption-attachment-6884\" class=\"wp-caption-text\">Swan 45 Brujo<\/p><\/div>\n<p>La categor\u00eda BRAVO, para barcos dise\u00f1ados entre 1992 y 2004, tambi\u00e9n se presenta competida. En la versi\u00f3n Barcelona, el GYMIR, el Maxi Dolphin 60 de Manel Codina, defiende su t\u00edtulo de ganador en tiempo real, frente a embarcaciones como el MANDRAKE, un Swan 60 o LA BELLE, Swan 56. En la versi\u00f3n Denia, en la categor\u00eda BRAVO destacan el PLIS PLAY, el imponente Swan 80 de Vicente Garc\u00eda, el ALAIK Swan 62 de Alberto Zardoya y el CLEM, Swan 56 de Jaime Olazabal. Tambi\u00e9n hay mucho nivel en las esloras medias con barcos destacados como el BRUJO, Swan 45 de Alberto de Castro, actual defensor del t\u00edtulo, o el DKATEGORIA, DK 46 ganador en la dura edici\u00f3n del 2019.<\/p>\n<div id=\"attachment_6887\" style=\"width: 910px\" class=\"wp-caption aligncenter\"><img loading=\"lazy\" decoding=\"async\" aria-describedby=\"caption-attachment-6887\" class=\"wp-image-6887 size-full\" src=\"http:\/\/larutadelasal.com\/custom\/uploads\/2022\/03\/Gymir-LaSal2019.jpg\" alt=\"\" width=\"900\" height=\"601\" srcset=\"https:\/\/labs.100x100.net\/projects\/rutasal\/custom\/uploads\/2022\/03\/Gymir-LaSal2019.jpg 900w, https:\/\/labs.100x100.net\/projects\/rutasal\/custom\/uploads\/2022\/03\/Gymir-LaSal2019-300x200.jpg 300w, https:\/\/labs.100x100.net\/projects\/rutasal\/custom\/uploads\/2022\/03\/Gymir-LaSal2019-768x513.jpg 768w\" sizes=\"(max-width: 900px) 100vw, 900px\" \/><p id=\"caption-attachment-6887\" class=\"wp-caption-text\">Maxi Dolphin 60 Gymir<\/p><\/div>\n<p>Por su parte, la categor\u00eda CHARLIE, para los barcos m\u00e1s antiguos, dise\u00f1ados antes de 1992, tambi\u00e9n se presenta interesante. En la Versi\u00f3n Barcelona destaca el Rossina di Mare, un Sparkman &amp; Stephens de 63 pies dise\u00f1ado en 1953, mientras que en la versi\u00f3n de Denia, se han inscritos dos barcos: el TORNADO III y el MAR MENOR ambos representantes del COBO 40, m\u00edtico dise\u00f1o de finales de los a\u00f1os 70s.<\/p>\n<p>Se\u00f1alar que, en la vertiente deportiva, a lo largo de la historia de La Ruta de la Sal, 13 skippers han conseguido ganar en m\u00e1s de una ocasi\u00f3n la prueba. Tres de ellos participan en esta edici\u00f3n: Jaime Olazabal del Club de Mar con el CLEM, Alberto de Castro, del RCN de Valencia con el BRUJO, y Juan Carlos Sanch\u00edz, del CN Ibiza con el ADRENALIN.<\/p>\n","protected":false},"excerpt":{"rendered":"<p>La Ruta de la Sal es un evento deportivo de primer nivel que cuenta con la participaci\u00f3n de embarcaciones que destacan en los principales Circuitos de Navegaci\u00f3n de Altura tanto espa\u00f1oles como europeos. En esta ocasi\u00f3n, La Sal reunir\u00e1 a barcos de diez nacionalidades, como Espa\u00f1a, Gran Breta\u00f1a, Irlanda, Pa\u00edses Bajos, B\u00e9lgica, Polonia, Italia, Rep\u00fablica [&hellip;]<\/p>\n","protected":false},"author":7,"featured_media":6875,"comment_status":"open","ping_status":"open","sticky":false,"template":"","format":"standard","meta":{"_acf_changed":false,"footnotes":""},"categories":[3],"tags":[],"acf":[],"yoast_head":"<!-- This site is optimized with the Yoast SEO plugin v23.0 - https:\/\/yoast.com\/wordpress\/plugins\/seo\/ -->\n<title>Los veleros m\u00e1s emblem\u00e1ticos de la 34\u00ba edici\u00f3n de La Ruta de la Sal | Regata La Ruta de la Sal<\/title>\n<meta name=\"description\" content=\"La Ruta de la Sal es un evento deportivo que cuenta con la participaci\u00f3n de embarcaciones que destacan en los principales Circuitos de Altura.\" \/>\n<meta name=\"robots\" content=\"noindex, follow, max-snippet:-1, max-image-preview:large, max-video-preview:-1\" \/>\n<meta property=\"og:locale\" content=\"es_ES\" \/>\n<meta property=\"og:type\" content=\"article\" \/>\n<meta property=\"og:title\" content=\"Los veleros m\u00e1s emblem\u00e1ticos de la 34\u00ba edici\u00f3n de La Ruta de la Sal | Regata La Ruta de la Sal\" \/>\n<meta property=\"og:description\" content=\"La Ruta de la Sal es un evento deportivo que cuenta con la participaci\u00f3n de embarcaciones que destacan en los principales Circuitos de Altura.\" \/>\n<meta property=\"og:url\" content=\"https:\/\/labs.100x100.net\/projects\/rutasal\/veleros-emblematicos-la-ruta-de-la-sal\/\" \/>\n<meta property=\"og:site_name\" content=\"Regata La Ruta de la Sal\" \/>\n<meta property=\"article:publisher\" content=\"https:\/\/www.facebook.com\/rutadelasal\/\" \/>\n<meta property=\"article:published_time\" content=\"2022-03-23T12:52:49+00:00\" \/>\n<meta property=\"article:modified_time\" content=\"2022-03-24T11:03:51+00:00\" \/>\n<meta property=\"og:image\" content=\"https:\/\/labs.100x100.net\/projects\/rutasal\/custom\/uploads\/2022\/03\/47635813211_668e0075a5_o.png\" \/>\n\t<meta property=\"og:image:width\" content=\"630\" \/>\n\t<meta property=\"og:image:height\" content=\"416\" \/>\n\t<meta property=\"og:image:type\" content=\"image\/png\" \/>\n<meta name=\"author\" content=\"Valentina Libri\" \/>\n<meta name=\"twitter:card\" content=\"summary_large_image\" \/>\n<meta name=\"twitter:creator\" content=\"@AnamMedi\" \/>\n<meta name=\"twitter:site\" content=\"@AnamMedi\" \/>\n<meta name=\"twitter:label1\" content=\"Escrito por\" \/>\n\t<meta name=\"twitter:data1\" content=\"Valentina Libri\" \/>\n\t<meta name=\"twitter:label2\" content=\"Tiempo de lectura\" \/>\n\t<meta name=\"twitter:data2\" content=\"4 minutos\" \/>\n<script type=\"application\/ld+json\" class=\"yoast-schema-graph\">{\"@context\":\"https:\/\/schema.org\",\"@graph\":[{\"@type\":\"WebPage\",\"@id\":\"https:\/\/labs.100x100.net\/projects\/rutasal\/veleros-emblematicos-la-ruta-de-la-sal\/\",\"url\":\"https:\/\/labs.100x100.net\/projects\/rutasal\/veleros-emblematicos-la-ruta-de-la-sal\/\",\"name\":\"Los veleros m\u00e1s emblem\u00e1ticos de la 34\u00ba edici\u00f3n de La Ruta de la Sal | Regata La Ruta de la Sal\",\"isPartOf\":{\"@id\":\"https:\/\/labs.100x100.net\/projects\/rutasal\/#website\"},\"primaryImageOfPage\":{\"@id\":\"https:\/\/labs.100x100.net\/projects\/rutasal\/veleros-emblematicos-la-ruta-de-la-sal\/#primaryimage\"},\"image\":{\"@id\":\"https:\/\/labs.100x100.net\/projects\/rutasal\/veleros-emblematicos-la-ruta-de-la-sal\/#primaryimage\"},\"thumbnailUrl\":\"https:\/\/labs.100x100.net\/projects\/rutasal\/custom\/uploads\/2022\/03\/47635813211_668e0075a5_o.png\",\"datePublished\":\"2022-03-23T12:52:49+00:00\",\"dateModified\":\"2022-03-24T11:03:51+00:00\",\"author\":{\"@id\":\"https:\/\/labs.100x100.net\/projects\/rutasal\/#\/schema\/person\/78b3519b5320819eb3428bc4a4363faf\"},\"description\":\"La Ruta de la Sal es un evento deportivo que cuenta con la participaci\u00f3n de embarcaciones que destacan en los principales Circuitos de Altura.\",\"breadcrumb\":{\"@id\":\"https:\/\/labs.100x100.net\/projects\/rutasal\/veleros-emblematicos-la-ruta-de-la-sal\/#breadcrumb\"},\"inLanguage\":\"es\",\"potentialAction\":[{\"@type\":\"ReadAction\",\"target\":[\"https:\/\/labs.100x100.net\/projects\/rutasal\/veleros-emblematicos-la-ruta-de-la-sal\/\"]}]},{\"@type\":\"ImageObject\",\"inLanguage\":\"es\",\"@id\":\"https:\/\/labs.100x100.net\/projects\/rutasal\/veleros-emblematicos-la-ruta-de-la-sal\/#primaryimage\",\"url\":\"https:\/\/labs.100x100.net\/projects\/rutasal\/custom\/uploads\/2022\/03\/47635813211_668e0075a5_o.png\",\"contentUrl\":\"https:\/\/labs.100x100.net\/projects\/rutasal\/custom\/uploads\/2022\/03\/47635813211_668e0075a5_o.png\",\"width\":630,\"height\":416},{\"@type\":\"BreadcrumbList\",\"@id\":\"https:\/\/labs.100x100.net\/projects\/rutasal\/veleros-emblematicos-la-ruta-de-la-sal\/#breadcrumb\",\"itemListElement\":[{\"@type\":\"ListItem\",\"position\":1,\"name\":\"Portada\",\"item\":\"https:\/\/labs.100x100.net\/projects\/rutasal\/\"},{\"@type\":\"ListItem\",\"position\":2,\"name\":\"Los veleros m\u00e1s emblem\u00e1ticos de la 34\u00ba edici\u00f3n de La Ruta de la Sal\"}]},{\"@type\":\"WebSite\",\"@id\":\"https:\/\/labs.100x100.net\/projects\/rutasal\/#website\",\"url\":\"https:\/\/labs.100x100.net\/projects\/rutasal\/\",\"name\":\"Regata La Ruta de la Sal\",\"description\":\"Regata La Ruta de la Sal es una regata de Altura Mediterr\u00e1nea para barcos de crucero a vela con destino en Ibiza, que se disputa anualmente en Semana Santa.\",\"potentialAction\":[{\"@type\":\"SearchAction\",\"target\":{\"@type\":\"EntryPoint\",\"urlTemplate\":\"https:\/\/labs.100x100.net\/projects\/rutasal\/?s={search_term_string}\"},\"query-input\":\"required name=search_term_string\"}],\"inLanguage\":\"es\"},{\"@type\":\"Person\",\"@id\":\"https:\/\/labs.100x100.net\/projects\/rutasal\/#\/schema\/person\/78b3519b5320819eb3428bc4a4363faf\",\"name\":\"Valentina Libri\",\"image\":{\"@type\":\"ImageObject\",\"inLanguage\":\"es\",\"@id\":\"https:\/\/labs.100x100.net\/projects\/rutasal\/#\/schema\/person\/image\/\",\"url\":\"https:\/\/secure.gravatar.com\/avatar\/99c0547d5c3f4720c6410e401af04fe2?s=96&d=mm&r=g\",\"contentUrl\":\"https:\/\/secure.gravatar.com\/avatar\/99c0547d5c3f4720c6410e401af04fe2?s=96&d=mm&r=g\",\"caption\":\"Valentina Libri\"}}]}<\/script>\n<!-- \/ Yoast SEO plugin. -->","yoast_head_json":{"title":"Los veleros m\u00e1s emblem\u00e1ticos de la 34\u00ba edici\u00f3n de La Ruta de la Sal | Regata La Ruta de la Sal","description":"La Ruta de la Sal es un evento deportivo que cuenta con la participaci\u00f3n de embarcaciones que destacan en los principales Circuitos de Altura.","robots":{"index":"noindex","follow":"follow","max-snippet":"max-snippet:-1","max-image-preview":"max-image-preview:large","max-video-preview":"max-video-preview:-1"},"og_locale":"es_ES","og_type":"article","og_title":"Los veleros m\u00e1s emblem\u00e1ticos de la 34\u00ba edici\u00f3n de La Ruta de la Sal | Regata La Ruta de la Sal","og_description":"La Ruta de la Sal es un evento deportivo que cuenta con la participaci\u00f3n de embarcaciones que destacan en los principales Circuitos de Altura.","og_url":"https:\/\/labs.100x100.net\/projects\/rutasal\/veleros-emblematicos-la-ruta-de-la-sal\/","og_site_name":"Regata La Ruta de la Sal","article_publisher":"https:\/\/www.facebook.com\/rutadelasal\/","article_published_time":"2022-03-23T12:52:49+00:00","article_modified_time":"2022-03-24T11:03:51+00:00","og_image":[{"width":630,"height":416,"url":"https:\/\/labs.100x100.net\/projects\/rutasal\/custom\/uploads\/2022\/03\/47635813211_668e0075a5_o.png","type":"image\/png"}],"author":"Valentina Libri","twitter_card":"summary_large_image","twitter_creator":"@AnamMedi","twitter_site":"@AnamMedi","twitter_misc":{"Escrito por":"Valentina Libri","Tiempo de lectura":"4 minutos"},"schema":{"@context":"https:\/\/schema.org","@graph":[{"@type":"WebPage","@id":"https:\/\/labs.100x100.net\/projects\/rutasal\/veleros-emblematicos-la-ruta-de-la-sal\/","url":"https:\/\/labs.100x100.net\/projects\/rutasal\/veleros-emblematicos-la-ruta-de-la-sal\/","name":"Los veleros m\u00e1s emblem\u00e1ticos de la 34\u00ba edici\u00f3n de La Ruta de la Sal | Regata La Ruta de la Sal","isPartOf":{"@id":"https:\/\/labs.100x100.net\/projects\/rutasal\/#website"},"primaryImageOfPage":{"@id":"https:\/\/labs.100x100.net\/projects\/rutasal\/veleros-emblematicos-la-ruta-de-la-sal\/#primaryimage"},"image":{"@id":"https:\/\/labs.100x100.net\/projects\/rutasal\/veleros-emblematicos-la-ruta-de-la-sal\/#primaryimage"},"thumbnailUrl":"https:\/\/labs.100x100.net\/projects\/rutasal\/custom\/uploads\/2022\/03\/47635813211_668e0075a5_o.png","datePublished":"2022-03-23T12:52:49+00:00","dateModified":"2022-03-24T11:03:51+00:00","author":{"@id":"https:\/\/labs.100x100.net\/projects\/rutasal\/#\/schema\/person\/78b3519b5320819eb3428bc4a4363faf"},"description":"La Ruta de la Sal es un evento deportivo que cuenta con la participaci\u00f3n de embarcaciones que destacan en los principales Circuitos de Altura.","breadcrumb":{"@id":"https:\/\/labs.100x100.net\/projects\/rutasal\/veleros-emblematicos-la-ruta-de-la-sal\/#breadcrumb"},"inLanguage":"es","potentialAction":[{"@type":"ReadAction","target":["https:\/\/labs.100x100.net\/projects\/rutasal\/veleros-emblematicos-la-ruta-de-la-sal\/"]}]},{"@type":"ImageObject","inLanguage":"es","@id":"https:\/\/labs.100x100.net\/projects\/rutasal\/veleros-emblematicos-la-ruta-de-la-sal\/#primaryimage","url":"https:\/\/labs.100x100.net\/projects\/rutasal\/custom\/uploads\/2022\/03\/47635813211_668e0075a5_o.png","contentUrl":"https:\/\/labs.100x100.net\/projects\/rutasal\/custom\/uploads\/2022\/03\/47635813211_668e0075a5_o.png","width":630,"height":416},{"@type":"BreadcrumbList","@id":"https:\/\/labs.100x100.net\/projects\/rutasal\/veleros-emblematicos-la-ruta-de-la-sal\/#breadcrumb","itemListElement":[{"@type":"ListItem","position":1,"name":"Portada","item":"https:\/\/labs.100x100.net\/projects\/rutasal\/"},{"@type":"ListItem","position":2,"name":"Los veleros m\u00e1s emblem\u00e1ticos de la 34\u00ba edici\u00f3n de La Ruta de la Sal"}]},{"@type":"WebSite","@id":"https:\/\/labs.100x100.net\/projects\/rutasal\/#website","url":"https:\/\/labs.100x100.net\/projects\/rutasal\/","name":"Regata La Ruta de la Sal","description":"Regata La Ruta de la Sal es una regata de Altura Mediterr\u00e1nea para barcos de crucero a vela con destino en Ibiza, que se disputa anualmente en Semana Santa.","potentialAction":[{"@type":"SearchAction","target":{"@type":"EntryPoint","urlTemplate":"https:\/\/labs.100x100.net\/projects\/rutasal\/?s={search_term_string}"},"query-input":"required name=search_term_string"}],"inLanguage":"es"},{"@type":"Person","@id":"https:\/\/labs.100x100.net\/projects\/rutasal\/#\/schema\/person\/78b3519b5320819eb3428bc4a4363faf","name":"Valentina Libri","image":{"@type":"ImageObject","inLanguage":"es","@id":"https:\/\/labs.100x100.net\/projects\/rutasal\/#\/schema\/person\/image\/","url":"https:\/\/secure.gravatar.com\/avatar\/99c0547d5c3f4720c6410e401af04fe2?s=96&d=mm&r=g","contentUrl":"https:\/\/secure.gravatar.com\/avatar\/99c0547d5c3f4720c6410e401af04fe2?s=96&d=mm&r=g","caption":"Valentina Libri"}}]}},"_links":{"self":[{"href":"https:\/\/labs.100x100.net\/projects\/rutasal\/wp-json\/wp\/v2\/posts\/6871"}],"collection":[{"href":"https:\/\/labs.100x100.net\/projects\/rutasal\/wp-json\/wp\/v2\/posts"}],"about":[{"href":"https:\/\/labs.100x100.net\/projects\/rutasal\/wp-json\/wp\/v2\/types\/post"}],"author":[{"embeddable":true,"href":"https:\/\/labs.100x100.net\/projects\/rutasal\/wp-json\/wp\/v2\/users\/7"}],"replies":[{"embeddable":true,"href":"https:\/\/labs.100x100.net\/projects\/rutasal\/wp-json\/wp\/v2\/comments?post=6871"}],"version-history":[{"count":7,"href":"https:\/\/labs.100x100.net\/projects\/rutasal\/wp-json\/wp\/v2\/posts\/6871\/revisions"}],"predecessor-version":[{"id":6913,"href":"https:\/\/labs.100x100.net\/projects\/rutasal\/wp-json\/wp\/v2\/posts\/6871\/revisions\/6913"}],"wp:featuredmedia":[{"embeddable":true,"href":"https:\/\/labs.100x100.net\/projects\/rutasal\/wp-json\/wp\/v2\/media\/6875"}],"wp:attachment":[{"href":"https:\/\/labs.100x100.net\/projects\/rutasal\/wp-json\/wp\/v2\/media?parent=6871"}],"wp:term":[{"taxonomy":"category","embeddable":true,"href":"https:\/\/labs.100x100.net\/projects\/rutasal\/wp-json\/wp\/v2\/categories?post=6871"},{"taxonomy":"post_tag","embeddable":true,"href":"https:\/\/labs.100x100.net\/projects\/rutasal\/wp-json\/wp\/v2\/tags?post=6871"}],"curies":[{"name":"wp","href":"https:\/\/api.w.org\/{rel}","templated":true}]}}