{"id":6851,"date":"2022-03-18T16:33:33","date_gmt":"2022-03-18T14:33:33","guid":{"rendered":"https:\/\/larutadelasal.com\/?p=6851"},"modified":"2022-03-31T13:36:02","modified_gmt":"2022-03-31T11:36:02","slug":"la-ruta-de-la-sal-lista-para-recorrer-de-nuevo-el-mediterraneo-occidental","status":"publish","type":"post","link":"https:\/\/labs.100x100.net\/projects\/rutasal\/la-ruta-de-la-sal-lista-para-recorrer-de-nuevo-el-mediterraneo-occidental\/","title":{"rendered":"La Ruta de la Sal lista para recorrer de nuevo el Mediterr\u00e1neo Occidental"},"content":{"rendered":"<p><img loading=\"lazy\" decoding=\"async\" class=\"aligncenter wp-image-6852 size-full\" src=\"http:\/\/larutadelasal.com\/custom\/uploads\/2022\/03\/DSC_0380.jpg\" alt=\"\" width=\"1200\" height=\"801\" srcset=\"https:\/\/labs.100x100.net\/projects\/rutasal\/custom\/uploads\/2022\/03\/DSC_0380.jpg 1200w, https:\/\/labs.100x100.net\/projects\/rutasal\/custom\/uploads\/2022\/03\/DSC_0380-300x200.jpg 300w, https:\/\/labs.100x100.net\/projects\/rutasal\/custom\/uploads\/2022\/03\/DSC_0380-1024x684.jpg 1024w, https:\/\/labs.100x100.net\/projects\/rutasal\/custom\/uploads\/2022\/03\/DSC_0380-768x513.jpg 768w\" sizes=\"(max-width: 1200px) 100vw, 1200px\" \/><\/p>\n<p>El 15 de marzo tuvo lugar en el c\u00e9ntrico restaurante del hotel OD de Barcelona, la presentaci\u00f3n de la XXXIV edici\u00f3n de la regata de altura La Ruta de la Sal, que saldr\u00e1 el pr\u00f3ximo 14 de abril con rumbo el CN Sant Antoni de Portmany en la isla de Ibiza, desde las instalaciones del puerto barcelon\u00e9s del CM Port Ginesta y el alicantino del RCN Denia.<\/p>\n<p>La presentaci\u00f3n ha contado con la presencia del conseller d\u2019Esports i d\u2019Hisenda del Consell d\u2019Eivissa, Salvador Losa, el teniente alcalde i regidor d\u2019Esport Jos\u00e9 Ram\u00f3n Mart\u00edn, as\u00ed como con Luis Miguel G\u00f3mez del CN Sant Antoni de Portmany, el presidente del CM Port Ginesta, Joan Tubella, el presidente de la Federaci\u00f3n Catalana de Vela, Xavier Torres y el director de la regata, Enric Curt.<\/p>\n<div id=\"attachment_6853\" style=\"width: 1210px\" class=\"wp-caption aligncenter\"><img loading=\"lazy\" decoding=\"async\" aria-describedby=\"caption-attachment-6853\" class=\"wp-image-6853 size-full\" src=\"http:\/\/larutadelasal.com\/custom\/uploads\/2022\/03\/DSC_0372.jpg\" alt=\"\" width=\"1200\" height=\"801\" srcset=\"https:\/\/labs.100x100.net\/projects\/rutasal\/custom\/uploads\/2022\/03\/DSC_0372.jpg 1200w, https:\/\/labs.100x100.net\/projects\/rutasal\/custom\/uploads\/2022\/03\/DSC_0372-300x200.jpg 300w, https:\/\/labs.100x100.net\/projects\/rutasal\/custom\/uploads\/2022\/03\/DSC_0372-1024x684.jpg 1024w, https:\/\/labs.100x100.net\/projects\/rutasal\/custom\/uploads\/2022\/03\/DSC_0372-768x513.jpg 768w\" sizes=\"(max-width: 1200px) 100vw, 1200px\" \/><p id=\"caption-attachment-6853\" class=\"wp-caption-text\">Salvador Losa, conseller d\u2019Esports i d\u2019Hisenda del Consell d\u2019Eivissa, y Enric Curt, director de La Ruta de la Sal<\/p><\/div>\n<p>Salvador Losa, conseller d\u2019Esports, se congratul\u00f3 de verse de nuevo con los organizadores de esta regata que devuelve a la normalidad la actividad nautica y tur\u00edstica a la isla de Ibiza, en plena primavera. \u201cSentimos una especial estima por esta prueba, que sit\u00faa a Ibiza en el centro de la n\u00e1utica y que es una de las pruebas deportivas por las que m\u00e1s se identifica nuestra isla, por su repercusi\u00f3n, popularidad y lo que significa el mar para los ibicencos\u201d.<\/p>\n<div id=\"attachment_6854\" style=\"width: 1210px\" class=\"wp-caption aligncenter\"><img loading=\"lazy\" decoding=\"async\" aria-describedby=\"caption-attachment-6854\" class=\"wp-image-6854 size-full\" src=\"http:\/\/larutadelasal.com\/custom\/uploads\/2022\/03\/DSC_0327.jpg\" alt=\"\" width=\"1200\" height=\"801\" srcset=\"https:\/\/labs.100x100.net\/projects\/rutasal\/custom\/uploads\/2022\/03\/DSC_0327.jpg 1200w, https:\/\/labs.100x100.net\/projects\/rutasal\/custom\/uploads\/2022\/03\/DSC_0327-300x200.jpg 300w, https:\/\/labs.100x100.net\/projects\/rutasal\/custom\/uploads\/2022\/03\/DSC_0327-1024x684.jpg 1024w, https:\/\/labs.100x100.net\/projects\/rutasal\/custom\/uploads\/2022\/03\/DSC_0327-768x513.jpg 768w\" sizes=\"(max-width: 1200px) 100vw, 1200px\" \/><p id=\"caption-attachment-6854\" class=\"wp-caption-text\">Jos\u00e9 Ram\u00f3n Mart\u00edn, regidor d\u2019Esport de Sant Antoni de Portmany, y Enric Curt, director de La Ruta de la Sal<\/p><\/div>\n<p>Jos\u00e9 Ram\u00f3n Mart\u00edn,\u00a0 regidor d\u2019Esport de Sant Antoni de Portmany, destac\u00f3 la importancia de esta regata que acoger\u00e1 a unas 160 embarcaciones y a m\u00e1s de 1000 tripulantes, por ser la localidad de llegada de los regatistas, y que sirve como una puerta al inicio de la temporada tur\u00edstica, tanto para Sant Antoni como para toda la isla.<\/p>\n<p>Juan Tubella record\u00f3 como Port Ginesta es el tradicional puerto de salida de la prueba, desde hace m\u00e1s de 20 a\u00f1os y que ellos \u201ctambi\u00e9n formamos parte de esta gran regata de altura mediterr\u00e1nea\u201d.<\/p>\n<p>Xavier Torres, felicit\u00f3 a los organizadores de la prueba, a los clubes que la hacen posible\u00a0 y record\u00f3 que La Ruta de la Sal es una de las regatas que m\u00e1s moviliza a los deportistas de la Navegaci\u00f3n de Altura.<\/p>\n<p>Enric Curt se\u00f1al\u00f3 que \u201ctras dos a\u00f1os llenos de dificultades, La Ruta de la Sal se muestra radiante, aglutinando de nuevo a las tripulaciones m\u00e1s destacadas del mediterr\u00e1neo occidental, en la que hay mucha participaci\u00f3n de regatistas espa\u00f1oles y europeos\u201d.<\/p>\n<p><strong>Recorridos<\/strong><\/p>\n<p>Los recorridos de La Sal 2022 tendr\u00e1n una distancia m\u00ednima de aproximadamente 140 millas n\u00e1uticas para la versi\u00f3n Barcelona, que tiene salida de Port Ginesta (Barcelona) con rumbo directo a Sant Antoni de Portmany, Ibiza. La Versi\u00f3n Denia, que parte del puerto de Denia a Sant Antoni de Portmany, es de unas 120 millas n\u00e1uticas, rodeando Ibiza en sentido contrario a las agujas del reloj, dejando las islas de Formentera, Tagomago e Ibiza por babor. Tambi\u00e9n desde Denia se dar\u00e1 la largada de la versi\u00f3n Mini Sal, con una distancia m\u00ednima aproximada de 55 millas n\u00e1uticas, especialmente pensada para tripulaciones que quieren iniciarse en Regatas de Altura, con salida de Denia y llegada directa a Sant Antoni de Portmany.<\/p>\n<p><strong>La Ruta de la Sal en la mente de todos<\/strong><\/p>\n<p>Es dif\u00edcil encontrar un aficionado a la navegaci\u00f3n que no haya participado en esta prueba. Patrones, tripulaciones, amigos, desde todos los puntos de Espa\u00f1a, se concentran desde hace m\u00e1s de 30 a\u00f1os, durante la noche de Luna Llena del Jueves Santo, en los dos puertos de salida de esta regata, para alcanzar todos una meta: la isla de Ibiza en el CN Sant Antoni Portmany<\/p>\n<p>Solo con repasar el palmar\u00e9s y el listado de inscritos que han pasado por la Ruta de la Sal, desde el lejano 1989 hasta ahora mismo, se corrobora la importancia de la prueba. Navegantes destacados de la nautica internacional han pasado y muchos se han formado, en La Sal, tal como llaman a esta regata sus amigos. Alex Pella, Toni Guiu, Enrique Curt, Bubi Sams\u00f3, Guillermo Altadill,\u00a0 Vicente Garc\u00eda, Jaime Olazabal, Alberto de Castro,\u00a0 Vicente Garc\u00eda Torres , Manel Codina , y un interminable etc. son algunos de los navegantes de La Sal que aprovechan, siempre que sus obligaciones se lo permiten, para participar en esta regata de confraternizaci\u00f3n n\u00e1utica.<\/p>\n<p>Se\u00f1alar que a lo largo de la historia de La Ruta de la Sal, 13 skippers han conseguido ganar en m\u00e1s de una ocasi\u00f3n la prueba. Tres de ellos participan en esta edici\u00f3n y son: Jaime Olazabal del Club de Mar con el Clem, Alberto de Castro, del RCN de Valencia con el Brujo y Juan Carlos Sanch\u00edz, del CN Ibiza con el Adrenalin.<\/p>\n<p>&nbsp;<\/p>\n","protected":false},"excerpt":{"rendered":"<p>El 15 de marzo tuvo lugar en el c\u00e9ntrico restaurante del hotel OD de Barcelona, la presentaci\u00f3n de la XXXIV edici\u00f3n de la regata de altura La Ruta de la Sal, que saldr\u00e1 el pr\u00f3ximo 14 de abril con rumbo el CN Sant Antoni de Portmany en la isla de Ibiza, desde las instalaciones del [&hellip;]<\/p>\n","protected":false},"author":7,"featured_media":6852,"comment_status":"open","ping_status":"open","sticky":false,"template":"","format":"standard","meta":{"_acf_changed":false,"footnotes":""},"categories":[3],"tags":[],"acf":[],"yoast_head":"<!-- This site is optimized with the Yoast SEO plugin v23.0 - https:\/\/yoast.com\/wordpress\/plugins\/seo\/ -->\n<title>La Ruta de la Sal lista para recorrer de nuevo el Mediterr\u00e1neo Occidental | Regata La Ruta de la Sal<\/title>\n<meta name=\"robots\" content=\"noindex, follow, max-snippet:-1, max-image-preview:large, max-video-preview:-1\" \/>\n<meta property=\"og:locale\" content=\"es_ES\" \/>\n<meta property=\"og:type\" content=\"article\" \/>\n<meta property=\"og:title\" content=\"La Ruta de la Sal lista para recorrer de nuevo el Mediterr\u00e1neo Occidental | Regata La Ruta de la Sal\" \/>\n<meta property=\"og:description\" content=\"El 15 de marzo tuvo lugar en el c\u00e9ntrico restaurante del hotel OD de Barcelona, la presentaci\u00f3n de la XXXIV edici\u00f3n de la regata de altura La Ruta de la Sal, que saldr\u00e1 el pr\u00f3ximo 14 de abril con rumbo el CN Sant Antoni de Portmany en la isla de Ibiza, desde las instalaciones del [&hellip;]\" \/>\n<meta property=\"og:url\" content=\"https:\/\/labs.100x100.net\/projects\/rutasal\/la-ruta-de-la-sal-lista-para-recorrer-de-nuevo-el-mediterraneo-occidental\/\" \/>\n<meta property=\"og:site_name\" content=\"Regata La Ruta de la Sal\" \/>\n<meta property=\"article:publisher\" content=\"https:\/\/www.facebook.com\/rutadelasal\/\" \/>\n<meta property=\"article:published_time\" content=\"2022-03-18T14:33:33+00:00\" \/>\n<meta property=\"article:modified_time\" content=\"2022-03-31T11:36:02+00:00\" \/>\n<meta property=\"og:image\" content=\"https:\/\/labs.100x100.net\/projects\/rutasal\/custom\/uploads\/2022\/03\/DSC_0380.jpg\" \/>\n\t<meta property=\"og:image:width\" content=\"1200\" \/>\n\t<meta property=\"og:image:height\" content=\"801\" \/>\n\t<meta property=\"og:image:type\" content=\"image\/jpeg\" \/>\n<meta name=\"author\" content=\"Valentina Libri\" \/>\n<meta name=\"twitter:card\" content=\"summary_large_image\" \/>\n<meta name=\"twitter:creator\" content=\"@AnamMedi\" \/>\n<meta name=\"twitter:site\" content=\"@AnamMedi\" \/>\n<meta name=\"twitter:label1\" content=\"Escrito por\" \/>\n\t<meta name=\"twitter:data1\" content=\"Valentina Libri\" \/>\n\t<meta name=\"twitter:label2\" content=\"Tiempo de lectura\" \/>\n\t<meta name=\"twitter:data2\" content=\"5 minutos\" \/>\n<script type=\"application\/ld+json\" class=\"yoast-schema-graph\">{\"@context\":\"https:\/\/schema.org\",\"@graph\":[{\"@type\":\"WebPage\",\"@id\":\"https:\/\/labs.100x100.net\/projects\/rutasal\/la-ruta-de-la-sal-lista-para-recorrer-de-nuevo-el-mediterraneo-occidental\/\",\"url\":\"https:\/\/labs.100x100.net\/projects\/rutasal\/la-ruta-de-la-sal-lista-para-recorrer-de-nuevo-el-mediterraneo-occidental\/\",\"name\":\"La Ruta de la Sal lista para recorrer de nuevo el Mediterr\u00e1neo Occidental | Regata La Ruta de la Sal\",\"isPartOf\":{\"@id\":\"https:\/\/labs.100x100.net\/projects\/rutasal\/#website\"},\"primaryImageOfPage\":{\"@id\":\"https:\/\/labs.100x100.net\/projects\/rutasal\/la-ruta-de-la-sal-lista-para-recorrer-de-nuevo-el-mediterraneo-occidental\/#primaryimage\"},\"image\":{\"@id\":\"https:\/\/labs.100x100.net\/projects\/rutasal\/la-ruta-de-la-sal-lista-para-recorrer-de-nuevo-el-mediterraneo-occidental\/#primaryimage\"},\"thumbnailUrl\":\"https:\/\/labs.100x100.net\/projects\/rutasal\/custom\/uploads\/2022\/03\/DSC_0380.jpg\",\"datePublished\":\"2022-03-18T14:33:33+00:00\",\"dateModified\":\"2022-03-31T11:36:02+00:00\",\"author\":{\"@id\":\"https:\/\/labs.100x100.net\/projects\/rutasal\/#\/schema\/person\/78b3519b5320819eb3428bc4a4363faf\"},\"breadcrumb\":{\"@id\":\"https:\/\/labs.100x100.net\/projects\/rutasal\/la-ruta-de-la-sal-lista-para-recorrer-de-nuevo-el-mediterraneo-occidental\/#breadcrumb\"},\"inLanguage\":\"es\",\"potentialAction\":[{\"@type\":\"ReadAction\",\"target\":[\"https:\/\/labs.100x100.net\/projects\/rutasal\/la-ruta-de-la-sal-lista-para-recorrer-de-nuevo-el-mediterraneo-occidental\/\"]}]},{\"@type\":\"ImageObject\",\"inLanguage\":\"es\",\"@id\":\"https:\/\/labs.100x100.net\/projects\/rutasal\/la-ruta-de-la-sal-lista-para-recorrer-de-nuevo-el-mediterraneo-occidental\/#primaryimage\",\"url\":\"https:\/\/labs.100x100.net\/projects\/rutasal\/custom\/uploads\/2022\/03\/DSC_0380.jpg\",\"contentUrl\":\"https:\/\/labs.100x100.net\/projects\/rutasal\/custom\/uploads\/2022\/03\/DSC_0380.jpg\",\"width\":1200,\"height\":801},{\"@type\":\"BreadcrumbList\",\"@id\":\"https:\/\/labs.100x100.net\/projects\/rutasal\/la-ruta-de-la-sal-lista-para-recorrer-de-nuevo-el-mediterraneo-occidental\/#breadcrumb\",\"itemListElement\":[{\"@type\":\"ListItem\",\"position\":1,\"name\":\"Portada\",\"item\":\"https:\/\/labs.100x100.net\/projects\/rutasal\/\"},{\"@type\":\"ListItem\",\"position\":2,\"name\":\"La Ruta de la Sal lista para recorrer de nuevo el Mediterr\u00e1neo Occidental\"}]},{\"@type\":\"WebSite\",\"@id\":\"https:\/\/labs.100x100.net\/projects\/rutasal\/#website\",\"url\":\"https:\/\/labs.100x100.net\/projects\/rutasal\/\",\"name\":\"Regata La Ruta de la Sal\",\"description\":\"Regata La Ruta de la Sal es una regata de Altura Mediterr\u00e1nea para barcos de crucero a vela con destino en Ibiza, que se disputa anualmente en Semana Santa.\",\"potentialAction\":[{\"@type\":\"SearchAction\",\"target\":{\"@type\":\"EntryPoint\",\"urlTemplate\":\"https:\/\/labs.100x100.net\/projects\/rutasal\/?s={search_term_string}\"},\"query-input\":\"required name=search_term_string\"}],\"inLanguage\":\"es\"},{\"@type\":\"Person\",\"@id\":\"https:\/\/labs.100x100.net\/projects\/rutasal\/#\/schema\/person\/78b3519b5320819eb3428bc4a4363faf\",\"name\":\"Valentina Libri\",\"image\":{\"@type\":\"ImageObject\",\"inLanguage\":\"es\",\"@id\":\"https:\/\/labs.100x100.net\/projects\/rutasal\/#\/schema\/person\/image\/\",\"url\":\"https:\/\/secure.gravatar.com\/avatar\/99c0547d5c3f4720c6410e401af04fe2?s=96&d=mm&r=g\",\"contentUrl\":\"https:\/\/secure.gravatar.com\/avatar\/99c0547d5c3f4720c6410e401af04fe2?s=96&d=mm&r=g\",\"caption\":\"Valentina Libri\"}}]}<\/script>\n<!-- \/ Yoast SEO plugin. -->","yoast_head_json":{"title":"La Ruta de la Sal lista para recorrer de nuevo el Mediterr\u00e1neo Occidental | Regata La Ruta de la Sal","robots":{"index":"noindex","follow":"follow","max-snippet":"max-snippet:-1","max-image-preview":"max-image-preview:large","max-video-preview":"max-video-preview:-1"},"og_locale":"es_ES","og_type":"article","og_title":"La Ruta de la Sal lista para recorrer de nuevo el Mediterr\u00e1neo Occidental | Regata La Ruta de la Sal","og_description":"El 15 de marzo tuvo lugar en el c\u00e9ntrico restaurante del hotel OD de Barcelona, la presentaci\u00f3n de la XXXIV edici\u00f3n de la regata de altura La Ruta de la Sal, que saldr\u00e1 el pr\u00f3ximo 14 de abril con rumbo el CN Sant Antoni de Portmany en la isla de Ibiza, desde las instalaciones del [&hellip;]","og_url":"https:\/\/labs.100x100.net\/projects\/rutasal\/la-ruta-de-la-sal-lista-para-recorrer-de-nuevo-el-mediterraneo-occidental\/","og_site_name":"Regata La Ruta de la Sal","article_publisher":"https:\/\/www.facebook.com\/rutadelasal\/","article_published_time":"2022-03-18T14:33:33+00:00","article_modified_time":"2022-03-31T11:36:02+00:00","og_image":[{"width":1200,"height":801,"url":"https:\/\/labs.100x100.net\/projects\/rutasal\/custom\/uploads\/2022\/03\/DSC_0380.jpg","type":"image\/jpeg"}],"author":"Valentina Libri","twitter_card":"summary_large_image","twitter_creator":"@AnamMedi","twitter_site":"@AnamMedi","twitter_misc":{"Escrito por":"Valentina Libri","Tiempo de lectura":"5 minutos"},"schema":{"@context":"https:\/\/schema.org","@graph":[{"@type":"WebPage","@id":"https:\/\/labs.100x100.net\/projects\/rutasal\/la-ruta-de-la-sal-lista-para-recorrer-de-nuevo-el-mediterraneo-occidental\/","url":"https:\/\/labs.100x100.net\/projects\/rutasal\/la-ruta-de-la-sal-lista-para-recorrer-de-nuevo-el-mediterraneo-occidental\/","name":"La Ruta de la Sal lista para recorrer de nuevo el Mediterr\u00e1neo Occidental | Regata La Ruta de la Sal","isPartOf":{"@id":"https:\/\/labs.100x100.net\/projects\/rutasal\/#website"},"primaryImageOfPage":{"@id":"https:\/\/labs.100x100.net\/projects\/rutasal\/la-ruta-de-la-sal-lista-para-recorrer-de-nuevo-el-mediterraneo-occidental\/#primaryimage"},"image":{"@id":"https:\/\/labs.100x100.net\/projects\/rutasal\/la-ruta-de-la-sal-lista-para-recorrer-de-nuevo-el-mediterraneo-occidental\/#primaryimage"},"thumbnailUrl":"https:\/\/labs.100x100.net\/projects\/rutasal\/custom\/uploads\/2022\/03\/DSC_0380.jpg","datePublished":"2022-03-18T14:33:33+00:00","dateModified":"2022-03-31T11:36:02+00:00","author":{"@id":"https:\/\/labs.100x100.net\/projects\/rutasal\/#\/schema\/person\/78b3519b5320819eb3428bc4a4363faf"},"breadcrumb":{"@id":"https:\/\/labs.100x100.net\/projects\/rutasal\/la-ruta-de-la-sal-lista-para-recorrer-de-nuevo-el-mediterraneo-occidental\/#breadcrumb"},"inLanguage":"es","potentialAction":[{"@type":"ReadAction","target":["https:\/\/labs.100x100.net\/projects\/rutasal\/la-ruta-de-la-sal-lista-para-recorrer-de-nuevo-el-mediterraneo-occidental\/"]}]},{"@type":"ImageObject","inLanguage":"es","@id":"https:\/\/labs.100x100.net\/projects\/rutasal\/la-ruta-de-la-sal-lista-para-recorrer-de-nuevo-el-mediterraneo-occidental\/#primaryimage","url":"https:\/\/labs.100x100.net\/projects\/rutasal\/custom\/uploads\/2022\/03\/DSC_0380.jpg","contentUrl":"https:\/\/labs.100x100.net\/projects\/rutasal\/custom\/uploads\/2022\/03\/DSC_0380.jpg","width":1200,"height":801},{"@type":"BreadcrumbList","@id":"https:\/\/labs.100x100.net\/projects\/rutasal\/la-ruta-de-la-sal-lista-para-recorrer-de-nuevo-el-mediterraneo-occidental\/#breadcrumb","itemListElement":[{"@type":"ListItem","position":1,"name":"Portada","item":"https:\/\/labs.100x100.net\/projects\/rutasal\/"},{"@type":"ListItem","position":2,"name":"La Ruta de la Sal lista para recorrer de nuevo el Mediterr\u00e1neo Occidental"}]},{"@type":"WebSite","@id":"https:\/\/labs.100x100.net\/projects\/rutasal\/#website","url":"https:\/\/labs.100x100.net\/projects\/rutasal\/","name":"Regata La Ruta de la Sal","description":"Regata La Ruta de la Sal es una regata de Altura Mediterr\u00e1nea para barcos de crucero a vela con destino en Ibiza, que se disputa anualmente en Semana Santa.","potentialAction":[{"@type":"SearchAction","target":{"@type":"EntryPoint","urlTemplate":"https:\/\/labs.100x100.net\/projects\/rutasal\/?s={search_term_string}"},"query-input":"required name=search_term_string"}],"inLanguage":"es"},{"@type":"Person","@id":"https:\/\/labs.100x100.net\/projects\/rutasal\/#\/schema\/person\/78b3519b5320819eb3428bc4a4363faf","name":"Valentina Libri","image":{"@type":"ImageObject","inLanguage":"es","@id":"https:\/\/labs.100x100.net\/projects\/rutasal\/#\/schema\/person\/image\/","url":"https:\/\/secure.gravatar.com\/avatar\/99c0547d5c3f4720c6410e401af04fe2?s=96&d=mm&r=g","contentUrl":"https:\/\/secure.gravatar.com\/avatar\/99c0547d5c3f4720c6410e401af04fe2?s=96&d=mm&r=g","caption":"Valentina Libri"}}]}},"_links":{"self":[{"href":"https:\/\/labs.100x100.net\/projects\/rutasal\/wp-json\/wp\/v2\/posts\/6851"}],"collection":[{"href":"https:\/\/labs.100x100.net\/projects\/rutasal\/wp-json\/wp\/v2\/posts"}],"about":[{"href":"https:\/\/labs.100x100.net\/projects\/rutasal\/wp-json\/wp\/v2\/types\/post"}],"author":[{"embeddable":true,"href":"https:\/\/labs.100x100.net\/projects\/rutasal\/wp-json\/wp\/v2\/users\/7"}],"replies":[{"embeddable":true,"href":"https:\/\/labs.100x100.net\/projects\/rutasal\/wp-json\/wp\/v2\/comments?post=6851"}],"version-history":[{"count":9,"href":"https:\/\/labs.100x100.net\/projects\/rutasal\/wp-json\/wp\/v2\/posts\/6851\/revisions"}],"predecessor-version":[{"id":6942,"href":"https:\/\/labs.100x100.net\/projects\/rutasal\/wp-json\/wp\/v2\/posts\/6851\/revisions\/6942"}],"wp:featuredmedia":[{"embeddable":true,"href":"https:\/\/labs.100x100.net\/projects\/rutasal\/wp-json\/wp\/v2\/media\/6852"}],"wp:attachment":[{"href":"https:\/\/labs.100x100.net\/projects\/rutasal\/wp-json\/wp\/v2\/media?parent=6851"}],"wp:term":[{"taxonomy":"category","embeddable":true,"href":"https:\/\/labs.100x100.net\/projects\/rutasal\/wp-json\/wp\/v2\/categories?post=6851"},{"taxonomy":"post_tag","embeddable":true,"href":"https:\/\/labs.100x100.net\/projects\/rutasal\/wp-json\/wp\/v2\/tags?post=6851"}],"curies":[{"name":"wp","href":"https:\/\/api.w.org\/{rel}","templated":true}]}}