{"id":6803,"date":"2022-03-02T12:35:54","date_gmt":"2022-03-02T10:35:54","guid":{"rendered":"https:\/\/larutadelasal.com\/?p=6803"},"modified":"2022-03-02T12:35:54","modified_gmt":"2022-03-02T10:35:54","slug":"brujo-y-yellow-rose-ganadores-en-la-ultima-edicion-defenderan-su-titulo","status":"publish","type":"post","link":"https:\/\/labs.100x100.net\/projects\/rutasal\/brujo-y-yellow-rose-ganadores-en-la-ultima-edicion-defenderan-su-titulo\/","title":{"rendered":"Brujo y Yellow Rose ganadores en la \u00faltima edici\u00f3n defender\u00e1n su t\u00edtulo"},"content":{"rendered":"<div id=\"attachment_6448\" style=\"width: 1034px\" class=\"wp-caption aligncenter\"><img loading=\"lazy\" decoding=\"async\" aria-describedby=\"caption-attachment-6448\" class=\"wp-image-6448 size-large\" src=\"http:\/\/larutadelasal.com\/custom\/uploads\/2021\/05\/WhatsApp-Image-2021-05-29-at-15.28.19-1-1024x498.jpeg\" alt=\"\" width=\"1024\" height=\"498\" srcset=\"https:\/\/labs.100x100.net\/projects\/rutasal\/custom\/uploads\/2021\/05\/WhatsApp-Image-2021-05-29-at-15.28.19-1-1024x498.jpeg 1024w, https:\/\/labs.100x100.net\/projects\/rutasal\/custom\/uploads\/2021\/05\/WhatsApp-Image-2021-05-29-at-15.28.19-1-300x146.jpeg 300w, https:\/\/labs.100x100.net\/projects\/rutasal\/custom\/uploads\/2021\/05\/WhatsApp-Image-2021-05-29-at-15.28.19-1-768x373.jpeg 768w, https:\/\/labs.100x100.net\/projects\/rutasal\/custom\/uploads\/2021\/05\/WhatsApp-Image-2021-05-29-at-15.28.19-1-1536x747.jpeg 1536w, https:\/\/labs.100x100.net\/projects\/rutasal\/custom\/uploads\/2021\/05\/WhatsApp-Image-2021-05-29-at-15.28.19-1.jpeg 2016w\" sizes=\"(max-width: 1024px) 100vw, 1024px\" \/><p id=\"caption-attachment-6448\" class=\"wp-caption-text\">Brujo festejando su llegada en La Ruta de la Sal 2021<\/p><\/div>\n<p style=\"font-weight: 400;\">El Brujo, en la versi\u00f3n de D\u00e9nia, y Yellow Rose, en la versi\u00f3n de Barcelona, ya est\u00e1n inscritos para defender su t\u00edtulo en esta pr\u00f3xima edici\u00f3n de La Ruta de La Sal 2022. Su alto nivel t\u00e9cnico y experiencia los hace favoritos, aunque el viento es el principal protagonista, y manda en el campo de regatas.<\/p>\n<p style=\"font-weight: 400;\">A d\u00eda de hoy hay m\u00e1s de 100 participantes confirmados, y se prev\u00e9 que llegaremos a los 140. Sin duda, se trata de un gran \u00e9xito de participaci\u00f3n en esta regata especial, que se celebra en Semana Santa desde hace ya 33 a\u00f1os.<\/p>\n<div id=\"attachment_6566\" style=\"width: 1034px\" class=\"wp-caption aligncenter\"><img loading=\"lazy\" decoding=\"async\" aria-describedby=\"caption-attachment-6566\" class=\"wp-image-6566 size-large\" src=\"http:\/\/larutadelasal.com\/custom\/uploads\/2021\/05\/YellowRose_GanadorBarcelona-1024x679.jpg\" alt=\"\" width=\"1024\" height=\"679\" srcset=\"https:\/\/labs.100x100.net\/projects\/rutasal\/custom\/uploads\/2021\/05\/YellowRose_GanadorBarcelona-1024x679.jpg 1024w, https:\/\/labs.100x100.net\/projects\/rutasal\/custom\/uploads\/2021\/05\/YellowRose_GanadorBarcelona-300x199.jpg 300w, https:\/\/labs.100x100.net\/projects\/rutasal\/custom\/uploads\/2021\/05\/YellowRose_GanadorBarcelona-768x509.jpg 768w, https:\/\/labs.100x100.net\/projects\/rutasal\/custom\/uploads\/2021\/05\/YellowRose_GanadorBarcelona.jpg 1500w\" sizes=\"(max-width: 1024px) 100vw, 1024px\" \/><p id=\"caption-attachment-6566\" class=\"wp-caption-text\">Yellow Rose, ganador de la Versi\u00f3n Barcelona en La Ruta de la Sal 2021<\/p><\/div>\n<p>&nbsp;<\/p>\n<p>&nbsp;<\/p>\n<p>&nbsp;<\/p>\n<p>&nbsp;<\/p>\n<p>&nbsp;<\/p>\n","protected":false},"excerpt":{"rendered":"<p>El Brujo, en la versi\u00f3n de D\u00e9nia, y Yellow Rose, en la versi\u00f3n de Barcelona, ya est\u00e1n inscritos para defender su t\u00edtulo en esta pr\u00f3xima edici\u00f3n de La Ruta de La Sal 2022. Su alto nivel t\u00e9cnico y experiencia los hace favoritos, aunque el viento es el principal protagonista, y manda en el campo de [&hellip;]<\/p>\n","protected":false},"author":8,"featured_media":6448,"comment_status":"open","ping_status":"open","sticky":false,"template":"","format":"standard","meta":{"_acf_changed":false,"footnotes":""},"categories":[3],"tags":[],"acf":[],"yoast_head":"<!-- This site is optimized with the Yoast SEO plugin v23.0 - https:\/\/yoast.com\/wordpress\/plugins\/seo\/ -->\n<title>Brujo y Yellow Rose ganadores en la \u00faltima edici\u00f3n defender\u00e1n su t\u00edtulo | Regata La Ruta de la Sal<\/title>\n<meta name=\"robots\" content=\"noindex, follow, max-snippet:-1, max-image-preview:large, max-video-preview:-1\" \/>\n<meta property=\"og:locale\" content=\"es_ES\" \/>\n<meta property=\"og:type\" content=\"article\" \/>\n<meta property=\"og:title\" content=\"Brujo y Yellow Rose ganadores en la \u00faltima edici\u00f3n defender\u00e1n su t\u00edtulo | Regata La Ruta de la Sal\" \/>\n<meta property=\"og:description\" content=\"El Brujo, en la versi\u00f3n de D\u00e9nia, y Yellow Rose, en la versi\u00f3n de Barcelona, ya est\u00e1n inscritos para defender su t\u00edtulo en esta pr\u00f3xima edici\u00f3n de La Ruta de La Sal 2022. Su alto nivel t\u00e9cnico y experiencia los hace favoritos, aunque el viento es el principal protagonista, y manda en el campo de [&hellip;]\" \/>\n<meta property=\"og:url\" content=\"https:\/\/labs.100x100.net\/projects\/rutasal\/brujo-y-yellow-rose-ganadores-en-la-ultima-edicion-defenderan-su-titulo\/\" \/>\n<meta property=\"og:site_name\" content=\"Regata La Ruta de la Sal\" \/>\n<meta property=\"article:publisher\" content=\"https:\/\/www.facebook.com\/rutadelasal\/\" \/>\n<meta property=\"article:published_time\" content=\"2022-03-02T10:35:54+00:00\" \/>\n<meta property=\"og:image\" content=\"https:\/\/labs.100x100.net\/projects\/rutasal\/custom\/uploads\/2021\/05\/WhatsApp-Image-2021-05-29-at-15.28.19-1.jpeg\" \/>\n\t<meta property=\"og:image:width\" content=\"2016\" \/>\n\t<meta property=\"og:image:height\" content=\"980\" \/>\n\t<meta property=\"og:image:type\" content=\"image\/jpeg\" \/>\n<meta name=\"author\" content=\"Enregata\" \/>\n<meta name=\"twitter:card\" content=\"summary_large_image\" \/>\n<meta name=\"twitter:creator\" content=\"@AnamMedi\" \/>\n<meta name=\"twitter:site\" content=\"@AnamMedi\" \/>\n<meta name=\"twitter:label1\" content=\"Escrito por\" \/>\n\t<meta name=\"twitter:data1\" content=\"Enregata\" \/>\n\t<meta name=\"twitter:label2\" content=\"Tiempo de lectura\" \/>\n\t<meta name=\"twitter:data2\" content=\"1 minuto\" \/>\n<script type=\"application\/ld+json\" class=\"yoast-schema-graph\">{\"@context\":\"https:\/\/schema.org\",\"@graph\":[{\"@type\":\"WebPage\",\"@id\":\"https:\/\/labs.100x100.net\/projects\/rutasal\/brujo-y-yellow-rose-ganadores-en-la-ultima-edicion-defenderan-su-titulo\/\",\"url\":\"https:\/\/labs.100x100.net\/projects\/rutasal\/brujo-y-yellow-rose-ganadores-en-la-ultima-edicion-defenderan-su-titulo\/\",\"name\":\"Brujo y Yellow Rose ganadores en la \u00faltima edici\u00f3n defender\u00e1n su t\u00edtulo | Regata La Ruta de la Sal\",\"isPartOf\":{\"@id\":\"https:\/\/labs.100x100.net\/projects\/rutasal\/#website\"},\"primaryImageOfPage\":{\"@id\":\"https:\/\/labs.100x100.net\/projects\/rutasal\/brujo-y-yellow-rose-ganadores-en-la-ultima-edicion-defenderan-su-titulo\/#primaryimage\"},\"image\":{\"@id\":\"https:\/\/labs.100x100.net\/projects\/rutasal\/brujo-y-yellow-rose-ganadores-en-la-ultima-edicion-defenderan-su-titulo\/#primaryimage\"},\"thumbnailUrl\":\"https:\/\/labs.100x100.net\/projects\/rutasal\/custom\/uploads\/2021\/05\/WhatsApp-Image-2021-05-29-at-15.28.19-1.jpeg\",\"datePublished\":\"2022-03-02T10:35:54+00:00\",\"dateModified\":\"2022-03-02T10:35:54+00:00\",\"author\":{\"@id\":\"https:\/\/labs.100x100.net\/projects\/rutasal\/#\/schema\/person\/ab0f0359773b0a59d5eb579ec54b37e8\"},\"breadcrumb\":{\"@id\":\"https:\/\/labs.100x100.net\/projects\/rutasal\/brujo-y-yellow-rose-ganadores-en-la-ultima-edicion-defenderan-su-titulo\/#breadcrumb\"},\"inLanguage\":\"es\",\"potentialAction\":[{\"@type\":\"ReadAction\",\"target\":[\"https:\/\/labs.100x100.net\/projects\/rutasal\/brujo-y-yellow-rose-ganadores-en-la-ultima-edicion-defenderan-su-titulo\/\"]}]},{\"@type\":\"ImageObject\",\"inLanguage\":\"es\",\"@id\":\"https:\/\/labs.100x100.net\/projects\/rutasal\/brujo-y-yellow-rose-ganadores-en-la-ultima-edicion-defenderan-su-titulo\/#primaryimage\",\"url\":\"https:\/\/labs.100x100.net\/projects\/rutasal\/custom\/uploads\/2021\/05\/WhatsApp-Image-2021-05-29-at-15.28.19-1.jpeg\",\"contentUrl\":\"https:\/\/labs.100x100.net\/projects\/rutasal\/custom\/uploads\/2021\/05\/WhatsApp-Image-2021-05-29-at-15.28.19-1.jpeg\",\"width\":2016,\"height\":980},{\"@type\":\"BreadcrumbList\",\"@id\":\"https:\/\/labs.100x100.net\/projects\/rutasal\/brujo-y-yellow-rose-ganadores-en-la-ultima-edicion-defenderan-su-titulo\/#breadcrumb\",\"itemListElement\":[{\"@type\":\"ListItem\",\"position\":1,\"name\":\"Portada\",\"item\":\"https:\/\/labs.100x100.net\/projects\/rutasal\/\"},{\"@type\":\"ListItem\",\"position\":2,\"name\":\"Brujo y Yellow Rose ganadores en la \u00faltima edici\u00f3n defender\u00e1n su t\u00edtulo\"}]},{\"@type\":\"WebSite\",\"@id\":\"https:\/\/labs.100x100.net\/projects\/rutasal\/#website\",\"url\":\"https:\/\/labs.100x100.net\/projects\/rutasal\/\",\"name\":\"Regata La Ruta de la Sal\",\"description\":\"Regata La Ruta de la Sal es una regata de Altura Mediterr\u00e1nea para barcos de crucero a vela con destino en Ibiza, que se disputa anualmente en Semana Santa.\",\"potentialAction\":[{\"@type\":\"SearchAction\",\"target\":{\"@type\":\"EntryPoint\",\"urlTemplate\":\"https:\/\/labs.100x100.net\/projects\/rutasal\/?s={search_term_string}\"},\"query-input\":\"required name=search_term_string\"}],\"inLanguage\":\"es\"},{\"@type\":\"Person\",\"@id\":\"https:\/\/labs.100x100.net\/projects\/rutasal\/#\/schema\/person\/ab0f0359773b0a59d5eb579ec54b37e8\",\"name\":\"Enregata\",\"image\":{\"@type\":\"ImageObject\",\"inLanguage\":\"es\",\"@id\":\"https:\/\/labs.100x100.net\/projects\/rutasal\/#\/schema\/person\/image\/\",\"url\":\"https:\/\/secure.gravatar.com\/avatar\/c674f392343d66e95fba904bf4162243?s=96&d=mm&r=g\",\"contentUrl\":\"https:\/\/secure.gravatar.com\/avatar\/c674f392343d66e95fba904bf4162243?s=96&d=mm&r=g\",\"caption\":\"Enregata\"}}]}<\/script>\n<!-- \/ Yoast SEO plugin. -->","yoast_head_json":{"title":"Brujo y Yellow Rose ganadores en la \u00faltima edici\u00f3n defender\u00e1n su t\u00edtulo | Regata La Ruta de la Sal","robots":{"index":"noindex","follow":"follow","max-snippet":"max-snippet:-1","max-image-preview":"max-image-preview:large","max-video-preview":"max-video-preview:-1"},"og_locale":"es_ES","og_type":"article","og_title":"Brujo y Yellow Rose ganadores en la \u00faltima edici\u00f3n defender\u00e1n su t\u00edtulo | Regata La Ruta de la Sal","og_description":"El Brujo, en la versi\u00f3n de D\u00e9nia, y Yellow Rose, en la versi\u00f3n de Barcelona, ya est\u00e1n inscritos para defender su t\u00edtulo en esta pr\u00f3xima edici\u00f3n de La Ruta de La Sal 2022. Su alto nivel t\u00e9cnico y experiencia los hace favoritos, aunque el viento es el principal protagonista, y manda en el campo de [&hellip;]","og_url":"https:\/\/labs.100x100.net\/projects\/rutasal\/brujo-y-yellow-rose-ganadores-en-la-ultima-edicion-defenderan-su-titulo\/","og_site_name":"Regata La Ruta de la Sal","article_publisher":"https:\/\/www.facebook.com\/rutadelasal\/","article_published_time":"2022-03-02T10:35:54+00:00","og_image":[{"width":2016,"height":980,"url":"https:\/\/labs.100x100.net\/projects\/rutasal\/custom\/uploads\/2021\/05\/WhatsApp-Image-2021-05-29-at-15.28.19-1.jpeg","type":"image\/jpeg"}],"author":"Enregata","twitter_card":"summary_large_image","twitter_creator":"@AnamMedi","twitter_site":"@AnamMedi","twitter_misc":{"Escrito por":"Enregata","Tiempo de lectura":"1 minuto"},"schema":{"@context":"https:\/\/schema.org","@graph":[{"@type":"WebPage","@id":"https:\/\/labs.100x100.net\/projects\/rutasal\/brujo-y-yellow-rose-ganadores-en-la-ultima-edicion-defenderan-su-titulo\/","url":"https:\/\/labs.100x100.net\/projects\/rutasal\/brujo-y-yellow-rose-ganadores-en-la-ultima-edicion-defenderan-su-titulo\/","name":"Brujo y Yellow Rose ganadores en la \u00faltima edici\u00f3n defender\u00e1n su t\u00edtulo | Regata La Ruta de la Sal","isPartOf":{"@id":"https:\/\/labs.100x100.net\/projects\/rutasal\/#website"},"primaryImageOfPage":{"@id":"https:\/\/labs.100x100.net\/projects\/rutasal\/brujo-y-yellow-rose-ganadores-en-la-ultima-edicion-defenderan-su-titulo\/#primaryimage"},"image":{"@id":"https:\/\/labs.100x100.net\/projects\/rutasal\/brujo-y-yellow-rose-ganadores-en-la-ultima-edicion-defenderan-su-titulo\/#primaryimage"},"thumbnailUrl":"https:\/\/labs.100x100.net\/projects\/rutasal\/custom\/uploads\/2021\/05\/WhatsApp-Image-2021-05-29-at-15.28.19-1.jpeg","datePublished":"2022-03-02T10:35:54+00:00","dateModified":"2022-03-02T10:35:54+00:00","author":{"@id":"https:\/\/labs.100x100.net\/projects\/rutasal\/#\/schema\/person\/ab0f0359773b0a59d5eb579ec54b37e8"},"breadcrumb":{"@id":"https:\/\/labs.100x100.net\/projects\/rutasal\/brujo-y-yellow-rose-ganadores-en-la-ultima-edicion-defenderan-su-titulo\/#breadcrumb"},"inLanguage":"es","potentialAction":[{"@type":"ReadAction","target":["https:\/\/labs.100x100.net\/projects\/rutasal\/brujo-y-yellow-rose-ganadores-en-la-ultima-edicion-defenderan-su-titulo\/"]}]},{"@type":"ImageObject","inLanguage":"es","@id":"https:\/\/labs.100x100.net\/projects\/rutasal\/brujo-y-yellow-rose-ganadores-en-la-ultima-edicion-defenderan-su-titulo\/#primaryimage","url":"https:\/\/labs.100x100.net\/projects\/rutasal\/custom\/uploads\/2021\/05\/WhatsApp-Image-2021-05-29-at-15.28.19-1.jpeg","contentUrl":"https:\/\/labs.100x100.net\/projects\/rutasal\/custom\/uploads\/2021\/05\/WhatsApp-Image-2021-05-29-at-15.28.19-1.jpeg","width":2016,"height":980},{"@type":"BreadcrumbList","@id":"https:\/\/labs.100x100.net\/projects\/rutasal\/brujo-y-yellow-rose-ganadores-en-la-ultima-edicion-defenderan-su-titulo\/#breadcrumb","itemListElement":[{"@type":"ListItem","position":1,"name":"Portada","item":"https:\/\/labs.100x100.net\/projects\/rutasal\/"},{"@type":"ListItem","position":2,"name":"Brujo y Yellow Rose ganadores en la \u00faltima edici\u00f3n defender\u00e1n su t\u00edtulo"}]},{"@type":"WebSite","@id":"https:\/\/labs.100x100.net\/projects\/rutasal\/#website","url":"https:\/\/labs.100x100.net\/projects\/rutasal\/","name":"Regata La Ruta de la Sal","description":"Regata La Ruta de la Sal es una regata de Altura Mediterr\u00e1nea para barcos de crucero a vela con destino en Ibiza, que se disputa anualmente en Semana Santa.","potentialAction":[{"@type":"SearchAction","target":{"@type":"EntryPoint","urlTemplate":"https:\/\/labs.100x100.net\/projects\/rutasal\/?s={search_term_string}"},"query-input":"required name=search_term_string"}],"inLanguage":"es"},{"@type":"Person","@id":"https:\/\/labs.100x100.net\/projects\/rutasal\/#\/schema\/person\/ab0f0359773b0a59d5eb579ec54b37e8","name":"Enregata","image":{"@type":"ImageObject","inLanguage":"es","@id":"https:\/\/labs.100x100.net\/projects\/rutasal\/#\/schema\/person\/image\/","url":"https:\/\/secure.gravatar.com\/avatar\/c674f392343d66e95fba904bf4162243?s=96&d=mm&r=g","contentUrl":"https:\/\/secure.gravatar.com\/avatar\/c674f392343d66e95fba904bf4162243?s=96&d=mm&r=g","caption":"Enregata"}}]}},"_links":{"self":[{"href":"https:\/\/labs.100x100.net\/projects\/rutasal\/wp-json\/wp\/v2\/posts\/6803"}],"collection":[{"href":"https:\/\/labs.100x100.net\/projects\/rutasal\/wp-json\/wp\/v2\/posts"}],"about":[{"href":"https:\/\/labs.100x100.net\/projects\/rutasal\/wp-json\/wp\/v2\/types\/post"}],"author":[{"embeddable":true,"href":"https:\/\/labs.100x100.net\/projects\/rutasal\/wp-json\/wp\/v2\/users\/8"}],"replies":[{"embeddable":true,"href":"https:\/\/labs.100x100.net\/projects\/rutasal\/wp-json\/wp\/v2\/comments?post=6803"}],"version-history":[{"count":1,"href":"https:\/\/labs.100x100.net\/projects\/rutasal\/wp-json\/wp\/v2\/posts\/6803\/revisions"}],"predecessor-version":[{"id":6806,"href":"https:\/\/labs.100x100.net\/projects\/rutasal\/wp-json\/wp\/v2\/posts\/6803\/revisions\/6806"}],"wp:featuredmedia":[{"embeddable":true,"href":"https:\/\/labs.100x100.net\/projects\/rutasal\/wp-json\/wp\/v2\/media\/6448"}],"wp:attachment":[{"href":"https:\/\/labs.100x100.net\/projects\/rutasal\/wp-json\/wp\/v2\/media?parent=6803"}],"wp:term":[{"taxonomy":"category","embeddable":true,"href":"https:\/\/labs.100x100.net\/projects\/rutasal\/wp-json\/wp\/v2\/categories?post=6803"},{"taxonomy":"post_tag","embeddable":true,"href":"https:\/\/labs.100x100.net\/projects\/rutasal\/wp-json\/wp\/v2\/tags?post=6803"}],"curies":[{"name":"wp","href":"https:\/\/api.w.org\/{rel}","templated":true}]}}