{"id":676,"date":"2011-10-20T08:42:04","date_gmt":"2011-10-20T08:42:04","guid":{"rendered":"https:\/\/larutadelasal.com\/?p=676"},"modified":"2019-03-14T12:22:53","modified_gmt":"2019-03-14T10:22:53","slug":"salon-nautico-internacional-de-barcelona-2","status":"publish","type":"post","link":"https:\/\/labs.100x100.net\/projects\/rutasal\/salon-nautico-internacional-de-barcelona-2\/","title":{"rendered":"Sal\u00f3n N\u00e1utico Internacional de Barcelona"},"content":{"rendered":"<p style=\"text-align: right;\">20 Octubre de 2011<\/p>\n<p style=\"text-align: left;\">Amigo\/a regatista<\/p>\n<p style=\"text-align: center;\"><strong>La Ruta de la Sal cumple 25 a\u00f1os<br \/>\nJulio Villar, pionero navegante transmundista, nos acompa\u00f1ar\u00e1 en esta especial ocasion<\/strong><\/p>\n<p>Durante el Sal\u00f3n N\u00e1utico Internacional de Barcelona, que tendr\u00e1 lugar del 5 al 13 de noviembre, nos encontrar\u00e1s de nuevo en:<\/p>\n<p style=\"text-align: center;\">STAND ANAM \u2013 LA RUTA DE LA SAL<br \/>\nPalacio 2 \u2013 Planta 0 &#8211; Stand B 290<br \/>\nDonde te informaremos de las regatas de este pr\u00f3ximo a\u00f1o.<\/p>\n<p style=\"text-align: center;\"><strong>El 5 de noviembre se abrir\u00e1 la inscripci\u00f3n para La Ruta de la Sal 2012. Durante todo el Sal\u00f3n N\u00e1utico podr\u00e1s formalizar tu inscripci\u00f3n para esta XXV\u00aa edici\u00f3n de la Regata con un 25% de descuento especial 25 aniversario La Ruta de la Sal.<\/strong><\/p>\n<p>A continuaci\u00f3n te detallamos los actos que celebraremos durante el Sal\u00f3n:<\/p>\n<p><strong>DOMINGO dia 6 \u2013 13.00h &#8211; ESPAI DE MAR &#8211; Palacio 2<br \/>\n<\/strong>Entrega de premios del CIRCUITO ANAM DE REGATAS 2011.<br \/>\nSe obsequiar\u00e1 al ganador con el Trofeo AUSMAR: una Balsa Salvavidas marca Duarry de 4 plazas homologada ISO 9650 con el equipo de emergencia reglamentario para navegaci\u00f3n en categoria B fins a 60 Milles ( Zona 2 y 3).<br \/>\nPresentaci\u00f3n de: Regata del Delta \u2013 Bah\u00eda de Pollen\u00e7a \u2013 La Ruta de la Tramuntana \u2013 Regata S\u00f3ller Canal de Mallorca, que junto a La Ruta de la Sal configurar\u00e1n el Circuito ANAM de Regatas de 2012.<br \/>\nA continuaci\u00f3n se servir\u00e1 un aperitivo.<\/p>\n<p><strong>VIERNES dia 11 \u2013 18.30h &#8211; ESPAI DE MAR &#8211; Palacio 2<br \/>\n<\/strong>Presentaci\u00f3n Oficial de la XXV \u00aa edici\u00f3n de la Regata de Altura &#8211;<br \/>\nLa Ruta de la Sal 2012 \u2013 Trofeo Pepe Ferr\u00e9s y muestra de la cultura de las Islas Pitiusas.<br \/>\nA continuaci\u00f3n se servir\u00e1 un aperitivo mediterr\u00e1neo.<\/p>\n<p><a href=\"http:\/\/www.laboutiquedelasal.com\/\">www.laboutiquedelasal.com<\/a><br \/>\nTambi\u00e9n estar\u00e1 presente con precios especiales y con la nueva colecci\u00f3n de prendas y complementos para navegar.<\/p>\n<p>Recinto Gran Via:<\/p>\n<p><a href=\"https:\/\/larutadelasal.com\/custom\/uploads\/2011\/10\/Nueva-imagen-12.jpg\"><img loading=\"lazy\" decoding=\"async\" class=\"alignnone size-full wp-image-677\" title=\"Nueva imagen (1)\" src=\"https:\/\/larutadelasal.com\/custom\/uploads\/2011\/10\/Nueva-imagen-12.jpg\" alt=\"\" width=\"657\" height=\"327\" \/><\/a><\/p>\n","protected":false},"excerpt":{"rendered":"<p>20 Octubre de 2011 Amigo\/a regatista La Ruta de la Sal cumple 25 a\u00f1os Julio Villar, pionero navegante transmundista, nos acompa\u00f1ar\u00e1 en esta especial ocasion Durante el Sal\u00f3n N\u00e1utico Internacional de Barcelona, que tendr\u00e1 lugar del 5 al 13 de noviembre, nos encontrar\u00e1s de nuevo en: STAND ANAM \u2013 LA RUTA DE LA SAL Palacio [&hellip;]<\/p>\n","protected":false},"author":1,"featured_media":3674,"comment_status":"open","ping_status":"open","sticky":false,"template":"","format":"standard","meta":{"_acf_changed":false,"footnotes":""},"categories":[3],"tags":[],"acf":[],"yoast_head":"<!-- This site is optimized with the Yoast SEO plugin v23.0 - https:\/\/yoast.com\/wordpress\/plugins\/seo\/ -->\n<title>Sal\u00f3n N\u00e1utico Internacional de Barcelona | Regata La Ruta de la Sal<\/title>\n<meta name=\"robots\" content=\"noindex, follow, max-snippet:-1, max-image-preview:large, max-video-preview:-1\" \/>\n<meta property=\"og:locale\" content=\"es_ES\" \/>\n<meta property=\"og:type\" content=\"article\" \/>\n<meta property=\"og:title\" content=\"Sal\u00f3n N\u00e1utico Internacional de Barcelona | Regata La Ruta de la Sal\" \/>\n<meta property=\"og:description\" content=\"20 Octubre de 2011 Amigo\/a regatista La Ruta de la Sal cumple 25 a\u00f1os Julio Villar, pionero navegante transmundista, nos acompa\u00f1ar\u00e1 en esta especial ocasion Durante el Sal\u00f3n N\u00e1utico Internacional de Barcelona, que tendr\u00e1 lugar del 5 al 13 de noviembre, nos encontrar\u00e1s de nuevo en: STAND ANAM \u2013 LA RUTA DE LA SAL Palacio [&hellip;]\" \/>\n<meta property=\"og:url\" content=\"https:\/\/labs.100x100.net\/projects\/rutasal\/salon-nautico-internacional-de-barcelona-2\/\" \/>\n<meta property=\"og:site_name\" content=\"Regata La Ruta de la Sal\" \/>\n<meta property=\"article:publisher\" content=\"https:\/\/www.facebook.com\/rutadelasal\/\" \/>\n<meta property=\"article:published_time\" content=\"2011-10-20T08:42:04+00:00\" \/>\n<meta property=\"article:modified_time\" content=\"2019-03-14T10:22:53+00:00\" \/>\n<meta property=\"og:image\" content=\"https:\/\/labs.100x100.net\/projects\/rutasal\/custom\/uploads\/2015\/04\/17021163802_501c6ce372_z.jpg\" \/>\n\t<meta property=\"og:image:width\" content=\"640\" \/>\n\t<meta property=\"og:image:height\" content=\"427\" \/>\n\t<meta property=\"og:image:type\" content=\"image\/jpeg\" \/>\n<meta name=\"author\" content=\"La Ruta de la Sal\" \/>\n<meta name=\"twitter:card\" content=\"summary_large_image\" \/>\n<meta name=\"twitter:creator\" content=\"@AnamMedi\" \/>\n<meta name=\"twitter:site\" content=\"@AnamMedi\" \/>\n<meta name=\"twitter:label1\" content=\"Escrito por\" \/>\n\t<meta name=\"twitter:data1\" content=\"La Ruta de la Sal\" \/>\n\t<meta name=\"twitter:label2\" content=\"Tiempo de lectura\" \/>\n\t<meta name=\"twitter:data2\" content=\"2 minutos\" \/>\n<script type=\"application\/ld+json\" class=\"yoast-schema-graph\">{\"@context\":\"https:\/\/schema.org\",\"@graph\":[{\"@type\":\"WebPage\",\"@id\":\"https:\/\/labs.100x100.net\/projects\/rutasal\/salon-nautico-internacional-de-barcelona-2\/\",\"url\":\"https:\/\/labs.100x100.net\/projects\/rutasal\/salon-nautico-internacional-de-barcelona-2\/\",\"name\":\"Sal\u00f3n N\u00e1utico Internacional de Barcelona | Regata La Ruta de la Sal\",\"isPartOf\":{\"@id\":\"https:\/\/labs.100x100.net\/projects\/rutasal\/#website\"},\"primaryImageOfPage\":{\"@id\":\"https:\/\/labs.100x100.net\/projects\/rutasal\/salon-nautico-internacional-de-barcelona-2\/#primaryimage\"},\"image\":{\"@id\":\"https:\/\/labs.100x100.net\/projects\/rutasal\/salon-nautico-internacional-de-barcelona-2\/#primaryimage\"},\"thumbnailUrl\":\"https:\/\/labs.100x100.net\/projects\/rutasal\/custom\/uploads\/2015\/04\/17021163802_501c6ce372_z.jpg\",\"datePublished\":\"2011-10-20T08:42:04+00:00\",\"dateModified\":\"2019-03-14T10:22:53+00:00\",\"author\":{\"@id\":\"https:\/\/labs.100x100.net\/projects\/rutasal\/#\/schema\/person\/214eeb4a2e78fd8373a0a94f6d93c9ca\"},\"breadcrumb\":{\"@id\":\"https:\/\/labs.100x100.net\/projects\/rutasal\/salon-nautico-internacional-de-barcelona-2\/#breadcrumb\"},\"inLanguage\":\"es\",\"potentialAction\":[{\"@type\":\"ReadAction\",\"target\":[\"https:\/\/labs.100x100.net\/projects\/rutasal\/salon-nautico-internacional-de-barcelona-2\/\"]}]},{\"@type\":\"ImageObject\",\"inLanguage\":\"es\",\"@id\":\"https:\/\/labs.100x100.net\/projects\/rutasal\/salon-nautico-internacional-de-barcelona-2\/#primaryimage\",\"url\":\"https:\/\/labs.100x100.net\/projects\/rutasal\/custom\/uploads\/2015\/04\/17021163802_501c6ce372_z.jpg\",\"contentUrl\":\"https:\/\/labs.100x100.net\/projects\/rutasal\/custom\/uploads\/2015\/04\/17021163802_501c6ce372_z.jpg\",\"width\":640,\"height\":427},{\"@type\":\"BreadcrumbList\",\"@id\":\"https:\/\/labs.100x100.net\/projects\/rutasal\/salon-nautico-internacional-de-barcelona-2\/#breadcrumb\",\"itemListElement\":[{\"@type\":\"ListItem\",\"position\":1,\"name\":\"Portada\",\"item\":\"https:\/\/labs.100x100.net\/projects\/rutasal\/\"},{\"@type\":\"ListItem\",\"position\":2,\"name\":\"Sal\u00f3n N\u00e1utico Internacional de Barcelona\"}]},{\"@type\":\"WebSite\",\"@id\":\"https:\/\/labs.100x100.net\/projects\/rutasal\/#website\",\"url\":\"https:\/\/labs.100x100.net\/projects\/rutasal\/\",\"name\":\"Regata La Ruta de la Sal\",\"description\":\"Regata La Ruta de la Sal es una regata de Altura Mediterr\u00e1nea para barcos de crucero a vela con destino en Ibiza, que se disputa anualmente en Semana Santa.\",\"potentialAction\":[{\"@type\":\"SearchAction\",\"target\":{\"@type\":\"EntryPoint\",\"urlTemplate\":\"https:\/\/labs.100x100.net\/projects\/rutasal\/?s={search_term_string}\"},\"query-input\":\"required name=search_term_string\"}],\"inLanguage\":\"es\"},{\"@type\":\"Person\",\"@id\":\"https:\/\/labs.100x100.net\/projects\/rutasal\/#\/schema\/person\/214eeb4a2e78fd8373a0a94f6d93c9ca\",\"name\":\"La Ruta de la Sal\",\"image\":{\"@type\":\"ImageObject\",\"inLanguage\":\"es\",\"@id\":\"https:\/\/labs.100x100.net\/projects\/rutasal\/#\/schema\/person\/image\/\",\"url\":\"https:\/\/secure.gravatar.com\/avatar\/b247286d4b801d6b1cfcfb3807587284?s=96&d=mm&r=g\",\"contentUrl\":\"https:\/\/secure.gravatar.com\/avatar\/b247286d4b801d6b1cfcfb3807587284?s=96&d=mm&r=g\",\"caption\":\"La Ruta de la Sal\"}}]}<\/script>\n<!-- \/ Yoast SEO plugin. -->","yoast_head_json":{"title":"Sal\u00f3n N\u00e1utico Internacional de Barcelona | Regata La Ruta de la Sal","robots":{"index":"noindex","follow":"follow","max-snippet":"max-snippet:-1","max-image-preview":"max-image-preview:large","max-video-preview":"max-video-preview:-1"},"og_locale":"es_ES","og_type":"article","og_title":"Sal\u00f3n N\u00e1utico Internacional de Barcelona | Regata La Ruta de la Sal","og_description":"20 Octubre de 2011 Amigo\/a regatista La Ruta de la Sal cumple 25 a\u00f1os Julio Villar, pionero navegante transmundista, nos acompa\u00f1ar\u00e1 en esta especial ocasion Durante el Sal\u00f3n N\u00e1utico Internacional de Barcelona, que tendr\u00e1 lugar del 5 al 13 de noviembre, nos encontrar\u00e1s de nuevo en: STAND ANAM \u2013 LA RUTA DE LA SAL Palacio [&hellip;]","og_url":"https:\/\/labs.100x100.net\/projects\/rutasal\/salon-nautico-internacional-de-barcelona-2\/","og_site_name":"Regata La Ruta de la Sal","article_publisher":"https:\/\/www.facebook.com\/rutadelasal\/","article_published_time":"2011-10-20T08:42:04+00:00","article_modified_time":"2019-03-14T10:22:53+00:00","og_image":[{"width":640,"height":427,"url":"https:\/\/labs.100x100.net\/projects\/rutasal\/custom\/uploads\/2015\/04\/17021163802_501c6ce372_z.jpg","type":"image\/jpeg"}],"author":"La Ruta de la Sal","twitter_card":"summary_large_image","twitter_creator":"@AnamMedi","twitter_site":"@AnamMedi","twitter_misc":{"Escrito por":"La Ruta de la Sal","Tiempo de lectura":"2 minutos"},"schema":{"@context":"https:\/\/schema.org","@graph":[{"@type":"WebPage","@id":"https:\/\/labs.100x100.net\/projects\/rutasal\/salon-nautico-internacional-de-barcelona-2\/","url":"https:\/\/labs.100x100.net\/projects\/rutasal\/salon-nautico-internacional-de-barcelona-2\/","name":"Sal\u00f3n N\u00e1utico Internacional de Barcelona | Regata La Ruta de la Sal","isPartOf":{"@id":"https:\/\/labs.100x100.net\/projects\/rutasal\/#website"},"primaryImageOfPage":{"@id":"https:\/\/labs.100x100.net\/projects\/rutasal\/salon-nautico-internacional-de-barcelona-2\/#primaryimage"},"image":{"@id":"https:\/\/labs.100x100.net\/projects\/rutasal\/salon-nautico-internacional-de-barcelona-2\/#primaryimage"},"thumbnailUrl":"https:\/\/labs.100x100.net\/projects\/rutasal\/custom\/uploads\/2015\/04\/17021163802_501c6ce372_z.jpg","datePublished":"2011-10-20T08:42:04+00:00","dateModified":"2019-03-14T10:22:53+00:00","author":{"@id":"https:\/\/labs.100x100.net\/projects\/rutasal\/#\/schema\/person\/214eeb4a2e78fd8373a0a94f6d93c9ca"},"breadcrumb":{"@id":"https:\/\/labs.100x100.net\/projects\/rutasal\/salon-nautico-internacional-de-barcelona-2\/#breadcrumb"},"inLanguage":"es","potentialAction":[{"@type":"ReadAction","target":["https:\/\/labs.100x100.net\/projects\/rutasal\/salon-nautico-internacional-de-barcelona-2\/"]}]},{"@type":"ImageObject","inLanguage":"es","@id":"https:\/\/labs.100x100.net\/projects\/rutasal\/salon-nautico-internacional-de-barcelona-2\/#primaryimage","url":"https:\/\/labs.100x100.net\/projects\/rutasal\/custom\/uploads\/2015\/04\/17021163802_501c6ce372_z.jpg","contentUrl":"https:\/\/labs.100x100.net\/projects\/rutasal\/custom\/uploads\/2015\/04\/17021163802_501c6ce372_z.jpg","width":640,"height":427},{"@type":"BreadcrumbList","@id":"https:\/\/labs.100x100.net\/projects\/rutasal\/salon-nautico-internacional-de-barcelona-2\/#breadcrumb","itemListElement":[{"@type":"ListItem","position":1,"name":"Portada","item":"https:\/\/labs.100x100.net\/projects\/rutasal\/"},{"@type":"ListItem","position":2,"name":"Sal\u00f3n N\u00e1utico Internacional de Barcelona"}]},{"@type":"WebSite","@id":"https:\/\/labs.100x100.net\/projects\/rutasal\/#website","url":"https:\/\/labs.100x100.net\/projects\/rutasal\/","name":"Regata La Ruta de la Sal","description":"Regata La Ruta de la Sal es una regata de Altura Mediterr\u00e1nea para barcos de crucero a vela con destino en Ibiza, que se disputa anualmente en Semana Santa.","potentialAction":[{"@type":"SearchAction","target":{"@type":"EntryPoint","urlTemplate":"https:\/\/labs.100x100.net\/projects\/rutasal\/?s={search_term_string}"},"query-input":"required name=search_term_string"}],"inLanguage":"es"},{"@type":"Person","@id":"https:\/\/labs.100x100.net\/projects\/rutasal\/#\/schema\/person\/214eeb4a2e78fd8373a0a94f6d93c9ca","name":"La Ruta de la Sal","image":{"@type":"ImageObject","inLanguage":"es","@id":"https:\/\/labs.100x100.net\/projects\/rutasal\/#\/schema\/person\/image\/","url":"https:\/\/secure.gravatar.com\/avatar\/b247286d4b801d6b1cfcfb3807587284?s=96&d=mm&r=g","contentUrl":"https:\/\/secure.gravatar.com\/avatar\/b247286d4b801d6b1cfcfb3807587284?s=96&d=mm&r=g","caption":"La Ruta de la Sal"}}]}},"_links":{"self":[{"href":"https:\/\/labs.100x100.net\/projects\/rutasal\/wp-json\/wp\/v2\/posts\/676"}],"collection":[{"href":"https:\/\/labs.100x100.net\/projects\/rutasal\/wp-json\/wp\/v2\/posts"}],"about":[{"href":"https:\/\/labs.100x100.net\/projects\/rutasal\/wp-json\/wp\/v2\/types\/post"}],"author":[{"embeddable":true,"href":"https:\/\/labs.100x100.net\/projects\/rutasal\/wp-json\/wp\/v2\/users\/1"}],"replies":[{"embeddable":true,"href":"https:\/\/labs.100x100.net\/projects\/rutasal\/wp-json\/wp\/v2\/comments?post=676"}],"version-history":[{"count":1,"href":"https:\/\/labs.100x100.net\/projects\/rutasal\/wp-json\/wp\/v2\/posts\/676\/revisions"}],"predecessor-version":[{"id":3900,"href":"https:\/\/labs.100x100.net\/projects\/rutasal\/wp-json\/wp\/v2\/posts\/676\/revisions\/3900"}],"wp:featuredmedia":[{"embeddable":true,"href":"https:\/\/labs.100x100.net\/projects\/rutasal\/wp-json\/wp\/v2\/media\/3674"}],"wp:attachment":[{"href":"https:\/\/labs.100x100.net\/projects\/rutasal\/wp-json\/wp\/v2\/media?parent=676"}],"wp:term":[{"taxonomy":"category","embeddable":true,"href":"https:\/\/labs.100x100.net\/projects\/rutasal\/wp-json\/wp\/v2\/categories?post=676"},{"taxonomy":"post_tag","embeddable":true,"href":"https:\/\/labs.100x100.net\/projects\/rutasal\/wp-json\/wp\/v2\/tags?post=676"}],"curies":[{"name":"wp","href":"https:\/\/api.w.org\/{rel}","templated":true}]}}