{"id":6732,"date":"2022-01-27T17:54:01","date_gmt":"2022-01-27T15:54:01","guid":{"rendered":"https:\/\/larutadelasal.com\/?p=6732"},"modified":"2022-01-27T17:54:01","modified_gmt":"2022-01-27T15:54:01","slug":"ausmar-partner-de-seguridad-maritima","status":"publish","type":"post","link":"https:\/\/labs.100x100.net\/projects\/rutasal\/ausmar-partner-de-seguridad-maritima\/","title":{"rendered":"AUSMAR PARTNER DE SEGURIDAD MAR\u00cdTIMA"},"content":{"rendered":"<div id=\"attachment_6733\" style=\"width: 510px\" class=\"wp-caption alignright\"><img loading=\"lazy\" decoding=\"async\" aria-describedby=\"caption-attachment-6733\" class=\"wp-image-6733\" src=\"http:\/\/larutadelasal.com\/custom\/uploads\/2022\/01\/Acuerdo-AUSMAR_RDLS_CRA_2022-281x300.jpg\" alt=\"\" width=\"500\" height=\"534\" srcset=\"https:\/\/labs.100x100.net\/projects\/rutasal\/custom\/uploads\/2022\/01\/Acuerdo-AUSMAR_RDLS_CRA_2022-281x300.jpg 281w, https:\/\/labs.100x100.net\/projects\/rutasal\/custom\/uploads\/2022\/01\/Acuerdo-AUSMAR_RDLS_CRA_2022-959x1024.jpg 959w, https:\/\/labs.100x100.net\/projects\/rutasal\/custom\/uploads\/2022\/01\/Acuerdo-AUSMAR_RDLS_CRA_2022-768x820.jpg 768w, https:\/\/labs.100x100.net\/projects\/rutasal\/custom\/uploads\/2022\/01\/Acuerdo-AUSMAR_RDLS_CRA_2022.jpg 1368w\" sizes=\"(max-width: 500px) 100vw, 500px\" \/><p id=\"caption-attachment-6733\" class=\"wp-caption-text\">Joan Fragas, Director General de Ausmar, y Andr\u00e9s Oliva, Secretario T\u00e9cnico de Difusi\u00f3n N\u00e1utica.<\/p><\/div>\n<p><strong>Ausmar, ha renovado como principal empresa colaboradora en seguridad mar\u00edtima de La Ruta de la Sal y del Circuito de Regatas de Altura. <\/strong><\/p>\n<p>Fabricantes de la prestigiosa marca <strong>Duarry<\/strong> y con m\u00e1s de 40 a\u00f1os de experiencia en el \u00e1mbito de la seguridad n\u00e1utica, <strong>Ausmar<\/strong> cuenta con la <strong>red m\u00e1s amplia<\/strong> de estaciones de <strong>revisi\u00f3n de balsas<\/strong> salvavidas en Espa\u00f1a.<\/p>\n<p>M\u00e1s all\u00e1 de su reconocida labor en el sector de grandes naves profesionales, el apoyo de <strong>Ausmar<\/strong> a la Ruta de la Sal y al Circuito de Regatas de Altura resulta una clara muestra del compromiso de la marca con la <strong>navegaci\u00f3n deportiva y recreativa<\/strong>. Su larga trayectoria y experiencia en este sector, le posicionan como la referencia obligada en quien depositar la confianza de algo tan importante como es la <strong>seguridad en el mar<\/strong>.<\/p>\n<p>Toda la info de la empresa en: <a href=\"https:\/\/www.ausmar.com\/\">www.ausmar.com<\/a><\/p>\n","protected":false},"excerpt":{"rendered":"<p>Ausmar, ha renovado como principal empresa colaboradora en seguridad mar\u00edtima de La Ruta de la Sal y del Circuito de Regatas de Altura. Fabricantes de la prestigiosa marca Duarry y con m\u00e1s de 40 a\u00f1os de experiencia en el \u00e1mbito de la seguridad n\u00e1utica, Ausmar cuenta con la red m\u00e1s amplia de estaciones de revisi\u00f3n [&hellip;]<\/p>\n","protected":false},"author":8,"featured_media":6733,"comment_status":"open","ping_status":"open","sticky":false,"template":"","format":"standard","meta":{"_acf_changed":false,"footnotes":""},"categories":[3,27],"tags":[],"acf":[],"yoast_head":"<!-- This site is optimized with the Yoast SEO plugin v23.0 - https:\/\/yoast.com\/wordpress\/plugins\/seo\/ -->\n<title>AUSMAR PARTNER DE SEGURIDAD MAR\u00cdTIMA | Regata La Ruta de la Sal<\/title>\n<meta name=\"robots\" content=\"noindex, follow, max-snippet:-1, max-image-preview:large, max-video-preview:-1\" \/>\n<meta property=\"og:locale\" content=\"es_ES\" \/>\n<meta property=\"og:type\" content=\"article\" \/>\n<meta property=\"og:title\" content=\"AUSMAR PARTNER DE SEGURIDAD MAR\u00cdTIMA | Regata La Ruta de la Sal\" \/>\n<meta property=\"og:description\" content=\"Ausmar, ha renovado como principal empresa colaboradora en seguridad mar\u00edtima de La Ruta de la Sal y del Circuito de Regatas de Altura. Fabricantes de la prestigiosa marca Duarry y con m\u00e1s de 40 a\u00f1os de experiencia en el \u00e1mbito de la seguridad n\u00e1utica, Ausmar cuenta con la red m\u00e1s amplia de estaciones de revisi\u00f3n [&hellip;]\" \/>\n<meta property=\"og:url\" content=\"https:\/\/labs.100x100.net\/projects\/rutasal\/ausmar-partner-de-seguridad-maritima\/\" \/>\n<meta property=\"og:site_name\" content=\"Regata La Ruta de la Sal\" \/>\n<meta property=\"article:publisher\" content=\"https:\/\/www.facebook.com\/rutadelasal\/\" \/>\n<meta property=\"article:published_time\" content=\"2022-01-27T15:54:01+00:00\" \/>\n<meta property=\"og:image\" content=\"https:\/\/labs.100x100.net\/projects\/rutasal\/custom\/uploads\/2022\/01\/Acuerdo-AUSMAR_RDLS_CRA_2022.jpg\" \/>\n\t<meta property=\"og:image:width\" content=\"1368\" \/>\n\t<meta property=\"og:image:height\" content=\"1460\" \/>\n\t<meta property=\"og:image:type\" content=\"image\/jpeg\" \/>\n<meta name=\"author\" content=\"Enregata\" \/>\n<meta name=\"twitter:card\" content=\"summary_large_image\" \/>\n<meta name=\"twitter:creator\" content=\"@AnamMedi\" \/>\n<meta name=\"twitter:site\" content=\"@AnamMedi\" \/>\n<meta name=\"twitter:label1\" content=\"Escrito por\" \/>\n\t<meta name=\"twitter:data1\" content=\"Enregata\" \/>\n\t<meta name=\"twitter:label2\" content=\"Tiempo de lectura\" \/>\n\t<meta name=\"twitter:data2\" content=\"1 minuto\" \/>\n<script type=\"application\/ld+json\" class=\"yoast-schema-graph\">{\"@context\":\"https:\/\/schema.org\",\"@graph\":[{\"@type\":\"WebPage\",\"@id\":\"https:\/\/labs.100x100.net\/projects\/rutasal\/ausmar-partner-de-seguridad-maritima\/\",\"url\":\"https:\/\/labs.100x100.net\/projects\/rutasal\/ausmar-partner-de-seguridad-maritima\/\",\"name\":\"AUSMAR PARTNER DE SEGURIDAD MAR\u00cdTIMA | Regata La Ruta de la Sal\",\"isPartOf\":{\"@id\":\"https:\/\/labs.100x100.net\/projects\/rutasal\/#website\"},\"primaryImageOfPage\":{\"@id\":\"https:\/\/labs.100x100.net\/projects\/rutasal\/ausmar-partner-de-seguridad-maritima\/#primaryimage\"},\"image\":{\"@id\":\"https:\/\/labs.100x100.net\/projects\/rutasal\/ausmar-partner-de-seguridad-maritima\/#primaryimage\"},\"thumbnailUrl\":\"https:\/\/labs.100x100.net\/projects\/rutasal\/custom\/uploads\/2022\/01\/Acuerdo-AUSMAR_RDLS_CRA_2022.jpg\",\"datePublished\":\"2022-01-27T15:54:01+00:00\",\"dateModified\":\"2022-01-27T15:54:01+00:00\",\"author\":{\"@id\":\"https:\/\/labs.100x100.net\/projects\/rutasal\/#\/schema\/person\/ab0f0359773b0a59d5eb579ec54b37e8\"},\"breadcrumb\":{\"@id\":\"https:\/\/labs.100x100.net\/projects\/rutasal\/ausmar-partner-de-seguridad-maritima\/#breadcrumb\"},\"inLanguage\":\"es\",\"potentialAction\":[{\"@type\":\"ReadAction\",\"target\":[\"https:\/\/labs.100x100.net\/projects\/rutasal\/ausmar-partner-de-seguridad-maritima\/\"]}]},{\"@type\":\"ImageObject\",\"inLanguage\":\"es\",\"@id\":\"https:\/\/labs.100x100.net\/projects\/rutasal\/ausmar-partner-de-seguridad-maritima\/#primaryimage\",\"url\":\"https:\/\/labs.100x100.net\/projects\/rutasal\/custom\/uploads\/2022\/01\/Acuerdo-AUSMAR_RDLS_CRA_2022.jpg\",\"contentUrl\":\"https:\/\/labs.100x100.net\/projects\/rutasal\/custom\/uploads\/2022\/01\/Acuerdo-AUSMAR_RDLS_CRA_2022.jpg\",\"width\":1368,\"height\":1460,\"caption\":\"Joan Fragas, Director General de Ausmar, y Andr\u00e9s Oliva, Secretario T\u00e9cnico de Difusi\u00f3n N\u00e1utica.\"},{\"@type\":\"BreadcrumbList\",\"@id\":\"https:\/\/labs.100x100.net\/projects\/rutasal\/ausmar-partner-de-seguridad-maritima\/#breadcrumb\",\"itemListElement\":[{\"@type\":\"ListItem\",\"position\":1,\"name\":\"Portada\",\"item\":\"https:\/\/labs.100x100.net\/projects\/rutasal\/\"},{\"@type\":\"ListItem\",\"position\":2,\"name\":\"AUSMAR PARTNER DE SEGURIDAD MAR\u00cdTIMA\"}]},{\"@type\":\"WebSite\",\"@id\":\"https:\/\/labs.100x100.net\/projects\/rutasal\/#website\",\"url\":\"https:\/\/labs.100x100.net\/projects\/rutasal\/\",\"name\":\"Regata La Ruta de la Sal\",\"description\":\"Regata La Ruta de la Sal es una regata de Altura Mediterr\u00e1nea para barcos de crucero a vela con destino en Ibiza, que se disputa anualmente en Semana Santa.\",\"potentialAction\":[{\"@type\":\"SearchAction\",\"target\":{\"@type\":\"EntryPoint\",\"urlTemplate\":\"https:\/\/labs.100x100.net\/projects\/rutasal\/?s={search_term_string}\"},\"query-input\":\"required name=search_term_string\"}],\"inLanguage\":\"es\"},{\"@type\":\"Person\",\"@id\":\"https:\/\/labs.100x100.net\/projects\/rutasal\/#\/schema\/person\/ab0f0359773b0a59d5eb579ec54b37e8\",\"name\":\"Enregata\",\"image\":{\"@type\":\"ImageObject\",\"inLanguage\":\"es\",\"@id\":\"https:\/\/labs.100x100.net\/projects\/rutasal\/#\/schema\/person\/image\/\",\"url\":\"https:\/\/secure.gravatar.com\/avatar\/c674f392343d66e95fba904bf4162243?s=96&d=mm&r=g\",\"contentUrl\":\"https:\/\/secure.gravatar.com\/avatar\/c674f392343d66e95fba904bf4162243?s=96&d=mm&r=g\",\"caption\":\"Enregata\"}}]}<\/script>\n<!-- \/ Yoast SEO plugin. -->","yoast_head_json":{"title":"AUSMAR PARTNER DE SEGURIDAD MAR\u00cdTIMA | Regata La Ruta de la Sal","robots":{"index":"noindex","follow":"follow","max-snippet":"max-snippet:-1","max-image-preview":"max-image-preview:large","max-video-preview":"max-video-preview:-1"},"og_locale":"es_ES","og_type":"article","og_title":"AUSMAR PARTNER DE SEGURIDAD MAR\u00cdTIMA | Regata La Ruta de la Sal","og_description":"Ausmar, ha renovado como principal empresa colaboradora en seguridad mar\u00edtima de La Ruta de la Sal y del Circuito de Regatas de Altura. Fabricantes de la prestigiosa marca Duarry y con m\u00e1s de 40 a\u00f1os de experiencia en el \u00e1mbito de la seguridad n\u00e1utica, Ausmar cuenta con la red m\u00e1s amplia de estaciones de revisi\u00f3n [&hellip;]","og_url":"https:\/\/labs.100x100.net\/projects\/rutasal\/ausmar-partner-de-seguridad-maritima\/","og_site_name":"Regata La Ruta de la Sal","article_publisher":"https:\/\/www.facebook.com\/rutadelasal\/","article_published_time":"2022-01-27T15:54:01+00:00","og_image":[{"width":1368,"height":1460,"url":"https:\/\/labs.100x100.net\/projects\/rutasal\/custom\/uploads\/2022\/01\/Acuerdo-AUSMAR_RDLS_CRA_2022.jpg","type":"image\/jpeg"}],"author":"Enregata","twitter_card":"summary_large_image","twitter_creator":"@AnamMedi","twitter_site":"@AnamMedi","twitter_misc":{"Escrito por":"Enregata","Tiempo de lectura":"1 minuto"},"schema":{"@context":"https:\/\/schema.org","@graph":[{"@type":"WebPage","@id":"https:\/\/labs.100x100.net\/projects\/rutasal\/ausmar-partner-de-seguridad-maritima\/","url":"https:\/\/labs.100x100.net\/projects\/rutasal\/ausmar-partner-de-seguridad-maritima\/","name":"AUSMAR PARTNER DE SEGURIDAD MAR\u00cdTIMA | Regata La Ruta de la Sal","isPartOf":{"@id":"https:\/\/labs.100x100.net\/projects\/rutasal\/#website"},"primaryImageOfPage":{"@id":"https:\/\/labs.100x100.net\/projects\/rutasal\/ausmar-partner-de-seguridad-maritima\/#primaryimage"},"image":{"@id":"https:\/\/labs.100x100.net\/projects\/rutasal\/ausmar-partner-de-seguridad-maritima\/#primaryimage"},"thumbnailUrl":"https:\/\/labs.100x100.net\/projects\/rutasal\/custom\/uploads\/2022\/01\/Acuerdo-AUSMAR_RDLS_CRA_2022.jpg","datePublished":"2022-01-27T15:54:01+00:00","dateModified":"2022-01-27T15:54:01+00:00","author":{"@id":"https:\/\/labs.100x100.net\/projects\/rutasal\/#\/schema\/person\/ab0f0359773b0a59d5eb579ec54b37e8"},"breadcrumb":{"@id":"https:\/\/labs.100x100.net\/projects\/rutasal\/ausmar-partner-de-seguridad-maritima\/#breadcrumb"},"inLanguage":"es","potentialAction":[{"@type":"ReadAction","target":["https:\/\/labs.100x100.net\/projects\/rutasal\/ausmar-partner-de-seguridad-maritima\/"]}]},{"@type":"ImageObject","inLanguage":"es","@id":"https:\/\/labs.100x100.net\/projects\/rutasal\/ausmar-partner-de-seguridad-maritima\/#primaryimage","url":"https:\/\/labs.100x100.net\/projects\/rutasal\/custom\/uploads\/2022\/01\/Acuerdo-AUSMAR_RDLS_CRA_2022.jpg","contentUrl":"https:\/\/labs.100x100.net\/projects\/rutasal\/custom\/uploads\/2022\/01\/Acuerdo-AUSMAR_RDLS_CRA_2022.jpg","width":1368,"height":1460,"caption":"Joan Fragas, Director General de Ausmar, y Andr\u00e9s Oliva, Secretario T\u00e9cnico de Difusi\u00f3n N\u00e1utica."},{"@type":"BreadcrumbList","@id":"https:\/\/labs.100x100.net\/projects\/rutasal\/ausmar-partner-de-seguridad-maritima\/#breadcrumb","itemListElement":[{"@type":"ListItem","position":1,"name":"Portada","item":"https:\/\/labs.100x100.net\/projects\/rutasal\/"},{"@type":"ListItem","position":2,"name":"AUSMAR PARTNER DE SEGURIDAD MAR\u00cdTIMA"}]},{"@type":"WebSite","@id":"https:\/\/labs.100x100.net\/projects\/rutasal\/#website","url":"https:\/\/labs.100x100.net\/projects\/rutasal\/","name":"Regata La Ruta de la Sal","description":"Regata La Ruta de la Sal es una regata de Altura Mediterr\u00e1nea para barcos de crucero a vela con destino en Ibiza, que se disputa anualmente en Semana Santa.","potentialAction":[{"@type":"SearchAction","target":{"@type":"EntryPoint","urlTemplate":"https:\/\/labs.100x100.net\/projects\/rutasal\/?s={search_term_string}"},"query-input":"required name=search_term_string"}],"inLanguage":"es"},{"@type":"Person","@id":"https:\/\/labs.100x100.net\/projects\/rutasal\/#\/schema\/person\/ab0f0359773b0a59d5eb579ec54b37e8","name":"Enregata","image":{"@type":"ImageObject","inLanguage":"es","@id":"https:\/\/labs.100x100.net\/projects\/rutasal\/#\/schema\/person\/image\/","url":"https:\/\/secure.gravatar.com\/avatar\/c674f392343d66e95fba904bf4162243?s=96&d=mm&r=g","contentUrl":"https:\/\/secure.gravatar.com\/avatar\/c674f392343d66e95fba904bf4162243?s=96&d=mm&r=g","caption":"Enregata"}}]}},"_links":{"self":[{"href":"https:\/\/labs.100x100.net\/projects\/rutasal\/wp-json\/wp\/v2\/posts\/6732"}],"collection":[{"href":"https:\/\/labs.100x100.net\/projects\/rutasal\/wp-json\/wp\/v2\/posts"}],"about":[{"href":"https:\/\/labs.100x100.net\/projects\/rutasal\/wp-json\/wp\/v2\/types\/post"}],"author":[{"embeddable":true,"href":"https:\/\/labs.100x100.net\/projects\/rutasal\/wp-json\/wp\/v2\/users\/8"}],"replies":[{"embeddable":true,"href":"https:\/\/labs.100x100.net\/projects\/rutasal\/wp-json\/wp\/v2\/comments?post=6732"}],"version-history":[{"count":6,"href":"https:\/\/labs.100x100.net\/projects\/rutasal\/wp-json\/wp\/v2\/posts\/6732\/revisions"}],"predecessor-version":[{"id":6741,"href":"https:\/\/labs.100x100.net\/projects\/rutasal\/wp-json\/wp\/v2\/posts\/6732\/revisions\/6741"}],"wp:featuredmedia":[{"embeddable":true,"href":"https:\/\/labs.100x100.net\/projects\/rutasal\/wp-json\/wp\/v2\/media\/6733"}],"wp:attachment":[{"href":"https:\/\/labs.100x100.net\/projects\/rutasal\/wp-json\/wp\/v2\/media?parent=6732"}],"wp:term":[{"taxonomy":"category","embeddable":true,"href":"https:\/\/labs.100x100.net\/projects\/rutasal\/wp-json\/wp\/v2\/categories?post=6732"},{"taxonomy":"post_tag","embeddable":true,"href":"https:\/\/labs.100x100.net\/projects\/rutasal\/wp-json\/wp\/v2\/tags?post=6732"}],"curies":[{"name":"wp","href":"https:\/\/api.w.org\/{rel}","templated":true}]}}