{"id":6681,"date":"2021-12-02T12:24:15","date_gmt":"2021-12-02T10:24:15","guid":{"rendered":"https:\/\/larutadelasal.com\/?p=6681"},"modified":"2022-01-20T13:33:25","modified_gmt":"2022-01-20T11:33:25","slug":"globesailor-y-la-ruta-de-la-sal-renuevan-acuerdo-de-patrocinio","status":"publish","type":"post","link":"https:\/\/labs.100x100.net\/projects\/rutasal\/globesailor-y-la-ruta-de-la-sal-renuevan-acuerdo-de-patrocinio\/","title":{"rendered":"GlobeSailor y La Ruta de la Sal renuevan acuerdo de patrocinio"},"content":{"rendered":"<p><img loading=\"lazy\" decoding=\"async\" class=\"aligncenter wp-image-6685 size-medium\" src=\"http:\/\/larutadelasal.com\/custom\/uploads\/2021\/12\/GS_logo_C_RVB-1-300x139.png\" alt=\"\" width=\"300\" height=\"139\" srcset=\"https:\/\/labs.100x100.net\/projects\/rutasal\/custom\/uploads\/2021\/12\/GS_logo_C_RVB-1-300x139.png 300w, https:\/\/labs.100x100.net\/projects\/rutasal\/custom\/uploads\/2021\/12\/GS_logo_C_RVB-1-1024x474.png 1024w, https:\/\/labs.100x100.net\/projects\/rutasal\/custom\/uploads\/2021\/12\/GS_logo_C_RVB-1-768x355.png 768w, https:\/\/labs.100x100.net\/projects\/rutasal\/custom\/uploads\/2021\/12\/GS_logo_C_RVB-1.png 1271w\" sizes=\"(max-width: 300px) 100vw, 300px\" \/><\/p>\n<p>Por tercer a\u00f1o consecutivo, <a href=\"https:\/\/www.globesailor.es\/\">GlobeSailor<\/a>, una de las principales agencias internacionales de charter para el alquiler de barcos, renueva su colaboraci\u00f3n con La Ruta de la Sal, reconociendo la capacidad dinamizadora del evento y su poder de difusi\u00f3n.<\/p>\n<p>Lo que antes parec\u00eda una quimera, como alquilar un barco a trav\u00e9s de internet , ya no solo resulta lo m\u00e1s com\u00fan del mundo, si no que se est\u00e1 convirtiendo en el principal canal de contrataci\u00f3n de barcos de alquiler. <a href=\"https:\/\/www.globesailor.es\/\">GlobeSailor<\/a>, referencia internacional en este sector, ofrece uno de los motores de b\u00fasqueda m\u00e1s potentes para comparar las flotas disponibles y alquilar un barco en m\u00e1s de 150 destinos en todo el Mundo. El servicio incluye tambi\u00e9n una red de expertos que aconsejan y personalizan las ofertas a los clientes.<\/p>\n<p>Vista la creciente participaci\u00f3n de embarcaciones de alquiler en la regata, hace un tiempo el Comit\u00e9 de la Ruta de la Sal estableci\u00f3 ya una categor\u00eda concreta para las embarcaciones ch\u00e1rter, que a partir de la pr\u00f3xima edici\u00f3n recibir\u00e1 el nombre de <strong>Categor\u00eda GlobeSailor<\/strong>.<\/p>\n<p>La colaboraci\u00f3n entre La Ruta de la Sal y <a href=\"https:\/\/www.globesailor.es\/\">GlobeSailor<\/a> no acaba aqu\u00ed, pues dentro del acuerdo est\u00e1 previsto regalar el alquiler de un velero en un destino de ensue\u00f1o a uno de los participantes de la regata a trav\u00e9s de un concurso, cuyos detalles ser\u00e1n revelados en los d\u00edas previos al evento.<\/p>\n<p>M\u00e1s info sobre su servicio en: <a href=\"https:\/\/www.globesailor.es\">https:\/\/www.globesailor.es<\/a><\/p>\n<p><iframe loading=\"lazy\" width=\"560\" height=\"315\" src=\"https:\/\/www.youtube.com\/embed\/00BLr6wYc84\" title=\"YouTube video player\" frameborder=\"0\" allow=\"accelerometer; autoplay; clipboard-write; encrypted-media; gyroscope; picture-in-picture\" allowfullscreen><\/iframe><\/p>\n<p>&nbsp;<\/p>\n","protected":false},"excerpt":{"rendered":"<p>Por tercer a\u00f1o consecutivo, GlobeSailor, una de las principales agencias internacionales de charter para el alquiler de barcos, renueva su colaboraci\u00f3n con La Ruta de la Sal, reconociendo la capacidad dinamizadora del evento y su poder de difusi\u00f3n. Lo que antes parec\u00eda una quimera, como alquilar un barco a trav\u00e9s de internet , ya no [&hellip;]<\/p>\n","protected":false},"author":8,"featured_media":6691,"comment_status":"open","ping_status":"open","sticky":false,"template":"","format":"standard","meta":{"_acf_changed":false,"footnotes":""},"categories":[3,27],"tags":[],"acf":[],"yoast_head":"<!-- This site is optimized with the Yoast SEO plugin v23.0 - https:\/\/yoast.com\/wordpress\/plugins\/seo\/ -->\n<title>GlobeSailor y La Ruta de la Sal renuevan acuerdo de patrocinio | Regata La Ruta de la Sal<\/title>\n<meta name=\"robots\" content=\"noindex, follow, max-snippet:-1, max-image-preview:large, max-video-preview:-1\" \/>\n<meta property=\"og:locale\" content=\"es_ES\" \/>\n<meta property=\"og:type\" content=\"article\" \/>\n<meta property=\"og:title\" content=\"GlobeSailor y La Ruta de la Sal renuevan acuerdo de patrocinio | Regata La Ruta de la Sal\" \/>\n<meta property=\"og:description\" content=\"Por tercer a\u00f1o consecutivo, GlobeSailor, una de las principales agencias internacionales de charter para el alquiler de barcos, renueva su colaboraci\u00f3n con La Ruta de la Sal, reconociendo la capacidad dinamizadora del evento y su poder de difusi\u00f3n. Lo que antes parec\u00eda una quimera, como alquilar un barco a trav\u00e9s de internet , ya no [&hellip;]\" \/>\n<meta property=\"og:url\" content=\"https:\/\/labs.100x100.net\/projects\/rutasal\/globesailor-y-la-ruta-de-la-sal-renuevan-acuerdo-de-patrocinio\/\" \/>\n<meta property=\"og:site_name\" content=\"Regata La Ruta de la Sal\" \/>\n<meta property=\"article:publisher\" content=\"https:\/\/www.facebook.com\/rutadelasal\/\" \/>\n<meta property=\"article:published_time\" content=\"2021-12-02T10:24:15+00:00\" \/>\n<meta property=\"article:modified_time\" content=\"2022-01-20T11:33:25+00:00\" \/>\n<meta property=\"og:image\" content=\"https:\/\/labs.100x100.net\/projects\/rutasal\/custom\/uploads\/2021\/12\/GS_logo_C_RVB_cuadrado.png\" \/>\n\t<meta property=\"og:image:width\" content=\"1300\" \/>\n\t<meta property=\"og:image:height\" content=\"1300\" \/>\n\t<meta property=\"og:image:type\" content=\"image\/png\" \/>\n<meta name=\"author\" content=\"Enregata\" \/>\n<meta name=\"twitter:card\" content=\"summary_large_image\" \/>\n<meta name=\"twitter:creator\" content=\"@AnamMedi\" \/>\n<meta name=\"twitter:site\" content=\"@AnamMedi\" \/>\n<meta name=\"twitter:label1\" content=\"Escrito por\" \/>\n\t<meta name=\"twitter:data1\" content=\"Enregata\" \/>\n\t<meta name=\"twitter:label2\" content=\"Tiempo de lectura\" \/>\n\t<meta name=\"twitter:data2\" content=\"2 minutos\" \/>\n<script type=\"application\/ld+json\" class=\"yoast-schema-graph\">{\"@context\":\"https:\/\/schema.org\",\"@graph\":[{\"@type\":\"WebPage\",\"@id\":\"https:\/\/labs.100x100.net\/projects\/rutasal\/globesailor-y-la-ruta-de-la-sal-renuevan-acuerdo-de-patrocinio\/\",\"url\":\"https:\/\/labs.100x100.net\/projects\/rutasal\/globesailor-y-la-ruta-de-la-sal-renuevan-acuerdo-de-patrocinio\/\",\"name\":\"GlobeSailor y La Ruta de la Sal renuevan acuerdo de patrocinio | Regata La Ruta de la Sal\",\"isPartOf\":{\"@id\":\"https:\/\/labs.100x100.net\/projects\/rutasal\/#website\"},\"primaryImageOfPage\":{\"@id\":\"https:\/\/labs.100x100.net\/projects\/rutasal\/globesailor-y-la-ruta-de-la-sal-renuevan-acuerdo-de-patrocinio\/#primaryimage\"},\"image\":{\"@id\":\"https:\/\/labs.100x100.net\/projects\/rutasal\/globesailor-y-la-ruta-de-la-sal-renuevan-acuerdo-de-patrocinio\/#primaryimage\"},\"thumbnailUrl\":\"https:\/\/labs.100x100.net\/projects\/rutasal\/custom\/uploads\/2021\/12\/GS_logo_C_RVB_cuadrado.png\",\"datePublished\":\"2021-12-02T10:24:15+00:00\",\"dateModified\":\"2022-01-20T11:33:25+00:00\",\"author\":{\"@id\":\"https:\/\/labs.100x100.net\/projects\/rutasal\/#\/schema\/person\/ab0f0359773b0a59d5eb579ec54b37e8\"},\"breadcrumb\":{\"@id\":\"https:\/\/labs.100x100.net\/projects\/rutasal\/globesailor-y-la-ruta-de-la-sal-renuevan-acuerdo-de-patrocinio\/#breadcrumb\"},\"inLanguage\":\"es\",\"potentialAction\":[{\"@type\":\"ReadAction\",\"target\":[\"https:\/\/labs.100x100.net\/projects\/rutasal\/globesailor-y-la-ruta-de-la-sal-renuevan-acuerdo-de-patrocinio\/\"]}]},{\"@type\":\"ImageObject\",\"inLanguage\":\"es\",\"@id\":\"https:\/\/labs.100x100.net\/projects\/rutasal\/globesailor-y-la-ruta-de-la-sal-renuevan-acuerdo-de-patrocinio\/#primaryimage\",\"url\":\"https:\/\/labs.100x100.net\/projects\/rutasal\/custom\/uploads\/2021\/12\/GS_logo_C_RVB_cuadrado.png\",\"contentUrl\":\"https:\/\/labs.100x100.net\/projects\/rutasal\/custom\/uploads\/2021\/12\/GS_logo_C_RVB_cuadrado.png\",\"width\":1300,\"height\":1300},{\"@type\":\"BreadcrumbList\",\"@id\":\"https:\/\/labs.100x100.net\/projects\/rutasal\/globesailor-y-la-ruta-de-la-sal-renuevan-acuerdo-de-patrocinio\/#breadcrumb\",\"itemListElement\":[{\"@type\":\"ListItem\",\"position\":1,\"name\":\"Portada\",\"item\":\"https:\/\/labs.100x100.net\/projects\/rutasal\/\"},{\"@type\":\"ListItem\",\"position\":2,\"name\":\"GlobeSailor y La Ruta de la Sal renuevan acuerdo de patrocinio\"}]},{\"@type\":\"WebSite\",\"@id\":\"https:\/\/labs.100x100.net\/projects\/rutasal\/#website\",\"url\":\"https:\/\/labs.100x100.net\/projects\/rutasal\/\",\"name\":\"Regata La Ruta de la Sal\",\"description\":\"Regata La Ruta de la Sal es una regata de Altura Mediterr\u00e1nea para barcos de crucero a vela con destino en Ibiza, que se disputa anualmente en Semana Santa.\",\"potentialAction\":[{\"@type\":\"SearchAction\",\"target\":{\"@type\":\"EntryPoint\",\"urlTemplate\":\"https:\/\/labs.100x100.net\/projects\/rutasal\/?s={search_term_string}\"},\"query-input\":\"required name=search_term_string\"}],\"inLanguage\":\"es\"},{\"@type\":\"Person\",\"@id\":\"https:\/\/labs.100x100.net\/projects\/rutasal\/#\/schema\/person\/ab0f0359773b0a59d5eb579ec54b37e8\",\"name\":\"Enregata\",\"image\":{\"@type\":\"ImageObject\",\"inLanguage\":\"es\",\"@id\":\"https:\/\/labs.100x100.net\/projects\/rutasal\/#\/schema\/person\/image\/\",\"url\":\"https:\/\/secure.gravatar.com\/avatar\/c674f392343d66e95fba904bf4162243?s=96&d=mm&r=g\",\"contentUrl\":\"https:\/\/secure.gravatar.com\/avatar\/c674f392343d66e95fba904bf4162243?s=96&d=mm&r=g\",\"caption\":\"Enregata\"}}]}<\/script>\n<!-- \/ Yoast SEO plugin. -->","yoast_head_json":{"title":"GlobeSailor y La Ruta de la Sal renuevan acuerdo de patrocinio | Regata La Ruta de la Sal","robots":{"index":"noindex","follow":"follow","max-snippet":"max-snippet:-1","max-image-preview":"max-image-preview:large","max-video-preview":"max-video-preview:-1"},"og_locale":"es_ES","og_type":"article","og_title":"GlobeSailor y La Ruta de la Sal renuevan acuerdo de patrocinio | Regata La Ruta de la Sal","og_description":"Por tercer a\u00f1o consecutivo, GlobeSailor, una de las principales agencias internacionales de charter para el alquiler de barcos, renueva su colaboraci\u00f3n con La Ruta de la Sal, reconociendo la capacidad dinamizadora del evento y su poder de difusi\u00f3n. Lo que antes parec\u00eda una quimera, como alquilar un barco a trav\u00e9s de internet , ya no [&hellip;]","og_url":"https:\/\/labs.100x100.net\/projects\/rutasal\/globesailor-y-la-ruta-de-la-sal-renuevan-acuerdo-de-patrocinio\/","og_site_name":"Regata La Ruta de la Sal","article_publisher":"https:\/\/www.facebook.com\/rutadelasal\/","article_published_time":"2021-12-02T10:24:15+00:00","article_modified_time":"2022-01-20T11:33:25+00:00","og_image":[{"width":1300,"height":1300,"url":"https:\/\/labs.100x100.net\/projects\/rutasal\/custom\/uploads\/2021\/12\/GS_logo_C_RVB_cuadrado.png","type":"image\/png"}],"author":"Enregata","twitter_card":"summary_large_image","twitter_creator":"@AnamMedi","twitter_site":"@AnamMedi","twitter_misc":{"Escrito por":"Enregata","Tiempo de lectura":"2 minutos"},"schema":{"@context":"https:\/\/schema.org","@graph":[{"@type":"WebPage","@id":"https:\/\/labs.100x100.net\/projects\/rutasal\/globesailor-y-la-ruta-de-la-sal-renuevan-acuerdo-de-patrocinio\/","url":"https:\/\/labs.100x100.net\/projects\/rutasal\/globesailor-y-la-ruta-de-la-sal-renuevan-acuerdo-de-patrocinio\/","name":"GlobeSailor y La Ruta de la Sal renuevan acuerdo de patrocinio | Regata La Ruta de la Sal","isPartOf":{"@id":"https:\/\/labs.100x100.net\/projects\/rutasal\/#website"},"primaryImageOfPage":{"@id":"https:\/\/labs.100x100.net\/projects\/rutasal\/globesailor-y-la-ruta-de-la-sal-renuevan-acuerdo-de-patrocinio\/#primaryimage"},"image":{"@id":"https:\/\/labs.100x100.net\/projects\/rutasal\/globesailor-y-la-ruta-de-la-sal-renuevan-acuerdo-de-patrocinio\/#primaryimage"},"thumbnailUrl":"https:\/\/labs.100x100.net\/projects\/rutasal\/custom\/uploads\/2021\/12\/GS_logo_C_RVB_cuadrado.png","datePublished":"2021-12-02T10:24:15+00:00","dateModified":"2022-01-20T11:33:25+00:00","author":{"@id":"https:\/\/labs.100x100.net\/projects\/rutasal\/#\/schema\/person\/ab0f0359773b0a59d5eb579ec54b37e8"},"breadcrumb":{"@id":"https:\/\/labs.100x100.net\/projects\/rutasal\/globesailor-y-la-ruta-de-la-sal-renuevan-acuerdo-de-patrocinio\/#breadcrumb"},"inLanguage":"es","potentialAction":[{"@type":"ReadAction","target":["https:\/\/labs.100x100.net\/projects\/rutasal\/globesailor-y-la-ruta-de-la-sal-renuevan-acuerdo-de-patrocinio\/"]}]},{"@type":"ImageObject","inLanguage":"es","@id":"https:\/\/labs.100x100.net\/projects\/rutasal\/globesailor-y-la-ruta-de-la-sal-renuevan-acuerdo-de-patrocinio\/#primaryimage","url":"https:\/\/labs.100x100.net\/projects\/rutasal\/custom\/uploads\/2021\/12\/GS_logo_C_RVB_cuadrado.png","contentUrl":"https:\/\/labs.100x100.net\/projects\/rutasal\/custom\/uploads\/2021\/12\/GS_logo_C_RVB_cuadrado.png","width":1300,"height":1300},{"@type":"BreadcrumbList","@id":"https:\/\/labs.100x100.net\/projects\/rutasal\/globesailor-y-la-ruta-de-la-sal-renuevan-acuerdo-de-patrocinio\/#breadcrumb","itemListElement":[{"@type":"ListItem","position":1,"name":"Portada","item":"https:\/\/labs.100x100.net\/projects\/rutasal\/"},{"@type":"ListItem","position":2,"name":"GlobeSailor y La Ruta de la Sal renuevan acuerdo de patrocinio"}]},{"@type":"WebSite","@id":"https:\/\/labs.100x100.net\/projects\/rutasal\/#website","url":"https:\/\/labs.100x100.net\/projects\/rutasal\/","name":"Regata La Ruta de la Sal","description":"Regata La Ruta de la Sal es una regata de Altura Mediterr\u00e1nea para barcos de crucero a vela con destino en Ibiza, que se disputa anualmente en Semana Santa.","potentialAction":[{"@type":"SearchAction","target":{"@type":"EntryPoint","urlTemplate":"https:\/\/labs.100x100.net\/projects\/rutasal\/?s={search_term_string}"},"query-input":"required name=search_term_string"}],"inLanguage":"es"},{"@type":"Person","@id":"https:\/\/labs.100x100.net\/projects\/rutasal\/#\/schema\/person\/ab0f0359773b0a59d5eb579ec54b37e8","name":"Enregata","image":{"@type":"ImageObject","inLanguage":"es","@id":"https:\/\/labs.100x100.net\/projects\/rutasal\/#\/schema\/person\/image\/","url":"https:\/\/secure.gravatar.com\/avatar\/c674f392343d66e95fba904bf4162243?s=96&d=mm&r=g","contentUrl":"https:\/\/secure.gravatar.com\/avatar\/c674f392343d66e95fba904bf4162243?s=96&d=mm&r=g","caption":"Enregata"}}]}},"_links":{"self":[{"href":"https:\/\/labs.100x100.net\/projects\/rutasal\/wp-json\/wp\/v2\/posts\/6681"}],"collection":[{"href":"https:\/\/labs.100x100.net\/projects\/rutasal\/wp-json\/wp\/v2\/posts"}],"about":[{"href":"https:\/\/labs.100x100.net\/projects\/rutasal\/wp-json\/wp\/v2\/types\/post"}],"author":[{"embeddable":true,"href":"https:\/\/labs.100x100.net\/projects\/rutasal\/wp-json\/wp\/v2\/users\/8"}],"replies":[{"embeddable":true,"href":"https:\/\/labs.100x100.net\/projects\/rutasal\/wp-json\/wp\/v2\/comments?post=6681"}],"version-history":[{"count":3,"href":"https:\/\/labs.100x100.net\/projects\/rutasal\/wp-json\/wp\/v2\/posts\/6681\/revisions"}],"predecessor-version":[{"id":6690,"href":"https:\/\/labs.100x100.net\/projects\/rutasal\/wp-json\/wp\/v2\/posts\/6681\/revisions\/6690"}],"wp:featuredmedia":[{"embeddable":true,"href":"https:\/\/labs.100x100.net\/projects\/rutasal\/wp-json\/wp\/v2\/media\/6691"}],"wp:attachment":[{"href":"https:\/\/labs.100x100.net\/projects\/rutasal\/wp-json\/wp\/v2\/media?parent=6681"}],"wp:term":[{"taxonomy":"category","embeddable":true,"href":"https:\/\/labs.100x100.net\/projects\/rutasal\/wp-json\/wp\/v2\/categories?post=6681"},{"taxonomy":"post_tag","embeddable":true,"href":"https:\/\/labs.100x100.net\/projects\/rutasal\/wp-json\/wp\/v2\/tags?post=6681"}],"curies":[{"name":"wp","href":"https:\/\/api.w.org\/{rel}","templated":true}]}}