{"id":6673,"date":"2021-11-26T16:21:19","date_gmt":"2021-11-26T14:21:19","guid":{"rendered":"https:\/\/larutadelasal.com\/?p=6673"},"modified":"2021-11-26T16:22:38","modified_gmt":"2021-11-26T14:22:38","slug":"ibiza-nuevamente-con-la-ruta-de-la-sal","status":"publish","type":"post","link":"https:\/\/labs.100x100.net\/projects\/rutasal\/ibiza-nuevamente-con-la-ruta-de-la-sal\/","title":{"rendered":"IBIZA SIEMPRE CON LA RUTA DE LA SAL"},"content":{"rendered":"<p>El pasado mi\u00e9rcoles 24 de noviembre el Consell d\u2019Eivissa renov\u00f3 su compromiso de apoyo a La Ruta de la Sal, evento deportivo de Inter\u00e9s Tur\u00edstico Insular. El Consell d\u2019Eivissa estuvo representado en la reuni\u00f3n por Salvador Losa, Conseller de Deportes, Juventud, Econom\u00eda y Hacienda, as\u00ed como por Juan Miguel Costa, Director Insular de Turismo. Por parte de La Ruta de la Sal, asistieron Enrique Curt, Director de Regata y Andr\u00e9s Oliva, Director T\u00e9cnico.<\/p>\n<p><img loading=\"lazy\" decoding=\"async\" class=\"aligncenter size-full wp-image-6674\" src=\"http:\/\/larutadelasal.com\/custom\/uploads\/2021\/11\/reunion_consell-scaled.jpg\" alt=\"\" width=\"2560\" height=\"1914\" srcset=\"https:\/\/labs.100x100.net\/projects\/rutasal\/custom\/uploads\/2021\/11\/reunion_consell-scaled.jpg 2560w, https:\/\/labs.100x100.net\/projects\/rutasal\/custom\/uploads\/2021\/11\/reunion_consell-300x224.jpg 300w, https:\/\/labs.100x100.net\/projects\/rutasal\/custom\/uploads\/2021\/11\/reunion_consell-1024x765.jpg 1024w, https:\/\/labs.100x100.net\/projects\/rutasal\/custom\/uploads\/2021\/11\/reunion_consell-768x574.jpg 768w, https:\/\/labs.100x100.net\/projects\/rutasal\/custom\/uploads\/2021\/11\/reunion_consell-1536x1148.jpg 1536w, https:\/\/labs.100x100.net\/projects\/rutasal\/custom\/uploads\/2021\/11\/reunion_consell-2048x1531.jpg 2048w\" sizes=\"(max-width: 2560px) 100vw, 2560px\" \/><\/p>\n<p>Los representantes de la regata tambi\u00e9n tuvieron oportunidad de reunirse ese mismo d\u00eda con el Alcalde y el Regidor de Turismo de Sant Antoni de Portmany, Marcos Serra y Miguel Tur, que , a su vez, renovaron el compromiso municipal de apoyo al evento.<\/p>\n<p>Finalmente, con Enrique M\u00e1s, Director Deportivo del Club N\u00e1utico de Sant Antoni de Portmany, se trat\u00f3 el tema de la acogida de la flota, y la importancia de unir esfuerzos con Ports IB para disponer de un n\u00famero de amarres capaz de absorver el gran volumen de participaci\u00f3n que caracteriza hist\u00f3ricamente a La Ruta de la Sal, y que hace de este evento la regata de altura m\u00e1s popular del Mediterr\u00e1neo.<\/p>\n","protected":false},"excerpt":{"rendered":"<p>El pasado mi\u00e9rcoles 24 de noviembre el Consell d\u2019Eivissa renov\u00f3 su compromiso de apoyo a La Ruta de la Sal, evento deportivo de Inter\u00e9s Tur\u00edstico Insular. El Consell d\u2019Eivissa estuvo representado en la reuni\u00f3n por Salvador Losa, Conseller de Deportes, Juventud, Econom\u00eda y Hacienda, as\u00ed como por Juan Miguel Costa, Director Insular de Turismo. Por [&hellip;]<\/p>\n","protected":false},"author":8,"featured_media":6674,"comment_status":"open","ping_status":"open","sticky":false,"template":"","format":"standard","meta":{"_acf_changed":false,"footnotes":""},"categories":[3],"tags":[],"acf":[],"yoast_head":"<!-- This site is optimized with the Yoast SEO plugin v23.0 - https:\/\/yoast.com\/wordpress\/plugins\/seo\/ -->\n<title>IBIZA SIEMPRE CON LA RUTA DE LA SAL | Regata La Ruta de la Sal<\/title>\n<meta name=\"robots\" content=\"noindex, follow, max-snippet:-1, max-image-preview:large, max-video-preview:-1\" \/>\n<meta property=\"og:locale\" content=\"es_ES\" \/>\n<meta property=\"og:type\" content=\"article\" \/>\n<meta property=\"og:title\" content=\"IBIZA SIEMPRE CON LA RUTA DE LA SAL | Regata La Ruta de la Sal\" \/>\n<meta property=\"og:description\" content=\"El pasado mi\u00e9rcoles 24 de noviembre el Consell d\u2019Eivissa renov\u00f3 su compromiso de apoyo a La Ruta de la Sal, evento deportivo de Inter\u00e9s Tur\u00edstico Insular. El Consell d\u2019Eivissa estuvo representado en la reuni\u00f3n por Salvador Losa, Conseller de Deportes, Juventud, Econom\u00eda y Hacienda, as\u00ed como por Juan Miguel Costa, Director Insular de Turismo. Por [&hellip;]\" \/>\n<meta property=\"og:url\" content=\"https:\/\/labs.100x100.net\/projects\/rutasal\/ibiza-nuevamente-con-la-ruta-de-la-sal\/\" \/>\n<meta property=\"og:site_name\" content=\"Regata La Ruta de la Sal\" \/>\n<meta property=\"article:publisher\" content=\"https:\/\/www.facebook.com\/rutadelasal\/\" \/>\n<meta property=\"article:published_time\" content=\"2021-11-26T14:21:19+00:00\" \/>\n<meta property=\"article:modified_time\" content=\"2021-11-26T14:22:38+00:00\" \/>\n<meta property=\"og:image\" content=\"https:\/\/labs.100x100.net\/projects\/rutasal\/custom\/uploads\/2021\/11\/reunion_consell-scaled.jpg\" \/>\n\t<meta property=\"og:image:width\" content=\"2560\" \/>\n\t<meta property=\"og:image:height\" content=\"1914\" \/>\n\t<meta property=\"og:image:type\" content=\"image\/jpeg\" \/>\n<meta name=\"author\" content=\"Enregata\" \/>\n<meta name=\"twitter:card\" content=\"summary_large_image\" \/>\n<meta name=\"twitter:creator\" content=\"@AnamMedi\" \/>\n<meta name=\"twitter:site\" content=\"@AnamMedi\" \/>\n<meta name=\"twitter:label1\" content=\"Escrito por\" \/>\n\t<meta name=\"twitter:data1\" content=\"Enregata\" \/>\n\t<meta name=\"twitter:label2\" content=\"Tiempo de lectura\" \/>\n\t<meta name=\"twitter:data2\" content=\"2 minutos\" \/>\n<script type=\"application\/ld+json\" class=\"yoast-schema-graph\">{\"@context\":\"https:\/\/schema.org\",\"@graph\":[{\"@type\":\"WebPage\",\"@id\":\"https:\/\/labs.100x100.net\/projects\/rutasal\/ibiza-nuevamente-con-la-ruta-de-la-sal\/\",\"url\":\"https:\/\/labs.100x100.net\/projects\/rutasal\/ibiza-nuevamente-con-la-ruta-de-la-sal\/\",\"name\":\"IBIZA SIEMPRE CON LA RUTA DE LA SAL | Regata La Ruta de la Sal\",\"isPartOf\":{\"@id\":\"https:\/\/labs.100x100.net\/projects\/rutasal\/#website\"},\"primaryImageOfPage\":{\"@id\":\"https:\/\/labs.100x100.net\/projects\/rutasal\/ibiza-nuevamente-con-la-ruta-de-la-sal\/#primaryimage\"},\"image\":{\"@id\":\"https:\/\/labs.100x100.net\/projects\/rutasal\/ibiza-nuevamente-con-la-ruta-de-la-sal\/#primaryimage\"},\"thumbnailUrl\":\"https:\/\/labs.100x100.net\/projects\/rutasal\/custom\/uploads\/2021\/11\/reunion_consell-scaled.jpg\",\"datePublished\":\"2021-11-26T14:21:19+00:00\",\"dateModified\":\"2021-11-26T14:22:38+00:00\",\"author\":{\"@id\":\"https:\/\/labs.100x100.net\/projects\/rutasal\/#\/schema\/person\/ab0f0359773b0a59d5eb579ec54b37e8\"},\"breadcrumb\":{\"@id\":\"https:\/\/labs.100x100.net\/projects\/rutasal\/ibiza-nuevamente-con-la-ruta-de-la-sal\/#breadcrumb\"},\"inLanguage\":\"es\",\"potentialAction\":[{\"@type\":\"ReadAction\",\"target\":[\"https:\/\/labs.100x100.net\/projects\/rutasal\/ibiza-nuevamente-con-la-ruta-de-la-sal\/\"]}]},{\"@type\":\"ImageObject\",\"inLanguage\":\"es\",\"@id\":\"https:\/\/labs.100x100.net\/projects\/rutasal\/ibiza-nuevamente-con-la-ruta-de-la-sal\/#primaryimage\",\"url\":\"https:\/\/labs.100x100.net\/projects\/rutasal\/custom\/uploads\/2021\/11\/reunion_consell-scaled.jpg\",\"contentUrl\":\"https:\/\/labs.100x100.net\/projects\/rutasal\/custom\/uploads\/2021\/11\/reunion_consell-scaled.jpg\",\"width\":2560,\"height\":1914},{\"@type\":\"BreadcrumbList\",\"@id\":\"https:\/\/labs.100x100.net\/projects\/rutasal\/ibiza-nuevamente-con-la-ruta-de-la-sal\/#breadcrumb\",\"itemListElement\":[{\"@type\":\"ListItem\",\"position\":1,\"name\":\"Portada\",\"item\":\"https:\/\/labs.100x100.net\/projects\/rutasal\/\"},{\"@type\":\"ListItem\",\"position\":2,\"name\":\"IBIZA SIEMPRE CON LA RUTA DE LA SAL\"}]},{\"@type\":\"WebSite\",\"@id\":\"https:\/\/labs.100x100.net\/projects\/rutasal\/#website\",\"url\":\"https:\/\/labs.100x100.net\/projects\/rutasal\/\",\"name\":\"Regata La Ruta de la Sal\",\"description\":\"Regata La Ruta de la Sal es una regata de Altura Mediterr\u00e1nea para barcos de crucero a vela con destino en Ibiza, que se disputa anualmente en Semana Santa.\",\"potentialAction\":[{\"@type\":\"SearchAction\",\"target\":{\"@type\":\"EntryPoint\",\"urlTemplate\":\"https:\/\/labs.100x100.net\/projects\/rutasal\/?s={search_term_string}\"},\"query-input\":\"required name=search_term_string\"}],\"inLanguage\":\"es\"},{\"@type\":\"Person\",\"@id\":\"https:\/\/labs.100x100.net\/projects\/rutasal\/#\/schema\/person\/ab0f0359773b0a59d5eb579ec54b37e8\",\"name\":\"Enregata\",\"image\":{\"@type\":\"ImageObject\",\"inLanguage\":\"es\",\"@id\":\"https:\/\/labs.100x100.net\/projects\/rutasal\/#\/schema\/person\/image\/\",\"url\":\"https:\/\/secure.gravatar.com\/avatar\/c674f392343d66e95fba904bf4162243?s=96&d=mm&r=g\",\"contentUrl\":\"https:\/\/secure.gravatar.com\/avatar\/c674f392343d66e95fba904bf4162243?s=96&d=mm&r=g\",\"caption\":\"Enregata\"}}]}<\/script>\n<!-- \/ Yoast SEO plugin. -->","yoast_head_json":{"title":"IBIZA SIEMPRE CON LA RUTA DE LA SAL | Regata La Ruta de la Sal","robots":{"index":"noindex","follow":"follow","max-snippet":"max-snippet:-1","max-image-preview":"max-image-preview:large","max-video-preview":"max-video-preview:-1"},"og_locale":"es_ES","og_type":"article","og_title":"IBIZA SIEMPRE CON LA RUTA DE LA SAL | Regata La Ruta de la Sal","og_description":"El pasado mi\u00e9rcoles 24 de noviembre el Consell d\u2019Eivissa renov\u00f3 su compromiso de apoyo a La Ruta de la Sal, evento deportivo de Inter\u00e9s Tur\u00edstico Insular. El Consell d\u2019Eivissa estuvo representado en la reuni\u00f3n por Salvador Losa, Conseller de Deportes, Juventud, Econom\u00eda y Hacienda, as\u00ed como por Juan Miguel Costa, Director Insular de Turismo. Por [&hellip;]","og_url":"https:\/\/labs.100x100.net\/projects\/rutasal\/ibiza-nuevamente-con-la-ruta-de-la-sal\/","og_site_name":"Regata La Ruta de la Sal","article_publisher":"https:\/\/www.facebook.com\/rutadelasal\/","article_published_time":"2021-11-26T14:21:19+00:00","article_modified_time":"2021-11-26T14:22:38+00:00","og_image":[{"width":2560,"height":1914,"url":"https:\/\/labs.100x100.net\/projects\/rutasal\/custom\/uploads\/2021\/11\/reunion_consell-scaled.jpg","type":"image\/jpeg"}],"author":"Enregata","twitter_card":"summary_large_image","twitter_creator":"@AnamMedi","twitter_site":"@AnamMedi","twitter_misc":{"Escrito por":"Enregata","Tiempo de lectura":"2 minutos"},"schema":{"@context":"https:\/\/schema.org","@graph":[{"@type":"WebPage","@id":"https:\/\/labs.100x100.net\/projects\/rutasal\/ibiza-nuevamente-con-la-ruta-de-la-sal\/","url":"https:\/\/labs.100x100.net\/projects\/rutasal\/ibiza-nuevamente-con-la-ruta-de-la-sal\/","name":"IBIZA SIEMPRE CON LA RUTA DE LA SAL | Regata La Ruta de la Sal","isPartOf":{"@id":"https:\/\/labs.100x100.net\/projects\/rutasal\/#website"},"primaryImageOfPage":{"@id":"https:\/\/labs.100x100.net\/projects\/rutasal\/ibiza-nuevamente-con-la-ruta-de-la-sal\/#primaryimage"},"image":{"@id":"https:\/\/labs.100x100.net\/projects\/rutasal\/ibiza-nuevamente-con-la-ruta-de-la-sal\/#primaryimage"},"thumbnailUrl":"https:\/\/labs.100x100.net\/projects\/rutasal\/custom\/uploads\/2021\/11\/reunion_consell-scaled.jpg","datePublished":"2021-11-26T14:21:19+00:00","dateModified":"2021-11-26T14:22:38+00:00","author":{"@id":"https:\/\/labs.100x100.net\/projects\/rutasal\/#\/schema\/person\/ab0f0359773b0a59d5eb579ec54b37e8"},"breadcrumb":{"@id":"https:\/\/labs.100x100.net\/projects\/rutasal\/ibiza-nuevamente-con-la-ruta-de-la-sal\/#breadcrumb"},"inLanguage":"es","potentialAction":[{"@type":"ReadAction","target":["https:\/\/labs.100x100.net\/projects\/rutasal\/ibiza-nuevamente-con-la-ruta-de-la-sal\/"]}]},{"@type":"ImageObject","inLanguage":"es","@id":"https:\/\/labs.100x100.net\/projects\/rutasal\/ibiza-nuevamente-con-la-ruta-de-la-sal\/#primaryimage","url":"https:\/\/labs.100x100.net\/projects\/rutasal\/custom\/uploads\/2021\/11\/reunion_consell-scaled.jpg","contentUrl":"https:\/\/labs.100x100.net\/projects\/rutasal\/custom\/uploads\/2021\/11\/reunion_consell-scaled.jpg","width":2560,"height":1914},{"@type":"BreadcrumbList","@id":"https:\/\/labs.100x100.net\/projects\/rutasal\/ibiza-nuevamente-con-la-ruta-de-la-sal\/#breadcrumb","itemListElement":[{"@type":"ListItem","position":1,"name":"Portada","item":"https:\/\/labs.100x100.net\/projects\/rutasal\/"},{"@type":"ListItem","position":2,"name":"IBIZA SIEMPRE CON LA RUTA DE LA SAL"}]},{"@type":"WebSite","@id":"https:\/\/labs.100x100.net\/projects\/rutasal\/#website","url":"https:\/\/labs.100x100.net\/projects\/rutasal\/","name":"Regata La Ruta de la Sal","description":"Regata La Ruta de la Sal es una regata de Altura Mediterr\u00e1nea para barcos de crucero a vela con destino en Ibiza, que se disputa anualmente en Semana Santa.","potentialAction":[{"@type":"SearchAction","target":{"@type":"EntryPoint","urlTemplate":"https:\/\/labs.100x100.net\/projects\/rutasal\/?s={search_term_string}"},"query-input":"required name=search_term_string"}],"inLanguage":"es"},{"@type":"Person","@id":"https:\/\/labs.100x100.net\/projects\/rutasal\/#\/schema\/person\/ab0f0359773b0a59d5eb579ec54b37e8","name":"Enregata","image":{"@type":"ImageObject","inLanguage":"es","@id":"https:\/\/labs.100x100.net\/projects\/rutasal\/#\/schema\/person\/image\/","url":"https:\/\/secure.gravatar.com\/avatar\/c674f392343d66e95fba904bf4162243?s=96&d=mm&r=g","contentUrl":"https:\/\/secure.gravatar.com\/avatar\/c674f392343d66e95fba904bf4162243?s=96&d=mm&r=g","caption":"Enregata"}}]}},"_links":{"self":[{"href":"https:\/\/labs.100x100.net\/projects\/rutasal\/wp-json\/wp\/v2\/posts\/6673"}],"collection":[{"href":"https:\/\/labs.100x100.net\/projects\/rutasal\/wp-json\/wp\/v2\/posts"}],"about":[{"href":"https:\/\/labs.100x100.net\/projects\/rutasal\/wp-json\/wp\/v2\/types\/post"}],"author":[{"embeddable":true,"href":"https:\/\/labs.100x100.net\/projects\/rutasal\/wp-json\/wp\/v2\/users\/8"}],"replies":[{"embeddable":true,"href":"https:\/\/labs.100x100.net\/projects\/rutasal\/wp-json\/wp\/v2\/comments?post=6673"}],"version-history":[{"count":4,"href":"https:\/\/labs.100x100.net\/projects\/rutasal\/wp-json\/wp\/v2\/posts\/6673\/revisions"}],"predecessor-version":[{"id":6680,"href":"https:\/\/labs.100x100.net\/projects\/rutasal\/wp-json\/wp\/v2\/posts\/6673\/revisions\/6680"}],"wp:featuredmedia":[{"embeddable":true,"href":"https:\/\/labs.100x100.net\/projects\/rutasal\/wp-json\/wp\/v2\/media\/6674"}],"wp:attachment":[{"href":"https:\/\/labs.100x100.net\/projects\/rutasal\/wp-json\/wp\/v2\/media?parent=6673"}],"wp:term":[{"taxonomy":"category","embeddable":true,"href":"https:\/\/labs.100x100.net\/projects\/rutasal\/wp-json\/wp\/v2\/categories?post=6673"},{"taxonomy":"post_tag","embeddable":true,"href":"https:\/\/labs.100x100.net\/projects\/rutasal\/wp-json\/wp\/v2\/tags?post=6673"}],"curies":[{"name":"wp","href":"https:\/\/api.w.org\/{rel}","templated":true}]}}