{"id":6609,"date":"2021-10-16T14:13:03","date_gmt":"2021-10-16T12:13:03","guid":{"rendered":"https:\/\/larutadelasal.com\/?p=6609"},"modified":"2021-10-19T18:16:10","modified_gmt":"2021-10-19T16:16:10","slug":"se-presenta-la-xxxiv-edicion-de-la-ruta-de-la-sal-en-el-marco-del-salon-nautico-internacional-de-barcelona","status":"publish","type":"post","link":"https:\/\/labs.100x100.net\/projects\/rutasal\/se-presenta-la-xxxiv-edicion-de-la-ruta-de-la-sal-en-el-marco-del-salon-nautico-internacional-de-barcelona\/","title":{"rendered":"SE PRESENTA LA XXXIV EDICI\u00d3N DE LA RUTA DE LA SAL EN EL MARCO DEL SAL\u00d3N N\u00c1UTICO INTERNACIONAL DE BARCELONA"},"content":{"rendered":"<p><img loading=\"lazy\" decoding=\"async\" class=\"aligncenter size-large wp-image-6610\" src=\"http:\/\/larutadelasal.com\/custom\/uploads\/2021\/10\/AFB6897-1024x678.jpg\" alt=\"\" width=\"1024\" height=\"678\" srcset=\"https:\/\/labs.100x100.net\/projects\/rutasal\/custom\/uploads\/2021\/10\/AFB6897-1024x678.jpg 1024w, https:\/\/labs.100x100.net\/projects\/rutasal\/custom\/uploads\/2021\/10\/AFB6897-300x199.jpg 300w, https:\/\/labs.100x100.net\/projects\/rutasal\/custom\/uploads\/2021\/10\/AFB6897-768x509.jpg 768w, https:\/\/labs.100x100.net\/projects\/rutasal\/custom\/uploads\/2021\/10\/AFB6897-1536x1017.jpg 1536w, https:\/\/labs.100x100.net\/projects\/rutasal\/custom\/uploads\/2021\/10\/AFB6897.jpg 1800w\" sizes=\"(max-width: 1024px) 100vw, 1024px\" \/><\/p>\n<p>A \u00faltima hora de la tarde del viernes 15 de octubre tuvo lugar la presentaci\u00f3n de La Ruta de la Sal 2022 en el marco del Sal\u00f3n N\u00e1utico Internacional de Barcelona que se celebra estos d\u00edas en la ciudad Condal.<\/p>\n<p>Al acto asistieron diversas autoridades de Ibiza para dar su apoyo a esta regata emblem\u00e1tica. Juan Miguel Costa, Director Insular de Turismo, acudi\u00f3 en representaci\u00f3n del Consell d\u2019Eivissa, mientras que el Ajuntament de Sant Antoni de Portmany estuvo representando por el Alcalde, Marcos Serra y el Regidor de Turismo, Miguel Tur. Por parte del N\u00e1utico de Sant Antoni de Portmany, Javier Planas, Comodoro del Club, tampoco falt\u00f3 a la cita.<\/p>\n<p><img loading=\"lazy\" decoding=\"async\" class=\"aligncenter size-large wp-image-6613\" src=\"http:\/\/larutadelasal.com\/custom\/uploads\/2021\/10\/AFB6940-1024x678.jpg\" alt=\"\" width=\"1024\" height=\"678\" srcset=\"https:\/\/labs.100x100.net\/projects\/rutasal\/custom\/uploads\/2021\/10\/AFB6940-1024x678.jpg 1024w, https:\/\/labs.100x100.net\/projects\/rutasal\/custom\/uploads\/2021\/10\/AFB6940-300x199.jpg 300w, https:\/\/labs.100x100.net\/projects\/rutasal\/custom\/uploads\/2021\/10\/AFB6940-768x509.jpg 768w, https:\/\/labs.100x100.net\/projects\/rutasal\/custom\/uploads\/2021\/10\/AFB6940-1536x1017.jpg 1536w, https:\/\/labs.100x100.net\/projects\/rutasal\/custom\/uploads\/2021\/10\/AFB6940.jpg 1800w\" sizes=\"(max-width: 1024px) 100vw, 1024px\" \/><\/p>\n<p>Las autoridades ibicencas estuvieron acompa\u00f1adas por el anfitri\u00f3n del acto, Luis Conde, Presidente del Sal\u00f3n N\u00e1utico Internacional de Barcelona, por Joaquim Barenys, Vicepresidente de la Federaci\u00f3n Catalana de Vela, Gerardo Gant\u00e9s, Jefe de Salvamento Mar\u00edtimo de Barcelona, Rodrigo de Febrer, Capit\u00e1n de Port Ginesta y Enrique Curt, Director de La Ruta de la Sal.<\/p>\n<p><img loading=\"lazy\" decoding=\"async\" class=\"aligncenter size-large wp-image-6616\" src=\"http:\/\/larutadelasal.com\/custom\/uploads\/2021\/10\/AFB6866-1024x678.jpg\" alt=\"\" width=\"1024\" height=\"678\" srcset=\"https:\/\/labs.100x100.net\/projects\/rutasal\/custom\/uploads\/2021\/10\/AFB6866-1024x678.jpg 1024w, https:\/\/labs.100x100.net\/projects\/rutasal\/custom\/uploads\/2021\/10\/AFB6866-300x199.jpg 300w, https:\/\/labs.100x100.net\/projects\/rutasal\/custom\/uploads\/2021\/10\/AFB6866-768x509.jpg 768w, https:\/\/labs.100x100.net\/projects\/rutasal\/custom\/uploads\/2021\/10\/AFB6866-1536x1017.jpg 1536w, https:\/\/labs.100x100.net\/projects\/rutasal\/custom\/uploads\/2021\/10\/AFB6866.jpg 1800w\" sizes=\"(max-width: 1024px) 100vw, 1024px\" \/><\/p>\n<p>&nbsp;<\/p>\n<p>Lucas Lobato, Director de N\u00e1utica de Garmin Iberia, tambi\u00e9n tom\u00f3 la palabra en nombre de los patrocinadores privados del evento.<\/p>\n<p><img loading=\"lazy\" decoding=\"async\" class=\"aligncenter size-large wp-image-6622\" src=\"http:\/\/larutadelasal.com\/custom\/uploads\/2021\/10\/AFB6949-1024x678.jpg\" alt=\"\" width=\"1024\" height=\"678\" srcset=\"https:\/\/labs.100x100.net\/projects\/rutasal\/custom\/uploads\/2021\/10\/AFB6949-1024x678.jpg 1024w, https:\/\/labs.100x100.net\/projects\/rutasal\/custom\/uploads\/2021\/10\/AFB6949-300x199.jpg 300w, https:\/\/labs.100x100.net\/projects\/rutasal\/custom\/uploads\/2021\/10\/AFB6949-768x509.jpg 768w, https:\/\/labs.100x100.net\/projects\/rutasal\/custom\/uploads\/2021\/10\/AFB6949-1536x1017.jpg 1536w, https:\/\/labs.100x100.net\/projects\/rutasal\/custom\/uploads\/2021\/10\/AFB6949.jpg 1800w\" sizes=\"(max-width: 1024px) 100vw, 1024px\" \/><\/p>\n<p>La regata que tuvo que ser aplazada en varios ocasiones en 2020 y finalmente pudo celebrarse en mayo del 2021. Sin embargo, el cambio de fechas y el contexto sanitario oblig\u00f3 a la organizaci\u00f3n a limitar la participaci\u00f3n al 50% de los barcos, quedando anulados los tradicionales actos sociales. Durante la Presentaci\u00f3n de La Ruta de la Sal 2022, las autoridades coincidieron en se\u00f1alar en sus parlamentos el deseo de que la regata pueda celebrarse en 2022 en las fechas habituales de semana santa, con el volumen habitual de la flota y recuperando los diversos eventos sociales que la caracterizan, reafirmando su relevancia como pistoletazo de salida del calendario de regatas de altura y de la temporada tur\u00edstica en Ibiza.<\/p>\n<p>Joaquim Barenys, Vicepresidente de la Federaci\u00f3 Catalana de Vela clausur\u00f3 los actos de presentaci\u00f3n, tras los cuales, los asistentes y las autoridades pudieron brindar con cava Gramona frente al stand de la organizaci\u00f3n.<\/p>\n<p><img loading=\"lazy\" decoding=\"async\" class=\"aligncenter size-large wp-image-6628\" src=\"http:\/\/larutadelasal.com\/custom\/uploads\/2021\/10\/AFB7156-1024x678.jpg\" alt=\"\" width=\"1024\" height=\"678\" srcset=\"https:\/\/labs.100x100.net\/projects\/rutasal\/custom\/uploads\/2021\/10\/AFB7156-1024x678.jpg 1024w, https:\/\/labs.100x100.net\/projects\/rutasal\/custom\/uploads\/2021\/10\/AFB7156-300x199.jpg 300w, https:\/\/labs.100x100.net\/projects\/rutasal\/custom\/uploads\/2021\/10\/AFB7156-768x509.jpg 768w, https:\/\/labs.100x100.net\/projects\/rutasal\/custom\/uploads\/2021\/10\/AFB7156-1536x1017.jpg 1536w, https:\/\/labs.100x100.net\/projects\/rutasal\/custom\/uploads\/2021\/10\/AFB7156.jpg 1800w\" sizes=\"(max-width: 1024px) 100vw, 1024px\" \/><\/p>\n<p>&nbsp;<\/p>\n<p>&nbsp;<\/p>\n","protected":false},"excerpt":{"rendered":"<p>A \u00faltima hora de la tarde del viernes 15 de octubre tuvo lugar la presentaci\u00f3n de La Ruta de la Sal 2022 en el marco del Sal\u00f3n N\u00e1utico Internacional de Barcelona que se celebra estos d\u00edas en la ciudad Condal. Al acto asistieron diversas autoridades de Ibiza para dar su apoyo a esta regata emblem\u00e1tica. [&hellip;]<\/p>\n","protected":false},"author":8,"featured_media":6610,"comment_status":"open","ping_status":"open","sticky":false,"template":"","format":"standard","meta":{"_acf_changed":false,"footnotes":""},"categories":[3],"tags":[],"acf":[],"yoast_head":"<!-- This site is optimized with the Yoast SEO plugin v23.0 - https:\/\/yoast.com\/wordpress\/plugins\/seo\/ -->\n<title>SE PRESENTA LA XXXIV EDICI\u00d3N DE LA RUTA DE LA SAL EN EL MARCO DEL SAL\u00d3N N\u00c1UTICO INTERNACIONAL DE BARCELONA | Regata La Ruta de la Sal<\/title>\n<meta name=\"robots\" content=\"noindex, follow, max-snippet:-1, max-image-preview:large, max-video-preview:-1\" \/>\n<meta property=\"og:locale\" content=\"es_ES\" \/>\n<meta property=\"og:type\" content=\"article\" \/>\n<meta property=\"og:title\" content=\"SE PRESENTA LA XXXIV EDICI\u00d3N DE LA RUTA DE LA SAL EN EL MARCO DEL SAL\u00d3N N\u00c1UTICO INTERNACIONAL DE BARCELONA | Regata La Ruta de la Sal\" \/>\n<meta property=\"og:description\" content=\"A \u00faltima hora de la tarde del viernes 15 de octubre tuvo lugar la presentaci\u00f3n de La Ruta de la Sal 2022 en el marco del Sal\u00f3n N\u00e1utico Internacional de Barcelona que se celebra estos d\u00edas en la ciudad Condal. Al acto asistieron diversas autoridades de Ibiza para dar su apoyo a esta regata emblem\u00e1tica. [&hellip;]\" \/>\n<meta property=\"og:url\" content=\"https:\/\/labs.100x100.net\/projects\/rutasal\/se-presenta-la-xxxiv-edicion-de-la-ruta-de-la-sal-en-el-marco-del-salon-nautico-internacional-de-barcelona\/\" \/>\n<meta property=\"og:site_name\" content=\"Regata La Ruta de la Sal\" \/>\n<meta property=\"article:publisher\" content=\"https:\/\/www.facebook.com\/rutadelasal\/\" \/>\n<meta property=\"article:published_time\" content=\"2021-10-16T12:13:03+00:00\" \/>\n<meta property=\"article:modified_time\" content=\"2021-10-19T16:16:10+00:00\" \/>\n<meta property=\"og:image\" content=\"https:\/\/labs.100x100.net\/projects\/rutasal\/custom\/uploads\/2021\/10\/AFB6897.jpg\" \/>\n\t<meta property=\"og:image:width\" content=\"1800\" \/>\n\t<meta property=\"og:image:height\" content=\"1192\" \/>\n\t<meta property=\"og:image:type\" content=\"image\/jpeg\" \/>\n<meta name=\"author\" content=\"Enregata\" \/>\n<meta name=\"twitter:card\" content=\"summary_large_image\" \/>\n<meta name=\"twitter:creator\" content=\"@AnamMedi\" \/>\n<meta name=\"twitter:site\" content=\"@AnamMedi\" \/>\n<meta name=\"twitter:label1\" content=\"Escrito por\" \/>\n\t<meta name=\"twitter:data1\" content=\"Enregata\" \/>\n\t<meta name=\"twitter:label2\" content=\"Tiempo de lectura\" \/>\n\t<meta name=\"twitter:data2\" content=\"3 minutos\" \/>\n<script type=\"application\/ld+json\" class=\"yoast-schema-graph\">{\"@context\":\"https:\/\/schema.org\",\"@graph\":[{\"@type\":\"WebPage\",\"@id\":\"https:\/\/labs.100x100.net\/projects\/rutasal\/se-presenta-la-xxxiv-edicion-de-la-ruta-de-la-sal-en-el-marco-del-salon-nautico-internacional-de-barcelona\/\",\"url\":\"https:\/\/labs.100x100.net\/projects\/rutasal\/se-presenta-la-xxxiv-edicion-de-la-ruta-de-la-sal-en-el-marco-del-salon-nautico-internacional-de-barcelona\/\",\"name\":\"SE PRESENTA LA XXXIV EDICI\u00d3N DE LA RUTA DE LA SAL EN EL MARCO DEL SAL\u00d3N N\u00c1UTICO INTERNACIONAL DE BARCELONA | Regata La Ruta de la Sal\",\"isPartOf\":{\"@id\":\"https:\/\/labs.100x100.net\/projects\/rutasal\/#website\"},\"primaryImageOfPage\":{\"@id\":\"https:\/\/labs.100x100.net\/projects\/rutasal\/se-presenta-la-xxxiv-edicion-de-la-ruta-de-la-sal-en-el-marco-del-salon-nautico-internacional-de-barcelona\/#primaryimage\"},\"image\":{\"@id\":\"https:\/\/labs.100x100.net\/projects\/rutasal\/se-presenta-la-xxxiv-edicion-de-la-ruta-de-la-sal-en-el-marco-del-salon-nautico-internacional-de-barcelona\/#primaryimage\"},\"thumbnailUrl\":\"https:\/\/labs.100x100.net\/projects\/rutasal\/custom\/uploads\/2021\/10\/AFB6897.jpg\",\"datePublished\":\"2021-10-16T12:13:03+00:00\",\"dateModified\":\"2021-10-19T16:16:10+00:00\",\"author\":{\"@id\":\"https:\/\/labs.100x100.net\/projects\/rutasal\/#\/schema\/person\/ab0f0359773b0a59d5eb579ec54b37e8\"},\"breadcrumb\":{\"@id\":\"https:\/\/labs.100x100.net\/projects\/rutasal\/se-presenta-la-xxxiv-edicion-de-la-ruta-de-la-sal-en-el-marco-del-salon-nautico-internacional-de-barcelona\/#breadcrumb\"},\"inLanguage\":\"es\",\"potentialAction\":[{\"@type\":\"ReadAction\",\"target\":[\"https:\/\/labs.100x100.net\/projects\/rutasal\/se-presenta-la-xxxiv-edicion-de-la-ruta-de-la-sal-en-el-marco-del-salon-nautico-internacional-de-barcelona\/\"]}]},{\"@type\":\"ImageObject\",\"inLanguage\":\"es\",\"@id\":\"https:\/\/labs.100x100.net\/projects\/rutasal\/se-presenta-la-xxxiv-edicion-de-la-ruta-de-la-sal-en-el-marco-del-salon-nautico-internacional-de-barcelona\/#primaryimage\",\"url\":\"https:\/\/labs.100x100.net\/projects\/rutasal\/custom\/uploads\/2021\/10\/AFB6897.jpg\",\"contentUrl\":\"https:\/\/labs.100x100.net\/projects\/rutasal\/custom\/uploads\/2021\/10\/AFB6897.jpg\",\"width\":1800,\"height\":1192},{\"@type\":\"BreadcrumbList\",\"@id\":\"https:\/\/labs.100x100.net\/projects\/rutasal\/se-presenta-la-xxxiv-edicion-de-la-ruta-de-la-sal-en-el-marco-del-salon-nautico-internacional-de-barcelona\/#breadcrumb\",\"itemListElement\":[{\"@type\":\"ListItem\",\"position\":1,\"name\":\"Portada\",\"item\":\"https:\/\/labs.100x100.net\/projects\/rutasal\/\"},{\"@type\":\"ListItem\",\"position\":2,\"name\":\"SE PRESENTA LA XXXIV EDICI\u00d3N DE LA RUTA DE LA SAL EN EL MARCO DEL SAL\u00d3N N\u00c1UTICO INTERNACIONAL DE BARCELONA\"}]},{\"@type\":\"WebSite\",\"@id\":\"https:\/\/labs.100x100.net\/projects\/rutasal\/#website\",\"url\":\"https:\/\/labs.100x100.net\/projects\/rutasal\/\",\"name\":\"Regata La Ruta de la Sal\",\"description\":\"Regata La Ruta de la Sal es una regata de Altura Mediterr\u00e1nea para barcos de crucero a vela con destino en Ibiza, que se disputa anualmente en Semana Santa.\",\"potentialAction\":[{\"@type\":\"SearchAction\",\"target\":{\"@type\":\"EntryPoint\",\"urlTemplate\":\"https:\/\/labs.100x100.net\/projects\/rutasal\/?s={search_term_string}\"},\"query-input\":\"required name=search_term_string\"}],\"inLanguage\":\"es\"},{\"@type\":\"Person\",\"@id\":\"https:\/\/labs.100x100.net\/projects\/rutasal\/#\/schema\/person\/ab0f0359773b0a59d5eb579ec54b37e8\",\"name\":\"Enregata\",\"image\":{\"@type\":\"ImageObject\",\"inLanguage\":\"es\",\"@id\":\"https:\/\/labs.100x100.net\/projects\/rutasal\/#\/schema\/person\/image\/\",\"url\":\"https:\/\/secure.gravatar.com\/avatar\/c674f392343d66e95fba904bf4162243?s=96&d=mm&r=g\",\"contentUrl\":\"https:\/\/secure.gravatar.com\/avatar\/c674f392343d66e95fba904bf4162243?s=96&d=mm&r=g\",\"caption\":\"Enregata\"}}]}<\/script>\n<!-- \/ Yoast SEO plugin. -->","yoast_head_json":{"title":"SE PRESENTA LA XXXIV EDICI\u00d3N DE LA RUTA DE LA SAL EN EL MARCO DEL SAL\u00d3N N\u00c1UTICO INTERNACIONAL DE BARCELONA | Regata La Ruta de la Sal","robots":{"index":"noindex","follow":"follow","max-snippet":"max-snippet:-1","max-image-preview":"max-image-preview:large","max-video-preview":"max-video-preview:-1"},"og_locale":"es_ES","og_type":"article","og_title":"SE PRESENTA LA XXXIV EDICI\u00d3N DE LA RUTA DE LA SAL EN EL MARCO DEL SAL\u00d3N N\u00c1UTICO INTERNACIONAL DE BARCELONA | Regata La Ruta de la Sal","og_description":"A \u00faltima hora de la tarde del viernes 15 de octubre tuvo lugar la presentaci\u00f3n de La Ruta de la Sal 2022 en el marco del Sal\u00f3n N\u00e1utico Internacional de Barcelona que se celebra estos d\u00edas en la ciudad Condal. Al acto asistieron diversas autoridades de Ibiza para dar su apoyo a esta regata emblem\u00e1tica. [&hellip;]","og_url":"https:\/\/labs.100x100.net\/projects\/rutasal\/se-presenta-la-xxxiv-edicion-de-la-ruta-de-la-sal-en-el-marco-del-salon-nautico-internacional-de-barcelona\/","og_site_name":"Regata La Ruta de la Sal","article_publisher":"https:\/\/www.facebook.com\/rutadelasal\/","article_published_time":"2021-10-16T12:13:03+00:00","article_modified_time":"2021-10-19T16:16:10+00:00","og_image":[{"width":1800,"height":1192,"url":"https:\/\/labs.100x100.net\/projects\/rutasal\/custom\/uploads\/2021\/10\/AFB6897.jpg","type":"image\/jpeg"}],"author":"Enregata","twitter_card":"summary_large_image","twitter_creator":"@AnamMedi","twitter_site":"@AnamMedi","twitter_misc":{"Escrito por":"Enregata","Tiempo de lectura":"3 minutos"},"schema":{"@context":"https:\/\/schema.org","@graph":[{"@type":"WebPage","@id":"https:\/\/labs.100x100.net\/projects\/rutasal\/se-presenta-la-xxxiv-edicion-de-la-ruta-de-la-sal-en-el-marco-del-salon-nautico-internacional-de-barcelona\/","url":"https:\/\/labs.100x100.net\/projects\/rutasal\/se-presenta-la-xxxiv-edicion-de-la-ruta-de-la-sal-en-el-marco-del-salon-nautico-internacional-de-barcelona\/","name":"SE PRESENTA LA XXXIV EDICI\u00d3N DE LA RUTA DE LA SAL EN EL MARCO DEL SAL\u00d3N N\u00c1UTICO INTERNACIONAL DE BARCELONA | Regata La Ruta de la Sal","isPartOf":{"@id":"https:\/\/labs.100x100.net\/projects\/rutasal\/#website"},"primaryImageOfPage":{"@id":"https:\/\/labs.100x100.net\/projects\/rutasal\/se-presenta-la-xxxiv-edicion-de-la-ruta-de-la-sal-en-el-marco-del-salon-nautico-internacional-de-barcelona\/#primaryimage"},"image":{"@id":"https:\/\/labs.100x100.net\/projects\/rutasal\/se-presenta-la-xxxiv-edicion-de-la-ruta-de-la-sal-en-el-marco-del-salon-nautico-internacional-de-barcelona\/#primaryimage"},"thumbnailUrl":"https:\/\/labs.100x100.net\/projects\/rutasal\/custom\/uploads\/2021\/10\/AFB6897.jpg","datePublished":"2021-10-16T12:13:03+00:00","dateModified":"2021-10-19T16:16:10+00:00","author":{"@id":"https:\/\/labs.100x100.net\/projects\/rutasal\/#\/schema\/person\/ab0f0359773b0a59d5eb579ec54b37e8"},"breadcrumb":{"@id":"https:\/\/labs.100x100.net\/projects\/rutasal\/se-presenta-la-xxxiv-edicion-de-la-ruta-de-la-sal-en-el-marco-del-salon-nautico-internacional-de-barcelona\/#breadcrumb"},"inLanguage":"es","potentialAction":[{"@type":"ReadAction","target":["https:\/\/labs.100x100.net\/projects\/rutasal\/se-presenta-la-xxxiv-edicion-de-la-ruta-de-la-sal-en-el-marco-del-salon-nautico-internacional-de-barcelona\/"]}]},{"@type":"ImageObject","inLanguage":"es","@id":"https:\/\/labs.100x100.net\/projects\/rutasal\/se-presenta-la-xxxiv-edicion-de-la-ruta-de-la-sal-en-el-marco-del-salon-nautico-internacional-de-barcelona\/#primaryimage","url":"https:\/\/labs.100x100.net\/projects\/rutasal\/custom\/uploads\/2021\/10\/AFB6897.jpg","contentUrl":"https:\/\/labs.100x100.net\/projects\/rutasal\/custom\/uploads\/2021\/10\/AFB6897.jpg","width":1800,"height":1192},{"@type":"BreadcrumbList","@id":"https:\/\/labs.100x100.net\/projects\/rutasal\/se-presenta-la-xxxiv-edicion-de-la-ruta-de-la-sal-en-el-marco-del-salon-nautico-internacional-de-barcelona\/#breadcrumb","itemListElement":[{"@type":"ListItem","position":1,"name":"Portada","item":"https:\/\/labs.100x100.net\/projects\/rutasal\/"},{"@type":"ListItem","position":2,"name":"SE PRESENTA LA XXXIV EDICI\u00d3N DE LA RUTA DE LA SAL EN EL MARCO DEL SAL\u00d3N N\u00c1UTICO INTERNACIONAL DE BARCELONA"}]},{"@type":"WebSite","@id":"https:\/\/labs.100x100.net\/projects\/rutasal\/#website","url":"https:\/\/labs.100x100.net\/projects\/rutasal\/","name":"Regata La Ruta de la Sal","description":"Regata La Ruta de la Sal es una regata de Altura Mediterr\u00e1nea para barcos de crucero a vela con destino en Ibiza, que se disputa anualmente en Semana Santa.","potentialAction":[{"@type":"SearchAction","target":{"@type":"EntryPoint","urlTemplate":"https:\/\/labs.100x100.net\/projects\/rutasal\/?s={search_term_string}"},"query-input":"required name=search_term_string"}],"inLanguage":"es"},{"@type":"Person","@id":"https:\/\/labs.100x100.net\/projects\/rutasal\/#\/schema\/person\/ab0f0359773b0a59d5eb579ec54b37e8","name":"Enregata","image":{"@type":"ImageObject","inLanguage":"es","@id":"https:\/\/labs.100x100.net\/projects\/rutasal\/#\/schema\/person\/image\/","url":"https:\/\/secure.gravatar.com\/avatar\/c674f392343d66e95fba904bf4162243?s=96&d=mm&r=g","contentUrl":"https:\/\/secure.gravatar.com\/avatar\/c674f392343d66e95fba904bf4162243?s=96&d=mm&r=g","caption":"Enregata"}}]}},"_links":{"self":[{"href":"https:\/\/labs.100x100.net\/projects\/rutasal\/wp-json\/wp\/v2\/posts\/6609"}],"collection":[{"href":"https:\/\/labs.100x100.net\/projects\/rutasal\/wp-json\/wp\/v2\/posts"}],"about":[{"href":"https:\/\/labs.100x100.net\/projects\/rutasal\/wp-json\/wp\/v2\/types\/post"}],"author":[{"embeddable":true,"href":"https:\/\/labs.100x100.net\/projects\/rutasal\/wp-json\/wp\/v2\/users\/8"}],"replies":[{"embeddable":true,"href":"https:\/\/labs.100x100.net\/projects\/rutasal\/wp-json\/wp\/v2\/comments?post=6609"}],"version-history":[{"count":3,"href":"https:\/\/labs.100x100.net\/projects\/rutasal\/wp-json\/wp\/v2\/posts\/6609\/revisions"}],"predecessor-version":[{"id":6634,"href":"https:\/\/labs.100x100.net\/projects\/rutasal\/wp-json\/wp\/v2\/posts\/6609\/revisions\/6634"}],"wp:featuredmedia":[{"embeddable":true,"href":"https:\/\/labs.100x100.net\/projects\/rutasal\/wp-json\/wp\/v2\/media\/6610"}],"wp:attachment":[{"href":"https:\/\/labs.100x100.net\/projects\/rutasal\/wp-json\/wp\/v2\/media?parent=6609"}],"wp:term":[{"taxonomy":"category","embeddable":true,"href":"https:\/\/labs.100x100.net\/projects\/rutasal\/wp-json\/wp\/v2\/categories?post=6609"},{"taxonomy":"post_tag","embeddable":true,"href":"https:\/\/labs.100x100.net\/projects\/rutasal\/wp-json\/wp\/v2\/tags?post=6609"}],"curies":[{"name":"wp","href":"https:\/\/api.w.org\/{rel}","templated":true}]}}