{"id":6447,"date":"2021-05-29T17:54:44","date_gmt":"2021-05-29T15:54:44","guid":{"rendered":"https:\/\/larutadelasal.com\/?p=6447"},"modified":"2021-05-29T19:54:10","modified_gmt":"2021-05-29T17:54:10","slug":"brujo-primero-en-cruzar-la-linea-de-llegada-de-la-sal-2021","status":"publish","type":"post","link":"https:\/\/labs.100x100.net\/projects\/rutasal\/brujo-primero-en-cruzar-la-linea-de-llegada-de-la-sal-2021\/","title":{"rendered":"BRUJO, PRIMERO EN CRUZAR LA L\u00cdNEA DE LLEGADA DE LA SAL 2021"},"content":{"rendered":"<p><img loading=\"lazy\" decoding=\"async\" class=\"wp-image-6444 size-full\" src=\"http:\/\/larutadelasal.com\/custom\/uploads\/2021\/05\/WhatsApp-Image-2021-05-29-at-15.28.15.jpeg\" alt=\"\" width=\"2016\" height=\"980\" srcset=\"https:\/\/labs.100x100.net\/projects\/rutasal\/custom\/uploads\/2021\/05\/WhatsApp-Image-2021-05-29-at-15.28.15.jpeg 2016w, https:\/\/labs.100x100.net\/projects\/rutasal\/custom\/uploads\/2021\/05\/WhatsApp-Image-2021-05-29-at-15.28.15-300x146.jpeg 300w, https:\/\/labs.100x100.net\/projects\/rutasal\/custom\/uploads\/2021\/05\/WhatsApp-Image-2021-05-29-at-15.28.15-1024x498.jpeg 1024w, https:\/\/labs.100x100.net\/projects\/rutasal\/custom\/uploads\/2021\/05\/WhatsApp-Image-2021-05-29-at-15.28.15-768x373.jpeg 768w, https:\/\/labs.100x100.net\/projects\/rutasal\/custom\/uploads\/2021\/05\/WhatsApp-Image-2021-05-29-at-15.28.15-1536x747.jpeg 1536w\" sizes=\"(max-width: 2016px) 100vw, 2016px\" \/><\/p>\n<p>&nbsp;<\/p>\n<p><span style=\"font-weight: 400;\">Meritoria llegada de la tripulaci\u00f3n del Swan 45 <\/span><i><span style=\"font-weight: 400;\">Brujo<\/span><\/i><span style=\"font-weight: 400;\"> de Alberto de Castro, que ha sido el primero de entrar en la l\u00ednea de llegada de la Ruta de la Sal 2021, despu\u00e9s de algo m\u00e1s de 28 horas de dur\u00edsima navegaci\u00f3n por el Canal de Denia y la circunvalaci\u00f3n a las Pituises, debido la falta de viento con la que se han encontrado los regatistas en esta edici\u00f3n de la Ruta de la Sal 2021.<\/span><\/p>\n<p><span style=\"font-weight: 400;\">Los hombres de Alberto de Castro han superado el reto de ser los primeros en cruzar en tiempo real en esta prueba, que ha puesto a prueba la capacidad de resistencia de los navegantes, ya que toda la flota, tanto los que han salido de Barcelona, como los de Denia, se han encontrado con unas condiciones ex asperantes, dada la falta de viento en todo el Mediterr\u00e1neo Occidental.<\/span><\/p>\n<p><span style=\"font-weight: 400;\">Alberto Castro y su tripulaci\u00f3n, han sabido sacar el m\u00e1ximo provecho a esta dif\u00edcil\u00a0 situaci\u00f3n de navegar con poco viento y han llegado a Sant Antoni de Portmany con bastante ventaja respecto a sus rivales, lo que les hace pensar que pueden ser los vencedores absolutos de la flota de Denia ya que sus m\u00e1s directos competidores est\u00e1n todav\u00eda lejos. El\u00a0 viernes noche, en la aproximaci\u00f3n al Cabo de Berber\u00eda, <\/span><i><span style=\"font-weight: 400;\">Brujo <\/span><\/i><span style=\"font-weight: 400;\">ya consigui\u00f3 establecer una importante diferencia sobre sus perseguidores m\u00e1s competitivos como el <\/span><i><span style=\"font-weight: 400;\">Foxy Lady<\/span><\/i><span style=\"font-weight: 400;\">, IMX 45 de Klaus Bauer, el <\/span><i><span style=\"font-weight: 400;\">Clem<\/span><\/i><span style=\"font-weight: 400;\">, Swan 56 de Jaime Olazabal o el <\/span><i><span style=\"font-weight: 400;\">Nautic Caf\u00e9 del Mar<\/span><\/i><span style=\"font-weight: 400;\">, Espada 34 de Javier Rabelo.<\/span><span style=\"font-weight: 400;\">\u00a0\u00a0<\/span><\/p>\n<p><b>Un gran desaf\u00edo ante la falta de viento<\/b><\/p>\n<p><span style=\"font-weight: 400;\">A las 15:30h del s\u00e1bado 28, 10 embarcaciones de la versi\u00f3n de Denia\u00a0 todav\u00eda no han tirado la toalla, y siguen batallando contra las calmas con el deseo de cruzar la l\u00ednea de llegada a vela. El desaf\u00edo de paciencia y nervios que supone la falta de viento para los regatistas ha hecho mella en el resto de la flota que ha declarado su retirada para poner motor y llegar a puerto o para fondear en algunas de las bellas calas de Ibiza.<\/span><\/p>\n<p><span style=\"font-weight: 400;\">La versi\u00f3n mini-sal, con salida tambi\u00e9n desde Denia y con un recorrido rumbo directo a Sant Antoni de 50 millas, supon\u00eda una alternativa que ha atra\u00eddo a algunos regatistas que han decidido cambiar a esta versi\u00f3n a \u00faltima hora ante la falta de viento. Todos menos uno se han visto superados en este desaf\u00edo a la paciencia ya que los nervios que supone sortear las calmas, les ha hecho retirar. Solo el <\/span><i><span style=\"font-weight: 400;\">Illuka<\/span><\/i><span style=\"font-weight: 400;\"> es la \u00fanica embarcaci\u00f3n de la Mini-Sal que sigue en regata. La resistencia del <\/span><i><span style=\"font-weight: 400;\">Illuka<\/span><\/i><span style=\"font-weight: 400;\"> podr\u00eda culminar en una victoria para dedicarla a su antiguo armador, Pepe Santos que inici\u00f3 a miles de navegantes en la vela de altura y que falleci\u00f3 hace unos meses.<\/span><\/p>\n<p><img loading=\"lazy\" decoding=\"async\" class=\"size-full wp-image-6454 aligncenter\" src=\"http:\/\/larutadelasal.com\/custom\/uploads\/2021\/05\/LlegadaBrujo-1.jpg\" alt=\"\" width=\"2016\" height=\"980\" srcset=\"https:\/\/labs.100x100.net\/projects\/rutasal\/custom\/uploads\/2021\/05\/LlegadaBrujo-1.jpg 2016w, https:\/\/labs.100x100.net\/projects\/rutasal\/custom\/uploads\/2021\/05\/LlegadaBrujo-1-300x146.jpg 300w, https:\/\/labs.100x100.net\/projects\/rutasal\/custom\/uploads\/2021\/05\/LlegadaBrujo-1-1024x498.jpg 1024w, https:\/\/labs.100x100.net\/projects\/rutasal\/custom\/uploads\/2021\/05\/LlegadaBrujo-1-768x373.jpg 768w, https:\/\/labs.100x100.net\/projects\/rutasal\/custom\/uploads\/2021\/05\/LlegadaBrujo-1-1536x747.jpg 1536w\" sizes=\"(max-width: 2016px) 100vw, 2016px\" \/><\/p>\n<p><b>Avance progresivo, pero lento para los salidos de Barcelona<\/b><\/p>\n<p><span style=\"font-weight: 400;\">Por su parte, la flota de la versi\u00f3n Barcelona, cuyo recorrido fue recortado en previsi\u00f3n de las condiciones poco favorables para la navegaci\u00f3n a vela, progresa lentamente hacia Sant Antoni de Portmany, en Ibiza. El <\/span><i><span style=\"font-weight: 400;\">Flomali 2<\/span><\/i><span style=\"font-weight: 400;\">, Swan 60 de Alex Staring, y el <\/span><i><span style=\"font-weight: 400;\">Gymir<\/span><\/i><span style=\"font-weight: 400;\">, Maxi Dolphin 65 de Manel Codina, encabezan la flota, seguidos por el <\/span><i><span style=\"font-weight: 400;\">Atlant del Vent<\/span><\/i><span style=\"font-weight: 400;\">, IMX 45 de David Tur, el <\/span><i><span style=\"font-weight: 400;\">Yellow Rose<\/span><\/i><span style=\"font-weight: 400;\">, X-35 de Marten Jan Ringers y el <\/span><i><span style=\"font-weight: 400;\">Marjuin<\/span><\/i><span style=\"font-weight: 400;\">, Grad Soleil 50 de Pere Roquet.\u00a0<\/span><\/p>\n<p><img loading=\"lazy\" decoding=\"async\" class=\"size-full wp-image-6430 aligncenter\" src=\"http:\/\/larutadelasal.com\/custom\/uploads\/2021\/05\/WhatsApp-Image-2021-05-29-at-13.32.31.jpeg\" alt=\"\" width=\"1000\" height=\"662\" srcset=\"https:\/\/labs.100x100.net\/projects\/rutasal\/custom\/uploads\/2021\/05\/WhatsApp-Image-2021-05-29-at-13.32.31.jpeg 1000w, https:\/\/labs.100x100.net\/projects\/rutasal\/custom\/uploads\/2021\/05\/WhatsApp-Image-2021-05-29-at-13.32.31-300x199.jpeg 300w, https:\/\/labs.100x100.net\/projects\/rutasal\/custom\/uploads\/2021\/05\/WhatsApp-Image-2021-05-29-at-13.32.31-768x508.jpeg 768w\" sizes=\"(max-width: 1000px) 100vw, 1000px\" \/><\/p>\n<p><span style=\"font-weight: 400;\">Los primeros de la versi\u00f3n Barcelona se encuentran a 34 millas de la llegada, y considerando las condiciones de viento se espera que lleguen a partir de las 12 de la noche y a lo largo de toda la madrugada.\u00a0<\/span><\/p>\n<p><span style=\"font-weight: 400;\">El tiempo l\u00edmite para todas las embarcaciones est\u00e1 establecido a las 11 horas del domingo 30 de mayo y la ceremonia de entrega de trofeos se realizar\u00e1 el mismo domingo a las 12 del mediod\u00eda.<\/span><\/p>\n<p>&nbsp;<\/p>\n<p><b>Los vencedores, ganar\u00e1n un reloj quatix\u00ae 6x Solar Garmin<\/b><\/p>\n<p><span style=\"font-weight: 400;\">Garmin, la electr\u00f3nica oficial y patrocinador de la Ruta de la Sal, ofrecer\u00e1 a los ganadores de la m\u00edtica regata de altura los preciados relojes <\/span><b><i>quatix\u00ae 6x Solar<\/i><\/b><span style=\"font-weight: 400;\">, como se\u00f1al de su victoria. Un premio valorado y que ser\u00e1 buscado por los navegantes para alzarse con \u00e9l. El <\/span><b><i>quatix\u00ae 6x Solar<\/i><\/b><span style=\"font-weight: 400;\"> es un reloj n\u00e1utico inteligente, se ha convertido en el gran aliado de muchos navegantes, en sus traves\u00edas, ya que incluye la conectividad con plotters cartogr\u00e1ficos de Garmin, control de piloto autom\u00e1tico, pagos primer reloj inteligente GPS n\u00e1utico con carga <\/span><i><span style=\"font-weight: 400;\">solar<\/span><\/i><span style=\"font-weight: 400;\">.se conecta con plotters de Garmin compatibles, transceptor GNT\u2122 10\u00a0 y otros dispositivos para transmitir datos al reloj, por lo que conseguirlo es uno de los alicientes en ganar esta regata.<\/span><\/p>\n<p>&nbsp;<\/p>\n","protected":false},"excerpt":{"rendered":"<p>&nbsp; Meritoria llegada de la tripulaci\u00f3n del Swan 45 Brujo de Alberto de Castro, que ha sido el primero de entrar en la l\u00ednea de llegada de la Ruta de la Sal 2021, despu\u00e9s de algo m\u00e1s de 28 horas de dur\u00edsima navegaci\u00f3n por el Canal de Denia y la circunvalaci\u00f3n a las Pituises, debido [&hellip;]<\/p>\n","protected":false},"author":2,"featured_media":6454,"comment_status":"open","ping_status":"open","sticky":false,"template":"","format":"standard","meta":{"_acf_changed":false,"footnotes":""},"categories":[3],"tags":[],"acf":[],"yoast_head":"<!-- This site is optimized with the Yoast SEO plugin v23.0 - https:\/\/yoast.com\/wordpress\/plugins\/seo\/ -->\n<title>BRUJO, PRIMERO EN CRUZAR LA L\u00cdNEA DE LLEGADA DE LA SAL 2021 | Regata La Ruta de la Sal<\/title>\n<meta name=\"description\" content=\"Brujo alcanz\u00f3 la meta a las 15 horas, 23 minutos, 11 segundos, despu\u00e9s de 28 horas de dura navegaci\u00f3n con m\u00ednimos de viento\" \/>\n<meta name=\"robots\" content=\"noindex, follow, max-snippet:-1, max-image-preview:large, max-video-preview:-1\" \/>\n<meta property=\"og:locale\" content=\"es_ES\" \/>\n<meta property=\"og:type\" content=\"article\" \/>\n<meta property=\"og:title\" content=\"BRUJO, PRIMERO EN CRUZAR LA L\u00cdNEA DE LLEGADA DE LA SAL 2021 | Regata La Ruta de la Sal\" \/>\n<meta property=\"og:description\" content=\"Brujo alcanz\u00f3 la meta a las 15 horas, 23 minutos, 11 segundos, despu\u00e9s de 28 horas de dura navegaci\u00f3n con m\u00ednimos de viento\" \/>\n<meta property=\"og:url\" content=\"https:\/\/labs.100x100.net\/projects\/rutasal\/brujo-primero-en-cruzar-la-linea-de-llegada-de-la-sal-2021\/\" \/>\n<meta property=\"og:site_name\" content=\"Regata La Ruta de la Sal\" \/>\n<meta property=\"article:publisher\" content=\"https:\/\/www.facebook.com\/rutadelasal\/\" \/>\n<meta property=\"article:published_time\" content=\"2021-05-29T15:54:44+00:00\" \/>\n<meta property=\"article:modified_time\" content=\"2021-05-29T17:54:10+00:00\" \/>\n<meta property=\"og:image\" content=\"https:\/\/labs.100x100.net\/projects\/rutasal\/custom\/uploads\/2021\/05\/LlegadaBrujo-1.jpg\" \/>\n\t<meta property=\"og:image:width\" content=\"2016\" \/>\n\t<meta property=\"og:image:height\" content=\"980\" \/>\n\t<meta property=\"og:image:type\" content=\"image\/jpeg\" \/>\n<meta name=\"author\" content=\"Ferran\" \/>\n<meta name=\"twitter:card\" content=\"summary_large_image\" \/>\n<meta name=\"twitter:creator\" content=\"@AnamMedi\" \/>\n<meta name=\"twitter:site\" content=\"@AnamMedi\" \/>\n<meta name=\"twitter:label1\" content=\"Escrito por\" \/>\n\t<meta name=\"twitter:data1\" content=\"Ferran\" \/>\n\t<meta name=\"twitter:label2\" content=\"Tiempo de lectura\" \/>\n\t<meta name=\"twitter:data2\" content=\"4 minutos\" \/>\n<script type=\"application\/ld+json\" class=\"yoast-schema-graph\">{\"@context\":\"https:\/\/schema.org\",\"@graph\":[{\"@type\":\"WebPage\",\"@id\":\"https:\/\/labs.100x100.net\/projects\/rutasal\/brujo-primero-en-cruzar-la-linea-de-llegada-de-la-sal-2021\/\",\"url\":\"https:\/\/labs.100x100.net\/projects\/rutasal\/brujo-primero-en-cruzar-la-linea-de-llegada-de-la-sal-2021\/\",\"name\":\"BRUJO, PRIMERO EN CRUZAR LA L\u00cdNEA DE LLEGADA DE LA SAL 2021 | Regata La Ruta de la Sal\",\"isPartOf\":{\"@id\":\"https:\/\/labs.100x100.net\/projects\/rutasal\/#website\"},\"primaryImageOfPage\":{\"@id\":\"https:\/\/labs.100x100.net\/projects\/rutasal\/brujo-primero-en-cruzar-la-linea-de-llegada-de-la-sal-2021\/#primaryimage\"},\"image\":{\"@id\":\"https:\/\/labs.100x100.net\/projects\/rutasal\/brujo-primero-en-cruzar-la-linea-de-llegada-de-la-sal-2021\/#primaryimage\"},\"thumbnailUrl\":\"https:\/\/labs.100x100.net\/projects\/rutasal\/custom\/uploads\/2021\/05\/LlegadaBrujo-1.jpg\",\"datePublished\":\"2021-05-29T15:54:44+00:00\",\"dateModified\":\"2021-05-29T17:54:10+00:00\",\"author\":{\"@id\":\"https:\/\/labs.100x100.net\/projects\/rutasal\/#\/schema\/person\/24a02a346c826cf8502e7fb8edc0396c\"},\"description\":\"Brujo alcanz\u00f3 la meta a las 15 horas, 23 minutos, 11 segundos, despu\u00e9s de 28 horas de dura navegaci\u00f3n con m\u00ednimos de viento\",\"breadcrumb\":{\"@id\":\"https:\/\/labs.100x100.net\/projects\/rutasal\/brujo-primero-en-cruzar-la-linea-de-llegada-de-la-sal-2021\/#breadcrumb\"},\"inLanguage\":\"es\",\"potentialAction\":[{\"@type\":\"ReadAction\",\"target\":[\"https:\/\/labs.100x100.net\/projects\/rutasal\/brujo-primero-en-cruzar-la-linea-de-llegada-de-la-sal-2021\/\"]}]},{\"@type\":\"ImageObject\",\"inLanguage\":\"es\",\"@id\":\"https:\/\/labs.100x100.net\/projects\/rutasal\/brujo-primero-en-cruzar-la-linea-de-llegada-de-la-sal-2021\/#primaryimage\",\"url\":\"https:\/\/labs.100x100.net\/projects\/rutasal\/custom\/uploads\/2021\/05\/LlegadaBrujo-1.jpg\",\"contentUrl\":\"https:\/\/labs.100x100.net\/projects\/rutasal\/custom\/uploads\/2021\/05\/LlegadaBrujo-1.jpg\",\"width\":2016,\"height\":980},{\"@type\":\"BreadcrumbList\",\"@id\":\"https:\/\/labs.100x100.net\/projects\/rutasal\/brujo-primero-en-cruzar-la-linea-de-llegada-de-la-sal-2021\/#breadcrumb\",\"itemListElement\":[{\"@type\":\"ListItem\",\"position\":1,\"name\":\"Portada\",\"item\":\"https:\/\/labs.100x100.net\/projects\/rutasal\/\"},{\"@type\":\"ListItem\",\"position\":2,\"name\":\"BRUJO, PRIMERO EN CRUZAR LA L\u00cdNEA DE LLEGADA DE LA SAL 2021\"}]},{\"@type\":\"WebSite\",\"@id\":\"https:\/\/labs.100x100.net\/projects\/rutasal\/#website\",\"url\":\"https:\/\/labs.100x100.net\/projects\/rutasal\/\",\"name\":\"Regata La Ruta de la Sal\",\"description\":\"Regata La Ruta de la Sal es una regata de Altura Mediterr\u00e1nea para barcos de crucero a vela con destino en Ibiza, que se disputa anualmente en Semana Santa.\",\"potentialAction\":[{\"@type\":\"SearchAction\",\"target\":{\"@type\":\"EntryPoint\",\"urlTemplate\":\"https:\/\/labs.100x100.net\/projects\/rutasal\/?s={search_term_string}\"},\"query-input\":\"required name=search_term_string\"}],\"inLanguage\":\"es\"},{\"@type\":\"Person\",\"@id\":\"https:\/\/labs.100x100.net\/projects\/rutasal\/#\/schema\/person\/24a02a346c826cf8502e7fb8edc0396c\",\"name\":\"Ferran\",\"image\":{\"@type\":\"ImageObject\",\"inLanguage\":\"es\",\"@id\":\"https:\/\/labs.100x100.net\/projects\/rutasal\/#\/schema\/person\/image\/\",\"url\":\"https:\/\/secure.gravatar.com\/avatar\/d1c4bb756eb5c888319d7e06d9dc1559?s=96&d=mm&r=g\",\"contentUrl\":\"https:\/\/secure.gravatar.com\/avatar\/d1c4bb756eb5c888319d7e06d9dc1559?s=96&d=mm&r=g\",\"caption\":\"Ferran\"}}]}<\/script>\n<!-- \/ Yoast SEO plugin. -->","yoast_head_json":{"title":"BRUJO, PRIMERO EN CRUZAR LA L\u00cdNEA DE LLEGADA DE LA SAL 2021 | Regata La Ruta de la Sal","description":"Brujo alcanz\u00f3 la meta a las 15 horas, 23 minutos, 11 segundos, despu\u00e9s de 28 horas de dura navegaci\u00f3n con m\u00ednimos de viento","robots":{"index":"noindex","follow":"follow","max-snippet":"max-snippet:-1","max-image-preview":"max-image-preview:large","max-video-preview":"max-video-preview:-1"},"og_locale":"es_ES","og_type":"article","og_title":"BRUJO, PRIMERO EN CRUZAR LA L\u00cdNEA DE LLEGADA DE LA SAL 2021 | Regata La Ruta de la Sal","og_description":"Brujo alcanz\u00f3 la meta a las 15 horas, 23 minutos, 11 segundos, despu\u00e9s de 28 horas de dura navegaci\u00f3n con m\u00ednimos de viento","og_url":"https:\/\/labs.100x100.net\/projects\/rutasal\/brujo-primero-en-cruzar-la-linea-de-llegada-de-la-sal-2021\/","og_site_name":"Regata La Ruta de la Sal","article_publisher":"https:\/\/www.facebook.com\/rutadelasal\/","article_published_time":"2021-05-29T15:54:44+00:00","article_modified_time":"2021-05-29T17:54:10+00:00","og_image":[{"width":2016,"height":980,"url":"https:\/\/labs.100x100.net\/projects\/rutasal\/custom\/uploads\/2021\/05\/LlegadaBrujo-1.jpg","type":"image\/jpeg"}],"author":"Ferran","twitter_card":"summary_large_image","twitter_creator":"@AnamMedi","twitter_site":"@AnamMedi","twitter_misc":{"Escrito por":"Ferran","Tiempo de lectura":"4 minutos"},"schema":{"@context":"https:\/\/schema.org","@graph":[{"@type":"WebPage","@id":"https:\/\/labs.100x100.net\/projects\/rutasal\/brujo-primero-en-cruzar-la-linea-de-llegada-de-la-sal-2021\/","url":"https:\/\/labs.100x100.net\/projects\/rutasal\/brujo-primero-en-cruzar-la-linea-de-llegada-de-la-sal-2021\/","name":"BRUJO, PRIMERO EN CRUZAR LA L\u00cdNEA DE LLEGADA DE LA SAL 2021 | Regata La Ruta de la Sal","isPartOf":{"@id":"https:\/\/labs.100x100.net\/projects\/rutasal\/#website"},"primaryImageOfPage":{"@id":"https:\/\/labs.100x100.net\/projects\/rutasal\/brujo-primero-en-cruzar-la-linea-de-llegada-de-la-sal-2021\/#primaryimage"},"image":{"@id":"https:\/\/labs.100x100.net\/projects\/rutasal\/brujo-primero-en-cruzar-la-linea-de-llegada-de-la-sal-2021\/#primaryimage"},"thumbnailUrl":"https:\/\/labs.100x100.net\/projects\/rutasal\/custom\/uploads\/2021\/05\/LlegadaBrujo-1.jpg","datePublished":"2021-05-29T15:54:44+00:00","dateModified":"2021-05-29T17:54:10+00:00","author":{"@id":"https:\/\/labs.100x100.net\/projects\/rutasal\/#\/schema\/person\/24a02a346c826cf8502e7fb8edc0396c"},"description":"Brujo alcanz\u00f3 la meta a las 15 horas, 23 minutos, 11 segundos, despu\u00e9s de 28 horas de dura navegaci\u00f3n con m\u00ednimos de viento","breadcrumb":{"@id":"https:\/\/labs.100x100.net\/projects\/rutasal\/brujo-primero-en-cruzar-la-linea-de-llegada-de-la-sal-2021\/#breadcrumb"},"inLanguage":"es","potentialAction":[{"@type":"ReadAction","target":["https:\/\/labs.100x100.net\/projects\/rutasal\/brujo-primero-en-cruzar-la-linea-de-llegada-de-la-sal-2021\/"]}]},{"@type":"ImageObject","inLanguage":"es","@id":"https:\/\/labs.100x100.net\/projects\/rutasal\/brujo-primero-en-cruzar-la-linea-de-llegada-de-la-sal-2021\/#primaryimage","url":"https:\/\/labs.100x100.net\/projects\/rutasal\/custom\/uploads\/2021\/05\/LlegadaBrujo-1.jpg","contentUrl":"https:\/\/labs.100x100.net\/projects\/rutasal\/custom\/uploads\/2021\/05\/LlegadaBrujo-1.jpg","width":2016,"height":980},{"@type":"BreadcrumbList","@id":"https:\/\/labs.100x100.net\/projects\/rutasal\/brujo-primero-en-cruzar-la-linea-de-llegada-de-la-sal-2021\/#breadcrumb","itemListElement":[{"@type":"ListItem","position":1,"name":"Portada","item":"https:\/\/labs.100x100.net\/projects\/rutasal\/"},{"@type":"ListItem","position":2,"name":"BRUJO, PRIMERO EN CRUZAR LA L\u00cdNEA DE LLEGADA DE LA SAL 2021"}]},{"@type":"WebSite","@id":"https:\/\/labs.100x100.net\/projects\/rutasal\/#website","url":"https:\/\/labs.100x100.net\/projects\/rutasal\/","name":"Regata La Ruta de la Sal","description":"Regata La Ruta de la Sal es una regata de Altura Mediterr\u00e1nea para barcos de crucero a vela con destino en Ibiza, que se disputa anualmente en Semana Santa.","potentialAction":[{"@type":"SearchAction","target":{"@type":"EntryPoint","urlTemplate":"https:\/\/labs.100x100.net\/projects\/rutasal\/?s={search_term_string}"},"query-input":"required name=search_term_string"}],"inLanguage":"es"},{"@type":"Person","@id":"https:\/\/labs.100x100.net\/projects\/rutasal\/#\/schema\/person\/24a02a346c826cf8502e7fb8edc0396c","name":"Ferran","image":{"@type":"ImageObject","inLanguage":"es","@id":"https:\/\/labs.100x100.net\/projects\/rutasal\/#\/schema\/person\/image\/","url":"https:\/\/secure.gravatar.com\/avatar\/d1c4bb756eb5c888319d7e06d9dc1559?s=96&d=mm&r=g","contentUrl":"https:\/\/secure.gravatar.com\/avatar\/d1c4bb756eb5c888319d7e06d9dc1559?s=96&d=mm&r=g","caption":"Ferran"}}]}},"_links":{"self":[{"href":"https:\/\/labs.100x100.net\/projects\/rutasal\/wp-json\/wp\/v2\/posts\/6447"}],"collection":[{"href":"https:\/\/labs.100x100.net\/projects\/rutasal\/wp-json\/wp\/v2\/posts"}],"about":[{"href":"https:\/\/labs.100x100.net\/projects\/rutasal\/wp-json\/wp\/v2\/types\/post"}],"author":[{"embeddable":true,"href":"https:\/\/labs.100x100.net\/projects\/rutasal\/wp-json\/wp\/v2\/users\/2"}],"replies":[{"embeddable":true,"href":"https:\/\/labs.100x100.net\/projects\/rutasal\/wp-json\/wp\/v2\/comments?post=6447"}],"version-history":[{"count":5,"href":"https:\/\/labs.100x100.net\/projects\/rutasal\/wp-json\/wp\/v2\/posts\/6447\/revisions"}],"predecessor-version":[{"id":6461,"href":"https:\/\/labs.100x100.net\/projects\/rutasal\/wp-json\/wp\/v2\/posts\/6447\/revisions\/6461"}],"wp:featuredmedia":[{"embeddable":true,"href":"https:\/\/labs.100x100.net\/projects\/rutasal\/wp-json\/wp\/v2\/media\/6454"}],"wp:attachment":[{"href":"https:\/\/labs.100x100.net\/projects\/rutasal\/wp-json\/wp\/v2\/media?parent=6447"}],"wp:term":[{"taxonomy":"category","embeddable":true,"href":"https:\/\/labs.100x100.net\/projects\/rutasal\/wp-json\/wp\/v2\/categories?post=6447"},{"taxonomy":"post_tag","embeddable":true,"href":"https:\/\/labs.100x100.net\/projects\/rutasal\/wp-json\/wp\/v2\/tags?post=6447"}],"curies":[{"name":"wp","href":"https:\/\/api.w.org\/{rel}","templated":true}]}}