{"id":6391,"date":"2021-05-28T19:18:20","date_gmt":"2021-05-28T17:18:20","guid":{"rendered":"https:\/\/larutadelasal.com\/?p=6391"},"modified":"2021-05-28T19:18:36","modified_gmt":"2021-05-28T17:18:36","slug":"la-sal-2021-sale-de-denia-rumbo-ibiza","status":"publish","type":"post","link":"https:\/\/labs.100x100.net\/projects\/rutasal\/la-sal-2021-sale-de-denia-rumbo-ibiza\/","title":{"rendered":"LA SAL 2021 SALE DE DENIA RUMBO IBIZA"},"content":{"rendered":"<p><strong><em>Hoy a las 20:00 horas, se har\u00e1 una largada excepcional de la flota de Port Ginesta (Barcelona) desde Cabo Tortosa a Sant Antoni Portmany (Ibiza)<\/em><\/strong><\/p>\n<p><strong>\u00a0<\/strong>La 33\u00aa edici\u00f3n de La Ruta de la Sal, la regata mediterr\u00e1nea de altura que tiene como destino la isla de Ibiza,\u00a0 ya ha largado amarras.<\/p>\n<p><strong> <img loading=\"lazy\" decoding=\"async\" class=\"size-full wp-image-6392 aligncenter\" src=\"http:\/\/larutadelasal.com\/custom\/uploads\/2021\/05\/WhatsApp-Image-2021-05-28-at-13.46.32.jpeg\" alt=\"Denia rumbo Ibiza\" width=\"1030\" height=\"501\" srcset=\"https:\/\/labs.100x100.net\/projects\/rutasal\/custom\/uploads\/2021\/05\/WhatsApp-Image-2021-05-28-at-13.46.32.jpeg 1030w, https:\/\/labs.100x100.net\/projects\/rutasal\/custom\/uploads\/2021\/05\/WhatsApp-Image-2021-05-28-at-13.46.32-300x146.jpeg 300w, https:\/\/labs.100x100.net\/projects\/rutasal\/custom\/uploads\/2021\/05\/WhatsApp-Image-2021-05-28-at-13.46.32-1024x498.jpeg 1024w, https:\/\/labs.100x100.net\/projects\/rutasal\/custom\/uploads\/2021\/05\/WhatsApp-Image-2021-05-28-at-13.46.32-768x374.jpeg 768w\" sizes=\"(max-width: 1030px) 100vw, 1030px\" \/><\/strong><\/p>\n<p>La versi\u00f3n de Denia sali\u00f3 a la hora prevista, desde las instalaciones del RCN de Denia, bajando la bandera de salida, tal como estaba previsto, a las 11:00 horas de hoy viernes, poniendo la flota destino Ibiza. Con un viento de Norte, de una intensidad entre 4 y 5 nudos, permiti\u00f3 a las embarcaciones, avanzar direcci\u00f3n NE por el Canal de Ibiza hacia los destinos ibicencos, con un suave viento de trav\u00e9s y al descuartelar.<\/p>\n<p>La baja barom\u00e9trica formada en la zona de Palos y Mar de Albor\u00e1n, ha permitido al Comit\u00e9 de Regata de la versi\u00f3n de Denia dar la salida. Con esta circunstancia se espera que las turbulencias de la baja originen vientos navegables en la zona Sur de la Isla de Ibiza y que posibilite la navegaci\u00f3n de la cincuentena de veleros que han cruzado la l\u00ednea de salida alicantina.<\/p>\n<p><img loading=\"lazy\" decoding=\"async\" class=\"size-full wp-image-6395 aligncenter\" src=\"http:\/\/larutadelasal.com\/custom\/uploads\/2021\/05\/WhatsApp-Image-2021-05-28-at-13.46.33.jpeg\" alt=\"\" width=\"1922\" height=\"934\" srcset=\"https:\/\/labs.100x100.net\/projects\/rutasal\/custom\/uploads\/2021\/05\/WhatsApp-Image-2021-05-28-at-13.46.33.jpeg 1922w, https:\/\/labs.100x100.net\/projects\/rutasal\/custom\/uploads\/2021\/05\/WhatsApp-Image-2021-05-28-at-13.46.33-300x146.jpeg 300w, https:\/\/labs.100x100.net\/projects\/rutasal\/custom\/uploads\/2021\/05\/WhatsApp-Image-2021-05-28-at-13.46.33-1024x498.jpeg 1024w, https:\/\/labs.100x100.net\/projects\/rutasal\/custom\/uploads\/2021\/05\/WhatsApp-Image-2021-05-28-at-13.46.33-768x373.jpeg 768w, https:\/\/labs.100x100.net\/projects\/rutasal\/custom\/uploads\/2021\/05\/WhatsApp-Image-2021-05-28-at-13.46.33-1536x746.jpeg 1536w\" sizes=\"(max-width: 1922px) 100vw, 1922px\" \/><\/p>\n<p><strong>Salida especial desde Barcelona<\/strong><\/p>\n<p>Muy distinta ha sido la largada desde Port Ginesta (Barcelona). Aqu\u00ed, un pantano barom\u00e9trico muy estable, sobre todo en medio del Canal entre Baleares y la pen\u00ednsula Ib\u00e9rica, recomend\u00f3 al Comit\u00e9 de Regata de la zona Norte, cambiar el programa de navegaci\u00f3n y establecer un enlace en navegaci\u00f3n en conserva entre Port Ginesta y Cabo Tortosa (en la desembocadura del rio Ebro) para desde aqu\u00ed dar la salida a vela, hoy a las 20:00 horas. Cuando esta flota (otra cincuentena de veleros) alcance este punto (algunos optaron por salir el jueves por la noche para estar en la l\u00ednea de largada hoy a las 19:30 horas), se establecer\u00e1 la l\u00ednea de salida de los participantes entre el barco del Comit\u00e9 de Regata, que ha acompa\u00f1ado a la flota, y el Faro Baliza de la punta del r\u00edo Ebro.<\/p>\n<p><img loading=\"lazy\" decoding=\"async\" class=\"size-full wp-image-6363 aligncenter\" src=\"http:\/\/larutadelasal.com\/custom\/uploads\/2021\/05\/WhatsApp-Image-2021-05-28-at-10.43.08.jpeg\" alt=\"\" width=\"1024\" height=\"768\" srcset=\"https:\/\/labs.100x100.net\/projects\/rutasal\/custom\/uploads\/2021\/05\/WhatsApp-Image-2021-05-28-at-10.43.08.jpeg 1024w, https:\/\/labs.100x100.net\/projects\/rutasal\/custom\/uploads\/2021\/05\/WhatsApp-Image-2021-05-28-at-10.43.08-300x225.jpeg 300w, https:\/\/labs.100x100.net\/projects\/rutasal\/custom\/uploads\/2021\/05\/WhatsApp-Image-2021-05-28-at-10.43.08-768x576.jpeg 768w\" sizes=\"(max-width: 1024px) 100vw, 1024px\" \/><\/p>\n<p>&nbsp;<\/p>\n<p><strong>Llegada prevista para ma\u00f1ana <\/strong><\/p>\n<p>Con estos cambios, se espera que a lo largo de la jornada del s\u00e1bado toda la flota de La Sal est\u00e9 amarrada en los pantalanes del CN Sant Antoni de Portmany. Los primeros en llegar ser\u00e1n los inscritos en la Mini Sal, salidos\u00a0 de Denia y con el recorrido m\u00e1s corto, ya que cubren una distancia aproximada de 55 millas n\u00e1uticas. El resto de la flota est\u00e1 previsto que llegue al un\u00edsono a Sant Antoni de Portmany, ya que con el recorte de unas 55 millas de los participantes en la versi\u00f3n Barcelona, en principio esta ruta tiene 140 millas, equilibrar\u00e1 los tiempos de recorrido con los de la versi\u00f3n Denia.<\/p>\n<p>&nbsp;<\/p>\n","protected":false},"excerpt":{"rendered":"<p>Hoy a las 20:00 horas, se har\u00e1 una largada excepcional de la flota de Port Ginesta (Barcelona) desde Cabo Tortosa a Sant Antoni Portmany (Ibiza) \u00a0La 33\u00aa edici\u00f3n de La Ruta de la Sal, la regata mediterr\u00e1nea de altura que tiene como destino la isla de Ibiza,\u00a0 ya ha largado amarras. La versi\u00f3n de Denia [&hellip;]<\/p>\n","protected":false},"author":2,"featured_media":6392,"comment_status":"open","ping_status":"open","sticky":false,"template":"","format":"standard","meta":{"_acf_changed":false,"footnotes":""},"categories":[3],"tags":[],"acf":[],"yoast_head":"<!-- This site is optimized with the Yoast SEO plugin v23.0 - https:\/\/yoast.com\/wordpress\/plugins\/seo\/ -->\n<title>LA SAL 2021 SALE DE DENIA RUMBO IBIZA | Regata La Ruta de la Sal<\/title>\n<meta name=\"description\" content=\"La Sal 2021 sale de Denia rumbo Ibiza. La regata mediterr\u00e1nea de altura que tiene como destino la isla de Ibiza, ya ha largado amarras.\" \/>\n<meta name=\"robots\" content=\"noindex, follow, max-snippet:-1, max-image-preview:large, max-video-preview:-1\" \/>\n<meta property=\"og:locale\" content=\"es_ES\" \/>\n<meta property=\"og:type\" content=\"article\" \/>\n<meta property=\"og:title\" content=\"LA SAL 2021 SALE DE DENIA RUMBO IBIZA | Regata La Ruta de la Sal\" \/>\n<meta property=\"og:description\" content=\"La Sal 2021 sale de Denia rumbo Ibiza. La regata mediterr\u00e1nea de altura que tiene como destino la isla de Ibiza, ya ha largado amarras.\" \/>\n<meta property=\"og:url\" content=\"https:\/\/labs.100x100.net\/projects\/rutasal\/la-sal-2021-sale-de-denia-rumbo-ibiza\/\" \/>\n<meta property=\"og:site_name\" content=\"Regata La Ruta de la Sal\" \/>\n<meta property=\"article:publisher\" content=\"https:\/\/www.facebook.com\/rutadelasal\/\" \/>\n<meta property=\"article:published_time\" content=\"2021-05-28T17:18:20+00:00\" \/>\n<meta property=\"article:modified_time\" content=\"2021-05-28T17:18:36+00:00\" \/>\n<meta property=\"og:image\" content=\"https:\/\/labs.100x100.net\/projects\/rutasal\/custom\/uploads\/2021\/05\/WhatsApp-Image-2021-05-28-at-13.46.32.jpeg\" \/>\n\t<meta property=\"og:image:width\" content=\"1030\" \/>\n\t<meta property=\"og:image:height\" content=\"501\" \/>\n\t<meta property=\"og:image:type\" content=\"image\/jpeg\" \/>\n<meta name=\"author\" content=\"Ferran\" \/>\n<meta name=\"twitter:card\" content=\"summary_large_image\" \/>\n<meta name=\"twitter:creator\" content=\"@AnamMedi\" \/>\n<meta name=\"twitter:site\" content=\"@AnamMedi\" \/>\n<meta name=\"twitter:label1\" content=\"Escrito por\" \/>\n\t<meta name=\"twitter:data1\" content=\"Ferran\" \/>\n\t<meta name=\"twitter:label2\" content=\"Tiempo de lectura\" \/>\n\t<meta name=\"twitter:data2\" content=\"3 minutos\" \/>\n<script type=\"application\/ld+json\" class=\"yoast-schema-graph\">{\"@context\":\"https:\/\/schema.org\",\"@graph\":[{\"@type\":\"WebPage\",\"@id\":\"https:\/\/labs.100x100.net\/projects\/rutasal\/la-sal-2021-sale-de-denia-rumbo-ibiza\/\",\"url\":\"https:\/\/labs.100x100.net\/projects\/rutasal\/la-sal-2021-sale-de-denia-rumbo-ibiza\/\",\"name\":\"LA SAL 2021 SALE DE DENIA RUMBO IBIZA | Regata La Ruta de la Sal\",\"isPartOf\":{\"@id\":\"https:\/\/labs.100x100.net\/projects\/rutasal\/#website\"},\"primaryImageOfPage\":{\"@id\":\"https:\/\/labs.100x100.net\/projects\/rutasal\/la-sal-2021-sale-de-denia-rumbo-ibiza\/#primaryimage\"},\"image\":{\"@id\":\"https:\/\/labs.100x100.net\/projects\/rutasal\/la-sal-2021-sale-de-denia-rumbo-ibiza\/#primaryimage\"},\"thumbnailUrl\":\"https:\/\/labs.100x100.net\/projects\/rutasal\/custom\/uploads\/2021\/05\/WhatsApp-Image-2021-05-28-at-13.46.32.jpeg\",\"datePublished\":\"2021-05-28T17:18:20+00:00\",\"dateModified\":\"2021-05-28T17:18:36+00:00\",\"author\":{\"@id\":\"https:\/\/labs.100x100.net\/projects\/rutasal\/#\/schema\/person\/24a02a346c826cf8502e7fb8edc0396c\"},\"description\":\"La Sal 2021 sale de Denia rumbo Ibiza. La regata mediterr\u00e1nea de altura que tiene como destino la isla de Ibiza, ya ha largado amarras.\",\"breadcrumb\":{\"@id\":\"https:\/\/labs.100x100.net\/projects\/rutasal\/la-sal-2021-sale-de-denia-rumbo-ibiza\/#breadcrumb\"},\"inLanguage\":\"es\",\"potentialAction\":[{\"@type\":\"ReadAction\",\"target\":[\"https:\/\/labs.100x100.net\/projects\/rutasal\/la-sal-2021-sale-de-denia-rumbo-ibiza\/\"]}]},{\"@type\":\"ImageObject\",\"inLanguage\":\"es\",\"@id\":\"https:\/\/labs.100x100.net\/projects\/rutasal\/la-sal-2021-sale-de-denia-rumbo-ibiza\/#primaryimage\",\"url\":\"https:\/\/labs.100x100.net\/projects\/rutasal\/custom\/uploads\/2021\/05\/WhatsApp-Image-2021-05-28-at-13.46.32.jpeg\",\"contentUrl\":\"https:\/\/labs.100x100.net\/projects\/rutasal\/custom\/uploads\/2021\/05\/WhatsApp-Image-2021-05-28-at-13.46.32.jpeg\",\"width\":1030,\"height\":501,\"caption\":\"Denia rumbo Ibiza\"},{\"@type\":\"BreadcrumbList\",\"@id\":\"https:\/\/labs.100x100.net\/projects\/rutasal\/la-sal-2021-sale-de-denia-rumbo-ibiza\/#breadcrumb\",\"itemListElement\":[{\"@type\":\"ListItem\",\"position\":1,\"name\":\"Portada\",\"item\":\"https:\/\/labs.100x100.net\/projects\/rutasal\/\"},{\"@type\":\"ListItem\",\"position\":2,\"name\":\"LA SAL 2021 SALE DE DENIA RUMBO IBIZA\"}]},{\"@type\":\"WebSite\",\"@id\":\"https:\/\/labs.100x100.net\/projects\/rutasal\/#website\",\"url\":\"https:\/\/labs.100x100.net\/projects\/rutasal\/\",\"name\":\"Regata La Ruta de la Sal\",\"description\":\"Regata La Ruta de la Sal es una regata de Altura Mediterr\u00e1nea para barcos de crucero a vela con destino en Ibiza, que se disputa anualmente en Semana Santa.\",\"potentialAction\":[{\"@type\":\"SearchAction\",\"target\":{\"@type\":\"EntryPoint\",\"urlTemplate\":\"https:\/\/labs.100x100.net\/projects\/rutasal\/?s={search_term_string}\"},\"query-input\":\"required name=search_term_string\"}],\"inLanguage\":\"es\"},{\"@type\":\"Person\",\"@id\":\"https:\/\/labs.100x100.net\/projects\/rutasal\/#\/schema\/person\/24a02a346c826cf8502e7fb8edc0396c\",\"name\":\"Ferran\",\"image\":{\"@type\":\"ImageObject\",\"inLanguage\":\"es\",\"@id\":\"https:\/\/labs.100x100.net\/projects\/rutasal\/#\/schema\/person\/image\/\",\"url\":\"https:\/\/secure.gravatar.com\/avatar\/d1c4bb756eb5c888319d7e06d9dc1559?s=96&d=mm&r=g\",\"contentUrl\":\"https:\/\/secure.gravatar.com\/avatar\/d1c4bb756eb5c888319d7e06d9dc1559?s=96&d=mm&r=g\",\"caption\":\"Ferran\"}}]}<\/script>\n<!-- \/ Yoast SEO plugin. -->","yoast_head_json":{"title":"LA SAL 2021 SALE DE DENIA RUMBO IBIZA | Regata La Ruta de la Sal","description":"La Sal 2021 sale de Denia rumbo Ibiza. La regata mediterr\u00e1nea de altura que tiene como destino la isla de Ibiza, ya ha largado amarras.","robots":{"index":"noindex","follow":"follow","max-snippet":"max-snippet:-1","max-image-preview":"max-image-preview:large","max-video-preview":"max-video-preview:-1"},"og_locale":"es_ES","og_type":"article","og_title":"LA SAL 2021 SALE DE DENIA RUMBO IBIZA | Regata La Ruta de la Sal","og_description":"La Sal 2021 sale de Denia rumbo Ibiza. La regata mediterr\u00e1nea de altura que tiene como destino la isla de Ibiza, ya ha largado amarras.","og_url":"https:\/\/labs.100x100.net\/projects\/rutasal\/la-sal-2021-sale-de-denia-rumbo-ibiza\/","og_site_name":"Regata La Ruta de la Sal","article_publisher":"https:\/\/www.facebook.com\/rutadelasal\/","article_published_time":"2021-05-28T17:18:20+00:00","article_modified_time":"2021-05-28T17:18:36+00:00","og_image":[{"width":1030,"height":501,"url":"https:\/\/labs.100x100.net\/projects\/rutasal\/custom\/uploads\/2021\/05\/WhatsApp-Image-2021-05-28-at-13.46.32.jpeg","type":"image\/jpeg"}],"author":"Ferran","twitter_card":"summary_large_image","twitter_creator":"@AnamMedi","twitter_site":"@AnamMedi","twitter_misc":{"Escrito por":"Ferran","Tiempo de lectura":"3 minutos"},"schema":{"@context":"https:\/\/schema.org","@graph":[{"@type":"WebPage","@id":"https:\/\/labs.100x100.net\/projects\/rutasal\/la-sal-2021-sale-de-denia-rumbo-ibiza\/","url":"https:\/\/labs.100x100.net\/projects\/rutasal\/la-sal-2021-sale-de-denia-rumbo-ibiza\/","name":"LA SAL 2021 SALE DE DENIA RUMBO IBIZA | Regata La Ruta de la Sal","isPartOf":{"@id":"https:\/\/labs.100x100.net\/projects\/rutasal\/#website"},"primaryImageOfPage":{"@id":"https:\/\/labs.100x100.net\/projects\/rutasal\/la-sal-2021-sale-de-denia-rumbo-ibiza\/#primaryimage"},"image":{"@id":"https:\/\/labs.100x100.net\/projects\/rutasal\/la-sal-2021-sale-de-denia-rumbo-ibiza\/#primaryimage"},"thumbnailUrl":"https:\/\/labs.100x100.net\/projects\/rutasal\/custom\/uploads\/2021\/05\/WhatsApp-Image-2021-05-28-at-13.46.32.jpeg","datePublished":"2021-05-28T17:18:20+00:00","dateModified":"2021-05-28T17:18:36+00:00","author":{"@id":"https:\/\/labs.100x100.net\/projects\/rutasal\/#\/schema\/person\/24a02a346c826cf8502e7fb8edc0396c"},"description":"La Sal 2021 sale de Denia rumbo Ibiza. La regata mediterr\u00e1nea de altura que tiene como destino la isla de Ibiza, ya ha largado amarras.","breadcrumb":{"@id":"https:\/\/labs.100x100.net\/projects\/rutasal\/la-sal-2021-sale-de-denia-rumbo-ibiza\/#breadcrumb"},"inLanguage":"es","potentialAction":[{"@type":"ReadAction","target":["https:\/\/labs.100x100.net\/projects\/rutasal\/la-sal-2021-sale-de-denia-rumbo-ibiza\/"]}]},{"@type":"ImageObject","inLanguage":"es","@id":"https:\/\/labs.100x100.net\/projects\/rutasal\/la-sal-2021-sale-de-denia-rumbo-ibiza\/#primaryimage","url":"https:\/\/labs.100x100.net\/projects\/rutasal\/custom\/uploads\/2021\/05\/WhatsApp-Image-2021-05-28-at-13.46.32.jpeg","contentUrl":"https:\/\/labs.100x100.net\/projects\/rutasal\/custom\/uploads\/2021\/05\/WhatsApp-Image-2021-05-28-at-13.46.32.jpeg","width":1030,"height":501,"caption":"Denia rumbo Ibiza"},{"@type":"BreadcrumbList","@id":"https:\/\/labs.100x100.net\/projects\/rutasal\/la-sal-2021-sale-de-denia-rumbo-ibiza\/#breadcrumb","itemListElement":[{"@type":"ListItem","position":1,"name":"Portada","item":"https:\/\/labs.100x100.net\/projects\/rutasal\/"},{"@type":"ListItem","position":2,"name":"LA SAL 2021 SALE DE DENIA RUMBO IBIZA"}]},{"@type":"WebSite","@id":"https:\/\/labs.100x100.net\/projects\/rutasal\/#website","url":"https:\/\/labs.100x100.net\/projects\/rutasal\/","name":"Regata La Ruta de la Sal","description":"Regata La Ruta de la Sal es una regata de Altura Mediterr\u00e1nea para barcos de crucero a vela con destino en Ibiza, que se disputa anualmente en Semana Santa.","potentialAction":[{"@type":"SearchAction","target":{"@type":"EntryPoint","urlTemplate":"https:\/\/labs.100x100.net\/projects\/rutasal\/?s={search_term_string}"},"query-input":"required name=search_term_string"}],"inLanguage":"es"},{"@type":"Person","@id":"https:\/\/labs.100x100.net\/projects\/rutasal\/#\/schema\/person\/24a02a346c826cf8502e7fb8edc0396c","name":"Ferran","image":{"@type":"ImageObject","inLanguage":"es","@id":"https:\/\/labs.100x100.net\/projects\/rutasal\/#\/schema\/person\/image\/","url":"https:\/\/secure.gravatar.com\/avatar\/d1c4bb756eb5c888319d7e06d9dc1559?s=96&d=mm&r=g","contentUrl":"https:\/\/secure.gravatar.com\/avatar\/d1c4bb756eb5c888319d7e06d9dc1559?s=96&d=mm&r=g","caption":"Ferran"}}]}},"_links":{"self":[{"href":"https:\/\/labs.100x100.net\/projects\/rutasal\/wp-json\/wp\/v2\/posts\/6391"}],"collection":[{"href":"https:\/\/labs.100x100.net\/projects\/rutasal\/wp-json\/wp\/v2\/posts"}],"about":[{"href":"https:\/\/labs.100x100.net\/projects\/rutasal\/wp-json\/wp\/v2\/types\/post"}],"author":[{"embeddable":true,"href":"https:\/\/labs.100x100.net\/projects\/rutasal\/wp-json\/wp\/v2\/users\/2"}],"replies":[{"embeddable":true,"href":"https:\/\/labs.100x100.net\/projects\/rutasal\/wp-json\/wp\/v2\/comments?post=6391"}],"version-history":[{"count":2,"href":"https:\/\/labs.100x100.net\/projects\/rutasal\/wp-json\/wp\/v2\/posts\/6391\/revisions"}],"predecessor-version":[{"id":6399,"href":"https:\/\/labs.100x100.net\/projects\/rutasal\/wp-json\/wp\/v2\/posts\/6391\/revisions\/6399"}],"wp:featuredmedia":[{"embeddable":true,"href":"https:\/\/labs.100x100.net\/projects\/rutasal\/wp-json\/wp\/v2\/media\/6392"}],"wp:attachment":[{"href":"https:\/\/labs.100x100.net\/projects\/rutasal\/wp-json\/wp\/v2\/media?parent=6391"}],"wp:term":[{"taxonomy":"category","embeddable":true,"href":"https:\/\/labs.100x100.net\/projects\/rutasal\/wp-json\/wp\/v2\/categories?post=6391"},{"taxonomy":"post_tag","embeddable":true,"href":"https:\/\/labs.100x100.net\/projects\/rutasal\/wp-json\/wp\/v2\/tags?post=6391"}],"curies":[{"name":"wp","href":"https:\/\/api.w.org\/{rel}","templated":true}]}}