{"id":636,"date":"2011-05-10T12:23:22","date_gmt":"2011-05-10T12:23:22","guid":{"rendered":"https:\/\/larutadelasal.com\/?p=636"},"modified":"2019-03-14T12:24:00","modified_gmt":"2019-03-14T10:24:00","slug":"los-equpos-de-las-baleares-fueron-los-mas-rapidos","status":"publish","type":"post","link":"https:\/\/labs.100x100.net\/projects\/rutasal\/los-equpos-de-las-baleares-fueron-los-mas-rapidos\/","title":{"rendered":"LOS EQUPOS DE LAS BALEARES FUERON LOS MAS RAPIDOS."},"content":{"rendered":"<h2>\u201cAcrobat\u201d del RCN de Puerto de Pollensa en la Versi\u00f3n Norte y \u201cSpace Ibiza\u201d del CN de Sant Antoni\u00a0 en la Versi\u00f3n Este, vencedores absolutos\u00a0 de la 24 Ruta de La Sal \u2013 Trofeo Pepe Ferres 2011.<\/h2>\n<p><!--more--><\/p>\n<h2>El Tiempo Real fue para \u00abCARO\u00bb <strong>de Werner Klink en la Versi\u00f3n Norte y en la Versi\u00f3n Este para \u00ab2 MUCH\u00bb de Jos\u00e9 Febre<\/strong><\/h2>\n<p><strong><!--more--><br \/>\n<\/strong><\/p>\n<h2>LA SAL 2011; UNA REGATA SOLO APTA PARA LOS MAS EXPERTOS<\/h2>\n<p><a class=\"tt-flickr tt-flickr-Medium\" title=\"P1440958\" href=\"http:\/\/farm6.static.flickr.com\/5021\/5654624413_6af8b97670_b.jpg\"><img loading=\"lazy\" decoding=\"async\" class=\"alignnone\" src=\"http:\/\/farm6.static.flickr.com\/5021\/5654624413_6af8b97670.jpg\" alt=\"P1440958\" width=\"320\" height=\"229\" \/><\/a> <a class=\"tt-flickr tt-flickr-Medium\" title=\"P1440954\" href=\"http:\/\/farm6.static.flickr.com\/5146\/5655194854_3d763257d9_b.jpg\"><img loading=\"lazy\" decoding=\"async\" class=\"alignnone\" src=\"http:\/\/farm6.static.flickr.com\/5141\/5654625663_a4b721184d.jpg\" alt=\"P1440965\" width=\"320\" height=\"229\" \/><\/a><a class=\"tt-flickr tt-flickr-Medium\" title=\"P1440957\" href=\"http:\/\/farm6.static.flickr.com\/5261\/5654623231_5124bff473_b.jpg\"><img loading=\"lazy\" decoding=\"async\" class=\"alignnone\" src=\"http:\/\/farm6.static.flickr.com\/5261\/5654623231_5124bff473.jpg\" alt=\"P1440957\" width=\"320\" height=\"229\" \/><\/a><img loading=\"lazy\" decoding=\"async\" class=\"alignnone\" src=\"http:\/\/farm6.static.flickr.com\/5146\/5655194854_3d763257d9.jpg\" alt=\"P1440954\" width=\"320\" height=\"229\" \/> <a class=\"tt-flickr tt-flickr-Medium\" title=\"P1440953\" href=\"http:\/\/farm6.static.flickr.com\/5101\/5655193932_0bd6e10ecf_b.jpg\"><img loading=\"lazy\" decoding=\"async\" class=\"alignnone\" src=\"http:\/\/farm6.static.flickr.com\/5101\/5655193932_0bd6e10ecf.jpg\" alt=\"P1440953\" width=\"320\" height=\"229\" \/><\/a> <a class=\"tt-flickr tt-flickr-Medium\" title=\"P1440948\" href=\"http:\/\/farm6.static.flickr.com\/5270\/5654620719_93b2dcdb3e_b.jpg\"><img loading=\"lazy\" decoding=\"async\" class=\"alignnone\" src=\"http:\/\/farm6.static.flickr.com\/5270\/5654620719_93b2dcdb3e.jpg\" alt=\"P1440948\" width=\"320\" height=\"229\" \/><\/a> <a class=\"tt-flickr tt-flickr-Medium\" title=\"DSC_5038\" href=\"http:\/\/farm6.static.flickr.com\/5184\/5655189360_b310e0c183_b.jpg\"><img loading=\"lazy\" decoding=\"async\" class=\"alignnone\" src=\"http:\/\/farm6.static.flickr.com\/5184\/5655189360_b310e0c183.jpg\" alt=\"DSC_5038\" width=\"320\" height=\"229\" \/><\/a> <a class=\"tt-flickr tt-flickr-Medium\" title=\"DSC_5042\" href=\"http:\/\/farm6.static.flickr.com\/5224\/5655192308_ab5189bbe5_b.jpg\"><img loading=\"lazy\" decoding=\"async\" class=\"alignnone\" src=\"http:\/\/farm6.static.flickr.com\/5224\/5655192308_ab5189bbe5.jpg\" alt=\"DSC_5042\" width=\"320\" height=\"229\" \/><\/a><\/p>\n<p>Que la <strong>Semana Santa este a\u00f1o, 2011<\/strong>, por los caprichos lunares, se haya situado casi al final del mes de abril no ha sido, en absoluto, un argumento para que el buen tiempo pudiese asegurar una Ruta de La Sal con sabor a verano. Lo que, por otra parte, muchos pensaban que pod\u00eda ocurrir. Sin embargo finalmente y como, sin duda alguna, hubiese asegurado Pepe Ferres, ocurri\u00f3 lo que\u00a0 tenia que pasar y La Ruta de La Sal, confirmo, una vez m\u00e1s, que es una regata dif\u00edcil. Aunque relativamente asequible por las millas a competir, de un nivel deportivo alt\u00edsimo y, en esta ocasi\u00f3n, solo apta para los m\u00e1s expertos. Una regata de esas que merecen la pena haber navegado. Por divertida, extrema y r\u00e1pida. De las que a Pepe le gustaban tanto.<br \/>\n<a class=\"tt-flickr tt-flickr-Medium\" title=\"DSC_3784\" href=\"http:\/\/farm6.static.flickr.com\/5142\/5640272578_882bf5f967_b.jpg\"><img loading=\"lazy\" decoding=\"async\" class=\"alignnone\" src=\"http:\/\/farm6.static.flickr.com\/5142\/5640272578_882bf5f967.jpg\" alt=\"DSC_3784\" width=\"320\" height=\"229\" \/><\/a> <a class=\"tt-flickr tt-flickr-Medium\" title=\"DSC_4083\" href=\"http:\/\/farm6.static.flickr.com\/5267\/5640276312_f7d55192ba_b.jpg\"><img loading=\"lazy\" decoding=\"async\" class=\"alignnone\" src=\"http:\/\/farm6.static.flickr.com\/5267\/5640276312_f7d55192ba.jpg\" alt=\"DSC_4083\" width=\"320\" height=\"229\" \/><\/a> <a class=\"tt-flickr tt-flickr-Medium\" title=\"DSC_4067\" href=\"http:\/\/farm6.static.flickr.com\/5263\/5640276174_8f9b30fea3_b.jpg\"><img loading=\"lazy\" decoding=\"async\" class=\"alignnone\" src=\"http:\/\/farm6.static.flickr.com\/5263\/5640276174_8f9b30fea3.jpg\" alt=\"DSC_4067\" width=\"320\" height=\"229\" \/><\/a> <a class=\"tt-flickr tt-flickr-Medium\" title=\"DSC_3767AW\" href=\"http:\/\/farm6.static.flickr.com\/5190\/5640375870_c30afc32d3_b.jpg\"><img loading=\"lazy\" decoding=\"async\" class=\"alignnone\" src=\"http:\/\/farm6.static.flickr.com\/5190\/5640375870_c30afc32d3.jpg\" alt=\"DSC_3767AW\" width=\"320\" height=\"229\" \/><\/a><br \/>\n<em><strong>Versi\u00f3n Norte:<br \/>\n<\/strong><\/em><br \/>\nLa <strong>24aba edici\u00f3n de la Ruta de Sal<\/strong> ser\u00e1 recordada como una regata dif\u00edcil, y muy dura. Para\u00a0 los participantes en la <strong>Versi\u00f3n Norte<\/strong>, tambi\u00e9n extremadamente r\u00e1pida. Pr\u00e1cticamente una navegaci\u00f3n muy extrema en la que los equipos que lograron llegar a la l\u00ednea de llegada en Cabo Negret aseguraron, sin excepciones, haber logrado batir sus r\u00e9cords personales de velocidades m\u00e1ximas y medias. La flota, tras la salida a las 09:00h del 21 abril en Port Ginesta, navego durante toda la singladura hasta Sant Antoni de Portmany, negociando con vientos muy constantes del ENE\u00a0 que soplaron regularmente entre los 28 y los 32 nudos, con puntas, en ciertas \u00e1reas del Mar Balear, d\u00e9\u00a0 hasta 40 mudos. Marejada a fuerte marejada y, durante las \u00faltimas horas del d\u00eda de la salida, ya con la flota a pocas millas de Ibiza,\u00a0 chubascos fuertes que, en general complicaron mucho las ultimas millas de la regata. Un panorama complicado, en consecuencia muy selectivo, solo apto para equipos con muchas horas de vuelo y embarcaciones bien preparadas para navegar en condiciones ciertamente extremas. Un panorama, tambi\u00e9n que permiti\u00f3 que la flota volase hasta Ibiza m\u00e1s r\u00e1pida que nunca:<\/p>\n<p><a class=\"tt-flickr tt-flickr-Medium\" title=\"XXIV LA RUTA DE LA SAL 2011 (TROFEO PEPE FERRES)\" href=\"http:\/\/farm6.static.flickr.com\/5308\/5642262649_96e50592ef_b.jpg\"><img loading=\"lazy\" decoding=\"async\" class=\"alignnone\" src=\"http:\/\/farm6.static.flickr.com\/5308\/5642262649_96e50592ef.jpg\" alt=\"XXIV LA RUTA DE LA SAL 2011 (TROFEO PEPE FERRES)\" width=\"320\" height=\"229\" \/><\/a> <a class=\"tt-flickr tt-flickr-Medium\" title=\"XXIV LA RUTA DE LA SAL 2011 (TROFEO PEPE FERRES)\" href=\"http:\/\/farm6.static.flickr.com\/5048\/5642262899_f73d15b4aa_b.jpg\"><img loading=\"lazy\" decoding=\"async\" class=\"alignnone\" src=\"http:\/\/farm6.static.flickr.com\/5048\/5642262899_f73d15b4aa.jpg\" alt=\"XXIV LA RUTA DE LA SAL 2011 (TROFEO PEPE FERRES)\" width=\"320\" height=\"229\" \/><\/a> <a class=\"tt-flickr tt-flickr-Medium\" title=\"XXIV LA RUTA DE LA SAL 2011 (TROFEO PEPE FERRES)\" href=\"http:\/\/farm6.static.flickr.com\/5108\/5642831928_26c01dbbfc_b.jpg\"><img loading=\"lazy\" decoding=\"async\" class=\"alignnone\" src=\"http:\/\/farm6.static.flickr.com\/5108\/5642831928_26c01dbbfc.jpg\" alt=\"XXIV LA RUTA DE LA SAL 2011 (TROFEO PEPE FERRES)\" width=\"320\" height=\"229\" \/><\/a><a class=\"tt-flickr tt-flickr-Medium\" title=\"XXIV LA RUTA DE LA SAL 2011 (TROFEO PEPE FERRES)\" href=\"http:\/\/farm6.static.flickr.com\/5022\/5642832190_ffa1217e20_b.jpg\"><img loading=\"lazy\" decoding=\"async\" class=\"alignnone\" src=\"http:\/\/farm6.static.flickr.com\/5022\/5642832190_ffa1217e20.jpg\" alt=\"XXIV LA RUTA DE LA SAL 2011 (TROFEO PEPE FERRES)\" width=\"320\" height=\"229\" \/><\/a><\/p>\n<p>A las <strong>22:18:54 h<\/strong> del jueves 21 de abril el velero alem\u00e1n<strong> \u201cCaro\u201d de Werner Klink<\/strong>, un 50 pies dise\u00f1ado por Judel\/Vrolijk\u00a0 para un programa de crucero\/regata, cruzo en primera posici\u00f3n\u00a0 la l\u00ednea\u00a0 de llegada en Sant Antoni de Portmany en Ibiza, acumulando un registro, para las <strong>140 millas desde Port Ginesta, en Barcelona, de 13 horas, 18 minutos y 54 segundos. <\/strong>Acreditando una velocidad media durante toda traves\u00eda superior a los <strong>10,70 nudos <\/strong>que establece un record que ser\u00e1, normalmente, muy dif\u00edcil de superar.<br \/>\n<strong>Werner Klink<\/strong>, a su llegada a las instalaciones de CN de\u00a0 Sant Antoni de Portmany explico que hab\u00edan navegado, durante todo el recorrido, con\u00a0 mucha mar\u00a0 y\u00a0 vientos portantes, bastante estables, que\u00a0 hab\u00edan alcanzado hasta los 31 nudos. Su barco, indico, navegando con spinnaker\u00a0 llego a registrar <strong>velocidades m\u00e1ximas de 24, 5 nudos<\/strong>. Manteniendo, durante muchas horas, promedios de m\u00e1s de 14\/15 nudos. En general, concluyo, una regata muy divertida aunque extremadamente dura. Tras \u201cCaro\u201d entro en <strong>segundo lugar, a las 22:39:30 h.\u00a0 El Ibicenco, \u201cAtalant del Vent\u201d el B&amp;C 52 de David Tur y Jaume Serra del CN de Ibiza <\/strong>que, insistieron en la dureza de la traves\u00eda desde Barcelona. Cerrando el p\u00f3dium de los m\u00e1s veloces en real el <strong>SWAN 56 \u201cCLEM\u201d de Jaime Olaz\u00e1bal,<\/strong> un dise\u00f1o del argentino German Frers con puerto base en Mallorca, que cruz\u00f3\u00a0 la l\u00ednea de llegada a las <strong>23:01:58 h.<\/strong> Un barco que ya gan\u00f3\u00a0 la Ruta de La Sal en el 2009 y 2010.<\/p>\n<p>Finalmente tras compensar la totalidad de tiempos de los participante clasificados en la <strong>Versi\u00f3n Norte de la Ruta de La Sal 2011<\/strong>, resulto vencedor absoluto, ganador, en consecuencia del 1er.Trofeo Pepe Ferres, <strong>el Sigma 38 \u201cAcrobat\u201d de Amador Magraner del RCN del Puerto de Pollensa,<\/strong> un emblem\u00e1tico dise\u00f1o de 1985 de David Thomas, base de unas de las clases m\u00e1s populares en el Reino Unido, que cruzo la l\u00ednea de llegada a las 02:28:20 del\u00a0 viernes 22 de abril, invirtiendo en las 140 millas de competici\u00f3n 17h, 28 m y 20 s. Un registro suficiente para imponerse, <strong>al Azuree Cruiser 40 del CN del Masnou \u201cAzuree\u201d de Juan Claudio de Rialp<\/strong> que llego a las 00:19:01h, un dise\u00f1o ciertamente interesante del Italiano Giovanni Ceccarelli, dise\u00f1ador de los AC \u201cMascalzone Latino\u201d del 2003 y \u201c+39\u201d del 2007, que apunto un registro en tiempo real\u00a0 de 15h, 19 m y 01s.<strong>Cerrando el p\u00f3dium el J35 \u201cJay Walker\u201d del Holand\u00e9s Eric Janssen<\/strong>, ganador\u00a0 absoluto de la Sal en el 2008\u00a0 que, esta ocasi\u00f3n con un registro en tiempo real de 16 h, 27 m y 15 s fue el barco de menor eslora del grupo de cabeza.<br \/>\nIndicar que un total de 68 embarcaciones lograron terminar la Versi\u00f3n Norte de La Sal 2011\u00a0 De los 133 barcos inscritos; 20 anunciaron su intenci\u00f3n\u00a0 de no participar horas antes de la salida, pr\u00e1cticamente tras conocer las condiciones meteorol\u00f3gicas en las que se iba a desarrollar la regata. Durante el procedimiento de salida\u00a0 y las\u00a0 primeras millas de regata, 23 barcos m\u00e1s decidieron voluntariamente no continuar en competici\u00f3n. El mal tiempo discrimino muy sensiblemente a la flota. Ya, durante la regata, a causa de aver\u00edas y diferentes roturas, 12 equipos se retiraron. Una cifras, absolutamente normales en competiciones de altura bajo condiciones atmosf\u00e9ricas adversas que, en general reflejan perfectamente el alto nivel deportivo de los equipos que lograron terminar esta dif\u00edcil regata.<\/p>\n<p><a class=\"tt-flickr tt-flickr-Medium\" title=\"DSC06067\" href=\"http:\/\/farm6.static.flickr.com\/5063\/5645600267_9079d69fda.jpg\"><img loading=\"lazy\" decoding=\"async\" class=\"alignnone\" src=\"http:\/\/farm6.static.flickr.com\/5063\/5645600267_9079d69fda.jpg\" alt=\"DSC06067\" width=\"320\" height=\"229\" \/><\/a> <a class=\"tt-flickr tt-flickr-Medium\" title=\"DSC06085\" href=\"http:\/\/farm6.static.flickr.com\/5268\/5645600339_c32a8da8a3_b.jpg\"><img loading=\"lazy\" decoding=\"async\" class=\"alignnone\" src=\"http:\/\/farm6.static.flickr.com\/5268\/5645600339_c32a8da8a3.jpg\" alt=\"DSC06085\" width=\"320\" height=\"229\" \/><\/a><\/p>\n<p><strong>Versi\u00f3n Este.<\/strong><\/p>\n<p>Las cosas para la <strong>Versi\u00f3n Este de la 24aba Ruta de la Sa<\/strong>l no fueron sencillas. La salida\u00a0\u00a0 desde Denia\u00a0 a Ibiza, en la que se hab\u00edan inscrito oficialmente 130 equipos, prevista para las <strong>14:00 h del pasado jueves 21 de Abril del 2011 fue, finalmente aplazada hasta las 09:00 h del viernes 22<\/strong>. El mal tiempo era evidente y se presagiaban horas de gran dureza en altamar. Seg\u00fan indico <strong>Marc Miratvilles, Director de La Sal <\/strong>y responsable t\u00e9cnico directo de la Versi\u00f3n Este, \u201clas condiciones meteorol\u00f3gicas eran muy complicadas; el pronostico hablaba de vientos de hasta fuerza 6-7 de NE y, en el canal entre Denia e Ibiza, a partir de las 19:00 h de aquel d\u00eda, de chubascos muy duros. Todo esto soportando una marejada importante que, en zona puntuales podr\u00eda ser incluso fuerte marejada. En general, indico Miratvilles, un escenario muy complicado, que auguraba navegaci\u00f3n extremadamente dura. Muy propicia para roturas y otros problemas que es siempre mejor evitar\u201d.<\/p>\n<p><a class=\"tt-flickr tt-flickr-Medium\" title=\"DSC_4569AP\" href=\"http:\/\/farm6.static.flickr.com\/5069\/5646181238_4e4222969f_b.jpg\"><img loading=\"lazy\" decoding=\"async\" class=\"alignnone\" src=\"http:\/\/farm6.static.flickr.com\/5069\/5646181238_4e4222969f.jpg\" alt=\"DSC_4569AP\" width=\"320\" height=\"229\" \/><\/a> <a class=\"tt-flickr tt-flickr-Medium\" title=\"DSC_4559AP\" href=\"http:\/\/farm6.static.flickr.com\/5189\/5646180750_913ba2ea73_b.jpg\"><img loading=\"lazy\" decoding=\"async\" class=\"alignnone\" src=\"http:\/\/farm6.static.flickr.com\/5189\/5646180750_913ba2ea73.jpg\" alt=\"DSC_4559AP\" width=\"320\" height=\"229\" \/><\/a> <a class=\"tt-flickr tt-flickr-Medium\" title=\"P1030430AP\" href=\"http:\/\/farm6.static.flickr.com\/5147\/5646182390_93aba0f348.jpg\"><img loading=\"lazy\" decoding=\"async\" class=\"alignnone\" src=\"http:\/\/farm6.static.flickr.com\/5147\/5646182390_93aba0f348.jpg\" alt=\"P1030430AP\" width=\"320\" height=\"229\" \/><\/a><a class=\"tt-flickr tt-flickr-Medium\" title=\"la foto 2\" href=\"http:\/\/farm6.static.flickr.com\/5026\/5654448017_92e7c29152_b.jpg\"><img loading=\"lazy\" decoding=\"async\" class=\"alignnone\" src=\"http:\/\/farm6.static.flickr.com\/5026\/5654448017_92e7c29152.jpg\" alt=\"la foto 2\" width=\"320\" height=\"229\" \/><\/a><\/p>\n<p>Finalmente, el <strong>Viernes 22 de abril a las 09.00 h,<\/strong> se\u00a0 dio la salida, en aguas de Denia, a la flota de la <strong>Versi\u00f3n Este de La Sal 2011,<\/strong> bajo un panorama absolutamente diferente al del d\u00eda anterior. Tiempo muy inestable e impreciso definido por brisas del SO, que han ido cayendo;\u00a0 mucha mar de fondo del NE y un pron\u00f3stico que hablaba\u00a0 de vientos fuerza 4\/5 del SO que podr\u00edan estar claramente entablados a partir de la 16:00 h.\u00a0 La flota, con un total de 80 barcos en competici\u00f3n, navego a rumbo directo hasta Sant Antoni de Portmany . Un recorrido acortado con respecto al modelo tradicional para esta singladura en La Sal,\u00a0 dejando la Isla de Conejera por estribor con l\u00ednea de llegada en Cabo Negret; en total unas 52 millas n\u00e1uticas de competici\u00f3n. El objetivo, seg\u00fan explico, Marc Miratvilles, fue la de simplificar la navegaci\u00f3n hasta Ibiza, tratando de atenuar las posibles complicaciones de un pron\u00f3stico confuso que habla, como posibilidad a valorar, de vientos duros para la segunda mitad de la singladura hasta Sant Antoni de Portmany. En este sentido, \u00edndico Miratvilles, que la idea de aplazar la salida de la Versi\u00f3n Este fue, seg\u00fan se pudo comprobar fue\u00a0 todo un acierto. \u201cla noche del 21 de abril y la madrugada del 22, en el Mar\u00a0 Balear, fue muy dura, con chubascos fuert\u00edsimos y registros que llegaron a los 40 nudos. Con la parte mas activa del frente que aquellos d\u00edas afecto al mediterr\u00e1neo occidental alejado, la Versi\u00f3n\u00a0 Este, fue finalmente, una traves\u00eda, relativamente r\u00e1pida en la que predominaron los vientos del S \/ SO; Durante las primeras 20 millas de competici\u00f3n, la flota evoluciono con vientos de 6, 7 nudos. Una encalmada a mitad del recorrido agrupo a la totalidad de los participantes que, posteriormente tras la entrada de un SO de 14\/15 nudos llegaron muy juntos hasta Ibiza, estableci\u00e9ndose unos ordenes de llegada muy apretados y, en consecuencia unos resultados en los que, en general, los barcos de mayor eslora han tenido serios problemas para defender sus ratings.\u201d<\/p>\n<p><a class=\"tt-flickr tt-flickr-Medium\" title=\"la foto 1\" href=\"http:\/\/farm6.static.flickr.com\/5226\/5654408365_287a01dac9_b.jpg\"><img loading=\"lazy\" decoding=\"async\" class=\"alignnone\" src=\"http:\/\/farm6.static.flickr.com\/5226\/5654408365_287a01dac9.jpg\" alt=\"la foto 1\" width=\"320\" height=\"229\" \/><\/a> <a class=\"tt-flickr tt-flickr-Medium\" title=\"DSC05806p\" href=\"http:\/\/farm6.static.flickr.com\/5186\/5646162452_9cff2ca8a4_b.jpg\"><img loading=\"lazy\" decoding=\"async\" class=\"alignnone\" src=\"http:\/\/farm6.static.flickr.com\/5186\/5646162452_9cff2ca8a4.jpg\" alt=\"DSC05806p\" width=\"320\" height=\"229\" \/><\/a> <a class=\"tt-flickr tt-flickr-Medium\" title=\"DSC_4856\" href=\"http:\/\/farm6.static.flickr.com\/5308\/5654501463_edeb801fb5_b.jpg\"><img loading=\"lazy\" decoding=\"async\" class=\"alignnone\" src=\"http:\/\/farm6.static.flickr.com\/5308\/5654501463_edeb801fb5.jpg\" alt=\"DSC_4856\" width=\"320\" height=\"229\" \/><\/a> <a class=\"tt-flickr tt-flickr-Medium\" title=\"DSC_4874\" href=\"http:\/\/farm6.static.flickr.com\/5302\/5655108274_e65d067fd8.jpg\"><img loading=\"lazy\" decoding=\"async\" class=\"alignnone\" src=\"http:\/\/farm6.static.flickr.com\/5302\/5655108274_e65d067fd8.jpg\" alt=\"DSC_4874\" width=\"320\" height=\"229\" \/><\/a> <a class=\"tt-flickr tt-flickr-Medium\" title=\"DSC_4907\" href=\"http:\/\/farm6.static.flickr.com\/5030\/5655077354_9ccdd3602d_b.jpg\"><img loading=\"lazy\" decoding=\"async\" class=\"alignnone\" src=\"http:\/\/farm6.static.flickr.com\/5030\/5655077354_9ccdd3602d.jpg\" alt=\"DSC_4907\" width=\"320\" height=\"229\" \/><\/a> <a class=\"tt-flickr tt-flickr-Medium\" title=\"DSC_4918\" href=\"http:\/\/farm6.static.flickr.com\/5104\/5654505765_6f57a0abaf_b.jpg\"><img loading=\"lazy\" decoding=\"async\" class=\"alignnone\" src=\"http:\/\/farm6.static.flickr.com\/5104\/5654505765_6f57a0abaf.jpg\" alt=\"DSC_4918\" width=\"320\" height=\"229\" \/><\/a><\/p>\n<p><strong>Jos\u00e9 Rosell\u00f3 Tur del CN de Sant Antoni de Portmany con su Sun Fast 32 1 \u201cSpace Ibiza\u201d<\/strong> fue el <strong>vencedor absoluto de la Versi\u00f3n Este<\/strong> de la 24 Regata de Altura de La Ruta de la Sal- Trofeo Pepe Ferres, apunt\u00e1ndose un registro de <strong>12 h, 09m, 08s. <\/strong>en cubrir las 52 millas de competici\u00f3n. En <strong>tiempo real <\/strong> el m\u00e1s r\u00e1pido, con un registro de <strong>10h, 59m,19s fue el X-Yacht Performance 65 de Jos\u00e9 Fabre, \u201c Dos Much\u201d del RCN de Palma<\/strong> que cruzo la l\u00ednea de llegada, en Cabo Negret, a las 20:04:19 h del Viernes 22 de abril. La s<strong>egunda plaza, en la general <\/strong>absoluta de esta Versi\u00f3n Este de La Sal 2011 fue para el Puma 34<strong> \u201cMagik-Marian\u201d de Jos\u00e9 V G\u00f3mez de RCR de Cartagena con un tiempo real de 12h, 46m , 02s<\/strong>, cerrando el p\u00f3dium el <strong>First 345 del RCN de Valencia, \u201cArkitektonika\u201d\u00a0 de Javier P\u00e9rez- Almazan<\/strong> que, para navegar las 52 millas desde Denia necesito 12 h, 46 m, 02 s.<\/p>\n<p>Indicar, finalmente, que en esta Versi\u00f3n Este de La Sal 2011 tras un aplazamiento de la salida de 19 horas, motivado por unos partes meteorol\u00f3gicos que adelantaban escenarios realmente duros para, como m\u00ednimo, las primeras12 horas de competici\u00f3n, las cifras de barcos en competici\u00f3n se han comportaron de manera muy similar a las descritas para la Versi\u00f3n Norte: De los 130 formalmente inscritos decidieron no tomar la salida cerca de 50 embarcaciones debi\u00f3 al mal tiempo. Unos 25 antes del aplazamiento oficial de la salida. El resto horas antes o durante el mismo procedimiento de salida. Finalmente entran en competici\u00f3n 80 embarcaciones que, sin excepciones, lograron finalizar la singladura.<\/p>\n<p><a class=\"tt-flickr tt-flickr-Medium\" title=\"P1030414AW\" href=\"http:\/\/farm6.static.flickr.com\/5190\/5643251585_8f359496c0_b.jpg\"><img loading=\"lazy\" decoding=\"async\" class=\"alignnone\" src=\"http:\/\/farm6.static.flickr.com\/5190\/5643251585_8f359496c0.jpg\" alt=\"P1030414AW\" width=\"657\" height=\"357\" \/><\/a> <a class=\"tt-flickr tt-flickr-Medium\" title=\"DSC_4400\" href=\"http:\/\/farm6.static.flickr.com\/5009\/5643250807_0083d2b4f2_b.jpg\"><img loading=\"lazy\" decoding=\"async\" class=\"alignnone\" src=\"http:\/\/farm6.static.flickr.com\/5009\/5643250807_0083d2b4f2.jpg\" alt=\"DSC_4400\" width=\"320\" height=\"229\" \/><\/a> <a class=\"tt-flickr tt-flickr-Medium\" title=\"DSC_4336\" href=\"http:\/\/farm6.static.flickr.com\/5147\/5643817384_e1247468ec_b.jpg\"><img loading=\"lazy\" decoding=\"async\" class=\"alignnone\" src=\"http:\/\/farm6.static.flickr.com\/5147\/5643817384_e1247468ec.jpg\" alt=\"DSC_4336\" width=\"320\" height=\"229\" \/><\/a> <a class=\"tt-flickr tt-flickr-Medium\" title=\"DSC_4345\" href=\"http:\/\/farm6.static.flickr.com\/5227\/5643817564_854a99aa06_b.jpg\"><img loading=\"lazy\" decoding=\"async\" class=\"alignnone\" src=\"http:\/\/farm6.static.flickr.com\/5227\/5643817564_854a99aa06.jpg\" alt=\"DSC_4345\" width=\"320\" height=\"229\" \/><\/a> <a class=\"tt-flickr tt-flickr-Medium\" title=\"DSC_4331\" href=\"http:\/\/farm6.static.flickr.com\/5023\/5643816930_5ba2ec5b70_b.jpg\"> <img loading=\"lazy\" decoding=\"async\" class=\"alignnone\" src=\"http:\/\/farm6.static.flickr.com\/5023\/5643816930_5ba2ec5b70.jpg\" alt=\"DSC_4331\" width=\"320\" height=\"229\" \/><\/a><\/p>\n<p>El\u00a0 Village de La Sal, en Ibiza, estuvo muy concurrido por los regatistas durante todo el fin de semana, los Actos Sociales, del s\u00e1bado se iniciaron con una ruede de prensa en el CN de Sant Antoni de Portmany, con los Vencedores de las dos versiones de la regata. Seguidamente en el Ayuntamiento tuvo lugar la Bienvenida a la Flota de \u201cLa Sal\u201d presidido por el Alcalde de Sant Antoni, Josep Salas,, con ball pages y aperitivo ibicenco.<br \/>\nA las 20,00h dio inicio el Acto Oficial de Entrega de Trofeos Presidido por Pepa Mar\u00ed, Regidora de\u00a0 Pol\u00edtica Tur\u00edstica del Consell d\u2019Eivissa, Acto en el que se rindi\u00f3 homenaje a Pepe Ferr\u00e9s, fundador de la Regata.<br \/>\nSeguidamente se celebro la tradicional cena y Fiesta de la Sal, en\u00a0 Es Paradis, de Sant Antoni de Portmany en Ibiza<\/p>\n<p>La XXIV regata de altura de La Ruta de la Sal cuenta con la colaboraci\u00f3n del Consell\u00a0 d\u2019Eivissa,\u00a0 la Conselleries\u00a0 de Turisme y de Industria del Govern de les Illes Balears, el Ajuntament de Sant Antoni de Portmany, la Estaci\u00f3 N\u00e1utica de Sant Antoni y Sant Josep, as\u00ed como de los Ayuntamientos de Denia y Sitges<br \/>\nEsta organizada, por ANAM, Associaci\u00f3 de Navegants d\u2019Altura Mediterranis, en estrecha colaboraci\u00f3n con el CM Port Ginesta, RC N\u00e1utico Denia, CN Sant Antoni de Portmany de Ibiza y la RANC, con el soporte de Ports de Balears, Sociedad Estatal de Salvamento y Seguridad Mar\u00edtima, Guardia Civil del Mar y el apoyo de la Federaci\u00f3 Catalana de Vela, Federaci\u00f3n de Vela de la Comunidad Valenciana y la Federaci\u00f3 Balear de Vela<\/p>\n","protected":false},"excerpt":{"rendered":"<p>\u201cAcrobat\u201d del RCN de Puerto de Pollensa en la Versi\u00f3n Norte y \u201cSpace Ibiza\u201d del CN de Sant Antoni\u00a0 en la Versi\u00f3n Este, vencedores absolutos\u00a0 de la 24 Ruta de La Sal \u2013 Trofeo Pepe Ferres 2011.<\/p>\n","protected":false},"author":1,"featured_media":3902,"comment_status":"open","ping_status":"open","sticky":false,"template":"","format":"standard","meta":{"_acf_changed":false,"footnotes":""},"categories":[3],"tags":[],"acf":[],"yoast_head":"<!-- This site is optimized with the Yoast SEO plugin v23.0 - https:\/\/yoast.com\/wordpress\/plugins\/seo\/ -->\n<title>LOS EQUPOS DE LAS BALEARES FUERON LOS MAS RAPIDOS. | Regata La Ruta de la Sal<\/title>\n<meta name=\"robots\" content=\"noindex, follow, max-snippet:-1, max-image-preview:large, max-video-preview:-1\" \/>\n<meta property=\"og:locale\" content=\"es_ES\" \/>\n<meta property=\"og:type\" content=\"article\" \/>\n<meta property=\"og:title\" content=\"LOS EQUPOS DE LAS BALEARES FUERON LOS MAS RAPIDOS. | Regata La Ruta de la Sal\" \/>\n<meta property=\"og:description\" content=\"\u201cAcrobat\u201d del RCN de Puerto de Pollensa en la Versi\u00f3n Norte y \u201cSpace Ibiza\u201d del CN de Sant Antoni\u00a0 en la Versi\u00f3n Este, vencedores absolutos\u00a0 de la 24 Ruta de La Sal \u2013 Trofeo Pepe Ferres 2011.\" \/>\n<meta property=\"og:url\" content=\"https:\/\/labs.100x100.net\/projects\/rutasal\/los-equpos-de-las-baleares-fueron-los-mas-rapidos\/\" \/>\n<meta property=\"og:site_name\" content=\"Regata La Ruta de la Sal\" \/>\n<meta property=\"article:publisher\" content=\"https:\/\/www.facebook.com\/rutadelasal\/\" \/>\n<meta property=\"article:published_time\" content=\"2011-05-10T12:23:22+00:00\" \/>\n<meta property=\"article:modified_time\" content=\"2019-03-14T10:24:00+00:00\" \/>\n<meta property=\"og:image\" content=\"https:\/\/labs.100x100.net\/projects\/rutasal\/custom\/uploads\/2011\/05\/5642832190_ffa1217e20.jpg\" \/>\n\t<meta property=\"og:image:width\" content=\"500\" \/>\n\t<meta property=\"og:image:height\" content=\"350\" \/>\n\t<meta property=\"og:image:type\" content=\"image\/jpeg\" \/>\n<meta name=\"author\" content=\"La Ruta de la Sal\" \/>\n<meta name=\"twitter:card\" content=\"summary_large_image\" \/>\n<meta name=\"twitter:creator\" content=\"@AnamMedi\" \/>\n<meta name=\"twitter:site\" content=\"@AnamMedi\" \/>\n<meta name=\"twitter:label1\" content=\"Escrito por\" \/>\n\t<meta name=\"twitter:data1\" content=\"La Ruta de la Sal\" \/>\n\t<meta name=\"twitter:label2\" content=\"Tiempo de lectura\" \/>\n\t<meta name=\"twitter:data2\" content=\"10 minutos\" \/>\n<script type=\"application\/ld+json\" class=\"yoast-schema-graph\">{\"@context\":\"https:\/\/schema.org\",\"@graph\":[{\"@type\":\"WebPage\",\"@id\":\"https:\/\/labs.100x100.net\/projects\/rutasal\/los-equpos-de-las-baleares-fueron-los-mas-rapidos\/\",\"url\":\"https:\/\/labs.100x100.net\/projects\/rutasal\/los-equpos-de-las-baleares-fueron-los-mas-rapidos\/\",\"name\":\"LOS EQUPOS DE LAS BALEARES FUERON LOS MAS RAPIDOS. | Regata La Ruta de la Sal\",\"isPartOf\":{\"@id\":\"https:\/\/labs.100x100.net\/projects\/rutasal\/#website\"},\"primaryImageOfPage\":{\"@id\":\"https:\/\/labs.100x100.net\/projects\/rutasal\/los-equpos-de-las-baleares-fueron-los-mas-rapidos\/#primaryimage\"},\"image\":{\"@id\":\"https:\/\/labs.100x100.net\/projects\/rutasal\/los-equpos-de-las-baleares-fueron-los-mas-rapidos\/#primaryimage\"},\"thumbnailUrl\":\"https:\/\/labs.100x100.net\/projects\/rutasal\/custom\/uploads\/2011\/05\/5642832190_ffa1217e20.jpg\",\"datePublished\":\"2011-05-10T12:23:22+00:00\",\"dateModified\":\"2019-03-14T10:24:00+00:00\",\"author\":{\"@id\":\"https:\/\/labs.100x100.net\/projects\/rutasal\/#\/schema\/person\/214eeb4a2e78fd8373a0a94f6d93c9ca\"},\"breadcrumb\":{\"@id\":\"https:\/\/labs.100x100.net\/projects\/rutasal\/los-equpos-de-las-baleares-fueron-los-mas-rapidos\/#breadcrumb\"},\"inLanguage\":\"es\",\"potentialAction\":[{\"@type\":\"ReadAction\",\"target\":[\"https:\/\/labs.100x100.net\/projects\/rutasal\/los-equpos-de-las-baleares-fueron-los-mas-rapidos\/\"]}]},{\"@type\":\"ImageObject\",\"inLanguage\":\"es\",\"@id\":\"https:\/\/labs.100x100.net\/projects\/rutasal\/los-equpos-de-las-baleares-fueron-los-mas-rapidos\/#primaryimage\",\"url\":\"https:\/\/labs.100x100.net\/projects\/rutasal\/custom\/uploads\/2011\/05\/5642832190_ffa1217e20.jpg\",\"contentUrl\":\"https:\/\/labs.100x100.net\/projects\/rutasal\/custom\/uploads\/2011\/05\/5642832190_ffa1217e20.jpg\",\"width\":500,\"height\":350},{\"@type\":\"BreadcrumbList\",\"@id\":\"https:\/\/labs.100x100.net\/projects\/rutasal\/los-equpos-de-las-baleares-fueron-los-mas-rapidos\/#breadcrumb\",\"itemListElement\":[{\"@type\":\"ListItem\",\"position\":1,\"name\":\"Portada\",\"item\":\"https:\/\/labs.100x100.net\/projects\/rutasal\/\"},{\"@type\":\"ListItem\",\"position\":2,\"name\":\"LOS EQUPOS DE LAS BALEARES FUERON LOS MAS RAPIDOS.\"}]},{\"@type\":\"WebSite\",\"@id\":\"https:\/\/labs.100x100.net\/projects\/rutasal\/#website\",\"url\":\"https:\/\/labs.100x100.net\/projects\/rutasal\/\",\"name\":\"Regata La Ruta de la Sal\",\"description\":\"Regata La Ruta de la Sal es una regata de Altura Mediterr\u00e1nea para barcos de crucero a vela con destino en Ibiza, que se disputa anualmente en Semana Santa.\",\"potentialAction\":[{\"@type\":\"SearchAction\",\"target\":{\"@type\":\"EntryPoint\",\"urlTemplate\":\"https:\/\/labs.100x100.net\/projects\/rutasal\/?s={search_term_string}\"},\"query-input\":\"required name=search_term_string\"}],\"inLanguage\":\"es\"},{\"@type\":\"Person\",\"@id\":\"https:\/\/labs.100x100.net\/projects\/rutasal\/#\/schema\/person\/214eeb4a2e78fd8373a0a94f6d93c9ca\",\"name\":\"La Ruta de la Sal\",\"image\":{\"@type\":\"ImageObject\",\"inLanguage\":\"es\",\"@id\":\"https:\/\/labs.100x100.net\/projects\/rutasal\/#\/schema\/person\/image\/\",\"url\":\"https:\/\/secure.gravatar.com\/avatar\/b247286d4b801d6b1cfcfb3807587284?s=96&d=mm&r=g\",\"contentUrl\":\"https:\/\/secure.gravatar.com\/avatar\/b247286d4b801d6b1cfcfb3807587284?s=96&d=mm&r=g\",\"caption\":\"La Ruta de la Sal\"}}]}<\/script>\n<!-- \/ Yoast SEO plugin. -->","yoast_head_json":{"title":"LOS EQUPOS DE LAS BALEARES FUERON LOS MAS RAPIDOS. | Regata La Ruta de la Sal","robots":{"index":"noindex","follow":"follow","max-snippet":"max-snippet:-1","max-image-preview":"max-image-preview:large","max-video-preview":"max-video-preview:-1"},"og_locale":"es_ES","og_type":"article","og_title":"LOS EQUPOS DE LAS BALEARES FUERON LOS MAS RAPIDOS. | Regata La Ruta de la Sal","og_description":"\u201cAcrobat\u201d del RCN de Puerto de Pollensa en la Versi\u00f3n Norte y \u201cSpace Ibiza\u201d del CN de Sant Antoni\u00a0 en la Versi\u00f3n Este, vencedores absolutos\u00a0 de la 24 Ruta de La Sal \u2013 Trofeo Pepe Ferres 2011.","og_url":"https:\/\/labs.100x100.net\/projects\/rutasal\/los-equpos-de-las-baleares-fueron-los-mas-rapidos\/","og_site_name":"Regata La Ruta de la Sal","article_publisher":"https:\/\/www.facebook.com\/rutadelasal\/","article_published_time":"2011-05-10T12:23:22+00:00","article_modified_time":"2019-03-14T10:24:00+00:00","og_image":[{"width":500,"height":350,"url":"https:\/\/labs.100x100.net\/projects\/rutasal\/custom\/uploads\/2011\/05\/5642832190_ffa1217e20.jpg","type":"image\/jpeg"}],"author":"La Ruta de la Sal","twitter_card":"summary_large_image","twitter_creator":"@AnamMedi","twitter_site":"@AnamMedi","twitter_misc":{"Escrito por":"La Ruta de la Sal","Tiempo de lectura":"10 minutos"},"schema":{"@context":"https:\/\/schema.org","@graph":[{"@type":"WebPage","@id":"https:\/\/labs.100x100.net\/projects\/rutasal\/los-equpos-de-las-baleares-fueron-los-mas-rapidos\/","url":"https:\/\/labs.100x100.net\/projects\/rutasal\/los-equpos-de-las-baleares-fueron-los-mas-rapidos\/","name":"LOS EQUPOS DE LAS BALEARES FUERON LOS MAS RAPIDOS. | Regata La Ruta de la Sal","isPartOf":{"@id":"https:\/\/labs.100x100.net\/projects\/rutasal\/#website"},"primaryImageOfPage":{"@id":"https:\/\/labs.100x100.net\/projects\/rutasal\/los-equpos-de-las-baleares-fueron-los-mas-rapidos\/#primaryimage"},"image":{"@id":"https:\/\/labs.100x100.net\/projects\/rutasal\/los-equpos-de-las-baleares-fueron-los-mas-rapidos\/#primaryimage"},"thumbnailUrl":"https:\/\/labs.100x100.net\/projects\/rutasal\/custom\/uploads\/2011\/05\/5642832190_ffa1217e20.jpg","datePublished":"2011-05-10T12:23:22+00:00","dateModified":"2019-03-14T10:24:00+00:00","author":{"@id":"https:\/\/labs.100x100.net\/projects\/rutasal\/#\/schema\/person\/214eeb4a2e78fd8373a0a94f6d93c9ca"},"breadcrumb":{"@id":"https:\/\/labs.100x100.net\/projects\/rutasal\/los-equpos-de-las-baleares-fueron-los-mas-rapidos\/#breadcrumb"},"inLanguage":"es","potentialAction":[{"@type":"ReadAction","target":["https:\/\/labs.100x100.net\/projects\/rutasal\/los-equpos-de-las-baleares-fueron-los-mas-rapidos\/"]}]},{"@type":"ImageObject","inLanguage":"es","@id":"https:\/\/labs.100x100.net\/projects\/rutasal\/los-equpos-de-las-baleares-fueron-los-mas-rapidos\/#primaryimage","url":"https:\/\/labs.100x100.net\/projects\/rutasal\/custom\/uploads\/2011\/05\/5642832190_ffa1217e20.jpg","contentUrl":"https:\/\/labs.100x100.net\/projects\/rutasal\/custom\/uploads\/2011\/05\/5642832190_ffa1217e20.jpg","width":500,"height":350},{"@type":"BreadcrumbList","@id":"https:\/\/labs.100x100.net\/projects\/rutasal\/los-equpos-de-las-baleares-fueron-los-mas-rapidos\/#breadcrumb","itemListElement":[{"@type":"ListItem","position":1,"name":"Portada","item":"https:\/\/labs.100x100.net\/projects\/rutasal\/"},{"@type":"ListItem","position":2,"name":"LOS EQUPOS DE LAS BALEARES FUERON LOS MAS RAPIDOS."}]},{"@type":"WebSite","@id":"https:\/\/labs.100x100.net\/projects\/rutasal\/#website","url":"https:\/\/labs.100x100.net\/projects\/rutasal\/","name":"Regata La Ruta de la Sal","description":"Regata La Ruta de la Sal es una regata de Altura Mediterr\u00e1nea para barcos de crucero a vela con destino en Ibiza, que se disputa anualmente en Semana Santa.","potentialAction":[{"@type":"SearchAction","target":{"@type":"EntryPoint","urlTemplate":"https:\/\/labs.100x100.net\/projects\/rutasal\/?s={search_term_string}"},"query-input":"required name=search_term_string"}],"inLanguage":"es"},{"@type":"Person","@id":"https:\/\/labs.100x100.net\/projects\/rutasal\/#\/schema\/person\/214eeb4a2e78fd8373a0a94f6d93c9ca","name":"La Ruta de la Sal","image":{"@type":"ImageObject","inLanguage":"es","@id":"https:\/\/labs.100x100.net\/projects\/rutasal\/#\/schema\/person\/image\/","url":"https:\/\/secure.gravatar.com\/avatar\/b247286d4b801d6b1cfcfb3807587284?s=96&d=mm&r=g","contentUrl":"https:\/\/secure.gravatar.com\/avatar\/b247286d4b801d6b1cfcfb3807587284?s=96&d=mm&r=g","caption":"La Ruta de la Sal"}}]}},"_links":{"self":[{"href":"https:\/\/labs.100x100.net\/projects\/rutasal\/wp-json\/wp\/v2\/posts\/636"}],"collection":[{"href":"https:\/\/labs.100x100.net\/projects\/rutasal\/wp-json\/wp\/v2\/posts"}],"about":[{"href":"https:\/\/labs.100x100.net\/projects\/rutasal\/wp-json\/wp\/v2\/types\/post"}],"author":[{"embeddable":true,"href":"https:\/\/labs.100x100.net\/projects\/rutasal\/wp-json\/wp\/v2\/users\/1"}],"replies":[{"embeddable":true,"href":"https:\/\/labs.100x100.net\/projects\/rutasal\/wp-json\/wp\/v2\/comments?post=636"}],"version-history":[{"count":1,"href":"https:\/\/labs.100x100.net\/projects\/rutasal\/wp-json\/wp\/v2\/posts\/636\/revisions"}],"predecessor-version":[{"id":3903,"href":"https:\/\/labs.100x100.net\/projects\/rutasal\/wp-json\/wp\/v2\/posts\/636\/revisions\/3903"}],"wp:featuredmedia":[{"embeddable":true,"href":"https:\/\/labs.100x100.net\/projects\/rutasal\/wp-json\/wp\/v2\/media\/3902"}],"wp:attachment":[{"href":"https:\/\/labs.100x100.net\/projects\/rutasal\/wp-json\/wp\/v2\/media?parent=636"}],"wp:term":[{"taxonomy":"category","embeddable":true,"href":"https:\/\/labs.100x100.net\/projects\/rutasal\/wp-json\/wp\/v2\/categories?post=636"},{"taxonomy":"post_tag","embeddable":true,"href":"https:\/\/labs.100x100.net\/projects\/rutasal\/wp-json\/wp\/v2\/tags?post=636"}],"curies":[{"name":"wp","href":"https:\/\/api.w.org\/{rel}","templated":true}]}}