{"id":6272,"date":"2021-05-27T16:25:41","date_gmt":"2021-05-27T14:25:41","guid":{"rendered":"https:\/\/larutadelasal.com\/?p=6272"},"modified":"2021-05-28T20:41:45","modified_gmt":"2021-05-28T18:41:45","slug":"jornada-de-registro-los-regatistas-preparados-para-el-salto-a-ibiza-2","status":"publish","type":"post","link":"https:\/\/labs.100x100.net\/projects\/rutasal\/jornada-de-registro-los-regatistas-preparados-para-el-salto-a-ibiza-2\/","title":{"rendered":"JORNADA DE REGISTRO: LOS REGATISTAS PREPARADOS PARA EL SALTO A IBIZA"},"content":{"rendered":"<p><strong>El Comit\u00e9 acuerda recortar el recorrido de la versi\u00f3n Barcelona por el pantano barom\u00e9trico en el Norte del Mediterr\u00e1neo<\/strong><\/p>\n<p>Intensa jornada de registro de embarcaciones y tripulaciones para la 33\u00aa edici\u00f3n de La Ruta de la Sal. Los armadores, a lo largo del d\u00eda de hoy, han ido cumplimentando los requisitos en las dos sedes de salida de La Sal (Port Ginesta y Denia) para ma\u00f1ana cubrir la largada rumbo Sant Antoni de Portmany, en la isla de Ibiza.<\/p>\n<p>En el momento del registro, a parte de la confirmaci\u00f3n de inscripciones, cumplimentando y presentando la documentaci\u00f3n requerida, como formulismos de seguridad mar\u00edtima, recibos del seguro, certificado de navegabilidad y n\u00ba de MMSI (radiobaliza), en esta ocasi\u00f3n tambi\u00e9n se ha procedido, a nivel sanitario, a la realizaci\u00f3n \u2018in situ\u2019 de test de ant\u00edgenos.<\/p>\n\n\t\t<style type=\"text\/css\">\n\t\t\t#gallery-1 {\n\t\t\t\tmargin: auto;\n\t\t\t}\n\t\t\t#gallery-1 .gallery-item {\n\t\t\t\tfloat: left;\n\t\t\t\tmargin-top: 10px;\n\t\t\t\ttext-align: center;\n\t\t\t\twidth: 25%;\n\t\t\t}\n\t\t\t#gallery-1 img {\n\t\t\t\tborder: 2px solid #cfcfcf;\n\t\t\t}\n\t\t\t#gallery-1 .gallery-caption {\n\t\t\t\tmargin-left: 0;\n\t\t\t}\n\t\t\t\/* see gallery_shortcode() in wp-includes\/media.php *\/\n\t\t<\/style>\n\t\t<div id='gallery-1' class='gallery galleryid-6272 gallery-columns-4 gallery-size-medium'><dl class='gallery-item'>\n\t\t\t<dt class='gallery-icon landscape'>\n\t\t\t\t<a href='https:\/\/labs.100x100.net\/projects\/rutasal\/jornada-de-registro-los-regatistas-preparados-para-el-salto-a-ibiza-2\/whatsapp-image-2021-05-28-at-10-00-01-2\/'><img loading=\"lazy\" decoding=\"async\" width=\"300\" height=\"225\" src=\"https:\/\/labs.100x100.net\/projects\/rutasal\/custom\/uploads\/2021\/05\/WhatsApp-Image-2021-05-28-at-10.00.01-2-300x225.jpeg\" class=\"attachment-medium size-medium\" alt=\"\" srcset=\"https:\/\/labs.100x100.net\/projects\/rutasal\/custom\/uploads\/2021\/05\/WhatsApp-Image-2021-05-28-at-10.00.01-2-300x225.jpeg 300w, https:\/\/labs.100x100.net\/projects\/rutasal\/custom\/uploads\/2021\/05\/WhatsApp-Image-2021-05-28-at-10.00.01-2-768x576.jpeg 768w, https:\/\/labs.100x100.net\/projects\/rutasal\/custom\/uploads\/2021\/05\/WhatsApp-Image-2021-05-28-at-10.00.01-2.jpeg 1024w\" sizes=\"(max-width: 300px) 100vw, 300px\" \/><\/a>\n\t\t\t<\/dt><\/dl><dl class='gallery-item'>\n\t\t\t<dt class='gallery-icon landscape'>\n\t\t\t\t<a href='https:\/\/labs.100x100.net\/projects\/rutasal\/jornada-de-registro-los-regatistas-preparados-para-el-salto-a-ibiza-2\/whatsapp-image-2021-05-28-at-10-00-01-1\/'><img loading=\"lazy\" decoding=\"async\" width=\"300\" height=\"225\" src=\"https:\/\/labs.100x100.net\/projects\/rutasal\/custom\/uploads\/2021\/05\/WhatsApp-Image-2021-05-28-at-10.00.01-1-300x225.jpeg\" class=\"attachment-medium size-medium\" alt=\"\" srcset=\"https:\/\/labs.100x100.net\/projects\/rutasal\/custom\/uploads\/2021\/05\/WhatsApp-Image-2021-05-28-at-10.00.01-1-300x225.jpeg 300w, https:\/\/labs.100x100.net\/projects\/rutasal\/custom\/uploads\/2021\/05\/WhatsApp-Image-2021-05-28-at-10.00.01-1-768x576.jpeg 768w, https:\/\/labs.100x100.net\/projects\/rutasal\/custom\/uploads\/2021\/05\/WhatsApp-Image-2021-05-28-at-10.00.01-1.jpeg 1024w\" sizes=\"(max-width: 300px) 100vw, 300px\" \/><\/a>\n\t\t\t<\/dt><\/dl><dl class='gallery-item'>\n\t\t\t<dt class='gallery-icon landscape'>\n\t\t\t\t<a href='https:\/\/labs.100x100.net\/projects\/rutasal\/jornada-de-registro-los-regatistas-preparados-para-el-salto-a-ibiza-2\/whatsapp-image-2021-05-28-at-10-00-01\/'><img loading=\"lazy\" decoding=\"async\" width=\"300\" height=\"225\" src=\"https:\/\/labs.100x100.net\/projects\/rutasal\/custom\/uploads\/2021\/05\/WhatsApp-Image-2021-05-28-at-10.00.01-300x225.jpeg\" class=\"attachment-medium size-medium\" alt=\"\" srcset=\"https:\/\/labs.100x100.net\/projects\/rutasal\/custom\/uploads\/2021\/05\/WhatsApp-Image-2021-05-28-at-10.00.01-300x225.jpeg 300w, https:\/\/labs.100x100.net\/projects\/rutasal\/custom\/uploads\/2021\/05\/WhatsApp-Image-2021-05-28-at-10.00.01-768x576.jpeg 768w, https:\/\/labs.100x100.net\/projects\/rutasal\/custom\/uploads\/2021\/05\/WhatsApp-Image-2021-05-28-at-10.00.01.jpeg 1024w\" sizes=\"(max-width: 300px) 100vw, 300px\" \/><\/a>\n\t\t\t<\/dt><\/dl><dl class='gallery-item'>\n\t\t\t<dt class='gallery-icon landscape'>\n\t\t\t\t<a href='https:\/\/labs.100x100.net\/projects\/rutasal\/jornada-de-registro-los-regatistas-preparados-para-el-salto-a-ibiza-2\/whatsapp-image-2021-05-28-at-10-11-44\/'><img loading=\"lazy\" decoding=\"async\" width=\"300\" height=\"225\" src=\"https:\/\/labs.100x100.net\/projects\/rutasal\/custom\/uploads\/2021\/05\/WhatsApp-Image-2021-05-28-at-10.11.44-300x225.jpeg\" class=\"attachment-medium size-medium\" alt=\"\" srcset=\"https:\/\/labs.100x100.net\/projects\/rutasal\/custom\/uploads\/2021\/05\/WhatsApp-Image-2021-05-28-at-10.11.44-300x225.jpeg 300w, https:\/\/labs.100x100.net\/projects\/rutasal\/custom\/uploads\/2021\/05\/WhatsApp-Image-2021-05-28-at-10.11.44-768x576.jpeg 768w, https:\/\/labs.100x100.net\/projects\/rutasal\/custom\/uploads\/2021\/05\/WhatsApp-Image-2021-05-28-at-10.11.44.jpeg 1024w\" sizes=\"(max-width: 300px) 100vw, 300px\" \/><\/a>\n\t\t\t<\/dt><\/dl><br style=\"clear: both\" \/><dl class='gallery-item'>\n\t\t\t<dt class='gallery-icon landscape'>\n\t\t\t\t<a href='https:\/\/labs.100x100.net\/projects\/rutasal\/jornada-de-registro-los-regatistas-preparados-para-el-salto-a-ibiza-2\/_afb3838\/'><img loading=\"lazy\" decoding=\"async\" width=\"300\" height=\"199\" src=\"https:\/\/labs.100x100.net\/projects\/rutasal\/custom\/uploads\/2021\/05\/AFB3838-300x199.jpg\" class=\"attachment-medium size-medium\" alt=\"\" srcset=\"https:\/\/labs.100x100.net\/projects\/rutasal\/custom\/uploads\/2021\/05\/AFB3838-300x199.jpg 300w, https:\/\/labs.100x100.net\/projects\/rutasal\/custom\/uploads\/2021\/05\/AFB3838-1024x678.jpg 1024w, https:\/\/labs.100x100.net\/projects\/rutasal\/custom\/uploads\/2021\/05\/AFB3838-768x509.jpg 768w, https:\/\/labs.100x100.net\/projects\/rutasal\/custom\/uploads\/2021\/05\/AFB3838.jpg 1200w\" sizes=\"(max-width: 300px) 100vw, 300px\" \/><\/a>\n\t\t\t<\/dt><\/dl><dl class='gallery-item'>\n\t\t\t<dt class='gallery-icon landscape'>\n\t\t\t\t<a href='https:\/\/labs.100x100.net\/projects\/rutasal\/jornada-de-registro-los-regatistas-preparados-para-el-salto-a-ibiza-2\/_afb3932\/'><img loading=\"lazy\" decoding=\"async\" width=\"300\" height=\"199\" src=\"https:\/\/labs.100x100.net\/projects\/rutasal\/custom\/uploads\/2021\/05\/AFB3932-300x199.jpg\" class=\"attachment-medium size-medium\" alt=\"\" srcset=\"https:\/\/labs.100x100.net\/projects\/rutasal\/custom\/uploads\/2021\/05\/AFB3932-300x199.jpg 300w, https:\/\/labs.100x100.net\/projects\/rutasal\/custom\/uploads\/2021\/05\/AFB3932-1024x678.jpg 1024w, https:\/\/labs.100x100.net\/projects\/rutasal\/custom\/uploads\/2021\/05\/AFB3932-768x509.jpg 768w, https:\/\/labs.100x100.net\/projects\/rutasal\/custom\/uploads\/2021\/05\/AFB3932.jpg 1200w\" sizes=\"(max-width: 300px) 100vw, 300px\" \/><\/a>\n\t\t\t<\/dt><\/dl><dl class='gallery-item'>\n\t\t\t<dt class='gallery-icon landscape'>\n\t\t\t\t<a href='https:\/\/labs.100x100.net\/projects\/rutasal\/jornada-de-registro-los-regatistas-preparados-para-el-salto-a-ibiza-2\/_afb3870\/'><img loading=\"lazy\" decoding=\"async\" width=\"300\" height=\"199\" src=\"https:\/\/labs.100x100.net\/projects\/rutasal\/custom\/uploads\/2021\/05\/AFB3870-300x199.jpg\" class=\"attachment-medium size-medium\" alt=\"\" srcset=\"https:\/\/labs.100x100.net\/projects\/rutasal\/custom\/uploads\/2021\/05\/AFB3870-300x199.jpg 300w, https:\/\/labs.100x100.net\/projects\/rutasal\/custom\/uploads\/2021\/05\/AFB3870-1024x678.jpg 1024w, https:\/\/labs.100x100.net\/projects\/rutasal\/custom\/uploads\/2021\/05\/AFB3870-768x509.jpg 768w, https:\/\/labs.100x100.net\/projects\/rutasal\/custom\/uploads\/2021\/05\/AFB3870.jpg 1200w\" sizes=\"(max-width: 300px) 100vw, 300px\" \/><\/a>\n\t\t\t<\/dt><\/dl><dl class='gallery-item'>\n\t\t\t<dt class='gallery-icon landscape'>\n\t\t\t\t<a href='https:\/\/labs.100x100.net\/projects\/rutasal\/jornada-de-registro-los-regatistas-preparados-para-el-salto-a-ibiza-2\/_afb3878\/'><img loading=\"lazy\" decoding=\"async\" width=\"300\" height=\"199\" src=\"https:\/\/labs.100x100.net\/projects\/rutasal\/custom\/uploads\/2021\/05\/AFB3878-300x199.jpg\" class=\"attachment-medium size-medium\" alt=\"\" srcset=\"https:\/\/labs.100x100.net\/projects\/rutasal\/custom\/uploads\/2021\/05\/AFB3878-300x199.jpg 300w, https:\/\/labs.100x100.net\/projects\/rutasal\/custom\/uploads\/2021\/05\/AFB3878-1024x678.jpg 1024w, https:\/\/labs.100x100.net\/projects\/rutasal\/custom\/uploads\/2021\/05\/AFB3878-768x509.jpg 768w, https:\/\/labs.100x100.net\/projects\/rutasal\/custom\/uploads\/2021\/05\/AFB3878.jpg 1200w\" sizes=\"(max-width: 300px) 100vw, 300px\" \/><\/a>\n\t\t\t<\/dt><\/dl><br style=\"clear: both\" \/><dl class='gallery-item'>\n\t\t\t<dt class='gallery-icon landscape'>\n\t\t\t\t<a href='https:\/\/labs.100x100.net\/projects\/rutasal\/jornada-de-registro-los-regatistas-preparados-para-el-salto-a-ibiza-2\/whatsapp-image-2021-05-28-at-10-03-22-1\/'><img loading=\"lazy\" decoding=\"async\" width=\"300\" height=\"225\" src=\"https:\/\/labs.100x100.net\/projects\/rutasal\/custom\/uploads\/2021\/05\/WhatsApp-Image-2021-05-28-at-10.03.22-1-300x225.jpeg\" class=\"attachment-medium size-medium\" alt=\"\" srcset=\"https:\/\/labs.100x100.net\/projects\/rutasal\/custom\/uploads\/2021\/05\/WhatsApp-Image-2021-05-28-at-10.03.22-1-300x225.jpeg 300w, https:\/\/labs.100x100.net\/projects\/rutasal\/custom\/uploads\/2021\/05\/WhatsApp-Image-2021-05-28-at-10.03.22-1-768x576.jpeg 768w, https:\/\/labs.100x100.net\/projects\/rutasal\/custom\/uploads\/2021\/05\/WhatsApp-Image-2021-05-28-at-10.03.22-1.jpeg 1024w\" sizes=\"(max-width: 300px) 100vw, 300px\" \/><\/a>\n\t\t\t<\/dt><\/dl>\n\t\t\t<br style='clear: both' \/>\n\t\t<\/div>\n\n<p>Una edici\u00f3n donde el protagonismo, aparte de las embarcaciones y tripulantes, estar\u00e1 en las complicadas condiciones meteorol\u00f3gicas previstas para ma\u00f1ana, que marcar\u00e1 la t\u00e1ctica de los navegantes. Ser\u00e1 una Ruta de La Sal muy diferente a las realizadas hasta ahora, debido a que no se celebra durante la primera Luna Llena de primavera, coincidiendo con las fechas de Semana Santa, sino que se disputa a finales del mes de mayo, por lo que las condiciones ser\u00e1n muy distintas a las de principios de primavera, tal como est\u00e1n acostumbrados los navegantes asiduos a La Sal.<\/p>\n<p><strong>Cambios de recorrido en la versi\u00f3n Barcelona<\/strong><\/p>\n<p>Ante la falta de viento, sobre todo en la parte Norte del Mediterr\u00e1neo, el Comit\u00e9 de Regata ha acordado recortar el recorrido desplazando la salida hacia el sur. La flota se dirigir\u00e1 a motor hacia el faro del Cabo Tortosa, en la punta este del Delta del Ebro, donde se dar\u00e1 la salida a las 20:00 horas del viernes rumbo directo a Sant Antoni de Portmany en Ibiza. As\u00ed que el recorrido pasa de las 140 millas n\u00e1uticas originales a 104 millas n\u00e1uticas, de esta forma se espera aprovechar una mayor intensidad de vientos en la zona sur del canal de las Baleares. La salida desde Denia no quede alterada, manteni\u00e9ndose, tal como est\u00e1 programada, a las 11:00 horas.<\/p>\n\n\t\t<style type=\"text\/css\">\n\t\t\t#gallery-2 {\n\t\t\t\tmargin: auto;\n\t\t\t}\n\t\t\t#gallery-2 .gallery-item {\n\t\t\t\tfloat: left;\n\t\t\t\tmargin-top: 10px;\n\t\t\t\ttext-align: center;\n\t\t\t\twidth: 25%;\n\t\t\t}\n\t\t\t#gallery-2 img {\n\t\t\t\tborder: 2px solid #cfcfcf;\n\t\t\t}\n\t\t\t#gallery-2 .gallery-caption {\n\t\t\t\tmargin-left: 0;\n\t\t\t}\n\t\t\t\/* see gallery_shortcode() in wp-includes\/media.php *\/\n\t\t<\/style>\n\t\t<div id='gallery-2' class='gallery galleryid-6272 gallery-columns-4 gallery-size-medium'><dl class='gallery-item'>\n\t\t\t<dt class='gallery-icon landscape'>\n\t\t\t\t<a href='https:\/\/labs.100x100.net\/projects\/rutasal\/jornada-de-registro-los-regatistas-preparados-para-el-salto-a-ibiza-2\/whatsapp-image-2021-05-28-at-10-03-27-2\/'><img loading=\"lazy\" decoding=\"async\" width=\"300\" height=\"225\" src=\"https:\/\/labs.100x100.net\/projects\/rutasal\/custom\/uploads\/2021\/05\/WhatsApp-Image-2021-05-28-at-10.03.27-2-300x225.jpeg\" class=\"attachment-medium size-medium\" alt=\"\" srcset=\"https:\/\/labs.100x100.net\/projects\/rutasal\/custom\/uploads\/2021\/05\/WhatsApp-Image-2021-05-28-at-10.03.27-2-300x225.jpeg 300w, https:\/\/labs.100x100.net\/projects\/rutasal\/custom\/uploads\/2021\/05\/WhatsApp-Image-2021-05-28-at-10.03.27-2-768x576.jpeg 768w, https:\/\/labs.100x100.net\/projects\/rutasal\/custom\/uploads\/2021\/05\/WhatsApp-Image-2021-05-28-at-10.03.27-2.jpeg 1024w\" sizes=\"(max-width: 300px) 100vw, 300px\" \/><\/a>\n\t\t\t<\/dt><\/dl><dl class='gallery-item'>\n\t\t\t<dt class='gallery-icon landscape'>\n\t\t\t\t<a href='https:\/\/labs.100x100.net\/projects\/rutasal\/jornada-de-registro-los-regatistas-preparados-para-el-salto-a-ibiza-2\/whatsapp-image-2021-05-28-at-10-03-27\/'><img loading=\"lazy\" decoding=\"async\" width=\"300\" height=\"225\" src=\"https:\/\/labs.100x100.net\/projects\/rutasal\/custom\/uploads\/2021\/05\/WhatsApp-Image-2021-05-28-at-10.03.27-300x225.jpeg\" class=\"attachment-medium size-medium\" alt=\"\" srcset=\"https:\/\/labs.100x100.net\/projects\/rutasal\/custom\/uploads\/2021\/05\/WhatsApp-Image-2021-05-28-at-10.03.27-300x225.jpeg 300w, https:\/\/labs.100x100.net\/projects\/rutasal\/custom\/uploads\/2021\/05\/WhatsApp-Image-2021-05-28-at-10.03.27-768x576.jpeg 768w, https:\/\/labs.100x100.net\/projects\/rutasal\/custom\/uploads\/2021\/05\/WhatsApp-Image-2021-05-28-at-10.03.27.jpeg 1024w\" sizes=\"(max-width: 300px) 100vw, 300px\" \/><\/a>\n\t\t\t<\/dt><\/dl><dl class='gallery-item'>\n\t\t\t<dt class='gallery-icon landscape'>\n\t\t\t\t<a href='https:\/\/labs.100x100.net\/projects\/rutasal\/jornada-de-registro-los-regatistas-preparados-para-el-salto-a-ibiza-2\/whatsapp-image-2021-05-28-at-10-03-23-6\/'><img loading=\"lazy\" decoding=\"async\" width=\"300\" height=\"225\" src=\"https:\/\/labs.100x100.net\/projects\/rutasal\/custom\/uploads\/2021\/05\/WhatsApp-Image-2021-05-28-at-10.03.23-6-300x225.jpeg\" class=\"attachment-medium size-medium\" alt=\"\" srcset=\"https:\/\/labs.100x100.net\/projects\/rutasal\/custom\/uploads\/2021\/05\/WhatsApp-Image-2021-05-28-at-10.03.23-6-300x225.jpeg 300w, https:\/\/labs.100x100.net\/projects\/rutasal\/custom\/uploads\/2021\/05\/WhatsApp-Image-2021-05-28-at-10.03.23-6-768x576.jpeg 768w, https:\/\/labs.100x100.net\/projects\/rutasal\/custom\/uploads\/2021\/05\/WhatsApp-Image-2021-05-28-at-10.03.23-6.jpeg 1024w\" sizes=\"(max-width: 300px) 100vw, 300px\" \/><\/a>\n\t\t\t<\/dt><\/dl><dl class='gallery-item'>\n\t\t\t<dt class='gallery-icon landscape'>\n\t\t\t\t<a href='https:\/\/labs.100x100.net\/projects\/rutasal\/jornada-de-registro-los-regatistas-preparados-para-el-salto-a-ibiza-2\/whatsapp-image-2021-05-28-at-10-03-23-5\/'><img loading=\"lazy\" decoding=\"async\" width=\"300\" height=\"225\" src=\"https:\/\/labs.100x100.net\/projects\/rutasal\/custom\/uploads\/2021\/05\/WhatsApp-Image-2021-05-28-at-10.03.23-5-300x225.jpeg\" class=\"attachment-medium size-medium\" alt=\"\" srcset=\"https:\/\/labs.100x100.net\/projects\/rutasal\/custom\/uploads\/2021\/05\/WhatsApp-Image-2021-05-28-at-10.03.23-5-300x225.jpeg 300w, https:\/\/labs.100x100.net\/projects\/rutasal\/custom\/uploads\/2021\/05\/WhatsApp-Image-2021-05-28-at-10.03.23-5-768x576.jpeg 768w, https:\/\/labs.100x100.net\/projects\/rutasal\/custom\/uploads\/2021\/05\/WhatsApp-Image-2021-05-28-at-10.03.23-5.jpeg 1024w\" sizes=\"(max-width: 300px) 100vw, 300px\" \/><\/a>\n\t\t\t<\/dt><\/dl><br style=\"clear: both\" \/><dl class='gallery-item'>\n\t\t\t<dt class='gallery-icon landscape'>\n\t\t\t\t<a href='https:\/\/labs.100x100.net\/projects\/rutasal\/jornada-de-registro-los-regatistas-preparados-para-el-salto-a-ibiza-2\/whatsapp-image-2021-05-28-at-10-03-23-4\/'><img loading=\"lazy\" decoding=\"async\" width=\"300\" height=\"225\" src=\"https:\/\/labs.100x100.net\/projects\/rutasal\/custom\/uploads\/2021\/05\/WhatsApp-Image-2021-05-28-at-10.03.23-4-300x225.jpeg\" class=\"attachment-medium size-medium\" alt=\"\" srcset=\"https:\/\/labs.100x100.net\/projects\/rutasal\/custom\/uploads\/2021\/05\/WhatsApp-Image-2021-05-28-at-10.03.23-4-300x225.jpeg 300w, https:\/\/labs.100x100.net\/projects\/rutasal\/custom\/uploads\/2021\/05\/WhatsApp-Image-2021-05-28-at-10.03.23-4-768x576.jpeg 768w, https:\/\/labs.100x100.net\/projects\/rutasal\/custom\/uploads\/2021\/05\/WhatsApp-Image-2021-05-28-at-10.03.23-4.jpeg 1024w\" sizes=\"(max-width: 300px) 100vw, 300px\" \/><\/a>\n\t\t\t<\/dt><\/dl><dl class='gallery-item'>\n\t\t\t<dt class='gallery-icon landscape'>\n\t\t\t\t<a href='https:\/\/labs.100x100.net\/projects\/rutasal\/jornada-de-registro-los-regatistas-preparados-para-el-salto-a-ibiza-2\/whatsapp-image-2021-05-28-at-10-03-23-3\/'><img loading=\"lazy\" decoding=\"async\" width=\"300\" height=\"225\" src=\"https:\/\/labs.100x100.net\/projects\/rutasal\/custom\/uploads\/2021\/05\/WhatsApp-Image-2021-05-28-at-10.03.23-3-300x225.jpeg\" class=\"attachment-medium size-medium\" alt=\"\" srcset=\"https:\/\/labs.100x100.net\/projects\/rutasal\/custom\/uploads\/2021\/05\/WhatsApp-Image-2021-05-28-at-10.03.23-3-300x225.jpeg 300w, https:\/\/labs.100x100.net\/projects\/rutasal\/custom\/uploads\/2021\/05\/WhatsApp-Image-2021-05-28-at-10.03.23-3-768x576.jpeg 768w, https:\/\/labs.100x100.net\/projects\/rutasal\/custom\/uploads\/2021\/05\/WhatsApp-Image-2021-05-28-at-10.03.23-3.jpeg 1024w\" sizes=\"(max-width: 300px) 100vw, 300px\" \/><\/a>\n\t\t\t<\/dt><\/dl><dl class='gallery-item'>\n\t\t\t<dt class='gallery-icon landscape'>\n\t\t\t\t<a href='https:\/\/labs.100x100.net\/projects\/rutasal\/jornada-de-registro-los-regatistas-preparados-para-el-salto-a-ibiza-2\/whatsapp-image-2021-05-28-at-10-03-23-2\/'><img loading=\"lazy\" decoding=\"async\" width=\"300\" height=\"225\" src=\"https:\/\/labs.100x100.net\/projects\/rutasal\/custom\/uploads\/2021\/05\/WhatsApp-Image-2021-05-28-at-10.03.23-2-300x225.jpeg\" class=\"attachment-medium size-medium\" alt=\"\" srcset=\"https:\/\/labs.100x100.net\/projects\/rutasal\/custom\/uploads\/2021\/05\/WhatsApp-Image-2021-05-28-at-10.03.23-2-300x225.jpeg 300w, https:\/\/labs.100x100.net\/projects\/rutasal\/custom\/uploads\/2021\/05\/WhatsApp-Image-2021-05-28-at-10.03.23-2-768x576.jpeg 768w, https:\/\/labs.100x100.net\/projects\/rutasal\/custom\/uploads\/2021\/05\/WhatsApp-Image-2021-05-28-at-10.03.23-2.jpeg 1024w\" sizes=\"(max-width: 300px) 100vw, 300px\" \/><\/a>\n\t\t\t<\/dt><\/dl><dl class='gallery-item'>\n\t\t\t<dt class='gallery-icon landscape'>\n\t\t\t\t<a href='https:\/\/labs.100x100.net\/projects\/rutasal\/jornada-de-registro-los-regatistas-preparados-para-el-salto-a-ibiza-2\/whatsapp-image-2021-05-28-at-10-03-23-1\/'><img loading=\"lazy\" decoding=\"async\" width=\"300\" height=\"225\" src=\"https:\/\/labs.100x100.net\/projects\/rutasal\/custom\/uploads\/2021\/05\/WhatsApp-Image-2021-05-28-at-10.03.23-1-300x225.jpeg\" class=\"attachment-medium size-medium\" alt=\"\" srcset=\"https:\/\/labs.100x100.net\/projects\/rutasal\/custom\/uploads\/2021\/05\/WhatsApp-Image-2021-05-28-at-10.03.23-1-300x225.jpeg 300w, https:\/\/labs.100x100.net\/projects\/rutasal\/custom\/uploads\/2021\/05\/WhatsApp-Image-2021-05-28-at-10.03.23-1-768x576.jpeg 768w, https:\/\/labs.100x100.net\/projects\/rutasal\/custom\/uploads\/2021\/05\/WhatsApp-Image-2021-05-28-at-10.03.23-1.jpeg 1024w\" sizes=\"(max-width: 300px) 100vw, 300px\" \/><\/a>\n\t\t\t<\/dt><\/dl><br style=\"clear: both\" \/><dl class='gallery-item'>\n\t\t\t<dt class='gallery-icon landscape'>\n\t\t\t\t<a href='https:\/\/labs.100x100.net\/projects\/rutasal\/jornada-de-registro-los-regatistas-preparados-para-el-salto-a-ibiza-2\/whatsapp-image-2021-05-28-at-10-03-23\/'><img loading=\"lazy\" decoding=\"async\" width=\"300\" height=\"225\" src=\"https:\/\/labs.100x100.net\/projects\/rutasal\/custom\/uploads\/2021\/05\/WhatsApp-Image-2021-05-28-at-10.03.23-300x225.jpeg\" class=\"attachment-medium size-medium\" alt=\"\" srcset=\"https:\/\/labs.100x100.net\/projects\/rutasal\/custom\/uploads\/2021\/05\/WhatsApp-Image-2021-05-28-at-10.03.23-300x225.jpeg 300w, https:\/\/labs.100x100.net\/projects\/rutasal\/custom\/uploads\/2021\/05\/WhatsApp-Image-2021-05-28-at-10.03.23-768x576.jpeg 768w, https:\/\/labs.100x100.net\/projects\/rutasal\/custom\/uploads\/2021\/05\/WhatsApp-Image-2021-05-28-at-10.03.23.jpeg 1024w\" sizes=\"(max-width: 300px) 100vw, 300px\" \/><\/a>\n\t\t\t<\/dt><\/dl><dl class='gallery-item'>\n\t\t\t<dt class='gallery-icon landscape'>\n\t\t\t\t<a href='https:\/\/labs.100x100.net\/projects\/rutasal\/jornada-de-registro-los-regatistas-preparados-para-el-salto-a-ibiza-2\/whatsapp-image-2021-05-28-at-10-03-22-2\/'><img loading=\"lazy\" decoding=\"async\" width=\"300\" height=\"225\" src=\"https:\/\/labs.100x100.net\/projects\/rutasal\/custom\/uploads\/2021\/05\/WhatsApp-Image-2021-05-28-at-10.03.22-2-300x225.jpeg\" class=\"attachment-medium size-medium\" alt=\"\" srcset=\"https:\/\/labs.100x100.net\/projects\/rutasal\/custom\/uploads\/2021\/05\/WhatsApp-Image-2021-05-28-at-10.03.22-2-300x225.jpeg 300w, https:\/\/labs.100x100.net\/projects\/rutasal\/custom\/uploads\/2021\/05\/WhatsApp-Image-2021-05-28-at-10.03.22-2-768x576.jpeg 768w, https:\/\/labs.100x100.net\/projects\/rutasal\/custom\/uploads\/2021\/05\/WhatsApp-Image-2021-05-28-at-10.03.22-2.jpeg 1024w\" sizes=\"(max-width: 300px) 100vw, 300px\" \/><\/a>\n\t\t\t<\/dt><\/dl><dl class='gallery-item'>\n\t\t\t<dt class='gallery-icon landscape'>\n\t\t\t\t<a href='https:\/\/labs.100x100.net\/projects\/rutasal\/jornada-de-registro-los-regatistas-preparados-para-el-salto-a-ibiza-2\/whatsapp-image-2021-05-28-at-10-03-27-1\/'><img loading=\"lazy\" decoding=\"async\" width=\"300\" height=\"225\" src=\"https:\/\/labs.100x100.net\/projects\/rutasal\/custom\/uploads\/2021\/05\/WhatsApp-Image-2021-05-28-at-10.03.27-1-300x225.jpeg\" class=\"attachment-medium size-medium\" alt=\"\" srcset=\"https:\/\/labs.100x100.net\/projects\/rutasal\/custom\/uploads\/2021\/05\/WhatsApp-Image-2021-05-28-at-10.03.27-1-300x225.jpeg 300w, https:\/\/labs.100x100.net\/projects\/rutasal\/custom\/uploads\/2021\/05\/WhatsApp-Image-2021-05-28-at-10.03.27-1-768x576.jpeg 768w, https:\/\/labs.100x100.net\/projects\/rutasal\/custom\/uploads\/2021\/05\/WhatsApp-Image-2021-05-28-at-10.03.27-1.jpeg 1024w\" sizes=\"(max-width: 300px) 100vw, 300px\" \/><\/a>\n\t\t\t<\/dt><\/dl>\n\t\t\t<br style='clear: both' \/>\n\t\t<\/div>\n\n<p><strong>Un centenar de embarcaciones en La Sal 2021<\/strong><\/p>\n<p>Un centenar de embarcaciones participar\u00e1n en esta edici\u00f3n de LaSal 2021. La mitad partir\u00e1 de Denia y la otra mitad de Port Ginesta.<br \/>\nEntre los barcos inscritos, ya se han registrado en Denia el Swan 45 Brujo de Alberto de Castro, el A35 de Juan Carlos Sanchiz con su Adrenalin, el asiduo Clem, el Swan 56 de Jaime Olazabal, el Alaik, el Swan 62 Alaik de Alberto Zardoya, el Jeanneau 64 New Illusion de Juan Jose Herrero, el Azuree 41 Sopu Dos de Jorma Nuutinen, el Dufour 525 Miko de Miguel Lainz, el Estropada-Caf\u00e9 del Mar, del J92-S de Toni Tur, el Arkona, un Hanse 54 del franc\u00e9s Thierry Rochet, el Aviador, Firts 53 de Gabriel Medem, el Sun Odissey 45 Casc\u00f3n de Cesar Quintanilla, entre otros.<\/p>\n\n\t\t<style type=\"text\/css\">\n\t\t\t#gallery-3 {\n\t\t\t\tmargin: auto;\n\t\t\t}\n\t\t\t#gallery-3 .gallery-item {\n\t\t\t\tfloat: left;\n\t\t\t\tmargin-top: 10px;\n\t\t\t\ttext-align: center;\n\t\t\t\twidth: 25%;\n\t\t\t}\n\t\t\t#gallery-3 img {\n\t\t\t\tborder: 2px solid #cfcfcf;\n\t\t\t}\n\t\t\t#gallery-3 .gallery-caption {\n\t\t\t\tmargin-left: 0;\n\t\t\t}\n\t\t\t\/* see gallery_shortcode() in wp-includes\/media.php *\/\n\t\t<\/style>\n\t\t<div id='gallery-3' class='gallery galleryid-6272 gallery-columns-4 gallery-size-medium'><dl class='gallery-item'>\n\t\t\t<dt class='gallery-icon landscape'>\n\t\t\t\t<a href='https:\/\/labs.100x100.net\/projects\/rutasal\/jornada-de-registro-los-regatistas-preparados-para-el-salto-a-ibiza-2\/_afb3902\/'><img loading=\"lazy\" decoding=\"async\" width=\"300\" height=\"199\" src=\"https:\/\/labs.100x100.net\/projects\/rutasal\/custom\/uploads\/2021\/05\/AFB3902-300x199.jpg\" class=\"attachment-medium size-medium\" alt=\"\" srcset=\"https:\/\/labs.100x100.net\/projects\/rutasal\/custom\/uploads\/2021\/05\/AFB3902-300x199.jpg 300w, https:\/\/labs.100x100.net\/projects\/rutasal\/custom\/uploads\/2021\/05\/AFB3902-1024x678.jpg 1024w, https:\/\/labs.100x100.net\/projects\/rutasal\/custom\/uploads\/2021\/05\/AFB3902-768x509.jpg 768w, https:\/\/labs.100x100.net\/projects\/rutasal\/custom\/uploads\/2021\/05\/AFB3902.jpg 1200w\" sizes=\"(max-width: 300px) 100vw, 300px\" \/><\/a>\n\t\t\t<\/dt><\/dl><dl class='gallery-item'>\n\t\t\t<dt class='gallery-icon landscape'>\n\t\t\t\t<a href='https:\/\/labs.100x100.net\/projects\/rutasal\/jornada-de-registro-los-regatistas-preparados-para-el-salto-a-ibiza-2\/whatsapp-image-2021-05-28-at-10-43-07\/'><img loading=\"lazy\" decoding=\"async\" width=\"300\" height=\"225\" src=\"https:\/\/labs.100x100.net\/projects\/rutasal\/custom\/uploads\/2021\/05\/WhatsApp-Image-2021-05-28-at-10.43.07-300x225.jpeg\" class=\"attachment-medium size-medium\" alt=\"\" srcset=\"https:\/\/labs.100x100.net\/projects\/rutasal\/custom\/uploads\/2021\/05\/WhatsApp-Image-2021-05-28-at-10.43.07-300x225.jpeg 300w, https:\/\/labs.100x100.net\/projects\/rutasal\/custom\/uploads\/2021\/05\/WhatsApp-Image-2021-05-28-at-10.43.07-768x576.jpeg 768w, https:\/\/labs.100x100.net\/projects\/rutasal\/custom\/uploads\/2021\/05\/WhatsApp-Image-2021-05-28-at-10.43.07.jpeg 1024w\" sizes=\"(max-width: 300px) 100vw, 300px\" \/><\/a>\n\t\t\t<\/dt><\/dl><dl class='gallery-item'>\n\t\t\t<dt class='gallery-icon landscape'>\n\t\t\t\t<a href='https:\/\/labs.100x100.net\/projects\/rutasal\/jornada-de-registro-los-regatistas-preparados-para-el-salto-a-ibiza-2\/whatsapp-image-2021-05-28-at-10-43-08-1\/'><img loading=\"lazy\" decoding=\"async\" width=\"300\" height=\"225\" src=\"https:\/\/labs.100x100.net\/projects\/rutasal\/custom\/uploads\/2021\/05\/WhatsApp-Image-2021-05-28-at-10.43.08-1-300x225.jpeg\" class=\"attachment-medium size-medium\" alt=\"\" srcset=\"https:\/\/labs.100x100.net\/projects\/rutasal\/custom\/uploads\/2021\/05\/WhatsApp-Image-2021-05-28-at-10.43.08-1-300x225.jpeg 300w, https:\/\/labs.100x100.net\/projects\/rutasal\/custom\/uploads\/2021\/05\/WhatsApp-Image-2021-05-28-at-10.43.08-1-768x576.jpeg 768w, https:\/\/labs.100x100.net\/projects\/rutasal\/custom\/uploads\/2021\/05\/WhatsApp-Image-2021-05-28-at-10.43.08-1.jpeg 1024w\" sizes=\"(max-width: 300px) 100vw, 300px\" \/><\/a>\n\t\t\t<\/dt><\/dl><dl class='gallery-item'>\n\t\t\t<dt class='gallery-icon landscape'>\n\t\t\t\t<a href='https:\/\/labs.100x100.net\/projects\/rutasal\/jornada-de-registro-los-regatistas-preparados-para-el-salto-a-ibiza-2\/whatsapp-image-2021-05-28-at-10-43-08-2\/'><img loading=\"lazy\" decoding=\"async\" width=\"300\" height=\"225\" src=\"https:\/\/labs.100x100.net\/projects\/rutasal\/custom\/uploads\/2021\/05\/WhatsApp-Image-2021-05-28-at-10.43.08-2-300x225.jpeg\" class=\"attachment-medium size-medium\" alt=\"\" srcset=\"https:\/\/labs.100x100.net\/projects\/rutasal\/custom\/uploads\/2021\/05\/WhatsApp-Image-2021-05-28-at-10.43.08-2-300x225.jpeg 300w, https:\/\/labs.100x100.net\/projects\/rutasal\/custom\/uploads\/2021\/05\/WhatsApp-Image-2021-05-28-at-10.43.08-2-768x576.jpeg 768w, https:\/\/labs.100x100.net\/projects\/rutasal\/custom\/uploads\/2021\/05\/WhatsApp-Image-2021-05-28-at-10.43.08-2.jpeg 1024w\" sizes=\"(max-width: 300px) 100vw, 300px\" \/><\/a>\n\t\t\t<\/dt><\/dl><br style=\"clear: both\" \/><dl class='gallery-item'>\n\t\t\t<dt class='gallery-icon landscape'>\n\t\t\t\t<a href='https:\/\/labs.100x100.net\/projects\/rutasal\/jornada-de-registro-los-regatistas-preparados-para-el-salto-a-ibiza-2\/whatsapp-image-2021-05-28-at-10-43-08-3\/'><img loading=\"lazy\" decoding=\"async\" width=\"300\" height=\"225\" src=\"https:\/\/labs.100x100.net\/projects\/rutasal\/custom\/uploads\/2021\/05\/WhatsApp-Image-2021-05-28-at-10.43.08-3-300x225.jpeg\" class=\"attachment-medium size-medium\" alt=\"\" srcset=\"https:\/\/labs.100x100.net\/projects\/rutasal\/custom\/uploads\/2021\/05\/WhatsApp-Image-2021-05-28-at-10.43.08-3-300x225.jpeg 300w, https:\/\/labs.100x100.net\/projects\/rutasal\/custom\/uploads\/2021\/05\/WhatsApp-Image-2021-05-28-at-10.43.08-3-768x576.jpeg 768w, https:\/\/labs.100x100.net\/projects\/rutasal\/custom\/uploads\/2021\/05\/WhatsApp-Image-2021-05-28-at-10.43.08-3.jpeg 1024w\" sizes=\"(max-width: 300px) 100vw, 300px\" \/><\/a>\n\t\t\t<\/dt><\/dl><dl class='gallery-item'>\n\t\t\t<dt class='gallery-icon landscape'>\n\t\t\t\t<a href='https:\/\/labs.100x100.net\/projects\/rutasal\/jornada-de-registro-los-regatistas-preparados-para-el-salto-a-ibiza-2\/whatsapp-image-2021-05-28-at-10-43-08-4\/'><img loading=\"lazy\" decoding=\"async\" width=\"300\" height=\"225\" src=\"https:\/\/labs.100x100.net\/projects\/rutasal\/custom\/uploads\/2021\/05\/WhatsApp-Image-2021-05-28-at-10.43.08-4-300x225.jpeg\" class=\"attachment-medium size-medium\" alt=\"\" srcset=\"https:\/\/labs.100x100.net\/projects\/rutasal\/custom\/uploads\/2021\/05\/WhatsApp-Image-2021-05-28-at-10.43.08-4-300x225.jpeg 300w, https:\/\/labs.100x100.net\/projects\/rutasal\/custom\/uploads\/2021\/05\/WhatsApp-Image-2021-05-28-at-10.43.08-4-768x576.jpeg 768w, https:\/\/labs.100x100.net\/projects\/rutasal\/custom\/uploads\/2021\/05\/WhatsApp-Image-2021-05-28-at-10.43.08-4.jpeg 1024w\" sizes=\"(max-width: 300px) 100vw, 300px\" \/><\/a>\n\t\t\t<\/dt><\/dl><dl class='gallery-item'>\n\t\t\t<dt class='gallery-icon landscape'>\n\t\t\t\t<a href='https:\/\/labs.100x100.net\/projects\/rutasal\/jornada-de-registro-los-regatistas-preparados-para-el-salto-a-ibiza-2\/whatsapp-image-2021-05-28-at-10-43-08-5\/'><img loading=\"lazy\" decoding=\"async\" width=\"300\" height=\"225\" src=\"https:\/\/labs.100x100.net\/projects\/rutasal\/custom\/uploads\/2021\/05\/WhatsApp-Image-2021-05-28-at-10.43.08-5-300x225.jpeg\" class=\"attachment-medium size-medium\" alt=\"\" srcset=\"https:\/\/labs.100x100.net\/projects\/rutasal\/custom\/uploads\/2021\/05\/WhatsApp-Image-2021-05-28-at-10.43.08-5-300x225.jpeg 300w, https:\/\/labs.100x100.net\/projects\/rutasal\/custom\/uploads\/2021\/05\/WhatsApp-Image-2021-05-28-at-10.43.08-5-768x576.jpeg 768w, https:\/\/labs.100x100.net\/projects\/rutasal\/custom\/uploads\/2021\/05\/WhatsApp-Image-2021-05-28-at-10.43.08-5.jpeg 1024w\" sizes=\"(max-width: 300px) 100vw, 300px\" \/><\/a>\n\t\t\t<\/dt><\/dl><dl class='gallery-item'>\n\t\t\t<dt class='gallery-icon landscape'>\n\t\t\t\t<a href='https:\/\/labs.100x100.net\/projects\/rutasal\/jornada-de-registro-los-regatistas-preparados-para-el-salto-a-ibiza-2\/whatsapp-image-2021-05-28-at-10-43-08\/'><img loading=\"lazy\" decoding=\"async\" width=\"300\" height=\"225\" src=\"https:\/\/labs.100x100.net\/projects\/rutasal\/custom\/uploads\/2021\/05\/WhatsApp-Image-2021-05-28-at-10.43.08-300x225.jpeg\" class=\"attachment-medium size-medium\" alt=\"\" srcset=\"https:\/\/labs.100x100.net\/projects\/rutasal\/custom\/uploads\/2021\/05\/WhatsApp-Image-2021-05-28-at-10.43.08-300x225.jpeg 300w, https:\/\/labs.100x100.net\/projects\/rutasal\/custom\/uploads\/2021\/05\/WhatsApp-Image-2021-05-28-at-10.43.08-768x576.jpeg 768w, https:\/\/labs.100x100.net\/projects\/rutasal\/custom\/uploads\/2021\/05\/WhatsApp-Image-2021-05-28-at-10.43.08.jpeg 1024w\" sizes=\"(max-width: 300px) 100vw, 300px\" \/><\/a>\n\t\t\t<\/dt><\/dl><br style=\"clear: both\" \/>\n\t\t<\/div>\n\n<p>Quienes tomar\u00e1n la salida desde el CM Port Ginesta (Barcelona) destacar el Swan 60 Flomali del belga Alex Staring, el holand\u00e9s Francis van Belle con su Swan 56 La Belle, el competitivo Grand Soleil 50 Marjuin de Pere Roquet, el X-35 Yellow Rose, de Marten Jan Ringers, ganador de la \u00faltima Joan Guiu, el GS 43 Yrcus de Sergey Moskovskikh, el Hanse 46 Nirvana del navegante Jos\u00e9 Mart\u00edn, el Anna Katharina de Albert Ferrer, el Rossina di Mare, el S&amp;S 63 de Jose Singla, el Atlant del Vent de David Tur, el Blauw de Toni Arbox, el Ascata Tres de Yamandu Rodriguez, el Alcyon Primero de Fernando Alvarado, el Bandido de Juan Carlos Otamendi, entre muchos m\u00e1s.<\/p>\n<p>&nbsp;<\/p>\n<p><strong>Fotos: \u00a9\u00a0Alfred Farr\u00e9\u00a0<\/strong><\/p>\n","protected":false},"excerpt":{"rendered":"<p>El Comit\u00e9 acuerda recortar el recorrido de la versi\u00f3n Barcelona por el pantano barom\u00e9trico en el Norte del Mediterr\u00e1neo Intensa jornada de registro de embarcaciones y tripulaciones para la 33\u00aa edici\u00f3n de La Ruta de la Sal. Los armadores, a lo largo del d\u00eda de hoy, han ido cumplimentando los requisitos en las dos sedes [&hellip;]<\/p>\n","protected":false},"author":2,"featured_media":6342,"comment_status":"open","ping_status":"open","sticky":false,"template":"","format":"standard","meta":{"_acf_changed":false,"footnotes":""},"categories":[3],"tags":[],"acf":[],"yoast_head":"<!-- This site is optimized with the Yoast SEO plugin v23.0 - https:\/\/yoast.com\/wordpress\/plugins\/seo\/ -->\n<title>JORNADA DE REGISTRO: LOS REGATISTAS PREPARADOS PARA EL SALTO A IBIZA | Regata La Ruta de la Sal<\/title>\n<meta name=\"description\" content=\"JORNADA DE REGISTRO: LOS REGATISTAS PREPARADOS PARA EL SALTO A IBIZA\" \/>\n<meta name=\"robots\" content=\"noindex, follow, max-snippet:-1, max-image-preview:large, max-video-preview:-1\" \/>\n<meta property=\"og:locale\" content=\"es_ES\" \/>\n<meta property=\"og:type\" content=\"article\" \/>\n<meta property=\"og:title\" content=\"JORNADA DE REGISTRO: LOS REGATISTAS PREPARADOS PARA EL SALTO A IBIZA | Regata La Ruta de la Sal\" \/>\n<meta property=\"og:description\" content=\"JORNADA DE REGISTRO: LOS REGATISTAS PREPARADOS PARA EL SALTO A IBIZA\" \/>\n<meta property=\"og:url\" content=\"https:\/\/labs.100x100.net\/projects\/rutasal\/jornada-de-registro-los-regatistas-preparados-para-el-salto-a-ibiza-2\/\" \/>\n<meta property=\"og:site_name\" content=\"Regata La Ruta de la Sal\" \/>\n<meta property=\"article:publisher\" content=\"https:\/\/www.facebook.com\/rutadelasal\/\" \/>\n<meta property=\"article:published_time\" content=\"2021-05-27T14:25:41+00:00\" \/>\n<meta property=\"article:modified_time\" content=\"2021-05-28T18:41:45+00:00\" \/>\n<meta property=\"og:image\" content=\"https:\/\/labs.100x100.net\/projects\/rutasal\/custom\/uploads\/2021\/05\/AFB3902.jpg\" \/>\n\t<meta property=\"og:image:width\" content=\"1200\" \/>\n\t<meta property=\"og:image:height\" content=\"795\" \/>\n\t<meta property=\"og:image:type\" content=\"image\/jpeg\" \/>\n<meta name=\"author\" content=\"Ferran\" \/>\n<meta name=\"twitter:card\" content=\"summary_large_image\" \/>\n<meta name=\"twitter:creator\" content=\"@AnamMedi\" \/>\n<meta name=\"twitter:site\" content=\"@AnamMedi\" \/>\n<meta name=\"twitter:label1\" content=\"Escrito por\" \/>\n\t<meta name=\"twitter:data1\" content=\"Ferran\" \/>\n\t<meta name=\"twitter:label2\" content=\"Tiempo de lectura\" \/>\n\t<meta name=\"twitter:data2\" content=\"3 minutos\" \/>\n<script type=\"application\/ld+json\" class=\"yoast-schema-graph\">{\"@context\":\"https:\/\/schema.org\",\"@graph\":[{\"@type\":\"WebPage\",\"@id\":\"https:\/\/labs.100x100.net\/projects\/rutasal\/jornada-de-registro-los-regatistas-preparados-para-el-salto-a-ibiza-2\/\",\"url\":\"https:\/\/labs.100x100.net\/projects\/rutasal\/jornada-de-registro-los-regatistas-preparados-para-el-salto-a-ibiza-2\/\",\"name\":\"JORNADA DE REGISTRO: LOS REGATISTAS PREPARADOS PARA EL SALTO A IBIZA | Regata La Ruta de la Sal\",\"isPartOf\":{\"@id\":\"https:\/\/labs.100x100.net\/projects\/rutasal\/#website\"},\"primaryImageOfPage\":{\"@id\":\"https:\/\/labs.100x100.net\/projects\/rutasal\/jornada-de-registro-los-regatistas-preparados-para-el-salto-a-ibiza-2\/#primaryimage\"},\"image\":{\"@id\":\"https:\/\/labs.100x100.net\/projects\/rutasal\/jornada-de-registro-los-regatistas-preparados-para-el-salto-a-ibiza-2\/#primaryimage\"},\"thumbnailUrl\":\"https:\/\/labs.100x100.net\/projects\/rutasal\/custom\/uploads\/2021\/05\/AFB3902.jpg\",\"datePublished\":\"2021-05-27T14:25:41+00:00\",\"dateModified\":\"2021-05-28T18:41:45+00:00\",\"author\":{\"@id\":\"https:\/\/labs.100x100.net\/projects\/rutasal\/#\/schema\/person\/24a02a346c826cf8502e7fb8edc0396c\"},\"description\":\"JORNADA DE REGISTRO: LOS REGATISTAS PREPARADOS PARA EL SALTO A IBIZA\",\"breadcrumb\":{\"@id\":\"https:\/\/labs.100x100.net\/projects\/rutasal\/jornada-de-registro-los-regatistas-preparados-para-el-salto-a-ibiza-2\/#breadcrumb\"},\"inLanguage\":\"es\",\"potentialAction\":[{\"@type\":\"ReadAction\",\"target\":[\"https:\/\/labs.100x100.net\/projects\/rutasal\/jornada-de-registro-los-regatistas-preparados-para-el-salto-a-ibiza-2\/\"]}]},{\"@type\":\"ImageObject\",\"inLanguage\":\"es\",\"@id\":\"https:\/\/labs.100x100.net\/projects\/rutasal\/jornada-de-registro-los-regatistas-preparados-para-el-salto-a-ibiza-2\/#primaryimage\",\"url\":\"https:\/\/labs.100x100.net\/projects\/rutasal\/custom\/uploads\/2021\/05\/AFB3902.jpg\",\"contentUrl\":\"https:\/\/labs.100x100.net\/projects\/rutasal\/custom\/uploads\/2021\/05\/AFB3902.jpg\",\"width\":1200,\"height\":795},{\"@type\":\"BreadcrumbList\",\"@id\":\"https:\/\/labs.100x100.net\/projects\/rutasal\/jornada-de-registro-los-regatistas-preparados-para-el-salto-a-ibiza-2\/#breadcrumb\",\"itemListElement\":[{\"@type\":\"ListItem\",\"position\":1,\"name\":\"Portada\",\"item\":\"https:\/\/labs.100x100.net\/projects\/rutasal\/\"},{\"@type\":\"ListItem\",\"position\":2,\"name\":\"JORNADA DE REGISTRO: LOS REGATISTAS PREPARADOS PARA EL SALTO A IBIZA\"}]},{\"@type\":\"WebSite\",\"@id\":\"https:\/\/labs.100x100.net\/projects\/rutasal\/#website\",\"url\":\"https:\/\/labs.100x100.net\/projects\/rutasal\/\",\"name\":\"Regata La Ruta de la Sal\",\"description\":\"Regata La Ruta de la Sal es una regata de Altura Mediterr\u00e1nea para barcos de crucero a vela con destino en Ibiza, que se disputa anualmente en Semana Santa.\",\"potentialAction\":[{\"@type\":\"SearchAction\",\"target\":{\"@type\":\"EntryPoint\",\"urlTemplate\":\"https:\/\/labs.100x100.net\/projects\/rutasal\/?s={search_term_string}\"},\"query-input\":\"required name=search_term_string\"}],\"inLanguage\":\"es\"},{\"@type\":\"Person\",\"@id\":\"https:\/\/labs.100x100.net\/projects\/rutasal\/#\/schema\/person\/24a02a346c826cf8502e7fb8edc0396c\",\"name\":\"Ferran\",\"image\":{\"@type\":\"ImageObject\",\"inLanguage\":\"es\",\"@id\":\"https:\/\/labs.100x100.net\/projects\/rutasal\/#\/schema\/person\/image\/\",\"url\":\"https:\/\/secure.gravatar.com\/avatar\/d1c4bb756eb5c888319d7e06d9dc1559?s=96&d=mm&r=g\",\"contentUrl\":\"https:\/\/secure.gravatar.com\/avatar\/d1c4bb756eb5c888319d7e06d9dc1559?s=96&d=mm&r=g\",\"caption\":\"Ferran\"}}]}<\/script>\n<!-- \/ Yoast SEO plugin. -->","yoast_head_json":{"title":"JORNADA DE REGISTRO: LOS REGATISTAS PREPARADOS PARA EL SALTO A IBIZA | Regata La Ruta de la Sal","description":"JORNADA DE REGISTRO: LOS REGATISTAS PREPARADOS PARA EL SALTO A IBIZA","robots":{"index":"noindex","follow":"follow","max-snippet":"max-snippet:-1","max-image-preview":"max-image-preview:large","max-video-preview":"max-video-preview:-1"},"og_locale":"es_ES","og_type":"article","og_title":"JORNADA DE REGISTRO: LOS REGATISTAS PREPARADOS PARA EL SALTO A IBIZA | Regata La Ruta de la Sal","og_description":"JORNADA DE REGISTRO: LOS REGATISTAS PREPARADOS PARA EL SALTO A IBIZA","og_url":"https:\/\/labs.100x100.net\/projects\/rutasal\/jornada-de-registro-los-regatistas-preparados-para-el-salto-a-ibiza-2\/","og_site_name":"Regata La Ruta de la Sal","article_publisher":"https:\/\/www.facebook.com\/rutadelasal\/","article_published_time":"2021-05-27T14:25:41+00:00","article_modified_time":"2021-05-28T18:41:45+00:00","og_image":[{"width":1200,"height":795,"url":"https:\/\/labs.100x100.net\/projects\/rutasal\/custom\/uploads\/2021\/05\/AFB3902.jpg","type":"image\/jpeg"}],"author":"Ferran","twitter_card":"summary_large_image","twitter_creator":"@AnamMedi","twitter_site":"@AnamMedi","twitter_misc":{"Escrito por":"Ferran","Tiempo de lectura":"3 minutos"},"schema":{"@context":"https:\/\/schema.org","@graph":[{"@type":"WebPage","@id":"https:\/\/labs.100x100.net\/projects\/rutasal\/jornada-de-registro-los-regatistas-preparados-para-el-salto-a-ibiza-2\/","url":"https:\/\/labs.100x100.net\/projects\/rutasal\/jornada-de-registro-los-regatistas-preparados-para-el-salto-a-ibiza-2\/","name":"JORNADA DE REGISTRO: LOS REGATISTAS PREPARADOS PARA EL SALTO A IBIZA | Regata La Ruta de la Sal","isPartOf":{"@id":"https:\/\/labs.100x100.net\/projects\/rutasal\/#website"},"primaryImageOfPage":{"@id":"https:\/\/labs.100x100.net\/projects\/rutasal\/jornada-de-registro-los-regatistas-preparados-para-el-salto-a-ibiza-2\/#primaryimage"},"image":{"@id":"https:\/\/labs.100x100.net\/projects\/rutasal\/jornada-de-registro-los-regatistas-preparados-para-el-salto-a-ibiza-2\/#primaryimage"},"thumbnailUrl":"https:\/\/labs.100x100.net\/projects\/rutasal\/custom\/uploads\/2021\/05\/AFB3902.jpg","datePublished":"2021-05-27T14:25:41+00:00","dateModified":"2021-05-28T18:41:45+00:00","author":{"@id":"https:\/\/labs.100x100.net\/projects\/rutasal\/#\/schema\/person\/24a02a346c826cf8502e7fb8edc0396c"},"description":"JORNADA DE REGISTRO: LOS REGATISTAS PREPARADOS PARA EL SALTO A IBIZA","breadcrumb":{"@id":"https:\/\/labs.100x100.net\/projects\/rutasal\/jornada-de-registro-los-regatistas-preparados-para-el-salto-a-ibiza-2\/#breadcrumb"},"inLanguage":"es","potentialAction":[{"@type":"ReadAction","target":["https:\/\/labs.100x100.net\/projects\/rutasal\/jornada-de-registro-los-regatistas-preparados-para-el-salto-a-ibiza-2\/"]}]},{"@type":"ImageObject","inLanguage":"es","@id":"https:\/\/labs.100x100.net\/projects\/rutasal\/jornada-de-registro-los-regatistas-preparados-para-el-salto-a-ibiza-2\/#primaryimage","url":"https:\/\/labs.100x100.net\/projects\/rutasal\/custom\/uploads\/2021\/05\/AFB3902.jpg","contentUrl":"https:\/\/labs.100x100.net\/projects\/rutasal\/custom\/uploads\/2021\/05\/AFB3902.jpg","width":1200,"height":795},{"@type":"BreadcrumbList","@id":"https:\/\/labs.100x100.net\/projects\/rutasal\/jornada-de-registro-los-regatistas-preparados-para-el-salto-a-ibiza-2\/#breadcrumb","itemListElement":[{"@type":"ListItem","position":1,"name":"Portada","item":"https:\/\/labs.100x100.net\/projects\/rutasal\/"},{"@type":"ListItem","position":2,"name":"JORNADA DE REGISTRO: LOS REGATISTAS PREPARADOS PARA EL SALTO A IBIZA"}]},{"@type":"WebSite","@id":"https:\/\/labs.100x100.net\/projects\/rutasal\/#website","url":"https:\/\/labs.100x100.net\/projects\/rutasal\/","name":"Regata La Ruta de la Sal","description":"Regata La Ruta de la Sal es una regata de Altura Mediterr\u00e1nea para barcos de crucero a vela con destino en Ibiza, que se disputa anualmente en Semana Santa.","potentialAction":[{"@type":"SearchAction","target":{"@type":"EntryPoint","urlTemplate":"https:\/\/labs.100x100.net\/projects\/rutasal\/?s={search_term_string}"},"query-input":"required name=search_term_string"}],"inLanguage":"es"},{"@type":"Person","@id":"https:\/\/labs.100x100.net\/projects\/rutasal\/#\/schema\/person\/24a02a346c826cf8502e7fb8edc0396c","name":"Ferran","image":{"@type":"ImageObject","inLanguage":"es","@id":"https:\/\/labs.100x100.net\/projects\/rutasal\/#\/schema\/person\/image\/","url":"https:\/\/secure.gravatar.com\/avatar\/d1c4bb756eb5c888319d7e06d9dc1559?s=96&d=mm&r=g","contentUrl":"https:\/\/secure.gravatar.com\/avatar\/d1c4bb756eb5c888319d7e06d9dc1559?s=96&d=mm&r=g","caption":"Ferran"}}]}},"_links":{"self":[{"href":"https:\/\/labs.100x100.net\/projects\/rutasal\/wp-json\/wp\/v2\/posts\/6272"}],"collection":[{"href":"https:\/\/labs.100x100.net\/projects\/rutasal\/wp-json\/wp\/v2\/posts"}],"about":[{"href":"https:\/\/labs.100x100.net\/projects\/rutasal\/wp-json\/wp\/v2\/types\/post"}],"author":[{"embeddable":true,"href":"https:\/\/labs.100x100.net\/projects\/rutasal\/wp-json\/wp\/v2\/users\/2"}],"replies":[{"embeddable":true,"href":"https:\/\/labs.100x100.net\/projects\/rutasal\/wp-json\/wp\/v2\/comments?post=6272"}],"version-history":[{"count":11,"href":"https:\/\/labs.100x100.net\/projects\/rutasal\/wp-json\/wp\/v2\/posts\/6272\/revisions"}],"predecessor-version":[{"id":6408,"href":"https:\/\/labs.100x100.net\/projects\/rutasal\/wp-json\/wp\/v2\/posts\/6272\/revisions\/6408"}],"wp:featuredmedia":[{"embeddable":true,"href":"https:\/\/labs.100x100.net\/projects\/rutasal\/wp-json\/wp\/v2\/media\/6342"}],"wp:attachment":[{"href":"https:\/\/labs.100x100.net\/projects\/rutasal\/wp-json\/wp\/v2\/media?parent=6272"}],"wp:term":[{"taxonomy":"category","embeddable":true,"href":"https:\/\/labs.100x100.net\/projects\/rutasal\/wp-json\/wp\/v2\/categories?post=6272"},{"taxonomy":"post_tag","embeddable":true,"href":"https:\/\/labs.100x100.net\/projects\/rutasal\/wp-json\/wp\/v2\/tags?post=6272"}],"curies":[{"name":"wp","href":"https:\/\/api.w.org\/{rel}","templated":true}]}}