{"id":6130,"date":"2021-04-28T16:07:13","date_gmt":"2021-04-28T14:07:13","guid":{"rendered":"https:\/\/larutadelasal.com\/?p=6130"},"modified":"2021-04-28T19:17:29","modified_gmt":"2021-04-28T17:17:29","slug":"es-nautic-de-sant-antoni-de-portmany-preparado-para-acoger-a-la-flota-de-la-ruta-de-la-sal","status":"publish","type":"post","link":"https:\/\/labs.100x100.net\/projects\/rutasal\/es-nautic-de-sant-antoni-de-portmany-preparado-para-acoger-a-la-flota-de-la-ruta-de-la-sal\/","title":{"rendered":"ES NAUTIC DE SANT ANTONI DE PORTMANY PREPARADO PARA ACOGER A LA FLOTA DE LA RUTA DE LA SAL"},"content":{"rendered":"<p><img loading=\"lazy\" decoding=\"async\" class=\"aligncenter size-full wp-image-6135\" src=\"http:\/\/larutadelasal.com\/custom\/uploads\/2021\/04\/CNSA_2.jpeg\" alt=\"\" width=\"608\" height=\"367\" srcset=\"https:\/\/labs.100x100.net\/projects\/rutasal\/custom\/uploads\/2021\/04\/CNSA_2.jpeg 608w, https:\/\/labs.100x100.net\/projects\/rutasal\/custom\/uploads\/2021\/04\/CNSA_2-300x181.jpeg 300w\" sizes=\"(max-width: 608px) 100vw, 608px\" \/><\/p>\n<p><strong>El CNSA cede amarres y suministros a los 100 barcos de la Ruta de la Sal para impulsar el turismo<\/strong><\/p>\n<p>La regata parte el 28 de mayo de Barcelona y Denia hacia Sant Antoni y mover\u00e1\u00a0a unas 900 personas, que pasar\u00e1n una media de tres d\u00edas en la localidad<\/p>\n<p><strong>Sant Antoni, 28 de abril de 2021.<\/strong>\u00a0El pr\u00f3ximo 28 de mayo arranca la XXXIII edici\u00f3n de la Ruta de la Sal, con la participaci\u00f3n de un total de cien embarcaciones, que tomar\u00e1n la salida desde Port Ginesta, en Barcelona, y desde el Real Club N\u00e1utico de Denia de forma simult\u00e1nea, a las 11 horas, con destino a la bah\u00eda de Portmany. A pesar de que se han superado las doscientas preinscripciones, seg\u00fan ha informado la organizaci\u00f3n, se ha establecido un tope m\u00e1ximo de un centenar debido al contexto sanitario y, adem\u00e1s, se ha anulado la salida que se ven\u00eda haciendo desde Mallorca, que previsiblemente se retomar\u00e1 en 2022, con unas circunstancias m\u00e1s favorables.<\/p>\n<p>Un a\u00f1o m\u00e1s, el Club N\u00e0utic Sant Antoni acoger\u00e1 la regata m\u00e1s famosa del Mediterr\u00e1neo y volver\u00e1 a ceder gratuitamente todos los amarres y el suministro de agua y electricidad. El CNSA realiza esta colaboraci\u00f3n con el objetivo de impulsar el turismo para ayudar a la econom\u00eda local y desestacionalizar la temporada, m\u00e1xime en este a\u00f1o de pandemia. La llegada de estas cien embarcaciones nos permite estimar que vendr\u00e1n unas 700 personas en regata, m\u00e1s otros 200 acompa\u00f1antes en avi\u00f3n. Los navegantes permanecer\u00e1n una media de tres d\u00edas en el pueblo, en los que visitar\u00e1n supermercados, restaurantes, comercios, etc\u00e9tera.<\/p>\n<p>Es N\u00e0utic, asimismo, tomar\u00e1 todas las medidas necesarias para contribuir a que esta prueba sea una regata segura. Cabe recordar que en todos los pantalanes y edificios del club hay dispensadores de gel hidroalcoh\u00f3lico, as\u00ed como sensores de temperatura. Los ba\u00f1os, asimismo, se nebulizar\u00e1n con productos anticovid cada d\u00eda de la regata.<\/p>\n<p><img loading=\"lazy\" decoding=\"async\" class=\"aligncenter size-full wp-image-6132\" src=\"http:\/\/larutadelasal.com\/custom\/uploads\/2021\/04\/CNSA_1.jpeg\" alt=\"\" width=\"608\" height=\"367\" srcset=\"https:\/\/labs.100x100.net\/projects\/rutasal\/custom\/uploads\/2021\/04\/CNSA_1.jpeg 608w, https:\/\/labs.100x100.net\/projects\/rutasal\/custom\/uploads\/2021\/04\/CNSA_1-300x181.jpeg 300w\" sizes=\"(max-width: 608px) 100vw, 608px\" \/><\/p>\n<p>&nbsp;<\/p>\n<p><strong>M\u00e1s informaci\u00f3n:<\/strong><\/p>\n<p><strong>Juan Vicente Rosell\u00f3<\/strong><\/p>\n<p><strong>Gerente del CNSA<\/strong><\/p>\n<p><strong>971 340 645<\/strong><\/p>\n","protected":false},"excerpt":{"rendered":"<p>El CNSA cede amarres y suministros a los 100 barcos de la Ruta de la Sal para impulsar el turismo La regata parte el 28 de mayo de Barcelona y Denia hacia Sant Antoni y mover\u00e1\u00a0a unas 900 personas, que pasar\u00e1n una media de tres d\u00edas en la localidad Sant Antoni, 28 de abril de [&hellip;]<\/p>\n","protected":false},"author":8,"featured_media":6135,"comment_status":"open","ping_status":"open","sticky":false,"template":"","format":"standard","meta":{"_acf_changed":false,"footnotes":""},"categories":[3],"tags":[],"acf":[],"yoast_head":"<!-- This site is optimized with the Yoast SEO plugin v23.0 - https:\/\/yoast.com\/wordpress\/plugins\/seo\/ -->\n<title>ES NAUTIC DE SANT ANTONI DE PORTMANY PREPARADO PARA ACOGER A LA FLOTA DE LA RUTA DE LA SAL | Regata La Ruta de la Sal<\/title>\n<meta name=\"robots\" content=\"noindex, follow, max-snippet:-1, max-image-preview:large, max-video-preview:-1\" \/>\n<meta property=\"og:locale\" content=\"es_ES\" \/>\n<meta property=\"og:type\" content=\"article\" \/>\n<meta property=\"og:title\" content=\"ES NAUTIC DE SANT ANTONI DE PORTMANY PREPARADO PARA ACOGER A LA FLOTA DE LA RUTA DE LA SAL | Regata La Ruta de la Sal\" \/>\n<meta property=\"og:description\" content=\"El CNSA cede amarres y suministros a los 100 barcos de la Ruta de la Sal para impulsar el turismo La regata parte el 28 de mayo de Barcelona y Denia hacia Sant Antoni y mover\u00e1\u00a0a unas 900 personas, que pasar\u00e1n una media de tres d\u00edas en la localidad Sant Antoni, 28 de abril de [&hellip;]\" \/>\n<meta property=\"og:url\" content=\"https:\/\/labs.100x100.net\/projects\/rutasal\/es-nautic-de-sant-antoni-de-portmany-preparado-para-acoger-a-la-flota-de-la-ruta-de-la-sal\/\" \/>\n<meta property=\"og:site_name\" content=\"Regata La Ruta de la Sal\" \/>\n<meta property=\"article:publisher\" content=\"https:\/\/www.facebook.com\/rutadelasal\/\" \/>\n<meta property=\"article:published_time\" content=\"2021-04-28T14:07:13+00:00\" \/>\n<meta property=\"article:modified_time\" content=\"2021-04-28T17:17:29+00:00\" \/>\n<meta property=\"og:image\" content=\"https:\/\/labs.100x100.net\/projects\/rutasal\/custom\/uploads\/2021\/04\/CNSA_2.jpeg\" \/>\n\t<meta property=\"og:image:width\" content=\"608\" \/>\n\t<meta property=\"og:image:height\" content=\"367\" \/>\n\t<meta property=\"og:image:type\" content=\"image\/jpeg\" \/>\n<meta name=\"author\" content=\"Enregata\" \/>\n<meta name=\"twitter:card\" content=\"summary_large_image\" \/>\n<meta name=\"twitter:creator\" content=\"@AnamMedi\" \/>\n<meta name=\"twitter:site\" content=\"@AnamMedi\" \/>\n<meta name=\"twitter:label1\" content=\"Escrito por\" \/>\n\t<meta name=\"twitter:data1\" content=\"Enregata\" \/>\n\t<meta name=\"twitter:label2\" content=\"Tiempo de lectura\" \/>\n\t<meta name=\"twitter:data2\" content=\"2 minutos\" \/>\n<script type=\"application\/ld+json\" class=\"yoast-schema-graph\">{\"@context\":\"https:\/\/schema.org\",\"@graph\":[{\"@type\":\"WebPage\",\"@id\":\"https:\/\/labs.100x100.net\/projects\/rutasal\/es-nautic-de-sant-antoni-de-portmany-preparado-para-acoger-a-la-flota-de-la-ruta-de-la-sal\/\",\"url\":\"https:\/\/labs.100x100.net\/projects\/rutasal\/es-nautic-de-sant-antoni-de-portmany-preparado-para-acoger-a-la-flota-de-la-ruta-de-la-sal\/\",\"name\":\"ES NAUTIC DE SANT ANTONI DE PORTMANY PREPARADO PARA ACOGER A LA FLOTA DE LA RUTA DE LA SAL | Regata La Ruta de la Sal\",\"isPartOf\":{\"@id\":\"https:\/\/labs.100x100.net\/projects\/rutasal\/#website\"},\"primaryImageOfPage\":{\"@id\":\"https:\/\/labs.100x100.net\/projects\/rutasal\/es-nautic-de-sant-antoni-de-portmany-preparado-para-acoger-a-la-flota-de-la-ruta-de-la-sal\/#primaryimage\"},\"image\":{\"@id\":\"https:\/\/labs.100x100.net\/projects\/rutasal\/es-nautic-de-sant-antoni-de-portmany-preparado-para-acoger-a-la-flota-de-la-ruta-de-la-sal\/#primaryimage\"},\"thumbnailUrl\":\"https:\/\/labs.100x100.net\/projects\/rutasal\/custom\/uploads\/2021\/04\/CNSA_2.jpeg\",\"datePublished\":\"2021-04-28T14:07:13+00:00\",\"dateModified\":\"2021-04-28T17:17:29+00:00\",\"author\":{\"@id\":\"https:\/\/labs.100x100.net\/projects\/rutasal\/#\/schema\/person\/ab0f0359773b0a59d5eb579ec54b37e8\"},\"breadcrumb\":{\"@id\":\"https:\/\/labs.100x100.net\/projects\/rutasal\/es-nautic-de-sant-antoni-de-portmany-preparado-para-acoger-a-la-flota-de-la-ruta-de-la-sal\/#breadcrumb\"},\"inLanguage\":\"es\",\"potentialAction\":[{\"@type\":\"ReadAction\",\"target\":[\"https:\/\/labs.100x100.net\/projects\/rutasal\/es-nautic-de-sant-antoni-de-portmany-preparado-para-acoger-a-la-flota-de-la-ruta-de-la-sal\/\"]}]},{\"@type\":\"ImageObject\",\"inLanguage\":\"es\",\"@id\":\"https:\/\/labs.100x100.net\/projects\/rutasal\/es-nautic-de-sant-antoni-de-portmany-preparado-para-acoger-a-la-flota-de-la-ruta-de-la-sal\/#primaryimage\",\"url\":\"https:\/\/labs.100x100.net\/projects\/rutasal\/custom\/uploads\/2021\/04\/CNSA_2.jpeg\",\"contentUrl\":\"https:\/\/labs.100x100.net\/projects\/rutasal\/custom\/uploads\/2021\/04\/CNSA_2.jpeg\",\"width\":608,\"height\":367},{\"@type\":\"BreadcrumbList\",\"@id\":\"https:\/\/labs.100x100.net\/projects\/rutasal\/es-nautic-de-sant-antoni-de-portmany-preparado-para-acoger-a-la-flota-de-la-ruta-de-la-sal\/#breadcrumb\",\"itemListElement\":[{\"@type\":\"ListItem\",\"position\":1,\"name\":\"Portada\",\"item\":\"https:\/\/labs.100x100.net\/projects\/rutasal\/\"},{\"@type\":\"ListItem\",\"position\":2,\"name\":\"ES NAUTIC DE SANT ANTONI DE PORTMANY PREPARADO PARA ACOGER A LA FLOTA DE LA RUTA DE LA SAL\"}]},{\"@type\":\"WebSite\",\"@id\":\"https:\/\/labs.100x100.net\/projects\/rutasal\/#website\",\"url\":\"https:\/\/labs.100x100.net\/projects\/rutasal\/\",\"name\":\"Regata La Ruta de la Sal\",\"description\":\"Regata La Ruta de la Sal es una regata de Altura Mediterr\u00e1nea para barcos de crucero a vela con destino en Ibiza, que se disputa anualmente en Semana Santa.\",\"potentialAction\":[{\"@type\":\"SearchAction\",\"target\":{\"@type\":\"EntryPoint\",\"urlTemplate\":\"https:\/\/labs.100x100.net\/projects\/rutasal\/?s={search_term_string}\"},\"query-input\":\"required name=search_term_string\"}],\"inLanguage\":\"es\"},{\"@type\":\"Person\",\"@id\":\"https:\/\/labs.100x100.net\/projects\/rutasal\/#\/schema\/person\/ab0f0359773b0a59d5eb579ec54b37e8\",\"name\":\"Enregata\",\"image\":{\"@type\":\"ImageObject\",\"inLanguage\":\"es\",\"@id\":\"https:\/\/labs.100x100.net\/projects\/rutasal\/#\/schema\/person\/image\/\",\"url\":\"https:\/\/secure.gravatar.com\/avatar\/c674f392343d66e95fba904bf4162243?s=96&d=mm&r=g\",\"contentUrl\":\"https:\/\/secure.gravatar.com\/avatar\/c674f392343d66e95fba904bf4162243?s=96&d=mm&r=g\",\"caption\":\"Enregata\"}}]}<\/script>\n<!-- \/ Yoast SEO plugin. -->","yoast_head_json":{"title":"ES NAUTIC DE SANT ANTONI DE PORTMANY PREPARADO PARA ACOGER A LA FLOTA DE LA RUTA DE LA SAL | Regata La Ruta de la Sal","robots":{"index":"noindex","follow":"follow","max-snippet":"max-snippet:-1","max-image-preview":"max-image-preview:large","max-video-preview":"max-video-preview:-1"},"og_locale":"es_ES","og_type":"article","og_title":"ES NAUTIC DE SANT ANTONI DE PORTMANY PREPARADO PARA ACOGER A LA FLOTA DE LA RUTA DE LA SAL | Regata La Ruta de la Sal","og_description":"El CNSA cede amarres y suministros a los 100 barcos de la Ruta de la Sal para impulsar el turismo La regata parte el 28 de mayo de Barcelona y Denia hacia Sant Antoni y mover\u00e1\u00a0a unas 900 personas, que pasar\u00e1n una media de tres d\u00edas en la localidad Sant Antoni, 28 de abril de [&hellip;]","og_url":"https:\/\/labs.100x100.net\/projects\/rutasal\/es-nautic-de-sant-antoni-de-portmany-preparado-para-acoger-a-la-flota-de-la-ruta-de-la-sal\/","og_site_name":"Regata La Ruta de la Sal","article_publisher":"https:\/\/www.facebook.com\/rutadelasal\/","article_published_time":"2021-04-28T14:07:13+00:00","article_modified_time":"2021-04-28T17:17:29+00:00","og_image":[{"width":608,"height":367,"url":"https:\/\/labs.100x100.net\/projects\/rutasal\/custom\/uploads\/2021\/04\/CNSA_2.jpeg","type":"image\/jpeg"}],"author":"Enregata","twitter_card":"summary_large_image","twitter_creator":"@AnamMedi","twitter_site":"@AnamMedi","twitter_misc":{"Escrito por":"Enregata","Tiempo de lectura":"2 minutos"},"schema":{"@context":"https:\/\/schema.org","@graph":[{"@type":"WebPage","@id":"https:\/\/labs.100x100.net\/projects\/rutasal\/es-nautic-de-sant-antoni-de-portmany-preparado-para-acoger-a-la-flota-de-la-ruta-de-la-sal\/","url":"https:\/\/labs.100x100.net\/projects\/rutasal\/es-nautic-de-sant-antoni-de-portmany-preparado-para-acoger-a-la-flota-de-la-ruta-de-la-sal\/","name":"ES NAUTIC DE SANT ANTONI DE PORTMANY PREPARADO PARA ACOGER A LA FLOTA DE LA RUTA DE LA SAL | Regata La Ruta de la Sal","isPartOf":{"@id":"https:\/\/labs.100x100.net\/projects\/rutasal\/#website"},"primaryImageOfPage":{"@id":"https:\/\/labs.100x100.net\/projects\/rutasal\/es-nautic-de-sant-antoni-de-portmany-preparado-para-acoger-a-la-flota-de-la-ruta-de-la-sal\/#primaryimage"},"image":{"@id":"https:\/\/labs.100x100.net\/projects\/rutasal\/es-nautic-de-sant-antoni-de-portmany-preparado-para-acoger-a-la-flota-de-la-ruta-de-la-sal\/#primaryimage"},"thumbnailUrl":"https:\/\/labs.100x100.net\/projects\/rutasal\/custom\/uploads\/2021\/04\/CNSA_2.jpeg","datePublished":"2021-04-28T14:07:13+00:00","dateModified":"2021-04-28T17:17:29+00:00","author":{"@id":"https:\/\/labs.100x100.net\/projects\/rutasal\/#\/schema\/person\/ab0f0359773b0a59d5eb579ec54b37e8"},"breadcrumb":{"@id":"https:\/\/labs.100x100.net\/projects\/rutasal\/es-nautic-de-sant-antoni-de-portmany-preparado-para-acoger-a-la-flota-de-la-ruta-de-la-sal\/#breadcrumb"},"inLanguage":"es","potentialAction":[{"@type":"ReadAction","target":["https:\/\/labs.100x100.net\/projects\/rutasal\/es-nautic-de-sant-antoni-de-portmany-preparado-para-acoger-a-la-flota-de-la-ruta-de-la-sal\/"]}]},{"@type":"ImageObject","inLanguage":"es","@id":"https:\/\/labs.100x100.net\/projects\/rutasal\/es-nautic-de-sant-antoni-de-portmany-preparado-para-acoger-a-la-flota-de-la-ruta-de-la-sal\/#primaryimage","url":"https:\/\/labs.100x100.net\/projects\/rutasal\/custom\/uploads\/2021\/04\/CNSA_2.jpeg","contentUrl":"https:\/\/labs.100x100.net\/projects\/rutasal\/custom\/uploads\/2021\/04\/CNSA_2.jpeg","width":608,"height":367},{"@type":"BreadcrumbList","@id":"https:\/\/labs.100x100.net\/projects\/rutasal\/es-nautic-de-sant-antoni-de-portmany-preparado-para-acoger-a-la-flota-de-la-ruta-de-la-sal\/#breadcrumb","itemListElement":[{"@type":"ListItem","position":1,"name":"Portada","item":"https:\/\/labs.100x100.net\/projects\/rutasal\/"},{"@type":"ListItem","position":2,"name":"ES NAUTIC DE SANT ANTONI DE PORTMANY PREPARADO PARA ACOGER A LA FLOTA DE LA RUTA DE LA SAL"}]},{"@type":"WebSite","@id":"https:\/\/labs.100x100.net\/projects\/rutasal\/#website","url":"https:\/\/labs.100x100.net\/projects\/rutasal\/","name":"Regata La Ruta de la Sal","description":"Regata La Ruta de la Sal es una regata de Altura Mediterr\u00e1nea para barcos de crucero a vela con destino en Ibiza, que se disputa anualmente en Semana Santa.","potentialAction":[{"@type":"SearchAction","target":{"@type":"EntryPoint","urlTemplate":"https:\/\/labs.100x100.net\/projects\/rutasal\/?s={search_term_string}"},"query-input":"required name=search_term_string"}],"inLanguage":"es"},{"@type":"Person","@id":"https:\/\/labs.100x100.net\/projects\/rutasal\/#\/schema\/person\/ab0f0359773b0a59d5eb579ec54b37e8","name":"Enregata","image":{"@type":"ImageObject","inLanguage":"es","@id":"https:\/\/labs.100x100.net\/projects\/rutasal\/#\/schema\/person\/image\/","url":"https:\/\/secure.gravatar.com\/avatar\/c674f392343d66e95fba904bf4162243?s=96&d=mm&r=g","contentUrl":"https:\/\/secure.gravatar.com\/avatar\/c674f392343d66e95fba904bf4162243?s=96&d=mm&r=g","caption":"Enregata"}}]}},"_links":{"self":[{"href":"https:\/\/labs.100x100.net\/projects\/rutasal\/wp-json\/wp\/v2\/posts\/6130"}],"collection":[{"href":"https:\/\/labs.100x100.net\/projects\/rutasal\/wp-json\/wp\/v2\/posts"}],"about":[{"href":"https:\/\/labs.100x100.net\/projects\/rutasal\/wp-json\/wp\/v2\/types\/post"}],"author":[{"embeddable":true,"href":"https:\/\/labs.100x100.net\/projects\/rutasal\/wp-json\/wp\/v2\/users\/8"}],"replies":[{"embeddable":true,"href":"https:\/\/labs.100x100.net\/projects\/rutasal\/wp-json\/wp\/v2\/comments?post=6130"}],"version-history":[{"count":3,"href":"https:\/\/labs.100x100.net\/projects\/rutasal\/wp-json\/wp\/v2\/posts\/6130\/revisions"}],"predecessor-version":[{"id":6140,"href":"https:\/\/labs.100x100.net\/projects\/rutasal\/wp-json\/wp\/v2\/posts\/6130\/revisions\/6140"}],"wp:featuredmedia":[{"embeddable":true,"href":"https:\/\/labs.100x100.net\/projects\/rutasal\/wp-json\/wp\/v2\/media\/6135"}],"wp:attachment":[{"href":"https:\/\/labs.100x100.net\/projects\/rutasal\/wp-json\/wp\/v2\/media?parent=6130"}],"wp:term":[{"taxonomy":"category","embeddable":true,"href":"https:\/\/labs.100x100.net\/projects\/rutasal\/wp-json\/wp\/v2\/categories?post=6130"},{"taxonomy":"post_tag","embeddable":true,"href":"https:\/\/labs.100x100.net\/projects\/rutasal\/wp-json\/wp\/v2\/tags?post=6130"}],"curies":[{"name":"wp","href":"https:\/\/api.w.org\/{rel}","templated":true}]}}