{"id":5946,"date":"2021-01-29T14:35:02","date_gmt":"2021-01-29T12:35:02","guid":{"rendered":"https:\/\/larutadelasal.com\/?p=5946"},"modified":"2021-01-29T14:35:02","modified_gmt":"2021-01-29T12:35:02","slug":"las-inscripciones-continuan-creciendo","status":"publish","type":"post","link":"https:\/\/labs.100x100.net\/projects\/rutasal\/las-inscripciones-continuan-creciendo\/","title":{"rendered":"LAS INSCRIPCIONES CONTIN\u00daAN CRECIENDO"},"content":{"rendered":"<p><img loading=\"lazy\" decoding=\"async\" class=\"aligncenter size-large wp-image-5948\" src=\"http:\/\/larutadelasal.com\/custom\/uploads\/2021\/01\/NdP-inscripciones-1024x688.jpg\" alt=\"Rossina di Mare\" width=\"1024\" height=\"688\" srcset=\"https:\/\/labs.100x100.net\/projects\/rutasal\/custom\/uploads\/2021\/01\/NdP-inscripciones-1024x688.jpg 1024w, https:\/\/labs.100x100.net\/projects\/rutasal\/custom\/uploads\/2021\/01\/NdP-inscripciones-300x202.jpg 300w, https:\/\/labs.100x100.net\/projects\/rutasal\/custom\/uploads\/2021\/01\/NdP-inscripciones-768x516.jpg 768w, https:\/\/labs.100x100.net\/projects\/rutasal\/custom\/uploads\/2021\/01\/NdP-inscripciones.jpg 1269w\" sizes=\"(max-width: 1024px) 100vw, 1024px\" \/>En las comunicaciones con los armadores se percibe una gran ilusi\u00f3n por volver a navegar y competir en esta m\u00edtica prueba, por lo que el ritmo de inscripciones no cesa de crecer. M\u00e1s a\u00fan considerando que el n\u00famero de plazas disponibles es considerablemente menor al habitual en estas fechas, dado que la mayor\u00eda de los inscritos del 2020 decidi\u00f3 mantener su inscripci\u00f3n para la edici\u00f3n del 2021<\/p>\n<p>Entre los inscritos de la Versi\u00f3n<strong> Barcelona<\/strong>, destacan algunos equipos extranjeros de alto nivel competitivo, como el Caliope, J121 del franc\u00e9s Thierry D\u2019Argoubet o el Yellow Rose X-35 del holand\u00e9s Marten Jan Ringers. Asimismo destaca la siempre competitiva flota de embarcaciones Swan: el Fomali, Swan 60 con bandera belga de Alex Staring, La Belle, Swan 56 del holand\u00e9s Frans Van Belle, el Repoman, Swan 44 del belga Eddy Lekens y el Jucunda, Swan 43 del alem\u00e1n Frank Kurth.<\/p>\n<p>En la versi\u00f3n de <strong>Denia<\/strong>, se espera con gran expectativa el estreno en esta regata del nuevo Pelotari Project de Andr\u00e9s Varela, un Vismara Mills 68 cuya lucha por ser el m\u00e1s r\u00e1pido con otro cl\u00e1sico de esta regata, el Plis Play, Swan 80 de Vicente Garc\u00eda, est\u00e1 servida. En cualquier caso, para la clasificaci\u00f3n general, habr\u00e1 que contar con los dos equipos del Club N\u00e1utic Sant Antonio, patroneados por Toni Tur y Jaime Rabelo, siempre en zonas de p\u00f3dium.<\/p>\n<p>Entre los inscritos a la versi\u00f3n <strong>Mallorca<\/strong>, barcos de \u00faltima generaci\u00f3n, como el Tokoama 3, un JNA 42 de Pierre Chartier o el Caveman IV, Knierim 50 de Frans Van Dijk, se ver\u00e1n las caras con embarcaciones con m\u00e1s historia a sus popas, como el Rossina di Mare, Sparkman &amp; Stephens 63 de Jos\u00e9 Singla y Amador Magran\u00e9, buque insignia del Real Club N\u00e1utico de Pollen\u00e7a y cuya foto acompa\u00f1a esta notica.<\/p>\n<p><a href=\"https:\/\/larutadelasal.com\/relacion-de-inscritos\/\">Aqu\u00ed puedes consultar los listados de inscritos a La Ruta de la Sal 2021<\/a>.<\/p>\n<p>&nbsp;<\/p>\n<p>&nbsp;<\/p>\n","protected":false},"excerpt":{"rendered":"<p>En las comunicaciones con los armadores se percibe una gran ilusi\u00f3n por volver a navegar y competir en esta m\u00edtica prueba, por lo que el ritmo de inscripciones no cesa de crecer. M\u00e1s a\u00fan considerando que el n\u00famero de plazas disponibles es considerablemente menor al habitual en estas fechas, dado que la mayor\u00eda de los [&hellip;]<\/p>\n","protected":false},"author":8,"featured_media":5948,"comment_status":"open","ping_status":"open","sticky":false,"template":"","format":"standard","meta":{"_acf_changed":false,"footnotes":""},"categories":[3],"tags":[],"acf":[],"yoast_head":"<!-- This site is optimized with the Yoast SEO plugin v23.0 - https:\/\/yoast.com\/wordpress\/plugins\/seo\/ -->\n<title>LAS INSCRIPCIONES CONTIN\u00daAN CRECIENDO | Regata La Ruta de la Sal<\/title>\n<meta name=\"robots\" content=\"noindex, follow, max-snippet:-1, max-image-preview:large, max-video-preview:-1\" \/>\n<meta property=\"og:locale\" content=\"es_ES\" \/>\n<meta property=\"og:type\" content=\"article\" \/>\n<meta property=\"og:title\" content=\"LAS INSCRIPCIONES CONTIN\u00daAN CRECIENDO | Regata La Ruta de la Sal\" \/>\n<meta property=\"og:description\" content=\"En las comunicaciones con los armadores se percibe una gran ilusi\u00f3n por volver a navegar y competir en esta m\u00edtica prueba, por lo que el ritmo de inscripciones no cesa de crecer. M\u00e1s a\u00fan considerando que el n\u00famero de plazas disponibles es considerablemente menor al habitual en estas fechas, dado que la mayor\u00eda de los [&hellip;]\" \/>\n<meta property=\"og:url\" content=\"https:\/\/labs.100x100.net\/projects\/rutasal\/las-inscripciones-continuan-creciendo\/\" \/>\n<meta property=\"og:site_name\" content=\"Regata La Ruta de la Sal\" \/>\n<meta property=\"article:publisher\" content=\"https:\/\/www.facebook.com\/rutadelasal\/\" \/>\n<meta property=\"article:published_time\" content=\"2021-01-29T12:35:02+00:00\" \/>\n<meta property=\"og:image\" content=\"https:\/\/labs.100x100.net\/projects\/rutasal\/custom\/uploads\/2021\/01\/NdP-inscripciones.jpg\" \/>\n\t<meta property=\"og:image:width\" content=\"1269\" \/>\n\t<meta property=\"og:image:height\" content=\"853\" \/>\n\t<meta property=\"og:image:type\" content=\"image\/jpeg\" \/>\n<meta name=\"author\" content=\"Enregata\" \/>\n<meta name=\"twitter:card\" content=\"summary_large_image\" \/>\n<meta name=\"twitter:creator\" content=\"@AnamMedi\" \/>\n<meta name=\"twitter:site\" content=\"@AnamMedi\" \/>\n<meta name=\"twitter:label1\" content=\"Escrito por\" \/>\n\t<meta name=\"twitter:data1\" content=\"Enregata\" \/>\n\t<meta name=\"twitter:label2\" content=\"Tiempo de lectura\" \/>\n\t<meta name=\"twitter:data2\" content=\"2 minutos\" \/>\n<script type=\"application\/ld+json\" class=\"yoast-schema-graph\">{\"@context\":\"https:\/\/schema.org\",\"@graph\":[{\"@type\":\"WebPage\",\"@id\":\"https:\/\/labs.100x100.net\/projects\/rutasal\/las-inscripciones-continuan-creciendo\/\",\"url\":\"https:\/\/labs.100x100.net\/projects\/rutasal\/las-inscripciones-continuan-creciendo\/\",\"name\":\"LAS INSCRIPCIONES CONTIN\u00daAN CRECIENDO | Regata La Ruta de la Sal\",\"isPartOf\":{\"@id\":\"https:\/\/labs.100x100.net\/projects\/rutasal\/#website\"},\"primaryImageOfPage\":{\"@id\":\"https:\/\/labs.100x100.net\/projects\/rutasal\/las-inscripciones-continuan-creciendo\/#primaryimage\"},\"image\":{\"@id\":\"https:\/\/labs.100x100.net\/projects\/rutasal\/las-inscripciones-continuan-creciendo\/#primaryimage\"},\"thumbnailUrl\":\"https:\/\/labs.100x100.net\/projects\/rutasal\/custom\/uploads\/2021\/01\/NdP-inscripciones.jpg\",\"datePublished\":\"2021-01-29T12:35:02+00:00\",\"dateModified\":\"2021-01-29T12:35:02+00:00\",\"author\":{\"@id\":\"https:\/\/labs.100x100.net\/projects\/rutasal\/#\/schema\/person\/ab0f0359773b0a59d5eb579ec54b37e8\"},\"breadcrumb\":{\"@id\":\"https:\/\/labs.100x100.net\/projects\/rutasal\/las-inscripciones-continuan-creciendo\/#breadcrumb\"},\"inLanguage\":\"es\",\"potentialAction\":[{\"@type\":\"ReadAction\",\"target\":[\"https:\/\/labs.100x100.net\/projects\/rutasal\/las-inscripciones-continuan-creciendo\/\"]}]},{\"@type\":\"ImageObject\",\"inLanguage\":\"es\",\"@id\":\"https:\/\/labs.100x100.net\/projects\/rutasal\/las-inscripciones-continuan-creciendo\/#primaryimage\",\"url\":\"https:\/\/labs.100x100.net\/projects\/rutasal\/custom\/uploads\/2021\/01\/NdP-inscripciones.jpg\",\"contentUrl\":\"https:\/\/labs.100x100.net\/projects\/rutasal\/custom\/uploads\/2021\/01\/NdP-inscripciones.jpg\",\"width\":1269,\"height\":853,\"caption\":\"Rossina di Mare\"},{\"@type\":\"BreadcrumbList\",\"@id\":\"https:\/\/labs.100x100.net\/projects\/rutasal\/las-inscripciones-continuan-creciendo\/#breadcrumb\",\"itemListElement\":[{\"@type\":\"ListItem\",\"position\":1,\"name\":\"Portada\",\"item\":\"https:\/\/labs.100x100.net\/projects\/rutasal\/\"},{\"@type\":\"ListItem\",\"position\":2,\"name\":\"LAS INSCRIPCIONES CONTIN\u00daAN CRECIENDO\"}]},{\"@type\":\"WebSite\",\"@id\":\"https:\/\/labs.100x100.net\/projects\/rutasal\/#website\",\"url\":\"https:\/\/labs.100x100.net\/projects\/rutasal\/\",\"name\":\"Regata La Ruta de la Sal\",\"description\":\"Regata La Ruta de la Sal es una regata de Altura Mediterr\u00e1nea para barcos de crucero a vela con destino en Ibiza, que se disputa anualmente en Semana Santa.\",\"potentialAction\":[{\"@type\":\"SearchAction\",\"target\":{\"@type\":\"EntryPoint\",\"urlTemplate\":\"https:\/\/labs.100x100.net\/projects\/rutasal\/?s={search_term_string}\"},\"query-input\":\"required name=search_term_string\"}],\"inLanguage\":\"es\"},{\"@type\":\"Person\",\"@id\":\"https:\/\/labs.100x100.net\/projects\/rutasal\/#\/schema\/person\/ab0f0359773b0a59d5eb579ec54b37e8\",\"name\":\"Enregata\",\"image\":{\"@type\":\"ImageObject\",\"inLanguage\":\"es\",\"@id\":\"https:\/\/labs.100x100.net\/projects\/rutasal\/#\/schema\/person\/image\/\",\"url\":\"https:\/\/secure.gravatar.com\/avatar\/c674f392343d66e95fba904bf4162243?s=96&d=mm&r=g\",\"contentUrl\":\"https:\/\/secure.gravatar.com\/avatar\/c674f392343d66e95fba904bf4162243?s=96&d=mm&r=g\",\"caption\":\"Enregata\"}}]}<\/script>\n<!-- \/ Yoast SEO plugin. -->","yoast_head_json":{"title":"LAS INSCRIPCIONES CONTIN\u00daAN CRECIENDO | Regata La Ruta de la Sal","robots":{"index":"noindex","follow":"follow","max-snippet":"max-snippet:-1","max-image-preview":"max-image-preview:large","max-video-preview":"max-video-preview:-1"},"og_locale":"es_ES","og_type":"article","og_title":"LAS INSCRIPCIONES CONTIN\u00daAN CRECIENDO | Regata La Ruta de la Sal","og_description":"En las comunicaciones con los armadores se percibe una gran ilusi\u00f3n por volver a navegar y competir en esta m\u00edtica prueba, por lo que el ritmo de inscripciones no cesa de crecer. M\u00e1s a\u00fan considerando que el n\u00famero de plazas disponibles es considerablemente menor al habitual en estas fechas, dado que la mayor\u00eda de los [&hellip;]","og_url":"https:\/\/labs.100x100.net\/projects\/rutasal\/las-inscripciones-continuan-creciendo\/","og_site_name":"Regata La Ruta de la Sal","article_publisher":"https:\/\/www.facebook.com\/rutadelasal\/","article_published_time":"2021-01-29T12:35:02+00:00","og_image":[{"width":1269,"height":853,"url":"https:\/\/labs.100x100.net\/projects\/rutasal\/custom\/uploads\/2021\/01\/NdP-inscripciones.jpg","type":"image\/jpeg"}],"author":"Enregata","twitter_card":"summary_large_image","twitter_creator":"@AnamMedi","twitter_site":"@AnamMedi","twitter_misc":{"Escrito por":"Enregata","Tiempo de lectura":"2 minutos"},"schema":{"@context":"https:\/\/schema.org","@graph":[{"@type":"WebPage","@id":"https:\/\/labs.100x100.net\/projects\/rutasal\/las-inscripciones-continuan-creciendo\/","url":"https:\/\/labs.100x100.net\/projects\/rutasal\/las-inscripciones-continuan-creciendo\/","name":"LAS INSCRIPCIONES CONTIN\u00daAN CRECIENDO | Regata La Ruta de la Sal","isPartOf":{"@id":"https:\/\/labs.100x100.net\/projects\/rutasal\/#website"},"primaryImageOfPage":{"@id":"https:\/\/labs.100x100.net\/projects\/rutasal\/las-inscripciones-continuan-creciendo\/#primaryimage"},"image":{"@id":"https:\/\/labs.100x100.net\/projects\/rutasal\/las-inscripciones-continuan-creciendo\/#primaryimage"},"thumbnailUrl":"https:\/\/labs.100x100.net\/projects\/rutasal\/custom\/uploads\/2021\/01\/NdP-inscripciones.jpg","datePublished":"2021-01-29T12:35:02+00:00","dateModified":"2021-01-29T12:35:02+00:00","author":{"@id":"https:\/\/labs.100x100.net\/projects\/rutasal\/#\/schema\/person\/ab0f0359773b0a59d5eb579ec54b37e8"},"breadcrumb":{"@id":"https:\/\/labs.100x100.net\/projects\/rutasal\/las-inscripciones-continuan-creciendo\/#breadcrumb"},"inLanguage":"es","potentialAction":[{"@type":"ReadAction","target":["https:\/\/labs.100x100.net\/projects\/rutasal\/las-inscripciones-continuan-creciendo\/"]}]},{"@type":"ImageObject","inLanguage":"es","@id":"https:\/\/labs.100x100.net\/projects\/rutasal\/las-inscripciones-continuan-creciendo\/#primaryimage","url":"https:\/\/labs.100x100.net\/projects\/rutasal\/custom\/uploads\/2021\/01\/NdP-inscripciones.jpg","contentUrl":"https:\/\/labs.100x100.net\/projects\/rutasal\/custom\/uploads\/2021\/01\/NdP-inscripciones.jpg","width":1269,"height":853,"caption":"Rossina di Mare"},{"@type":"BreadcrumbList","@id":"https:\/\/labs.100x100.net\/projects\/rutasal\/las-inscripciones-continuan-creciendo\/#breadcrumb","itemListElement":[{"@type":"ListItem","position":1,"name":"Portada","item":"https:\/\/labs.100x100.net\/projects\/rutasal\/"},{"@type":"ListItem","position":2,"name":"LAS INSCRIPCIONES CONTIN\u00daAN CRECIENDO"}]},{"@type":"WebSite","@id":"https:\/\/labs.100x100.net\/projects\/rutasal\/#website","url":"https:\/\/labs.100x100.net\/projects\/rutasal\/","name":"Regata La Ruta de la Sal","description":"Regata La Ruta de la Sal es una regata de Altura Mediterr\u00e1nea para barcos de crucero a vela con destino en Ibiza, que se disputa anualmente en Semana Santa.","potentialAction":[{"@type":"SearchAction","target":{"@type":"EntryPoint","urlTemplate":"https:\/\/labs.100x100.net\/projects\/rutasal\/?s={search_term_string}"},"query-input":"required name=search_term_string"}],"inLanguage":"es"},{"@type":"Person","@id":"https:\/\/labs.100x100.net\/projects\/rutasal\/#\/schema\/person\/ab0f0359773b0a59d5eb579ec54b37e8","name":"Enregata","image":{"@type":"ImageObject","inLanguage":"es","@id":"https:\/\/labs.100x100.net\/projects\/rutasal\/#\/schema\/person\/image\/","url":"https:\/\/secure.gravatar.com\/avatar\/c674f392343d66e95fba904bf4162243?s=96&d=mm&r=g","contentUrl":"https:\/\/secure.gravatar.com\/avatar\/c674f392343d66e95fba904bf4162243?s=96&d=mm&r=g","caption":"Enregata"}}]}},"_links":{"self":[{"href":"https:\/\/labs.100x100.net\/projects\/rutasal\/wp-json\/wp\/v2\/posts\/5946"}],"collection":[{"href":"https:\/\/labs.100x100.net\/projects\/rutasal\/wp-json\/wp\/v2\/posts"}],"about":[{"href":"https:\/\/labs.100x100.net\/projects\/rutasal\/wp-json\/wp\/v2\/types\/post"}],"author":[{"embeddable":true,"href":"https:\/\/labs.100x100.net\/projects\/rutasal\/wp-json\/wp\/v2\/users\/8"}],"replies":[{"embeddable":true,"href":"https:\/\/labs.100x100.net\/projects\/rutasal\/wp-json\/wp\/v2\/comments?post=5946"}],"version-history":[{"count":3,"href":"https:\/\/labs.100x100.net\/projects\/rutasal\/wp-json\/wp\/v2\/posts\/5946\/revisions"}],"predecessor-version":[{"id":5953,"href":"https:\/\/labs.100x100.net\/projects\/rutasal\/wp-json\/wp\/v2\/posts\/5946\/revisions\/5953"}],"wp:featuredmedia":[{"embeddable":true,"href":"https:\/\/labs.100x100.net\/projects\/rutasal\/wp-json\/wp\/v2\/media\/5948"}],"wp:attachment":[{"href":"https:\/\/labs.100x100.net\/projects\/rutasal\/wp-json\/wp\/v2\/media?parent=5946"}],"wp:term":[{"taxonomy":"category","embeddable":true,"href":"https:\/\/labs.100x100.net\/projects\/rutasal\/wp-json\/wp\/v2\/categories?post=5946"},{"taxonomy":"post_tag","embeddable":true,"href":"https:\/\/labs.100x100.net\/projects\/rutasal\/wp-json\/wp\/v2\/tags?post=5946"}],"curies":[{"name":"wp","href":"https:\/\/api.w.org\/{rel}","templated":true}]}}