{"id":5918,"date":"2020-12-23T17:36:03","date_gmt":"2020-12-23T15:36:03","guid":{"rendered":"https:\/\/larutadelasal.com\/?p=5918"},"modified":"2020-12-23T17:36:03","modified_gmt":"2020-12-23T15:36:03","slug":"buenos-vientos-para-el-2021","status":"publish","type":"post","link":"https:\/\/labs.100x100.net\/projects\/rutasal\/buenos-vientos-para-el-2021\/","title":{"rendered":"BUENOS VIENTOS PARA EL 2021"},"content":{"rendered":"<p><img loading=\"lazy\" decoding=\"async\" class=\"aligncenter size-full wp-image-5919\" src=\"http:\/\/larutadelasal.com\/custom\/uploads\/2020\/12\/NAVIDAD-2020_15_tr.png\" alt=\"\" width=\"473\" height=\"567\" srcset=\"https:\/\/labs.100x100.net\/projects\/rutasal\/custom\/uploads\/2020\/12\/NAVIDAD-2020_15_tr.png 473w, https:\/\/labs.100x100.net\/projects\/rutasal\/custom\/uploads\/2020\/12\/NAVIDAD-2020_15_tr-250x300.png 250w\" sizes=\"(max-width: 473px) 100vw, 473px\" \/><\/p>\n<p>Nuestros mejores deseos para toda la gran familia de La Ruta de la Sal en ese nuevo a\u00f1o que est\u00e1 a punto de empezar.<\/p>\n<p style=\"font-weight: 400;\">Lo cierto es que el 2020 ha sido, por decirlo suavemente, complejo, pero miramos el futuro con optimismo. Queremos agradecer especialmente la confianza y fidelidad de las tripulaciones, entidades y empresas colaboradoras que, en este contexto complicado, han mantenido su apoyo a nuestra emblem\u00e1tica prueba. Como regatistas, somos conscientes de las ansias que tiene la flota de soltar amarras y disfrutar de la navegaci\u00f3n en mar abierto. Por ello estamos trabajando ya en la nueva temporada de regatas de altura, en base a este calendario:<\/p>\n<p style=\"font-weight: 400;\">&#8211; La Ruta de la Sal \u2013 1-4 de abril 2021<\/p>\n<p style=\"font-weight: 400;\">&#8211; Regata Bah\u00eda de Pollen\u00e7a \u2013 21-23 de mayo\u00a0 2021<\/p>\n<p style=\"font-weight: 400;\">&#8211; Regata Sitges-Ciudadela \u2013 12-13 de junio\u00a0 2021<\/p>\n<p style=\"font-weight: 400;\">&#8211; Ruta de la Tramuntana \u2013 9-11 de julio\u00a0 2021<\/p>\n<p style=\"font-weight: 400;\">&#8211; Golden Cup Barcelona \u2013 29-31 de octubre\u00a0 2021<\/p>\n<p style=\"font-weight: 400;\">Como ves, la Ruta de la Sal abre nuestro programa, y dado que la mayor\u00eda de los inscritos del 2020 decidi\u00f3 mantener su inscripci\u00f3n para la edici\u00f3n del 2021, el n\u00famero de plazas disponibles para esta pr\u00f3xima edici\u00f3n es considerablemente menor al habitual.\u00a0 Por ello, te aconsejamos que, si no tienes plaza reservada, realices tu inscripci\u00f3n lo antes posible.\u00a0 Aqu\u00ed tienes el enlace al formulario de preinscripci\u00f3n: <a href=\"http:\/\/larutadelasal.com\/hoja-de-inscripcion\" data-saferedirecturl=\"https:\/\/www.google.com\/url?q=http:\/\/larutadelasal.com\/hoja-de-inscripcion&amp;source=gmail&amp;ust=1608821425683000&amp;usg=AFQjCNGtcWhSgpI2sRVdwQUij5NW9y5Bbg\">larutadelasal.com\/hoja-de-inscripcion<\/a><\/p>\n<p>Esperando veros pr\u00f3ximamente en Ibiza, os enviamos nuestros mejores deseos para el 2021 y un caluroso abrazo.<\/p>\n<p>&nbsp;<\/p>\n<p>El equipo de Club N\u00e1utico Skipper y Difusi\u00f3n N\u00e1utica<\/p>\n<p>&nbsp;<\/p>\n","protected":false},"excerpt":{"rendered":"<p>Nuestros mejores deseos para toda la gran familia de La Ruta de la Sal en ese nuevo a\u00f1o que est\u00e1 a punto de empezar. Lo cierto es que el 2020 ha sido, por decirlo suavemente, complejo, pero miramos el futuro con optimismo. Queremos agradecer especialmente la confianza y fidelidad de las tripulaciones, entidades y empresas [&hellip;]<\/p>\n","protected":false},"author":8,"featured_media":5919,"comment_status":"open","ping_status":"open","sticky":false,"template":"","format":"standard","meta":{"_acf_changed":false,"footnotes":""},"categories":[3],"tags":[],"acf":[],"yoast_head":"<!-- This site is optimized with the Yoast SEO plugin v23.0 - https:\/\/yoast.com\/wordpress\/plugins\/seo\/ -->\n<title>BUENOS VIENTOS PARA EL 2021 | Regata La Ruta de la Sal<\/title>\n<meta name=\"robots\" content=\"noindex, follow, max-snippet:-1, max-image-preview:large, max-video-preview:-1\" \/>\n<meta property=\"og:locale\" content=\"es_ES\" \/>\n<meta property=\"og:type\" content=\"article\" \/>\n<meta property=\"og:title\" content=\"BUENOS VIENTOS PARA EL 2021 | Regata La Ruta de la Sal\" \/>\n<meta property=\"og:description\" content=\"Nuestros mejores deseos para toda la gran familia de La Ruta de la Sal en ese nuevo a\u00f1o que est\u00e1 a punto de empezar. Lo cierto es que el 2020 ha sido, por decirlo suavemente, complejo, pero miramos el futuro con optimismo. Queremos agradecer especialmente la confianza y fidelidad de las tripulaciones, entidades y empresas [&hellip;]\" \/>\n<meta property=\"og:url\" content=\"https:\/\/labs.100x100.net\/projects\/rutasal\/buenos-vientos-para-el-2021\/\" \/>\n<meta property=\"og:site_name\" content=\"Regata La Ruta de la Sal\" \/>\n<meta property=\"article:publisher\" content=\"https:\/\/www.facebook.com\/rutadelasal\/\" \/>\n<meta property=\"article:published_time\" content=\"2020-12-23T15:36:03+00:00\" \/>\n<meta property=\"og:image\" content=\"https:\/\/labs.100x100.net\/projects\/rutasal\/custom\/uploads\/2020\/12\/NAVIDAD-2020_15_tr.png\" \/>\n\t<meta property=\"og:image:width\" content=\"473\" \/>\n\t<meta property=\"og:image:height\" content=\"567\" \/>\n\t<meta property=\"og:image:type\" content=\"image\/png\" \/>\n<meta name=\"author\" content=\"Enregata\" \/>\n<meta name=\"twitter:card\" content=\"summary_large_image\" \/>\n<meta name=\"twitter:creator\" content=\"@AnamMedi\" \/>\n<meta name=\"twitter:site\" content=\"@AnamMedi\" \/>\n<meta name=\"twitter:label1\" content=\"Escrito por\" \/>\n\t<meta name=\"twitter:data1\" content=\"Enregata\" \/>\n\t<meta name=\"twitter:label2\" content=\"Tiempo de lectura\" \/>\n\t<meta name=\"twitter:data2\" content=\"1 minuto\" \/>\n<script type=\"application\/ld+json\" class=\"yoast-schema-graph\">{\"@context\":\"https:\/\/schema.org\",\"@graph\":[{\"@type\":\"WebPage\",\"@id\":\"https:\/\/labs.100x100.net\/projects\/rutasal\/buenos-vientos-para-el-2021\/\",\"url\":\"https:\/\/labs.100x100.net\/projects\/rutasal\/buenos-vientos-para-el-2021\/\",\"name\":\"BUENOS VIENTOS PARA EL 2021 | Regata La Ruta de la Sal\",\"isPartOf\":{\"@id\":\"https:\/\/labs.100x100.net\/projects\/rutasal\/#website\"},\"primaryImageOfPage\":{\"@id\":\"https:\/\/labs.100x100.net\/projects\/rutasal\/buenos-vientos-para-el-2021\/#primaryimage\"},\"image\":{\"@id\":\"https:\/\/labs.100x100.net\/projects\/rutasal\/buenos-vientos-para-el-2021\/#primaryimage\"},\"thumbnailUrl\":\"https:\/\/labs.100x100.net\/projects\/rutasal\/custom\/uploads\/2020\/12\/NAVIDAD-2020_15_tr.png\",\"datePublished\":\"2020-12-23T15:36:03+00:00\",\"dateModified\":\"2020-12-23T15:36:03+00:00\",\"author\":{\"@id\":\"https:\/\/labs.100x100.net\/projects\/rutasal\/#\/schema\/person\/ab0f0359773b0a59d5eb579ec54b37e8\"},\"breadcrumb\":{\"@id\":\"https:\/\/labs.100x100.net\/projects\/rutasal\/buenos-vientos-para-el-2021\/#breadcrumb\"},\"inLanguage\":\"es\",\"potentialAction\":[{\"@type\":\"ReadAction\",\"target\":[\"https:\/\/labs.100x100.net\/projects\/rutasal\/buenos-vientos-para-el-2021\/\"]}]},{\"@type\":\"ImageObject\",\"inLanguage\":\"es\",\"@id\":\"https:\/\/labs.100x100.net\/projects\/rutasal\/buenos-vientos-para-el-2021\/#primaryimage\",\"url\":\"https:\/\/labs.100x100.net\/projects\/rutasal\/custom\/uploads\/2020\/12\/NAVIDAD-2020_15_tr.png\",\"contentUrl\":\"https:\/\/labs.100x100.net\/projects\/rutasal\/custom\/uploads\/2020\/12\/NAVIDAD-2020_15_tr.png\",\"width\":473,\"height\":567},{\"@type\":\"BreadcrumbList\",\"@id\":\"https:\/\/labs.100x100.net\/projects\/rutasal\/buenos-vientos-para-el-2021\/#breadcrumb\",\"itemListElement\":[{\"@type\":\"ListItem\",\"position\":1,\"name\":\"Portada\",\"item\":\"https:\/\/labs.100x100.net\/projects\/rutasal\/\"},{\"@type\":\"ListItem\",\"position\":2,\"name\":\"BUENOS VIENTOS PARA EL 2021\"}]},{\"@type\":\"WebSite\",\"@id\":\"https:\/\/labs.100x100.net\/projects\/rutasal\/#website\",\"url\":\"https:\/\/labs.100x100.net\/projects\/rutasal\/\",\"name\":\"Regata La Ruta de la Sal\",\"description\":\"Regata La Ruta de la Sal es una regata de Altura Mediterr\u00e1nea para barcos de crucero a vela con destino en Ibiza, que se disputa anualmente en Semana Santa.\",\"potentialAction\":[{\"@type\":\"SearchAction\",\"target\":{\"@type\":\"EntryPoint\",\"urlTemplate\":\"https:\/\/labs.100x100.net\/projects\/rutasal\/?s={search_term_string}\"},\"query-input\":\"required name=search_term_string\"}],\"inLanguage\":\"es\"},{\"@type\":\"Person\",\"@id\":\"https:\/\/labs.100x100.net\/projects\/rutasal\/#\/schema\/person\/ab0f0359773b0a59d5eb579ec54b37e8\",\"name\":\"Enregata\",\"image\":{\"@type\":\"ImageObject\",\"inLanguage\":\"es\",\"@id\":\"https:\/\/labs.100x100.net\/projects\/rutasal\/#\/schema\/person\/image\/\",\"url\":\"https:\/\/secure.gravatar.com\/avatar\/c674f392343d66e95fba904bf4162243?s=96&d=mm&r=g\",\"contentUrl\":\"https:\/\/secure.gravatar.com\/avatar\/c674f392343d66e95fba904bf4162243?s=96&d=mm&r=g\",\"caption\":\"Enregata\"}}]}<\/script>\n<!-- \/ Yoast SEO plugin. -->","yoast_head_json":{"title":"BUENOS VIENTOS PARA EL 2021 | Regata La Ruta de la Sal","robots":{"index":"noindex","follow":"follow","max-snippet":"max-snippet:-1","max-image-preview":"max-image-preview:large","max-video-preview":"max-video-preview:-1"},"og_locale":"es_ES","og_type":"article","og_title":"BUENOS VIENTOS PARA EL 2021 | Regata La Ruta de la Sal","og_description":"Nuestros mejores deseos para toda la gran familia de La Ruta de la Sal en ese nuevo a\u00f1o que est\u00e1 a punto de empezar. Lo cierto es que el 2020 ha sido, por decirlo suavemente, complejo, pero miramos el futuro con optimismo. Queremos agradecer especialmente la confianza y fidelidad de las tripulaciones, entidades y empresas [&hellip;]","og_url":"https:\/\/labs.100x100.net\/projects\/rutasal\/buenos-vientos-para-el-2021\/","og_site_name":"Regata La Ruta de la Sal","article_publisher":"https:\/\/www.facebook.com\/rutadelasal\/","article_published_time":"2020-12-23T15:36:03+00:00","og_image":[{"width":473,"height":567,"url":"https:\/\/labs.100x100.net\/projects\/rutasal\/custom\/uploads\/2020\/12\/NAVIDAD-2020_15_tr.png","type":"image\/png"}],"author":"Enregata","twitter_card":"summary_large_image","twitter_creator":"@AnamMedi","twitter_site":"@AnamMedi","twitter_misc":{"Escrito por":"Enregata","Tiempo de lectura":"1 minuto"},"schema":{"@context":"https:\/\/schema.org","@graph":[{"@type":"WebPage","@id":"https:\/\/labs.100x100.net\/projects\/rutasal\/buenos-vientos-para-el-2021\/","url":"https:\/\/labs.100x100.net\/projects\/rutasal\/buenos-vientos-para-el-2021\/","name":"BUENOS VIENTOS PARA EL 2021 | Regata La Ruta de la Sal","isPartOf":{"@id":"https:\/\/labs.100x100.net\/projects\/rutasal\/#website"},"primaryImageOfPage":{"@id":"https:\/\/labs.100x100.net\/projects\/rutasal\/buenos-vientos-para-el-2021\/#primaryimage"},"image":{"@id":"https:\/\/labs.100x100.net\/projects\/rutasal\/buenos-vientos-para-el-2021\/#primaryimage"},"thumbnailUrl":"https:\/\/labs.100x100.net\/projects\/rutasal\/custom\/uploads\/2020\/12\/NAVIDAD-2020_15_tr.png","datePublished":"2020-12-23T15:36:03+00:00","dateModified":"2020-12-23T15:36:03+00:00","author":{"@id":"https:\/\/labs.100x100.net\/projects\/rutasal\/#\/schema\/person\/ab0f0359773b0a59d5eb579ec54b37e8"},"breadcrumb":{"@id":"https:\/\/labs.100x100.net\/projects\/rutasal\/buenos-vientos-para-el-2021\/#breadcrumb"},"inLanguage":"es","potentialAction":[{"@type":"ReadAction","target":["https:\/\/labs.100x100.net\/projects\/rutasal\/buenos-vientos-para-el-2021\/"]}]},{"@type":"ImageObject","inLanguage":"es","@id":"https:\/\/labs.100x100.net\/projects\/rutasal\/buenos-vientos-para-el-2021\/#primaryimage","url":"https:\/\/labs.100x100.net\/projects\/rutasal\/custom\/uploads\/2020\/12\/NAVIDAD-2020_15_tr.png","contentUrl":"https:\/\/labs.100x100.net\/projects\/rutasal\/custom\/uploads\/2020\/12\/NAVIDAD-2020_15_tr.png","width":473,"height":567},{"@type":"BreadcrumbList","@id":"https:\/\/labs.100x100.net\/projects\/rutasal\/buenos-vientos-para-el-2021\/#breadcrumb","itemListElement":[{"@type":"ListItem","position":1,"name":"Portada","item":"https:\/\/labs.100x100.net\/projects\/rutasal\/"},{"@type":"ListItem","position":2,"name":"BUENOS VIENTOS PARA EL 2021"}]},{"@type":"WebSite","@id":"https:\/\/labs.100x100.net\/projects\/rutasal\/#website","url":"https:\/\/labs.100x100.net\/projects\/rutasal\/","name":"Regata La Ruta de la Sal","description":"Regata La Ruta de la Sal es una regata de Altura Mediterr\u00e1nea para barcos de crucero a vela con destino en Ibiza, que se disputa anualmente en Semana Santa.","potentialAction":[{"@type":"SearchAction","target":{"@type":"EntryPoint","urlTemplate":"https:\/\/labs.100x100.net\/projects\/rutasal\/?s={search_term_string}"},"query-input":"required name=search_term_string"}],"inLanguage":"es"},{"@type":"Person","@id":"https:\/\/labs.100x100.net\/projects\/rutasal\/#\/schema\/person\/ab0f0359773b0a59d5eb579ec54b37e8","name":"Enregata","image":{"@type":"ImageObject","inLanguage":"es","@id":"https:\/\/labs.100x100.net\/projects\/rutasal\/#\/schema\/person\/image\/","url":"https:\/\/secure.gravatar.com\/avatar\/c674f392343d66e95fba904bf4162243?s=96&d=mm&r=g","contentUrl":"https:\/\/secure.gravatar.com\/avatar\/c674f392343d66e95fba904bf4162243?s=96&d=mm&r=g","caption":"Enregata"}}]}},"_links":{"self":[{"href":"https:\/\/labs.100x100.net\/projects\/rutasal\/wp-json\/wp\/v2\/posts\/5918"}],"collection":[{"href":"https:\/\/labs.100x100.net\/projects\/rutasal\/wp-json\/wp\/v2\/posts"}],"about":[{"href":"https:\/\/labs.100x100.net\/projects\/rutasal\/wp-json\/wp\/v2\/types\/post"}],"author":[{"embeddable":true,"href":"https:\/\/labs.100x100.net\/projects\/rutasal\/wp-json\/wp\/v2\/users\/8"}],"replies":[{"embeddable":true,"href":"https:\/\/labs.100x100.net\/projects\/rutasal\/wp-json\/wp\/v2\/comments?post=5918"}],"version-history":[{"count":1,"href":"https:\/\/labs.100x100.net\/projects\/rutasal\/wp-json\/wp\/v2\/posts\/5918\/revisions"}],"predecessor-version":[{"id":5922,"href":"https:\/\/labs.100x100.net\/projects\/rutasal\/wp-json\/wp\/v2\/posts\/5918\/revisions\/5922"}],"wp:featuredmedia":[{"embeddable":true,"href":"https:\/\/labs.100x100.net\/projects\/rutasal\/wp-json\/wp\/v2\/media\/5919"}],"wp:attachment":[{"href":"https:\/\/labs.100x100.net\/projects\/rutasal\/wp-json\/wp\/v2\/media?parent=5918"}],"wp:term":[{"taxonomy":"category","embeddable":true,"href":"https:\/\/labs.100x100.net\/projects\/rutasal\/wp-json\/wp\/v2\/categories?post=5918"},{"taxonomy":"post_tag","embeddable":true,"href":"https:\/\/labs.100x100.net\/projects\/rutasal\/wp-json\/wp\/v2\/tags?post=5918"}],"curies":[{"name":"wp","href":"https:\/\/api.w.org\/{rel}","templated":true}]}}