{"id":5907,"date":"2020-12-23T17:23:22","date_gmt":"2020-12-23T15:23:22","guid":{"rendered":"https:\/\/larutadelasal.com\/?p=5907"},"modified":"2020-12-23T17:23:22","modified_gmt":"2020-12-23T15:23:22","slug":"inscripciones-abiertas-edicion-2021","status":"publish","type":"post","link":"https:\/\/labs.100x100.net\/projects\/rutasal\/inscripciones-abiertas-edicion-2021\/","title":{"rendered":"INSCRIPCIONES ABIERTAS EDICI\u00d3N 2021"},"content":{"rendered":"<p><strong>LA RUTA DE LA SAL EN MARCHA<\/strong><\/p>\n<p><strong>\u2022 Llega el momento de competir nuevamente en esta extraordinaria <\/strong><strong>aventura deportiva.<\/strong><br \/>\n<strong>\u2022 Las inscripciones ya est\u00e1n abiertas.<\/strong><br \/>\n<strong>\u2022 La mayor\u00eda de los inscritos para el 2020 han mantenido su inscripci\u00f3n <\/strong><strong>para el 2021, por lo que a d\u00eda de hoy restan menos de 100 plazas <\/strong><strong>disponibles.<\/strong><\/p>\n<p><img loading=\"lazy\" decoding=\"async\" class=\"aligncenter size-full wp-image-5914\" src=\"http:\/\/larutadelasal.com\/custom\/uploads\/2020\/12\/32751389577_06e3767253_c.jpg\" alt=\"\" width=\"800\" height=\"534\" srcset=\"https:\/\/labs.100x100.net\/projects\/rutasal\/custom\/uploads\/2020\/12\/32751389577_06e3767253_c.jpg 800w, https:\/\/labs.100x100.net\/projects\/rutasal\/custom\/uploads\/2020\/12\/32751389577_06e3767253_c-300x200.jpg 300w, https:\/\/labs.100x100.net\/projects\/rutasal\/custom\/uploads\/2020\/12\/32751389577_06e3767253_c-768x513.jpg 768w\" sizes=\"(max-width: 800px) 100vw, 800px\" \/><\/p>\n<p>La Ruta de la Sal, la regata de altura m\u00e1s emblem\u00e1tica del Mediterr\u00e1neo, iniciar\u00e1 de nuevo, el 1 de abril, la temporada de regatas de este pr\u00f3ximo 2021. El tradicional encuentro de los amantes de la navegaci\u00f3n de altura en semana santa se plantea con sus tres recorridos alternativos, Barcelona, Denia y Mallorca, con un \u00fanico destino: Sant Antoni de Portmany en Ibiza.<\/p>\n<p>Recientemente el Conseller en Baleares de Modelo Econ\u00f3mico, Turismo y Trabajo, Iago Negueruela, y el director de Turespa\u00f1a, Miguel Sanz, declararon su intenci\u00f3n de recuperar la actividad tur\u00edstica de cara al mes de marzo de 2021, por lo que la organizaci\u00f3n conf\u00eda en que la regata pueda celebrarse en las fechas previstas de semana santa: del 1 al 4 de abril.<\/p>\n<p>La pandemia ha servido para evidenciar el car\u00e1cter estrat\u00e9gico del turismo n\u00e1utico. Una actividad al aire libre, lejos de aglomeraciones, asociada indisolublemente a los valores positivos del deporte y la sostenibilidad. Con un impacto medi\u00e1tico valorado en 3 millones de euros, La Ruta de la Sal supone una gran oportunidad para relanzar Ibiza como destino tur\u00edstico seguro y de calidad.<\/p>\n<p>Las inscripciones se abrieron a inicios de diciembre. Dado que tras el aplazamiento obligado de la edici\u00f3n en 2020, la mayor\u00eda de los inscritos decidi\u00f3 mantener su inscripci\u00f3n para la edici\u00f3n del 2021, el n\u00famero de plazas disponibles para esta pr\u00f3xima edici\u00f3n es considerablemente menor al habitual, por lo que la organizaci\u00f3n recomienda a todos los interesados reservar su plaza lo antes posible.<\/p>\n<p>Asimismo, la organizaci\u00f3n quiere agradecer especialmente la confianza y fidelidad de las tripulaciones, entidades y empresas colaboradoras que, en este contexto complicado, han mantenido su apoyo a la prueba de navegaci\u00f3n de altura m\u00e1s emblem\u00e1tica del pa\u00eds.<\/p>\n","protected":false},"excerpt":{"rendered":"<p>LA RUTA DE LA SAL EN MARCHA \u2022 Llega el momento de competir nuevamente en esta extraordinaria aventura deportiva. \u2022 Las inscripciones ya est\u00e1n abiertas. \u2022 La mayor\u00eda de los inscritos para el 2020 han mantenido su inscripci\u00f3n para el 2021, por lo que a d\u00eda de hoy restan menos de 100 plazas disponibles. La [&hellip;]<\/p>\n","protected":false},"author":8,"featured_media":5914,"comment_status":"open","ping_status":"open","sticky":false,"template":"","format":"standard","meta":{"_acf_changed":false,"footnotes":""},"categories":[3],"tags":[],"acf":[],"yoast_head":"<!-- This site is optimized with the Yoast SEO plugin v23.0 - https:\/\/yoast.com\/wordpress\/plugins\/seo\/ -->\n<title>INSCRIPCIONES ABIERTAS EDICI\u00d3N 2021 | Regata La Ruta de la Sal<\/title>\n<meta name=\"robots\" content=\"noindex, follow, max-snippet:-1, max-image-preview:large, max-video-preview:-1\" \/>\n<meta property=\"og:locale\" content=\"es_ES\" \/>\n<meta property=\"og:type\" content=\"article\" \/>\n<meta property=\"og:title\" content=\"INSCRIPCIONES ABIERTAS EDICI\u00d3N 2021 | Regata La Ruta de la Sal\" \/>\n<meta property=\"og:description\" content=\"LA RUTA DE LA SAL EN MARCHA \u2022 Llega el momento de competir nuevamente en esta extraordinaria aventura deportiva. \u2022 Las inscripciones ya est\u00e1n abiertas. \u2022 La mayor\u00eda de los inscritos para el 2020 han mantenido su inscripci\u00f3n para el 2021, por lo que a d\u00eda de hoy restan menos de 100 plazas disponibles. La [&hellip;]\" \/>\n<meta property=\"og:url\" content=\"https:\/\/labs.100x100.net\/projects\/rutasal\/inscripciones-abiertas-edicion-2021\/\" \/>\n<meta property=\"og:site_name\" content=\"Regata La Ruta de la Sal\" \/>\n<meta property=\"article:publisher\" content=\"https:\/\/www.facebook.com\/rutadelasal\/\" \/>\n<meta property=\"article:published_time\" content=\"2020-12-23T15:23:22+00:00\" \/>\n<meta property=\"og:image\" content=\"https:\/\/labs.100x100.net\/projects\/rutasal\/custom\/uploads\/2020\/12\/32751389577_06e3767253_c.jpg\" \/>\n\t<meta property=\"og:image:width\" content=\"800\" \/>\n\t<meta property=\"og:image:height\" content=\"534\" \/>\n\t<meta property=\"og:image:type\" content=\"image\/jpeg\" \/>\n<meta name=\"author\" content=\"Enregata\" \/>\n<meta name=\"twitter:card\" content=\"summary_large_image\" \/>\n<meta name=\"twitter:creator\" content=\"@AnamMedi\" \/>\n<meta name=\"twitter:site\" content=\"@AnamMedi\" \/>\n<meta name=\"twitter:label1\" content=\"Escrito por\" \/>\n\t<meta name=\"twitter:data1\" content=\"Enregata\" \/>\n\t<meta name=\"twitter:label2\" content=\"Tiempo de lectura\" \/>\n\t<meta name=\"twitter:data2\" content=\"2 minutos\" \/>\n<script type=\"application\/ld+json\" class=\"yoast-schema-graph\">{\"@context\":\"https:\/\/schema.org\",\"@graph\":[{\"@type\":\"WebPage\",\"@id\":\"https:\/\/labs.100x100.net\/projects\/rutasal\/inscripciones-abiertas-edicion-2021\/\",\"url\":\"https:\/\/labs.100x100.net\/projects\/rutasal\/inscripciones-abiertas-edicion-2021\/\",\"name\":\"INSCRIPCIONES ABIERTAS EDICI\u00d3N 2021 | Regata La Ruta de la Sal\",\"isPartOf\":{\"@id\":\"https:\/\/labs.100x100.net\/projects\/rutasal\/#website\"},\"primaryImageOfPage\":{\"@id\":\"https:\/\/labs.100x100.net\/projects\/rutasal\/inscripciones-abiertas-edicion-2021\/#primaryimage\"},\"image\":{\"@id\":\"https:\/\/labs.100x100.net\/projects\/rutasal\/inscripciones-abiertas-edicion-2021\/#primaryimage\"},\"thumbnailUrl\":\"https:\/\/labs.100x100.net\/projects\/rutasal\/custom\/uploads\/2020\/12\/32751389577_06e3767253_c.jpg\",\"datePublished\":\"2020-12-23T15:23:22+00:00\",\"dateModified\":\"2020-12-23T15:23:22+00:00\",\"author\":{\"@id\":\"https:\/\/labs.100x100.net\/projects\/rutasal\/#\/schema\/person\/ab0f0359773b0a59d5eb579ec54b37e8\"},\"breadcrumb\":{\"@id\":\"https:\/\/labs.100x100.net\/projects\/rutasal\/inscripciones-abiertas-edicion-2021\/#breadcrumb\"},\"inLanguage\":\"es\",\"potentialAction\":[{\"@type\":\"ReadAction\",\"target\":[\"https:\/\/labs.100x100.net\/projects\/rutasal\/inscripciones-abiertas-edicion-2021\/\"]}]},{\"@type\":\"ImageObject\",\"inLanguage\":\"es\",\"@id\":\"https:\/\/labs.100x100.net\/projects\/rutasal\/inscripciones-abiertas-edicion-2021\/#primaryimage\",\"url\":\"https:\/\/labs.100x100.net\/projects\/rutasal\/custom\/uploads\/2020\/12\/32751389577_06e3767253_c.jpg\",\"contentUrl\":\"https:\/\/labs.100x100.net\/projects\/rutasal\/custom\/uploads\/2020\/12\/32751389577_06e3767253_c.jpg\",\"width\":800,\"height\":534},{\"@type\":\"BreadcrumbList\",\"@id\":\"https:\/\/labs.100x100.net\/projects\/rutasal\/inscripciones-abiertas-edicion-2021\/#breadcrumb\",\"itemListElement\":[{\"@type\":\"ListItem\",\"position\":1,\"name\":\"Portada\",\"item\":\"https:\/\/labs.100x100.net\/projects\/rutasal\/\"},{\"@type\":\"ListItem\",\"position\":2,\"name\":\"INSCRIPCIONES ABIERTAS EDICI\u00d3N 2021\"}]},{\"@type\":\"WebSite\",\"@id\":\"https:\/\/labs.100x100.net\/projects\/rutasal\/#website\",\"url\":\"https:\/\/labs.100x100.net\/projects\/rutasal\/\",\"name\":\"Regata La Ruta de la Sal\",\"description\":\"Regata La Ruta de la Sal es una regata de Altura Mediterr\u00e1nea para barcos de crucero a vela con destino en Ibiza, que se disputa anualmente en Semana Santa.\",\"potentialAction\":[{\"@type\":\"SearchAction\",\"target\":{\"@type\":\"EntryPoint\",\"urlTemplate\":\"https:\/\/labs.100x100.net\/projects\/rutasal\/?s={search_term_string}\"},\"query-input\":\"required name=search_term_string\"}],\"inLanguage\":\"es\"},{\"@type\":\"Person\",\"@id\":\"https:\/\/labs.100x100.net\/projects\/rutasal\/#\/schema\/person\/ab0f0359773b0a59d5eb579ec54b37e8\",\"name\":\"Enregata\",\"image\":{\"@type\":\"ImageObject\",\"inLanguage\":\"es\",\"@id\":\"https:\/\/labs.100x100.net\/projects\/rutasal\/#\/schema\/person\/image\/\",\"url\":\"https:\/\/secure.gravatar.com\/avatar\/c674f392343d66e95fba904bf4162243?s=96&d=mm&r=g\",\"contentUrl\":\"https:\/\/secure.gravatar.com\/avatar\/c674f392343d66e95fba904bf4162243?s=96&d=mm&r=g\",\"caption\":\"Enregata\"}}]}<\/script>\n<!-- \/ Yoast SEO plugin. -->","yoast_head_json":{"title":"INSCRIPCIONES ABIERTAS EDICI\u00d3N 2021 | Regata La Ruta de la Sal","robots":{"index":"noindex","follow":"follow","max-snippet":"max-snippet:-1","max-image-preview":"max-image-preview:large","max-video-preview":"max-video-preview:-1"},"og_locale":"es_ES","og_type":"article","og_title":"INSCRIPCIONES ABIERTAS EDICI\u00d3N 2021 | Regata La Ruta de la Sal","og_description":"LA RUTA DE LA SAL EN MARCHA \u2022 Llega el momento de competir nuevamente en esta extraordinaria aventura deportiva. \u2022 Las inscripciones ya est\u00e1n abiertas. \u2022 La mayor\u00eda de los inscritos para el 2020 han mantenido su inscripci\u00f3n para el 2021, por lo que a d\u00eda de hoy restan menos de 100 plazas disponibles. La [&hellip;]","og_url":"https:\/\/labs.100x100.net\/projects\/rutasal\/inscripciones-abiertas-edicion-2021\/","og_site_name":"Regata La Ruta de la Sal","article_publisher":"https:\/\/www.facebook.com\/rutadelasal\/","article_published_time":"2020-12-23T15:23:22+00:00","og_image":[{"width":800,"height":534,"url":"https:\/\/labs.100x100.net\/projects\/rutasal\/custom\/uploads\/2020\/12\/32751389577_06e3767253_c.jpg","type":"image\/jpeg"}],"author":"Enregata","twitter_card":"summary_large_image","twitter_creator":"@AnamMedi","twitter_site":"@AnamMedi","twitter_misc":{"Escrito por":"Enregata","Tiempo de lectura":"2 minutos"},"schema":{"@context":"https:\/\/schema.org","@graph":[{"@type":"WebPage","@id":"https:\/\/labs.100x100.net\/projects\/rutasal\/inscripciones-abiertas-edicion-2021\/","url":"https:\/\/labs.100x100.net\/projects\/rutasal\/inscripciones-abiertas-edicion-2021\/","name":"INSCRIPCIONES ABIERTAS EDICI\u00d3N 2021 | Regata La Ruta de la Sal","isPartOf":{"@id":"https:\/\/labs.100x100.net\/projects\/rutasal\/#website"},"primaryImageOfPage":{"@id":"https:\/\/labs.100x100.net\/projects\/rutasal\/inscripciones-abiertas-edicion-2021\/#primaryimage"},"image":{"@id":"https:\/\/labs.100x100.net\/projects\/rutasal\/inscripciones-abiertas-edicion-2021\/#primaryimage"},"thumbnailUrl":"https:\/\/labs.100x100.net\/projects\/rutasal\/custom\/uploads\/2020\/12\/32751389577_06e3767253_c.jpg","datePublished":"2020-12-23T15:23:22+00:00","dateModified":"2020-12-23T15:23:22+00:00","author":{"@id":"https:\/\/labs.100x100.net\/projects\/rutasal\/#\/schema\/person\/ab0f0359773b0a59d5eb579ec54b37e8"},"breadcrumb":{"@id":"https:\/\/labs.100x100.net\/projects\/rutasal\/inscripciones-abiertas-edicion-2021\/#breadcrumb"},"inLanguage":"es","potentialAction":[{"@type":"ReadAction","target":["https:\/\/labs.100x100.net\/projects\/rutasal\/inscripciones-abiertas-edicion-2021\/"]}]},{"@type":"ImageObject","inLanguage":"es","@id":"https:\/\/labs.100x100.net\/projects\/rutasal\/inscripciones-abiertas-edicion-2021\/#primaryimage","url":"https:\/\/labs.100x100.net\/projects\/rutasal\/custom\/uploads\/2020\/12\/32751389577_06e3767253_c.jpg","contentUrl":"https:\/\/labs.100x100.net\/projects\/rutasal\/custom\/uploads\/2020\/12\/32751389577_06e3767253_c.jpg","width":800,"height":534},{"@type":"BreadcrumbList","@id":"https:\/\/labs.100x100.net\/projects\/rutasal\/inscripciones-abiertas-edicion-2021\/#breadcrumb","itemListElement":[{"@type":"ListItem","position":1,"name":"Portada","item":"https:\/\/labs.100x100.net\/projects\/rutasal\/"},{"@type":"ListItem","position":2,"name":"INSCRIPCIONES ABIERTAS EDICI\u00d3N 2021"}]},{"@type":"WebSite","@id":"https:\/\/labs.100x100.net\/projects\/rutasal\/#website","url":"https:\/\/labs.100x100.net\/projects\/rutasal\/","name":"Regata La Ruta de la Sal","description":"Regata La Ruta de la Sal es una regata de Altura Mediterr\u00e1nea para barcos de crucero a vela con destino en Ibiza, que se disputa anualmente en Semana Santa.","potentialAction":[{"@type":"SearchAction","target":{"@type":"EntryPoint","urlTemplate":"https:\/\/labs.100x100.net\/projects\/rutasal\/?s={search_term_string}"},"query-input":"required name=search_term_string"}],"inLanguage":"es"},{"@type":"Person","@id":"https:\/\/labs.100x100.net\/projects\/rutasal\/#\/schema\/person\/ab0f0359773b0a59d5eb579ec54b37e8","name":"Enregata","image":{"@type":"ImageObject","inLanguage":"es","@id":"https:\/\/labs.100x100.net\/projects\/rutasal\/#\/schema\/person\/image\/","url":"https:\/\/secure.gravatar.com\/avatar\/c674f392343d66e95fba904bf4162243?s=96&d=mm&r=g","contentUrl":"https:\/\/secure.gravatar.com\/avatar\/c674f392343d66e95fba904bf4162243?s=96&d=mm&r=g","caption":"Enregata"}}]}},"_links":{"self":[{"href":"https:\/\/labs.100x100.net\/projects\/rutasal\/wp-json\/wp\/v2\/posts\/5907"}],"collection":[{"href":"https:\/\/labs.100x100.net\/projects\/rutasal\/wp-json\/wp\/v2\/posts"}],"about":[{"href":"https:\/\/labs.100x100.net\/projects\/rutasal\/wp-json\/wp\/v2\/types\/post"}],"author":[{"embeddable":true,"href":"https:\/\/labs.100x100.net\/projects\/rutasal\/wp-json\/wp\/v2\/users\/8"}],"replies":[{"embeddable":true,"href":"https:\/\/labs.100x100.net\/projects\/rutasal\/wp-json\/wp\/v2\/comments?post=5907"}],"version-history":[{"count":1,"href":"https:\/\/labs.100x100.net\/projects\/rutasal\/wp-json\/wp\/v2\/posts\/5907\/revisions"}],"predecessor-version":[{"id":5917,"href":"https:\/\/labs.100x100.net\/projects\/rutasal\/wp-json\/wp\/v2\/posts\/5907\/revisions\/5917"}],"wp:featuredmedia":[{"embeddable":true,"href":"https:\/\/labs.100x100.net\/projects\/rutasal\/wp-json\/wp\/v2\/media\/5914"}],"wp:attachment":[{"href":"https:\/\/labs.100x100.net\/projects\/rutasal\/wp-json\/wp\/v2\/media?parent=5907"}],"wp:term":[{"taxonomy":"category","embeddable":true,"href":"https:\/\/labs.100x100.net\/projects\/rutasal\/wp-json\/wp\/v2\/categories?post=5907"},{"taxonomy":"post_tag","embeddable":true,"href":"https:\/\/labs.100x100.net\/projects\/rutasal\/wp-json\/wp\/v2\/tags?post=5907"}],"curies":[{"name":"wp","href":"https:\/\/api.w.org\/{rel}","templated":true}]}}