{"id":586,"date":"2011-04-23T12:20:02","date_gmt":"2011-04-23T12:20:02","guid":{"rendered":"https:\/\/larutadelasal.com\/?p=586"},"modified":"2019-03-14T12:26:29","modified_gmt":"2019-03-14T10:26:29","slug":"space-ibiza-de-jose-rosello-tur-ganador-absoluto-de-la-version-este-de-la-ruta-de-la-sal-trofeo-pepe-ferres-2011","status":"publish","type":"post","link":"https:\/\/labs.100x100.net\/projects\/rutasal\/space-ibiza-de-jose-rosello-tur-ganador-absoluto-de-la-version-este-de-la-ruta-de-la-sal-trofeo-pepe-ferres-2011\/","title":{"rendered":"\u201cSpace Ibiza\u201d de Jos\u00e9 Rosell\u00f3 Tur ganador absoluto de la Versi\u00f3n Este de La Ruta de La Sal-Trofeo Pepe Ferres 2011."},"content":{"rendered":"<h1>\u201cDos Much\u201ddel RCN de Palma ganador en tiempo real de la singladura desde Denia.<\/h1>\n<p>Jos\u00e9 Rosell\u00f3 Tur del CN de Sant Antoni de Portmany con su Sun Fast 32 1 \u201cSpace Ibiza\u201d han sido el vencedor absoluto de la Versi\u00f3n Este de la 24 Regata de Altura de La Ruta de la Sal- Trofeo Pepe Ferres, apunt\u00e1ndose un registro de 12 h, 09m, 08s. en cubrir las 52 millas de competici\u00f3n.<\/p>\n<p>En Tiempo Real\u00a0 el m\u00e1s r\u00e1pido, con un registro de 10h, 59m,19s fue el X-Yacht Performance 65 de Jos\u00e9 Fabre, \u201c Dos Much\u201d del RCN de Palma que cruzo la l\u00ednea de llegada, en Cabo Negret, a las 20:04:19 h del Viernes 22 de abril.<\/p>\n<p><a class=\"tt-flickr tt-flickr-Medium\" title=\"DSC_4559AP\" href=\"http:\/\/farm6.static.flickr.com\/5189\/5646180750_913ba2ea73_b.jpg\"><img loading=\"lazy\" decoding=\"async\" class=\"alignnone\" src=\"http:\/\/farm6.static.flickr.com\/5189\/5646180750_913ba2ea73.jpg\" alt=\"DSC_4559AP\" width=\"320\" height=\"229\" \/><\/a> <a class=\"tt-flickr tt-flickr-Medium\" title=\"DSC_4569AP\" href=\"http:\/\/farm6.static.flickr.com\/5069\/5646181238_4e4222969f_b.jpg\"><img loading=\"lazy\" decoding=\"async\" class=\"alignnone\" src=\"http:\/\/farm6.static.flickr.com\/5069\/5646181238_4e4222969f.jpg\" alt=\"DSC_4569AP\" width=\"320\" height=\"229\" \/><\/a><\/p>\n<p>La regata desde Denia fue, finalmente, una traves\u00eda, relativamente r\u00e1pida en la que predominaron los vientos del S \/ SO. Durante las primeras 20 millas de competici\u00f3n, la flota evoluciono con vientos de 6, 7 nudos. Una encalmada a mitad del recorrido agrupo a la totalidad de los participantes que, posteriormente tras la entrada de un SO de 14\/15 nudos llegaron muy juntos hasta Ibiza, estableci\u00e9ndose unos ordenes de llegada muy apretados y, en consecuencia unos resultados en los que, en general, los barcos de mayor eslora han tenido serios problemas para defender sus tratings.<\/p>\n<p>La segunda plaza, en la general absoluta de esta Versi\u00f3n Este de La Sal 2011 fue para el Puma 34 \u201cMagik-Marian\u201d de Jos\u00e9 V G\u00f3mez de RCR de Cartagena con un tiempo real de 12h, 46m , 02s, cerrando el p\u00f3dium el First 345 del RCN de Valencia, \u201cArkitektonika\u201d\u00a0 de Javier P\u00e9rez- Almazan que, para navegar las 52 millas desde Denia necesito 12 h, 46 m, 02 s.<\/p>\n<p>La XXIV regata de altura de La Ruta de la Sal cuenta con la colaboraci\u00f3n del Consell\u00a0 d\u2019Eivissa,\u00a0 la Conselleries\u00a0 de Turisme y de Industria del Govern de les Illes Balears, el Ajuntament de Sant Antoni de Portmany, la Estaci\u00f3 N\u00e1utica de Sant Antoni y Sant Josep, as\u00ed como de los Ayuntamientos de Denia y Sitges<br \/>\nEsta organizada, por ANAM, Associaci\u00f3 de Navegants d\u2019Altura Mediterranis, en estrecha colaboraci\u00f3n con el CM Port Ginesta, RC N\u00e1utico Denia, CN Sant Antoni de Portmany de Ibiza y la RANC, con el soporte de Ports de Balears, Sociedad Estatal de Salvamento y Seguridad Mar\u00edtima, Guardia Civil del Mar y el apoyo de la Federaci\u00f3 Catalana de Vela, Federaci\u00f3n de Vela de la Comunidad Valenciana y la Federaci\u00f3 Balear de Vela<\/p>\n","protected":false},"excerpt":{"rendered":"<p>\u201cDos Much\u201ddel RCN de Palma ganador en tiempo real de la singladura desde Denia.<br \/>\nJos\u00e9 Rosell\u00f3 Tur del CN de Sant Antoni de Portmany con su Sun Fast 32 1 \u201cSpace Ibiza\u201d han sido el vencedor absoluto de la Versi\u00f3n Este de la 24 Regata de Altura de La Ruta de la Sal- Trofeo Pepe Ferres, apunt\u00e1ndose un registro de 12 h, 09m, 08s. en cubrir las 52 millas de competici\u00f3n.<\/p>\n","protected":false},"author":1,"featured_media":3910,"comment_status":"open","ping_status":"open","sticky":false,"template":"","format":"standard","meta":{"_acf_changed":false,"footnotes":""},"categories":[3],"tags":[],"acf":[],"yoast_head":"<!-- This site is optimized with the Yoast SEO plugin v23.0 - https:\/\/yoast.com\/wordpress\/plugins\/seo\/ -->\n<title>\u201cSpace Ibiza\u201d de Jos\u00e9 Rosell\u00f3 Tur ganador absoluto de la Versi\u00f3n Este de La Ruta de La Sal-Trofeo Pepe Ferres 2011. | Regata La Ruta de la Sal<\/title>\n<meta name=\"robots\" content=\"noindex, follow, max-snippet:-1, max-image-preview:large, max-video-preview:-1\" \/>\n<meta property=\"og:locale\" content=\"es_ES\" \/>\n<meta property=\"og:type\" content=\"article\" \/>\n<meta property=\"og:title\" content=\"\u201cSpace Ibiza\u201d de Jos\u00e9 Rosell\u00f3 Tur ganador absoluto de la Versi\u00f3n Este de La Ruta de La Sal-Trofeo Pepe Ferres 2011. | Regata La Ruta de la Sal\" \/>\n<meta property=\"og:description\" content=\"\u201cDos Much\u201ddel RCN de Palma ganador en tiempo real de la singladura desde Denia. Jos\u00e9 Rosell\u00f3 Tur del CN de Sant Antoni de Portmany con su Sun Fast 32 1 \u201cSpace Ibiza\u201d han sido el vencedor absoluto de la Versi\u00f3n Este de la 24 Regata de Altura de La Ruta de la Sal- Trofeo Pepe Ferres, apunt\u00e1ndose un registro de 12 h, 09m, 08s. en cubrir las 52 millas de competici\u00f3n.\" \/>\n<meta property=\"og:url\" content=\"https:\/\/labs.100x100.net\/projects\/rutasal\/space-ibiza-de-jose-rosello-tur-ganador-absoluto-de-la-version-este-de-la-ruta-de-la-sal-trofeo-pepe-ferres-2011\/\" \/>\n<meta property=\"og:site_name\" content=\"Regata La Ruta de la Sal\" \/>\n<meta property=\"article:publisher\" content=\"https:\/\/www.facebook.com\/rutadelasal\/\" \/>\n<meta property=\"article:published_time\" content=\"2011-04-23T12:20:02+00:00\" \/>\n<meta property=\"article:modified_time\" content=\"2019-03-14T10:26:29+00:00\" \/>\n<meta property=\"og:image\" content=\"https:\/\/labs.100x100.net\/projects\/rutasal\/custom\/uploads\/2011\/04\/5646180750_913ba2ea73.jpg\" \/>\n\t<meta property=\"og:image:width\" content=\"500\" \/>\n\t<meta property=\"og:image:height\" content=\"325\" \/>\n\t<meta property=\"og:image:type\" content=\"image\/jpeg\" \/>\n<meta name=\"author\" content=\"La Ruta de la Sal\" \/>\n<meta name=\"twitter:card\" content=\"summary_large_image\" \/>\n<meta name=\"twitter:creator\" content=\"@AnamMedi\" \/>\n<meta name=\"twitter:site\" content=\"@AnamMedi\" \/>\n<meta name=\"twitter:label1\" content=\"Escrito por\" \/>\n\t<meta name=\"twitter:data1\" content=\"La Ruta de la Sal\" \/>\n\t<meta name=\"twitter:label2\" content=\"Tiempo de lectura\" \/>\n\t<meta name=\"twitter:data2\" content=\"2 minutos\" \/>\n<script type=\"application\/ld+json\" class=\"yoast-schema-graph\">{\"@context\":\"https:\/\/schema.org\",\"@graph\":[{\"@type\":\"WebPage\",\"@id\":\"https:\/\/labs.100x100.net\/projects\/rutasal\/space-ibiza-de-jose-rosello-tur-ganador-absoluto-de-la-version-este-de-la-ruta-de-la-sal-trofeo-pepe-ferres-2011\/\",\"url\":\"https:\/\/labs.100x100.net\/projects\/rutasal\/space-ibiza-de-jose-rosello-tur-ganador-absoluto-de-la-version-este-de-la-ruta-de-la-sal-trofeo-pepe-ferres-2011\/\",\"name\":\"\u201cSpace Ibiza\u201d de Jos\u00e9 Rosell\u00f3 Tur ganador absoluto de la Versi\u00f3n Este de La Ruta de La Sal-Trofeo Pepe Ferres 2011. | Regata La Ruta de la Sal\",\"isPartOf\":{\"@id\":\"https:\/\/labs.100x100.net\/projects\/rutasal\/#website\"},\"primaryImageOfPage\":{\"@id\":\"https:\/\/labs.100x100.net\/projects\/rutasal\/space-ibiza-de-jose-rosello-tur-ganador-absoluto-de-la-version-este-de-la-ruta-de-la-sal-trofeo-pepe-ferres-2011\/#primaryimage\"},\"image\":{\"@id\":\"https:\/\/labs.100x100.net\/projects\/rutasal\/space-ibiza-de-jose-rosello-tur-ganador-absoluto-de-la-version-este-de-la-ruta-de-la-sal-trofeo-pepe-ferres-2011\/#primaryimage\"},\"thumbnailUrl\":\"https:\/\/labs.100x100.net\/projects\/rutasal\/custom\/uploads\/2011\/04\/5646180750_913ba2ea73.jpg\",\"datePublished\":\"2011-04-23T12:20:02+00:00\",\"dateModified\":\"2019-03-14T10:26:29+00:00\",\"author\":{\"@id\":\"https:\/\/labs.100x100.net\/projects\/rutasal\/#\/schema\/person\/214eeb4a2e78fd8373a0a94f6d93c9ca\"},\"breadcrumb\":{\"@id\":\"https:\/\/labs.100x100.net\/projects\/rutasal\/space-ibiza-de-jose-rosello-tur-ganador-absoluto-de-la-version-este-de-la-ruta-de-la-sal-trofeo-pepe-ferres-2011\/#breadcrumb\"},\"inLanguage\":\"es\",\"potentialAction\":[{\"@type\":\"ReadAction\",\"target\":[\"https:\/\/labs.100x100.net\/projects\/rutasal\/space-ibiza-de-jose-rosello-tur-ganador-absoluto-de-la-version-este-de-la-ruta-de-la-sal-trofeo-pepe-ferres-2011\/\"]}]},{\"@type\":\"ImageObject\",\"inLanguage\":\"es\",\"@id\":\"https:\/\/labs.100x100.net\/projects\/rutasal\/space-ibiza-de-jose-rosello-tur-ganador-absoluto-de-la-version-este-de-la-ruta-de-la-sal-trofeo-pepe-ferres-2011\/#primaryimage\",\"url\":\"https:\/\/labs.100x100.net\/projects\/rutasal\/custom\/uploads\/2011\/04\/5646180750_913ba2ea73.jpg\",\"contentUrl\":\"https:\/\/labs.100x100.net\/projects\/rutasal\/custom\/uploads\/2011\/04\/5646180750_913ba2ea73.jpg\",\"width\":500,\"height\":325},{\"@type\":\"BreadcrumbList\",\"@id\":\"https:\/\/labs.100x100.net\/projects\/rutasal\/space-ibiza-de-jose-rosello-tur-ganador-absoluto-de-la-version-este-de-la-ruta-de-la-sal-trofeo-pepe-ferres-2011\/#breadcrumb\",\"itemListElement\":[{\"@type\":\"ListItem\",\"position\":1,\"name\":\"Portada\",\"item\":\"https:\/\/labs.100x100.net\/projects\/rutasal\/\"},{\"@type\":\"ListItem\",\"position\":2,\"name\":\"\u201cSpace Ibiza\u201d de Jos\u00e9 Rosell\u00f3 Tur ganador absoluto de la Versi\u00f3n Este de La Ruta de La Sal-Trofeo Pepe Ferres 2011.\"}]},{\"@type\":\"WebSite\",\"@id\":\"https:\/\/labs.100x100.net\/projects\/rutasal\/#website\",\"url\":\"https:\/\/labs.100x100.net\/projects\/rutasal\/\",\"name\":\"Regata La Ruta de la Sal\",\"description\":\"Regata La Ruta de la Sal es una regata de Altura Mediterr\u00e1nea para barcos de crucero a vela con destino en Ibiza, que se disputa anualmente en Semana Santa.\",\"potentialAction\":[{\"@type\":\"SearchAction\",\"target\":{\"@type\":\"EntryPoint\",\"urlTemplate\":\"https:\/\/labs.100x100.net\/projects\/rutasal\/?s={search_term_string}\"},\"query-input\":\"required name=search_term_string\"}],\"inLanguage\":\"es\"},{\"@type\":\"Person\",\"@id\":\"https:\/\/labs.100x100.net\/projects\/rutasal\/#\/schema\/person\/214eeb4a2e78fd8373a0a94f6d93c9ca\",\"name\":\"La Ruta de la Sal\",\"image\":{\"@type\":\"ImageObject\",\"inLanguage\":\"es\",\"@id\":\"https:\/\/labs.100x100.net\/projects\/rutasal\/#\/schema\/person\/image\/\",\"url\":\"https:\/\/secure.gravatar.com\/avatar\/b247286d4b801d6b1cfcfb3807587284?s=96&d=mm&r=g\",\"contentUrl\":\"https:\/\/secure.gravatar.com\/avatar\/b247286d4b801d6b1cfcfb3807587284?s=96&d=mm&r=g\",\"caption\":\"La Ruta de la Sal\"}}]}<\/script>\n<!-- \/ Yoast SEO plugin. -->","yoast_head_json":{"title":"\u201cSpace Ibiza\u201d de Jos\u00e9 Rosell\u00f3 Tur ganador absoluto de la Versi\u00f3n Este de La Ruta de La Sal-Trofeo Pepe Ferres 2011. | Regata La Ruta de la Sal","robots":{"index":"noindex","follow":"follow","max-snippet":"max-snippet:-1","max-image-preview":"max-image-preview:large","max-video-preview":"max-video-preview:-1"},"og_locale":"es_ES","og_type":"article","og_title":"\u201cSpace Ibiza\u201d de Jos\u00e9 Rosell\u00f3 Tur ganador absoluto de la Versi\u00f3n Este de La Ruta de La Sal-Trofeo Pepe Ferres 2011. | Regata La Ruta de la Sal","og_description":"\u201cDos Much\u201ddel RCN de Palma ganador en tiempo real de la singladura desde Denia. Jos\u00e9 Rosell\u00f3 Tur del CN de Sant Antoni de Portmany con su Sun Fast 32 1 \u201cSpace Ibiza\u201d han sido el vencedor absoluto de la Versi\u00f3n Este de la 24 Regata de Altura de La Ruta de la Sal- Trofeo Pepe Ferres, apunt\u00e1ndose un registro de 12 h, 09m, 08s. en cubrir las 52 millas de competici\u00f3n.","og_url":"https:\/\/labs.100x100.net\/projects\/rutasal\/space-ibiza-de-jose-rosello-tur-ganador-absoluto-de-la-version-este-de-la-ruta-de-la-sal-trofeo-pepe-ferres-2011\/","og_site_name":"Regata La Ruta de la Sal","article_publisher":"https:\/\/www.facebook.com\/rutadelasal\/","article_published_time":"2011-04-23T12:20:02+00:00","article_modified_time":"2019-03-14T10:26:29+00:00","og_image":[{"width":500,"height":325,"url":"https:\/\/labs.100x100.net\/projects\/rutasal\/custom\/uploads\/2011\/04\/5646180750_913ba2ea73.jpg","type":"image\/jpeg"}],"author":"La Ruta de la Sal","twitter_card":"summary_large_image","twitter_creator":"@AnamMedi","twitter_site":"@AnamMedi","twitter_misc":{"Escrito por":"La Ruta de la Sal","Tiempo de lectura":"2 minutos"},"schema":{"@context":"https:\/\/schema.org","@graph":[{"@type":"WebPage","@id":"https:\/\/labs.100x100.net\/projects\/rutasal\/space-ibiza-de-jose-rosello-tur-ganador-absoluto-de-la-version-este-de-la-ruta-de-la-sal-trofeo-pepe-ferres-2011\/","url":"https:\/\/labs.100x100.net\/projects\/rutasal\/space-ibiza-de-jose-rosello-tur-ganador-absoluto-de-la-version-este-de-la-ruta-de-la-sal-trofeo-pepe-ferres-2011\/","name":"\u201cSpace Ibiza\u201d de Jos\u00e9 Rosell\u00f3 Tur ganador absoluto de la Versi\u00f3n Este de La Ruta de La Sal-Trofeo Pepe Ferres 2011. | Regata La Ruta de la Sal","isPartOf":{"@id":"https:\/\/labs.100x100.net\/projects\/rutasal\/#website"},"primaryImageOfPage":{"@id":"https:\/\/labs.100x100.net\/projects\/rutasal\/space-ibiza-de-jose-rosello-tur-ganador-absoluto-de-la-version-este-de-la-ruta-de-la-sal-trofeo-pepe-ferres-2011\/#primaryimage"},"image":{"@id":"https:\/\/labs.100x100.net\/projects\/rutasal\/space-ibiza-de-jose-rosello-tur-ganador-absoluto-de-la-version-este-de-la-ruta-de-la-sal-trofeo-pepe-ferres-2011\/#primaryimage"},"thumbnailUrl":"https:\/\/labs.100x100.net\/projects\/rutasal\/custom\/uploads\/2011\/04\/5646180750_913ba2ea73.jpg","datePublished":"2011-04-23T12:20:02+00:00","dateModified":"2019-03-14T10:26:29+00:00","author":{"@id":"https:\/\/labs.100x100.net\/projects\/rutasal\/#\/schema\/person\/214eeb4a2e78fd8373a0a94f6d93c9ca"},"breadcrumb":{"@id":"https:\/\/labs.100x100.net\/projects\/rutasal\/space-ibiza-de-jose-rosello-tur-ganador-absoluto-de-la-version-este-de-la-ruta-de-la-sal-trofeo-pepe-ferres-2011\/#breadcrumb"},"inLanguage":"es","potentialAction":[{"@type":"ReadAction","target":["https:\/\/labs.100x100.net\/projects\/rutasal\/space-ibiza-de-jose-rosello-tur-ganador-absoluto-de-la-version-este-de-la-ruta-de-la-sal-trofeo-pepe-ferres-2011\/"]}]},{"@type":"ImageObject","inLanguage":"es","@id":"https:\/\/labs.100x100.net\/projects\/rutasal\/space-ibiza-de-jose-rosello-tur-ganador-absoluto-de-la-version-este-de-la-ruta-de-la-sal-trofeo-pepe-ferres-2011\/#primaryimage","url":"https:\/\/labs.100x100.net\/projects\/rutasal\/custom\/uploads\/2011\/04\/5646180750_913ba2ea73.jpg","contentUrl":"https:\/\/labs.100x100.net\/projects\/rutasal\/custom\/uploads\/2011\/04\/5646180750_913ba2ea73.jpg","width":500,"height":325},{"@type":"BreadcrumbList","@id":"https:\/\/labs.100x100.net\/projects\/rutasal\/space-ibiza-de-jose-rosello-tur-ganador-absoluto-de-la-version-este-de-la-ruta-de-la-sal-trofeo-pepe-ferres-2011\/#breadcrumb","itemListElement":[{"@type":"ListItem","position":1,"name":"Portada","item":"https:\/\/labs.100x100.net\/projects\/rutasal\/"},{"@type":"ListItem","position":2,"name":"\u201cSpace Ibiza\u201d de Jos\u00e9 Rosell\u00f3 Tur ganador absoluto de la Versi\u00f3n Este de La Ruta de La Sal-Trofeo Pepe Ferres 2011."}]},{"@type":"WebSite","@id":"https:\/\/labs.100x100.net\/projects\/rutasal\/#website","url":"https:\/\/labs.100x100.net\/projects\/rutasal\/","name":"Regata La Ruta de la Sal","description":"Regata La Ruta de la Sal es una regata de Altura Mediterr\u00e1nea para barcos de crucero a vela con destino en Ibiza, que se disputa anualmente en Semana Santa.","potentialAction":[{"@type":"SearchAction","target":{"@type":"EntryPoint","urlTemplate":"https:\/\/labs.100x100.net\/projects\/rutasal\/?s={search_term_string}"},"query-input":"required name=search_term_string"}],"inLanguage":"es"},{"@type":"Person","@id":"https:\/\/labs.100x100.net\/projects\/rutasal\/#\/schema\/person\/214eeb4a2e78fd8373a0a94f6d93c9ca","name":"La Ruta de la Sal","image":{"@type":"ImageObject","inLanguage":"es","@id":"https:\/\/labs.100x100.net\/projects\/rutasal\/#\/schema\/person\/image\/","url":"https:\/\/secure.gravatar.com\/avatar\/b247286d4b801d6b1cfcfb3807587284?s=96&d=mm&r=g","contentUrl":"https:\/\/secure.gravatar.com\/avatar\/b247286d4b801d6b1cfcfb3807587284?s=96&d=mm&r=g","caption":"La Ruta de la Sal"}}]}},"_links":{"self":[{"href":"https:\/\/labs.100x100.net\/projects\/rutasal\/wp-json\/wp\/v2\/posts\/586"}],"collection":[{"href":"https:\/\/labs.100x100.net\/projects\/rutasal\/wp-json\/wp\/v2\/posts"}],"about":[{"href":"https:\/\/labs.100x100.net\/projects\/rutasal\/wp-json\/wp\/v2\/types\/post"}],"author":[{"embeddable":true,"href":"https:\/\/labs.100x100.net\/projects\/rutasal\/wp-json\/wp\/v2\/users\/1"}],"replies":[{"embeddable":true,"href":"https:\/\/labs.100x100.net\/projects\/rutasal\/wp-json\/wp\/v2\/comments?post=586"}],"version-history":[{"count":1,"href":"https:\/\/labs.100x100.net\/projects\/rutasal\/wp-json\/wp\/v2\/posts\/586\/revisions"}],"predecessor-version":[{"id":3911,"href":"https:\/\/labs.100x100.net\/projects\/rutasal\/wp-json\/wp\/v2\/posts\/586\/revisions\/3911"}],"wp:featuredmedia":[{"embeddable":true,"href":"https:\/\/labs.100x100.net\/projects\/rutasal\/wp-json\/wp\/v2\/media\/3910"}],"wp:attachment":[{"href":"https:\/\/labs.100x100.net\/projects\/rutasal\/wp-json\/wp\/v2\/media?parent=586"}],"wp:term":[{"taxonomy":"category","embeddable":true,"href":"https:\/\/labs.100x100.net\/projects\/rutasal\/wp-json\/wp\/v2\/categories?post=586"},{"taxonomy":"post_tag","embeddable":true,"href":"https:\/\/labs.100x100.net\/projects\/rutasal\/wp-json\/wp\/v2\/tags?post=586"}],"curies":[{"name":"wp","href":"https:\/\/api.w.org\/{rel}","templated":true}]}}