{"id":576,"date":"2011-04-22T20:41:58","date_gmt":"2011-04-22T20:41:58","guid":{"rendered":"https:\/\/larutadelasal.com\/?p=576"},"modified":"2019-03-14T12:27:05","modified_gmt":"2019-03-14T10:27:05","slug":"acrobat-del-rcn-de-puerto-de-pollensa-vencedor-absoluto-de-la-version-norte-de-la-ruta-de-la-sal-trofeo-pepe-ferres-2011","status":"publish","type":"post","link":"https:\/\/labs.100x100.net\/projects\/rutasal\/acrobat-del-rcn-de-puerto-de-pollensa-vencedor-absoluto-de-la-version-norte-de-la-ruta-de-la-sal-trofeo-pepe-ferres-2011\/","title":{"rendered":"\u201cACROBAT\u201d del RCN de Puerto de Pollensa vencedor absoluto de la Versi\u00f3n Norte de la Ruta de La Sal \u2013 Trofeo Pepe Ferres 2011."},"content":{"rendered":"<h2>\u201cAzuree\u201d del CN DE masnou y el Holandes \u201cJay Walker\u201d de Port Ginesta, se adjudica la segunda y tercera plaza de la general.<\/h2>\n<p><!--more--><\/p>\n<p>Sigma 38 \u201cAcrobat\u201d de Amador Magraner del RCN DEL Puerto de Pollensa, un emblem\u00e1tico dise\u00f1o de 1985 de David Thomas, base de unas de las clases m\u00e1s populares en el Reino Unido, se ha adjudicado la victoria en la general absoluta de la Versi\u00f3n Norte de La Sal 2011. El barco que cruzo la l\u00ednea de llegada a las 02:28:20 h de hoy, viernes 22, invirti\u00f3 en las 140 millas de competici\u00f3n 17h, 28 m y 20 s. Un registro suficiente para imponerse, al Azuree Cruiser 40 del CN del Masnou \u201cAzuree\u201d de Juan Claudio de Rialp que llego a las 00:19:01h, un dise\u00f1o ciertamente interesante del Italiano Giovanni Ceccarelli, dise\u00f1ador de los AC \u201cMascalzone Latino\u201d del 2003 y \u201c+39\u201d del 2007, que apunto un registro en tiempo real\u00a0 de 15h, 19 m y 01s.<\/p>\n<p><a class=\"tt-flickr tt-flickr-Medium\" title=\"DSC_3809\" href=\"http:\/\/farm6.static.flickr.com\/5105\/5639699331_31578f960b_b.jpg\"><img loading=\"lazy\" decoding=\"async\" class=\"alignnone\" src=\"http:\/\/farm6.static.flickr.com\/5105\/5639699331_31578f960b.jpg\" alt=\"DSC_3809\" width=\"657\" height=\"380\" \/><\/a><\/p>\n<p>Cerro el p\u00f3dium el J35 \u201cJay Walker\u201d del Holand\u00e9s Eric Janssen, ganador\u00a0 absoluto de la Sal en el 2008\u00a0 que, esta ocasi\u00f3n con un registro en tiempo real de 16 h, 27 m y 15 s fue el barco de menor eslora del grupo de cabeza.<\/p>\n<p>El Alem\u00e1n \u201cCaro\u201d\u00a0 de Maximilian Klink, ganador en tiempo real de la Versi\u00f3n Norte de La Sal se ha clasificado en la general compensada en el puesto 17, el Ibicenco \u201cAtlant del Vent\u201d de David Tur y Jaime Serra, segundos en tiempo real, en la 23 posici\u00f3n, mientras que el Swam 56 \u201cCLEM\u201d de Jaime Olazabal, tercero en tiempo real, logro, en la general adjudicarse un magnifico cuarto puesto. En una regata en la que la clasificaci\u00f3n general compensada ha sido dominada por barcos de esloras medias \u2013 entre 35 y 46 pies- b\u00e1sicamente porque las condiciones en las que se compiti\u00f3, vientos portantes fuertes y muy estables, permitieron que los barcos m\u00e1s peque\u00f1os pudiesen, sin grandes problemas, mantener velocidades medias alt\u00edsimas evitando que, en esta ocasi\u00f3n, los barcos mas grandes tuviesen tiempo suficiente como para establecer las suficientes ventajas como para que las compensaciones pudiesen equilibrar las diferencias de sus ratings.<\/p>\n<p>La XXIV regata de altura de La Ruta de la Sal cuenta con la colaboraci\u00f3n del Consell\u00a0 d\u2019Eivissa,\u00a0 la Conselleries\u00a0 de Turisme y de Industria del Govern de les Illes Balears, el Ajuntament de Sant Antoni de Portmany, la Estaci\u00f3 N\u00e1utica de Sant Antoni y Sant Josep, as\u00ed como de los Ayuntamientos de Denia y Sitges<br \/>\nEsta organizada, por ANAM, Associaci\u00f3 de Navegants d\u2019Altura Mediterranis, en estrecha colaboraci\u00f3n con el CM Port Ginesta, RC N\u00e1utico Denia, CN Sant Antoni de Portmany de Ibiza y la RANC, con el soporte de Ports de Balears, Sociedad Estatal de Salvamento y Seguridad Mar\u00edtima, Guardia Civil del Mar y el apoyo de la Federaci\u00f3 Catalana de Vela, Federaci\u00f3n de Vela de la Comunidad Valenciana y la Federaci\u00f3 Balear de Vela<\/p>\n","protected":false},"excerpt":{"rendered":"<p>\u201cAzuree\u201d del CN DE masnou y el Holandes \u201cJay Walker\u201d de Port Ginesta, se adjudica la segunda y tercera plaza de la general.<\/p>\n","protected":false},"author":1,"featured_media":3912,"comment_status":"open","ping_status":"open","sticky":false,"template":"","format":"standard","meta":{"_acf_changed":false,"footnotes":""},"categories":[3],"tags":[],"acf":[],"yoast_head":"<!-- This site is optimized with the Yoast SEO plugin v23.0 - https:\/\/yoast.com\/wordpress\/plugins\/seo\/ -->\n<title>\u201cACROBAT\u201d del RCN de Puerto de Pollensa vencedor absoluto de la Versi\u00f3n Norte de la Ruta de La Sal \u2013 Trofeo Pepe Ferres 2011. | Regata La Ruta de la Sal<\/title>\n<meta name=\"robots\" content=\"noindex, follow, max-snippet:-1, max-image-preview:large, max-video-preview:-1\" \/>\n<meta property=\"og:locale\" content=\"es_ES\" \/>\n<meta property=\"og:type\" content=\"article\" \/>\n<meta property=\"og:title\" content=\"\u201cACROBAT\u201d del RCN de Puerto de Pollensa vencedor absoluto de la Versi\u00f3n Norte de la Ruta de La Sal \u2013 Trofeo Pepe Ferres 2011. | Regata La Ruta de la Sal\" \/>\n<meta property=\"og:description\" content=\"\u201cAzuree\u201d del CN DE masnou y el Holandes \u201cJay Walker\u201d de Port Ginesta, se adjudica la segunda y tercera plaza de la general.\" \/>\n<meta property=\"og:url\" content=\"https:\/\/labs.100x100.net\/projects\/rutasal\/acrobat-del-rcn-de-puerto-de-pollensa-vencedor-absoluto-de-la-version-norte-de-la-ruta-de-la-sal-trofeo-pepe-ferres-2011\/\" \/>\n<meta property=\"og:site_name\" content=\"Regata La Ruta de la Sal\" \/>\n<meta property=\"article:publisher\" content=\"https:\/\/www.facebook.com\/rutadelasal\/\" \/>\n<meta property=\"article:published_time\" content=\"2011-04-22T20:41:58+00:00\" \/>\n<meta property=\"article:modified_time\" content=\"2019-03-14T10:27:05+00:00\" \/>\n<meta property=\"og:image\" content=\"https:\/\/labs.100x100.net\/projects\/rutasal\/custom\/uploads\/2011\/04\/5639699331_31578f960b.jpg\" \/>\n\t<meta property=\"og:image:width\" content=\"500\" \/>\n\t<meta property=\"og:image:height\" content=\"350\" \/>\n\t<meta property=\"og:image:type\" content=\"image\/jpeg\" \/>\n<meta name=\"author\" content=\"La Ruta de la Sal\" \/>\n<meta name=\"twitter:card\" content=\"summary_large_image\" \/>\n<meta name=\"twitter:creator\" content=\"@AnamMedi\" \/>\n<meta name=\"twitter:site\" content=\"@AnamMedi\" \/>\n<meta name=\"twitter:label1\" content=\"Escrito por\" \/>\n\t<meta name=\"twitter:data1\" content=\"La Ruta de la Sal\" \/>\n\t<meta name=\"twitter:label2\" content=\"Tiempo de lectura\" \/>\n\t<meta name=\"twitter:data2\" content=\"2 minutos\" \/>\n<script type=\"application\/ld+json\" class=\"yoast-schema-graph\">{\"@context\":\"https:\/\/schema.org\",\"@graph\":[{\"@type\":\"WebPage\",\"@id\":\"https:\/\/labs.100x100.net\/projects\/rutasal\/acrobat-del-rcn-de-puerto-de-pollensa-vencedor-absoluto-de-la-version-norte-de-la-ruta-de-la-sal-trofeo-pepe-ferres-2011\/\",\"url\":\"https:\/\/labs.100x100.net\/projects\/rutasal\/acrobat-del-rcn-de-puerto-de-pollensa-vencedor-absoluto-de-la-version-norte-de-la-ruta-de-la-sal-trofeo-pepe-ferres-2011\/\",\"name\":\"\u201cACROBAT\u201d del RCN de Puerto de Pollensa vencedor absoluto de la Versi\u00f3n Norte de la Ruta de La Sal \u2013 Trofeo Pepe Ferres 2011. | Regata La Ruta de la Sal\",\"isPartOf\":{\"@id\":\"https:\/\/labs.100x100.net\/projects\/rutasal\/#website\"},\"primaryImageOfPage\":{\"@id\":\"https:\/\/labs.100x100.net\/projects\/rutasal\/acrobat-del-rcn-de-puerto-de-pollensa-vencedor-absoluto-de-la-version-norte-de-la-ruta-de-la-sal-trofeo-pepe-ferres-2011\/#primaryimage\"},\"image\":{\"@id\":\"https:\/\/labs.100x100.net\/projects\/rutasal\/acrobat-del-rcn-de-puerto-de-pollensa-vencedor-absoluto-de-la-version-norte-de-la-ruta-de-la-sal-trofeo-pepe-ferres-2011\/#primaryimage\"},\"thumbnailUrl\":\"https:\/\/labs.100x100.net\/projects\/rutasal\/custom\/uploads\/2011\/04\/5639699331_31578f960b.jpg\",\"datePublished\":\"2011-04-22T20:41:58+00:00\",\"dateModified\":\"2019-03-14T10:27:05+00:00\",\"author\":{\"@id\":\"https:\/\/labs.100x100.net\/projects\/rutasal\/#\/schema\/person\/214eeb4a2e78fd8373a0a94f6d93c9ca\"},\"breadcrumb\":{\"@id\":\"https:\/\/labs.100x100.net\/projects\/rutasal\/acrobat-del-rcn-de-puerto-de-pollensa-vencedor-absoluto-de-la-version-norte-de-la-ruta-de-la-sal-trofeo-pepe-ferres-2011\/#breadcrumb\"},\"inLanguage\":\"es\",\"potentialAction\":[{\"@type\":\"ReadAction\",\"target\":[\"https:\/\/labs.100x100.net\/projects\/rutasal\/acrobat-del-rcn-de-puerto-de-pollensa-vencedor-absoluto-de-la-version-norte-de-la-ruta-de-la-sal-trofeo-pepe-ferres-2011\/\"]}]},{\"@type\":\"ImageObject\",\"inLanguage\":\"es\",\"@id\":\"https:\/\/labs.100x100.net\/projects\/rutasal\/acrobat-del-rcn-de-puerto-de-pollensa-vencedor-absoluto-de-la-version-norte-de-la-ruta-de-la-sal-trofeo-pepe-ferres-2011\/#primaryimage\",\"url\":\"https:\/\/labs.100x100.net\/projects\/rutasal\/custom\/uploads\/2011\/04\/5639699331_31578f960b.jpg\",\"contentUrl\":\"https:\/\/labs.100x100.net\/projects\/rutasal\/custom\/uploads\/2011\/04\/5639699331_31578f960b.jpg\",\"width\":500,\"height\":350},{\"@type\":\"BreadcrumbList\",\"@id\":\"https:\/\/labs.100x100.net\/projects\/rutasal\/acrobat-del-rcn-de-puerto-de-pollensa-vencedor-absoluto-de-la-version-norte-de-la-ruta-de-la-sal-trofeo-pepe-ferres-2011\/#breadcrumb\",\"itemListElement\":[{\"@type\":\"ListItem\",\"position\":1,\"name\":\"Portada\",\"item\":\"https:\/\/labs.100x100.net\/projects\/rutasal\/\"},{\"@type\":\"ListItem\",\"position\":2,\"name\":\"\u201cACROBAT\u201d del RCN de Puerto de Pollensa vencedor absoluto de la Versi\u00f3n Norte de la Ruta de La Sal \u2013 Trofeo Pepe Ferres 2011.\"}]},{\"@type\":\"WebSite\",\"@id\":\"https:\/\/labs.100x100.net\/projects\/rutasal\/#website\",\"url\":\"https:\/\/labs.100x100.net\/projects\/rutasal\/\",\"name\":\"Regata La Ruta de la Sal\",\"description\":\"Regata La Ruta de la Sal es una regata de Altura Mediterr\u00e1nea para barcos de crucero a vela con destino en Ibiza, que se disputa anualmente en Semana Santa.\",\"potentialAction\":[{\"@type\":\"SearchAction\",\"target\":{\"@type\":\"EntryPoint\",\"urlTemplate\":\"https:\/\/labs.100x100.net\/projects\/rutasal\/?s={search_term_string}\"},\"query-input\":\"required name=search_term_string\"}],\"inLanguage\":\"es\"},{\"@type\":\"Person\",\"@id\":\"https:\/\/labs.100x100.net\/projects\/rutasal\/#\/schema\/person\/214eeb4a2e78fd8373a0a94f6d93c9ca\",\"name\":\"La Ruta de la Sal\",\"image\":{\"@type\":\"ImageObject\",\"inLanguage\":\"es\",\"@id\":\"https:\/\/labs.100x100.net\/projects\/rutasal\/#\/schema\/person\/image\/\",\"url\":\"https:\/\/secure.gravatar.com\/avatar\/b247286d4b801d6b1cfcfb3807587284?s=96&d=mm&r=g\",\"contentUrl\":\"https:\/\/secure.gravatar.com\/avatar\/b247286d4b801d6b1cfcfb3807587284?s=96&d=mm&r=g\",\"caption\":\"La Ruta de la Sal\"}}]}<\/script>\n<!-- \/ Yoast SEO plugin. -->","yoast_head_json":{"title":"\u201cACROBAT\u201d del RCN de Puerto de Pollensa vencedor absoluto de la Versi\u00f3n Norte de la Ruta de La Sal \u2013 Trofeo Pepe Ferres 2011. | Regata La Ruta de la Sal","robots":{"index":"noindex","follow":"follow","max-snippet":"max-snippet:-1","max-image-preview":"max-image-preview:large","max-video-preview":"max-video-preview:-1"},"og_locale":"es_ES","og_type":"article","og_title":"\u201cACROBAT\u201d del RCN de Puerto de Pollensa vencedor absoluto de la Versi\u00f3n Norte de la Ruta de La Sal \u2013 Trofeo Pepe Ferres 2011. | Regata La Ruta de la Sal","og_description":"\u201cAzuree\u201d del CN DE masnou y el Holandes \u201cJay Walker\u201d de Port Ginesta, se adjudica la segunda y tercera plaza de la general.","og_url":"https:\/\/labs.100x100.net\/projects\/rutasal\/acrobat-del-rcn-de-puerto-de-pollensa-vencedor-absoluto-de-la-version-norte-de-la-ruta-de-la-sal-trofeo-pepe-ferres-2011\/","og_site_name":"Regata La Ruta de la Sal","article_publisher":"https:\/\/www.facebook.com\/rutadelasal\/","article_published_time":"2011-04-22T20:41:58+00:00","article_modified_time":"2019-03-14T10:27:05+00:00","og_image":[{"width":500,"height":350,"url":"https:\/\/labs.100x100.net\/projects\/rutasal\/custom\/uploads\/2011\/04\/5639699331_31578f960b.jpg","type":"image\/jpeg"}],"author":"La Ruta de la Sal","twitter_card":"summary_large_image","twitter_creator":"@AnamMedi","twitter_site":"@AnamMedi","twitter_misc":{"Escrito por":"La Ruta de la Sal","Tiempo de lectura":"2 minutos"},"schema":{"@context":"https:\/\/schema.org","@graph":[{"@type":"WebPage","@id":"https:\/\/labs.100x100.net\/projects\/rutasal\/acrobat-del-rcn-de-puerto-de-pollensa-vencedor-absoluto-de-la-version-norte-de-la-ruta-de-la-sal-trofeo-pepe-ferres-2011\/","url":"https:\/\/labs.100x100.net\/projects\/rutasal\/acrobat-del-rcn-de-puerto-de-pollensa-vencedor-absoluto-de-la-version-norte-de-la-ruta-de-la-sal-trofeo-pepe-ferres-2011\/","name":"\u201cACROBAT\u201d del RCN de Puerto de Pollensa vencedor absoluto de la Versi\u00f3n Norte de la Ruta de La Sal \u2013 Trofeo Pepe Ferres 2011. | Regata La Ruta de la Sal","isPartOf":{"@id":"https:\/\/labs.100x100.net\/projects\/rutasal\/#website"},"primaryImageOfPage":{"@id":"https:\/\/labs.100x100.net\/projects\/rutasal\/acrobat-del-rcn-de-puerto-de-pollensa-vencedor-absoluto-de-la-version-norte-de-la-ruta-de-la-sal-trofeo-pepe-ferres-2011\/#primaryimage"},"image":{"@id":"https:\/\/labs.100x100.net\/projects\/rutasal\/acrobat-del-rcn-de-puerto-de-pollensa-vencedor-absoluto-de-la-version-norte-de-la-ruta-de-la-sal-trofeo-pepe-ferres-2011\/#primaryimage"},"thumbnailUrl":"https:\/\/labs.100x100.net\/projects\/rutasal\/custom\/uploads\/2011\/04\/5639699331_31578f960b.jpg","datePublished":"2011-04-22T20:41:58+00:00","dateModified":"2019-03-14T10:27:05+00:00","author":{"@id":"https:\/\/labs.100x100.net\/projects\/rutasal\/#\/schema\/person\/214eeb4a2e78fd8373a0a94f6d93c9ca"},"breadcrumb":{"@id":"https:\/\/labs.100x100.net\/projects\/rutasal\/acrobat-del-rcn-de-puerto-de-pollensa-vencedor-absoluto-de-la-version-norte-de-la-ruta-de-la-sal-trofeo-pepe-ferres-2011\/#breadcrumb"},"inLanguage":"es","potentialAction":[{"@type":"ReadAction","target":["https:\/\/labs.100x100.net\/projects\/rutasal\/acrobat-del-rcn-de-puerto-de-pollensa-vencedor-absoluto-de-la-version-norte-de-la-ruta-de-la-sal-trofeo-pepe-ferres-2011\/"]}]},{"@type":"ImageObject","inLanguage":"es","@id":"https:\/\/labs.100x100.net\/projects\/rutasal\/acrobat-del-rcn-de-puerto-de-pollensa-vencedor-absoluto-de-la-version-norte-de-la-ruta-de-la-sal-trofeo-pepe-ferres-2011\/#primaryimage","url":"https:\/\/labs.100x100.net\/projects\/rutasal\/custom\/uploads\/2011\/04\/5639699331_31578f960b.jpg","contentUrl":"https:\/\/labs.100x100.net\/projects\/rutasal\/custom\/uploads\/2011\/04\/5639699331_31578f960b.jpg","width":500,"height":350},{"@type":"BreadcrumbList","@id":"https:\/\/labs.100x100.net\/projects\/rutasal\/acrobat-del-rcn-de-puerto-de-pollensa-vencedor-absoluto-de-la-version-norte-de-la-ruta-de-la-sal-trofeo-pepe-ferres-2011\/#breadcrumb","itemListElement":[{"@type":"ListItem","position":1,"name":"Portada","item":"https:\/\/labs.100x100.net\/projects\/rutasal\/"},{"@type":"ListItem","position":2,"name":"\u201cACROBAT\u201d del RCN de Puerto de Pollensa vencedor absoluto de la Versi\u00f3n Norte de la Ruta de La Sal \u2013 Trofeo Pepe Ferres 2011."}]},{"@type":"WebSite","@id":"https:\/\/labs.100x100.net\/projects\/rutasal\/#website","url":"https:\/\/labs.100x100.net\/projects\/rutasal\/","name":"Regata La Ruta de la Sal","description":"Regata La Ruta de la Sal es una regata de Altura Mediterr\u00e1nea para barcos de crucero a vela con destino en Ibiza, que se disputa anualmente en Semana Santa.","potentialAction":[{"@type":"SearchAction","target":{"@type":"EntryPoint","urlTemplate":"https:\/\/labs.100x100.net\/projects\/rutasal\/?s={search_term_string}"},"query-input":"required name=search_term_string"}],"inLanguage":"es"},{"@type":"Person","@id":"https:\/\/labs.100x100.net\/projects\/rutasal\/#\/schema\/person\/214eeb4a2e78fd8373a0a94f6d93c9ca","name":"La Ruta de la Sal","image":{"@type":"ImageObject","inLanguage":"es","@id":"https:\/\/labs.100x100.net\/projects\/rutasal\/#\/schema\/person\/image\/","url":"https:\/\/secure.gravatar.com\/avatar\/b247286d4b801d6b1cfcfb3807587284?s=96&d=mm&r=g","contentUrl":"https:\/\/secure.gravatar.com\/avatar\/b247286d4b801d6b1cfcfb3807587284?s=96&d=mm&r=g","caption":"La Ruta de la Sal"}}]}},"_links":{"self":[{"href":"https:\/\/labs.100x100.net\/projects\/rutasal\/wp-json\/wp\/v2\/posts\/576"}],"collection":[{"href":"https:\/\/labs.100x100.net\/projects\/rutasal\/wp-json\/wp\/v2\/posts"}],"about":[{"href":"https:\/\/labs.100x100.net\/projects\/rutasal\/wp-json\/wp\/v2\/types\/post"}],"author":[{"embeddable":true,"href":"https:\/\/labs.100x100.net\/projects\/rutasal\/wp-json\/wp\/v2\/users\/1"}],"replies":[{"embeddable":true,"href":"https:\/\/labs.100x100.net\/projects\/rutasal\/wp-json\/wp\/v2\/comments?post=576"}],"version-history":[{"count":1,"href":"https:\/\/labs.100x100.net\/projects\/rutasal\/wp-json\/wp\/v2\/posts\/576\/revisions"}],"predecessor-version":[{"id":3913,"href":"https:\/\/labs.100x100.net\/projects\/rutasal\/wp-json\/wp\/v2\/posts\/576\/revisions\/3913"}],"wp:featuredmedia":[{"embeddable":true,"href":"https:\/\/labs.100x100.net\/projects\/rutasal\/wp-json\/wp\/v2\/media\/3912"}],"wp:attachment":[{"href":"https:\/\/labs.100x100.net\/projects\/rutasal\/wp-json\/wp\/v2\/media?parent=576"}],"wp:term":[{"taxonomy":"category","embeddable":true,"href":"https:\/\/labs.100x100.net\/projects\/rutasal\/wp-json\/wp\/v2\/categories?post=576"},{"taxonomy":"post_tag","embeddable":true,"href":"https:\/\/labs.100x100.net\/projects\/rutasal\/wp-json\/wp\/v2\/tags?post=576"}],"curies":[{"name":"wp","href":"https:\/\/api.w.org\/{rel}","templated":true}]}}