{"id":566,"date":"2011-04-22T14:01:52","date_gmt":"2011-04-22T14:01:52","guid":{"rendered":"https:\/\/larutadelasal.com\/?p=566"},"modified":"2019-03-14T12:28:39","modified_gmt":"2019-03-14T10:28:39","slug":"una-regata-para-equipos-con-mucha-experiencia-en-navegacion-de-altura","status":"publish","type":"post","link":"https:\/\/labs.100x100.net\/projects\/rutasal\/una-regata-para-equipos-con-mucha-experiencia-en-navegacion-de-altura\/","title":{"rendered":"Una Regata para equipos con mucha experiencia en Navegaci\u00f3n de Altura"},"content":{"rendered":"<h2>68\u00a0 embarcaciones, de las 80 que cruzaron la l\u00ednea de salida en Port Ginesta, logran terminar la Versi\u00f3n Norte de La Sal 2011.<\/h2>\n<h2><!--more--><\/h2>\n<p><!--more--><\/p>\n<h2>La dureza de la competici\u00f3n limita sensiblemente el n\u00famero de barcos clasificados.<\/h2>\n<p><!--more--><\/p>\n<p>Sobre las <strong>13:00h de hoy,<\/strong> el Comit\u00e9 de Regata anuncio que la totalidad de los participantes en competici\u00f3n de la <strong>Versi\u00f3n Norte<\/strong> de la XXIV Ruta de la Sal ya hab\u00edan cruzado la l\u00ednea de llegada en Cabo Negret.<\/p>\n<p>Finalmente, tras una traves\u00eda muy dura que puso a prueba a la\u00a0 resistencia de la totalidad de los participantes, <strong>un total de 68 embarcaciones han logrado terminar la regata.<\/strong> Una traves\u00eda con de <strong>vientos portantes medios de entre 25\/30 nudos<\/strong> que, ocasionalmente, en ciertas zonas llegaron a\u00a0 rozar los 40 nudos. Mar montada, y chubascos que, en \u00faltima instancia permitieron que esta Versi\u00f3n Norte\u00a0 vaya a ser recordada como una de las m\u00e1s r\u00e1pidas de la historia de La Sal. La mayor\u00eda de los equipos clasificados hablan de records personales de velocidad.<\/p>\n<p><a class=\"tt-flickr tt-flickr-Medium\" title=\"DSC_3767AW\" href=\"http:\/\/farm6.static.flickr.com\/5190\/5640375870_c30afc32d3_b.jpg\"><img loading=\"lazy\" decoding=\"async\" class=\"alignnone\" src=\"http:\/\/farm6.static.flickr.com\/5190\/5640375870_c30afc32d3.jpg\" alt=\"DSC_3767AW\" width=\"657\" height=\"390\" \/><\/a><\/p>\n<p>De los <strong>133 barcos inscritos para la Versi\u00f3n Norte de La Sal 2011<\/strong>; 20 anunciaron su intenci\u00f3n\u00a0 de no participar horas antes de la salida, pr\u00e1cticamente tras conocer las condiciones meteorol\u00f3gicas en las que se iba a desarrollar la regata. Durante el procedimiento de salida, el pasado d\u00eda 21 de abril en aguas de Port Ginesta, y las\u00a0 primeras millas de competici\u00f3n, 23 barcos m\u00e1s decidieron voluntariamente no continuar en competici\u00f3n. El mal tiempo discrimino muy sensiblemente a la flota. Ya, durante la regata, a causa de aver\u00edas y diferentes roturas, 12 equipos anunciaron formalmente a la organizaci\u00f3n que se retiraban. Una cifras, absolutamente normales en competiciones de altura bajo condiciones atmosf\u00e9ricas duras que, en general reflejan perfectamente el alto nivel deportivo de los equipos que han logrado terminar esta dif\u00edcil regata.<\/p>\n<p><strong>En Denia, Versi\u00f3n Este de La Sal, <\/strong> tras un aplazamiento de la salida de 19 horas, motivado por unos partes meteorol\u00f3gicos que adelantaban escenarios realmente duros para, como m\u00ednimo, las primeras12 horas de competici\u00f3n, las cifras de barcos en competici\u00f3n se han movido de manera muy similar a las descritas para la Versi\u00f3n Norte: De los <strong>130 formalmente inscritos <\/strong>deciden no tomar la salida cerca de 50 embarcaciones debi\u00f3 al mal tiempo. Unos 25 antes del aplazamiento oficial de la salida. El resto horas antes o durante el mismo procedimiento de salida. Finalmente entran en competici\u00f3n 80 barcos que, a estas alturas navegan rumbo a Sant Antoni de Portmany con vientos del SO de fuerza\u00a0 3-4 que ocasionalmente podr\u00eda llegar a 5. Escenario que de consolidarse podr\u00eda permitir que los m\u00e1s r\u00e1pidos est\u00e9n en Ibiza esta misma tarde.<\/p>\n<p>La XXIV regata de altura de La Ruta de la Sal cuenta con la colaboraci\u00f3n del Consell\u00a0 d\u2019Eivissa,\u00a0 la Conselleries\u00a0 de Turisme y de Industria del Govern de les Illes Balears, el Ajuntament de Sant Antoni de Portmany, la Estaci\u00f3 N\u00e1utica de Sant Antoni y Sant Josep, as\u00ed como de los Ayuntamientos de Denia y Sitges<br \/>\nEsta organizada, por ANAM, Associaci\u00f3 de Navegants d\u2019Altura Mediterranis, en estrecha colaboraci\u00f3n con el CM Port Ginesta, RC N\u00e1utico Denia, CN Sant Antoni de Portmany de Ibiza y la RANC, con el soporte de Ports de Balears, Sociedad Estatal de Salvamento y Seguridad Mar\u00edtima, Guardia Civil del Mar y el apoyo de la Federaci\u00f3 Catalana de Vela, Federaci\u00f3n de Vela de la Comunidad Valenciana y la Federaci\u00f3 Balear de Vela<\/p>\n","protected":false},"excerpt":{"rendered":"<p>68  embarcaciones, de las 80 que cruzaron la l\u00ednea de salida en Port Ginesta, logran terminar la Versi\u00f3n Norte de La Sal 2011.<\/p>\n<p>La dureza de la competici\u00f3n limita sensiblemente el n\u00famero de barcos clasificados.<\/p>\n","protected":false},"author":1,"featured_media":3884,"comment_status":"open","ping_status":"open","sticky":false,"template":"","format":"standard","meta":{"_acf_changed":false,"footnotes":""},"categories":[3],"tags":[],"acf":[],"yoast_head":"<!-- This site is optimized with the Yoast SEO plugin v23.0 - https:\/\/yoast.com\/wordpress\/plugins\/seo\/ -->\n<title>Una Regata para equipos con mucha experiencia en Navegaci\u00f3n de Altura | Regata La Ruta de la Sal<\/title>\n<meta name=\"robots\" content=\"noindex, follow, max-snippet:-1, max-image-preview:large, max-video-preview:-1\" \/>\n<meta property=\"og:locale\" content=\"es_ES\" \/>\n<meta property=\"og:type\" content=\"article\" \/>\n<meta property=\"og:title\" content=\"Una Regata para equipos con mucha experiencia en Navegaci\u00f3n de Altura | Regata La Ruta de la Sal\" \/>\n<meta property=\"og:description\" content=\"68 embarcaciones, de las 80 que cruzaron la l\u00ednea de salida en Port Ginesta, logran terminar la Versi\u00f3n Norte de La Sal 2011.  La dureza de la competici\u00f3n limita sensiblemente el n\u00famero de barcos clasificados.\" \/>\n<meta property=\"og:url\" content=\"https:\/\/labs.100x100.net\/projects\/rutasal\/una-regata-para-equipos-con-mucha-experiencia-en-navegacion-de-altura\/\" \/>\n<meta property=\"og:site_name\" content=\"Regata La Ruta de la Sal\" \/>\n<meta property=\"article:publisher\" content=\"https:\/\/www.facebook.com\/rutadelasal\/\" \/>\n<meta property=\"article:published_time\" content=\"2011-04-22T14:01:52+00:00\" \/>\n<meta property=\"article:modified_time\" content=\"2019-03-14T10:28:39+00:00\" \/>\n<meta property=\"og:image\" content=\"https:\/\/labs.100x100.net\/projects\/rutasal\/custom\/uploads\/2012\/04\/6903788548_5ff2aacaee.jpg\" \/>\n\t<meta property=\"og:image:width\" content=\"500\" \/>\n\t<meta property=\"og:image:height\" content=\"335\" \/>\n\t<meta property=\"og:image:type\" content=\"image\/jpeg\" \/>\n<meta name=\"author\" content=\"La Ruta de la Sal\" \/>\n<meta name=\"twitter:card\" content=\"summary_large_image\" \/>\n<meta name=\"twitter:creator\" content=\"@AnamMedi\" \/>\n<meta name=\"twitter:site\" content=\"@AnamMedi\" \/>\n<meta name=\"twitter:label1\" content=\"Escrito por\" \/>\n\t<meta name=\"twitter:data1\" content=\"La Ruta de la Sal\" \/>\n\t<meta name=\"twitter:label2\" content=\"Tiempo de lectura\" \/>\n\t<meta name=\"twitter:data2\" content=\"3 minutos\" \/>\n<script type=\"application\/ld+json\" class=\"yoast-schema-graph\">{\"@context\":\"https:\/\/schema.org\",\"@graph\":[{\"@type\":\"WebPage\",\"@id\":\"https:\/\/labs.100x100.net\/projects\/rutasal\/una-regata-para-equipos-con-mucha-experiencia-en-navegacion-de-altura\/\",\"url\":\"https:\/\/labs.100x100.net\/projects\/rutasal\/una-regata-para-equipos-con-mucha-experiencia-en-navegacion-de-altura\/\",\"name\":\"Una Regata para equipos con mucha experiencia en Navegaci\u00f3n de Altura | Regata La Ruta de la Sal\",\"isPartOf\":{\"@id\":\"https:\/\/labs.100x100.net\/projects\/rutasal\/#website\"},\"primaryImageOfPage\":{\"@id\":\"https:\/\/labs.100x100.net\/projects\/rutasal\/una-regata-para-equipos-con-mucha-experiencia-en-navegacion-de-altura\/#primaryimage\"},\"image\":{\"@id\":\"https:\/\/labs.100x100.net\/projects\/rutasal\/una-regata-para-equipos-con-mucha-experiencia-en-navegacion-de-altura\/#primaryimage\"},\"thumbnailUrl\":\"https:\/\/labs.100x100.net\/projects\/rutasal\/custom\/uploads\/2012\/04\/6903788548_5ff2aacaee.jpg\",\"datePublished\":\"2011-04-22T14:01:52+00:00\",\"dateModified\":\"2019-03-14T10:28:39+00:00\",\"author\":{\"@id\":\"https:\/\/labs.100x100.net\/projects\/rutasal\/#\/schema\/person\/214eeb4a2e78fd8373a0a94f6d93c9ca\"},\"breadcrumb\":{\"@id\":\"https:\/\/labs.100x100.net\/projects\/rutasal\/una-regata-para-equipos-con-mucha-experiencia-en-navegacion-de-altura\/#breadcrumb\"},\"inLanguage\":\"es\",\"potentialAction\":[{\"@type\":\"ReadAction\",\"target\":[\"https:\/\/labs.100x100.net\/projects\/rutasal\/una-regata-para-equipos-con-mucha-experiencia-en-navegacion-de-altura\/\"]}]},{\"@type\":\"ImageObject\",\"inLanguage\":\"es\",\"@id\":\"https:\/\/labs.100x100.net\/projects\/rutasal\/una-regata-para-equipos-con-mucha-experiencia-en-navegacion-de-altura\/#primaryimage\",\"url\":\"https:\/\/labs.100x100.net\/projects\/rutasal\/custom\/uploads\/2012\/04\/6903788548_5ff2aacaee.jpg\",\"contentUrl\":\"https:\/\/labs.100x100.net\/projects\/rutasal\/custom\/uploads\/2012\/04\/6903788548_5ff2aacaee.jpg\",\"width\":500,\"height\":335},{\"@type\":\"BreadcrumbList\",\"@id\":\"https:\/\/labs.100x100.net\/projects\/rutasal\/una-regata-para-equipos-con-mucha-experiencia-en-navegacion-de-altura\/#breadcrumb\",\"itemListElement\":[{\"@type\":\"ListItem\",\"position\":1,\"name\":\"Portada\",\"item\":\"https:\/\/labs.100x100.net\/projects\/rutasal\/\"},{\"@type\":\"ListItem\",\"position\":2,\"name\":\"Una Regata para equipos con mucha experiencia en Navegaci\u00f3n de Altura\"}]},{\"@type\":\"WebSite\",\"@id\":\"https:\/\/labs.100x100.net\/projects\/rutasal\/#website\",\"url\":\"https:\/\/labs.100x100.net\/projects\/rutasal\/\",\"name\":\"Regata La Ruta de la Sal\",\"description\":\"Regata La Ruta de la Sal es una regata de Altura Mediterr\u00e1nea para barcos de crucero a vela con destino en Ibiza, que se disputa anualmente en Semana Santa.\",\"potentialAction\":[{\"@type\":\"SearchAction\",\"target\":{\"@type\":\"EntryPoint\",\"urlTemplate\":\"https:\/\/labs.100x100.net\/projects\/rutasal\/?s={search_term_string}\"},\"query-input\":\"required name=search_term_string\"}],\"inLanguage\":\"es\"},{\"@type\":\"Person\",\"@id\":\"https:\/\/labs.100x100.net\/projects\/rutasal\/#\/schema\/person\/214eeb4a2e78fd8373a0a94f6d93c9ca\",\"name\":\"La Ruta de la Sal\",\"image\":{\"@type\":\"ImageObject\",\"inLanguage\":\"es\",\"@id\":\"https:\/\/labs.100x100.net\/projects\/rutasal\/#\/schema\/person\/image\/\",\"url\":\"https:\/\/secure.gravatar.com\/avatar\/b247286d4b801d6b1cfcfb3807587284?s=96&d=mm&r=g\",\"contentUrl\":\"https:\/\/secure.gravatar.com\/avatar\/b247286d4b801d6b1cfcfb3807587284?s=96&d=mm&r=g\",\"caption\":\"La Ruta de la Sal\"}}]}<\/script>\n<!-- \/ Yoast SEO plugin. -->","yoast_head_json":{"title":"Una Regata para equipos con mucha experiencia en Navegaci\u00f3n de Altura | Regata La Ruta de la Sal","robots":{"index":"noindex","follow":"follow","max-snippet":"max-snippet:-1","max-image-preview":"max-image-preview:large","max-video-preview":"max-video-preview:-1"},"og_locale":"es_ES","og_type":"article","og_title":"Una Regata para equipos con mucha experiencia en Navegaci\u00f3n de Altura | Regata La Ruta de la Sal","og_description":"68 embarcaciones, de las 80 que cruzaron la l\u00ednea de salida en Port Ginesta, logran terminar la Versi\u00f3n Norte de La Sal 2011.  La dureza de la competici\u00f3n limita sensiblemente el n\u00famero de barcos clasificados.","og_url":"https:\/\/labs.100x100.net\/projects\/rutasal\/una-regata-para-equipos-con-mucha-experiencia-en-navegacion-de-altura\/","og_site_name":"Regata La Ruta de la Sal","article_publisher":"https:\/\/www.facebook.com\/rutadelasal\/","article_published_time":"2011-04-22T14:01:52+00:00","article_modified_time":"2019-03-14T10:28:39+00:00","og_image":[{"width":500,"height":335,"url":"https:\/\/labs.100x100.net\/projects\/rutasal\/custom\/uploads\/2012\/04\/6903788548_5ff2aacaee.jpg","type":"image\/jpeg"}],"author":"La Ruta de la Sal","twitter_card":"summary_large_image","twitter_creator":"@AnamMedi","twitter_site":"@AnamMedi","twitter_misc":{"Escrito por":"La Ruta de la Sal","Tiempo de lectura":"3 minutos"},"schema":{"@context":"https:\/\/schema.org","@graph":[{"@type":"WebPage","@id":"https:\/\/labs.100x100.net\/projects\/rutasal\/una-regata-para-equipos-con-mucha-experiencia-en-navegacion-de-altura\/","url":"https:\/\/labs.100x100.net\/projects\/rutasal\/una-regata-para-equipos-con-mucha-experiencia-en-navegacion-de-altura\/","name":"Una Regata para equipos con mucha experiencia en Navegaci\u00f3n de Altura | Regata La Ruta de la Sal","isPartOf":{"@id":"https:\/\/labs.100x100.net\/projects\/rutasal\/#website"},"primaryImageOfPage":{"@id":"https:\/\/labs.100x100.net\/projects\/rutasal\/una-regata-para-equipos-con-mucha-experiencia-en-navegacion-de-altura\/#primaryimage"},"image":{"@id":"https:\/\/labs.100x100.net\/projects\/rutasal\/una-regata-para-equipos-con-mucha-experiencia-en-navegacion-de-altura\/#primaryimage"},"thumbnailUrl":"https:\/\/labs.100x100.net\/projects\/rutasal\/custom\/uploads\/2012\/04\/6903788548_5ff2aacaee.jpg","datePublished":"2011-04-22T14:01:52+00:00","dateModified":"2019-03-14T10:28:39+00:00","author":{"@id":"https:\/\/labs.100x100.net\/projects\/rutasal\/#\/schema\/person\/214eeb4a2e78fd8373a0a94f6d93c9ca"},"breadcrumb":{"@id":"https:\/\/labs.100x100.net\/projects\/rutasal\/una-regata-para-equipos-con-mucha-experiencia-en-navegacion-de-altura\/#breadcrumb"},"inLanguage":"es","potentialAction":[{"@type":"ReadAction","target":["https:\/\/labs.100x100.net\/projects\/rutasal\/una-regata-para-equipos-con-mucha-experiencia-en-navegacion-de-altura\/"]}]},{"@type":"ImageObject","inLanguage":"es","@id":"https:\/\/labs.100x100.net\/projects\/rutasal\/una-regata-para-equipos-con-mucha-experiencia-en-navegacion-de-altura\/#primaryimage","url":"https:\/\/labs.100x100.net\/projects\/rutasal\/custom\/uploads\/2012\/04\/6903788548_5ff2aacaee.jpg","contentUrl":"https:\/\/labs.100x100.net\/projects\/rutasal\/custom\/uploads\/2012\/04\/6903788548_5ff2aacaee.jpg","width":500,"height":335},{"@type":"BreadcrumbList","@id":"https:\/\/labs.100x100.net\/projects\/rutasal\/una-regata-para-equipos-con-mucha-experiencia-en-navegacion-de-altura\/#breadcrumb","itemListElement":[{"@type":"ListItem","position":1,"name":"Portada","item":"https:\/\/labs.100x100.net\/projects\/rutasal\/"},{"@type":"ListItem","position":2,"name":"Una Regata para equipos con mucha experiencia en Navegaci\u00f3n de Altura"}]},{"@type":"WebSite","@id":"https:\/\/labs.100x100.net\/projects\/rutasal\/#website","url":"https:\/\/labs.100x100.net\/projects\/rutasal\/","name":"Regata La Ruta de la Sal","description":"Regata La Ruta de la Sal es una regata de Altura Mediterr\u00e1nea para barcos de crucero a vela con destino en Ibiza, que se disputa anualmente en Semana Santa.","potentialAction":[{"@type":"SearchAction","target":{"@type":"EntryPoint","urlTemplate":"https:\/\/labs.100x100.net\/projects\/rutasal\/?s={search_term_string}"},"query-input":"required name=search_term_string"}],"inLanguage":"es"},{"@type":"Person","@id":"https:\/\/labs.100x100.net\/projects\/rutasal\/#\/schema\/person\/214eeb4a2e78fd8373a0a94f6d93c9ca","name":"La Ruta de la Sal","image":{"@type":"ImageObject","inLanguage":"es","@id":"https:\/\/labs.100x100.net\/projects\/rutasal\/#\/schema\/person\/image\/","url":"https:\/\/secure.gravatar.com\/avatar\/b247286d4b801d6b1cfcfb3807587284?s=96&d=mm&r=g","contentUrl":"https:\/\/secure.gravatar.com\/avatar\/b247286d4b801d6b1cfcfb3807587284?s=96&d=mm&r=g","caption":"La Ruta de la Sal"}}]}},"_links":{"self":[{"href":"https:\/\/labs.100x100.net\/projects\/rutasal\/wp-json\/wp\/v2\/posts\/566"}],"collection":[{"href":"https:\/\/labs.100x100.net\/projects\/rutasal\/wp-json\/wp\/v2\/posts"}],"about":[{"href":"https:\/\/labs.100x100.net\/projects\/rutasal\/wp-json\/wp\/v2\/types\/post"}],"author":[{"embeddable":true,"href":"https:\/\/labs.100x100.net\/projects\/rutasal\/wp-json\/wp\/v2\/users\/1"}],"replies":[{"embeddable":true,"href":"https:\/\/labs.100x100.net\/projects\/rutasal\/wp-json\/wp\/v2\/comments?post=566"}],"version-history":[{"count":1,"href":"https:\/\/labs.100x100.net\/projects\/rutasal\/wp-json\/wp\/v2\/posts\/566\/revisions"}],"predecessor-version":[{"id":3921,"href":"https:\/\/labs.100x100.net\/projects\/rutasal\/wp-json\/wp\/v2\/posts\/566\/revisions\/3921"}],"wp:featuredmedia":[{"embeddable":true,"href":"https:\/\/labs.100x100.net\/projects\/rutasal\/wp-json\/wp\/v2\/media\/3884"}],"wp:attachment":[{"href":"https:\/\/labs.100x100.net\/projects\/rutasal\/wp-json\/wp\/v2\/media?parent=566"}],"wp:term":[{"taxonomy":"category","embeddable":true,"href":"https:\/\/labs.100x100.net\/projects\/rutasal\/wp-json\/wp\/v2\/categories?post=566"},{"taxonomy":"post_tag","embeddable":true,"href":"https:\/\/labs.100x100.net\/projects\/rutasal\/wp-json\/wp\/v2\/tags?post=566"}],"curies":[{"name":"wp","href":"https:\/\/api.w.org\/{rel}","templated":true}]}}