{"id":552,"date":"2011-04-22T11:22:27","date_gmt":"2011-04-22T11:22:27","guid":{"rendered":"https:\/\/larutadelasal.com\/?p=552"},"modified":"2019-03-14T12:29:30","modified_gmt":"2019-03-14T10:29:30","slug":"la-flota-de-la-version-este-de-la-ruta-de-la-sal-zarpa-a-las-0900h","status":"publish","type":"post","link":"https:\/\/labs.100x100.net\/projects\/rutasal\/la-flota-de-la-version-este-de-la-ruta-de-la-sal-zarpa-a-las-0900h\/","title":{"rendered":"Los participantes la Versi\u00f3n Este, salida desde Denia, competir\u00e1n bajo un recorrido acortado de unas 60 millas, con rumbo directo a Sant Antoni de Portmany, dejando la Isla de Conejera por estribor."},"content":{"rendered":"<h2>La flota de la Versi\u00f3n Este de La Ruta de laSal Zarpa, a las 09:00h<\/h2>\n<p><!--more--><\/p>\n<h2>Se avanza una meteorologia inestable, con vientos de hasta fuerza 5 de SO, que podr\u00eda permitir que la cabeza de la flota arrive a Ibiza a ultima hora de esta tarde.<\/h2>\n<p><!--more--><!--more--><\/p>\n<p><!--more--><a class=\"tt-flickr tt-flickr-Medium\" title=\"DSC08171\" href=\"http:\/\/farm2.static.flickr.com\/1244\/5120450823_82a6a3b1cd_b.jpg\"><img loading=\"lazy\" decoding=\"async\" class=\"alignnone\" src=\"http:\/\/farm2.static.flickr.com\/1244\/5120450823_82a6a3b1cd.jpg\" alt=\"DSC08171\" width=\"657\" height=\"327\" \/><\/a><\/p>\n<p>Hoy, a las <strong>09.00 h, se ha dado la salida, en aguas de Denia, a la flota de la Versi\u00f3n Este de La Sal 2011<\/strong>, bajo un escenario muy inestable definido por brisas de entre 1 y 2 nudos del SO, que han ido cayendo;\u00a0 mar de fondo del NE y un pron\u00f3stico que habla, para seg\u00fan avance la ma\u00f1ana, de vientos fuerza 4\/5 del SO que podr\u00edan estar claramente entablados a partir de la 16:00 h.<\/p>\n<p>La flota, con un total de <strong>80 barcos en competici\u00f3n,<\/strong> navegara a rumbo directo hasta Sant Antoni de Portmany , dejando la Isla de Conejera por estribor con l\u00ednea de llegada en Cabo Negret; en total unas 60 millas n\u00e1uticas de competici\u00f3n. La idea, seg\u00fan explico, <strong>Marc Miratvilles, Director de La Ruta de la Sal<\/strong>, es la de simplificar la navegaci\u00f3n hasta Ibiza, tratando de atenuar las posibles complicaciones de un pron\u00f3stico confuso que habla de vientos duros para la segunda mitad de la singladura hasta Sant Antoni de Portmany. En este sentido, \u00edndico Miratvilles, que la idea de aplazar la salida de la Versi\u00f3n Este hasta hoy ha sido todo un acierto. \u201cla noche en el Mar Balear ha sido muy dura, con chubascos fuert\u00edsimos que han complicado las cosas incluso a muchos de los participantes de la Versi\u00f3n Norte. Ahora la parte m\u00e1s dura del frente que nos ha afectados las \u00faltimas 24 horas ya ha pasado y el escenario, aunque complicado, es mucho m\u00e1s manejable y, lo m\u00e1s importante, da opciones para que se desarrolle una competici\u00f3n muy cerrada y divertida. Si todo va bien, los primeros podr\u00edan llegar a Ibiza a \u00faltima hora de esta tarde.\u201d<\/p>\n<p><a class=\"tt-flickr tt-flickr-Medium\" title=\"DSC08166\" href=\"http:\/\/farm5.static.flickr.com\/4151\/5121053458_c15f577a7b_b.jpg\"><img loading=\"lazy\" decoding=\"async\" class=\"alignnone\" src=\"http:\/\/farm5.static.flickr.com\/4151\/5121053458_c15f577a7b.jpg\" alt=\"DSC08166\" width=\"320\" height=\"229\" \/><\/a> <img loading=\"lazy\" decoding=\"async\" class=\"alignnone\" src=\"http:\/\/farm2.static.flickr.com\/1145\/5114140874_b5f9442fe6.jpg\" alt=\"Salida Versi\u00f3n Este, Denia D_0338.JPG W\" width=\"320\" height=\"229\" \/><br \/>\n<a class=\"tt-flickr tt-flickr-Medium\" title=\"Salida Versi\u00f3n Este, Denia D_0338.JPG W\" href=\"http:\/\/farm2.static.flickr.com\/1145\/5114140874_b5f9442fe6_b.jpg\"><br \/>\n<\/a><\/p>\n<p>A la hora de cerrar este avance informativo, indicar que casi, la totalidad de los barcos de la Versi\u00f3n Norte de la XXIV Ruta de La Sal, han cruzado la l\u00ednea de llegada.<\/p>\n<p>La XXIV regata de altura de La Ruta de la Sal cuenta con la colaboraci\u00f3n del Consell\u00a0 d\u2019Eivissa,\u00a0 la Conselleries\u00a0 de Turisme y de Industria del Govern de les Illes Balears, el Ajuntament de Sant Antoni de Portmany, la Estaci\u00f3 N\u00e1utica de Sant Antoni y Sant Josep, as\u00ed como de los Ayuntamientos de Denia y Sitges<br \/>\nEsta organizada, por ANAM, Associaci\u00f3 de Navegants d\u2019Altura Mediterranis, en estrecha colaboraci\u00f3n con el CM Port Ginesta, RC N\u00e1utico Denia, CN Sant Antoni de Portmany de Ibiza y la RANC, con el soporte de Ports de Balears, Sociedad Estatal de Salvamento y Seguridad Mar\u00edtima, Guardia Civil del Mar y el apoyo de la Federaci\u00f3 Catalana de Vela, Federaci\u00f3n de Vela de la Comunidad Valenciana y la Federaci\u00f3 Balear de Vela<\/p>\n","protected":false},"excerpt":{"rendered":"<p>La flota de la Versi\u00f3n Este de La Ruta de laSal Zarpa, a las 09:00h<\/p>\n<p>[More&#8230;]<br \/>\nSe avanza una meteorologia inestable, con vientos de hasta fuerza 5 de SO, que podr\u00eda permitir que la cabeza de la flota arrive a Ibiza a ultima hora de esta tarde.<\/p>\n","protected":false},"author":1,"featured_media":3922,"comment_status":"open","ping_status":"open","sticky":false,"template":"","format":"standard","meta":{"_acf_changed":false,"footnotes":""},"categories":[3],"tags":[],"acf":[],"yoast_head":"<!-- This site is optimized with the Yoast SEO plugin v23.0 - https:\/\/yoast.com\/wordpress\/plugins\/seo\/ -->\n<title>Los participantes la Versi\u00f3n Este, salida desde Denia, competir\u00e1n bajo un recorrido acortado de unas 60 millas, con rumbo directo a Sant Antoni de Portmany, dejando la Isla de Conejera por estribor. | Regata La Ruta de la Sal<\/title>\n<meta name=\"robots\" content=\"noindex, follow, max-snippet:-1, max-image-preview:large, max-video-preview:-1\" \/>\n<meta property=\"og:locale\" content=\"es_ES\" \/>\n<meta property=\"og:type\" content=\"article\" \/>\n<meta property=\"og:title\" content=\"Los participantes la Versi\u00f3n Este, salida desde Denia, competir\u00e1n bajo un recorrido acortado de unas 60 millas, con rumbo directo a Sant Antoni de Portmany, dejando la Isla de Conejera por estribor. | Regata La Ruta de la Sal\" \/>\n<meta property=\"og:description\" content=\"La flota de la Versi\u00f3n Este de La Ruta de laSal Zarpa, a las 09:00h  [More...] Se avanza una meteorologia inestable, con vientos de hasta fuerza 5 de SO, que podr\u00eda permitir que la cabeza de la flota arrive a Ibiza a ultima hora de esta tarde.\" \/>\n<meta property=\"og:url\" content=\"https:\/\/labs.100x100.net\/projects\/rutasal\/la-flota-de-la-version-este-de-la-ruta-de-la-sal-zarpa-a-las-0900h\/\" \/>\n<meta property=\"og:site_name\" content=\"Regata La Ruta de la Sal\" \/>\n<meta property=\"article:publisher\" content=\"https:\/\/www.facebook.com\/rutadelasal\/\" \/>\n<meta property=\"article:published_time\" content=\"2011-04-22T11:22:27+00:00\" \/>\n<meta property=\"article:modified_time\" content=\"2019-03-14T10:29:30+00:00\" \/>\n<meta property=\"og:image\" content=\"https:\/\/labs.100x100.net\/projects\/rutasal\/custom\/uploads\/2011\/04\/5114140874_b5f9442fe6.jpg\" \/>\n\t<meta property=\"og:image:width\" content=\"500\" \/>\n\t<meta property=\"og:image:height\" content=\"334\" \/>\n\t<meta property=\"og:image:type\" content=\"image\/jpeg\" \/>\n<meta name=\"author\" content=\"La Ruta de la Sal\" \/>\n<meta name=\"twitter:card\" content=\"summary_large_image\" \/>\n<meta name=\"twitter:creator\" content=\"@AnamMedi\" \/>\n<meta name=\"twitter:site\" content=\"@AnamMedi\" \/>\n<meta name=\"twitter:label1\" content=\"Escrito por\" \/>\n\t<meta name=\"twitter:data1\" content=\"La Ruta de la Sal\" \/>\n\t<meta name=\"twitter:label2\" content=\"Tiempo de lectura\" \/>\n\t<meta name=\"twitter:data2\" content=\"3 minutos\" \/>\n<script type=\"application\/ld+json\" class=\"yoast-schema-graph\">{\"@context\":\"https:\/\/schema.org\",\"@graph\":[{\"@type\":\"WebPage\",\"@id\":\"https:\/\/labs.100x100.net\/projects\/rutasal\/la-flota-de-la-version-este-de-la-ruta-de-la-sal-zarpa-a-las-0900h\/\",\"url\":\"https:\/\/labs.100x100.net\/projects\/rutasal\/la-flota-de-la-version-este-de-la-ruta-de-la-sal-zarpa-a-las-0900h\/\",\"name\":\"Los participantes la Versi\u00f3n Este, salida desde Denia, competir\u00e1n bajo un recorrido acortado de unas 60 millas, con rumbo directo a Sant Antoni de Portmany, dejando la Isla de Conejera por estribor. | Regata La Ruta de la Sal\",\"isPartOf\":{\"@id\":\"https:\/\/labs.100x100.net\/projects\/rutasal\/#website\"},\"primaryImageOfPage\":{\"@id\":\"https:\/\/labs.100x100.net\/projects\/rutasal\/la-flota-de-la-version-este-de-la-ruta-de-la-sal-zarpa-a-las-0900h\/#primaryimage\"},\"image\":{\"@id\":\"https:\/\/labs.100x100.net\/projects\/rutasal\/la-flota-de-la-version-este-de-la-ruta-de-la-sal-zarpa-a-las-0900h\/#primaryimage\"},\"thumbnailUrl\":\"https:\/\/labs.100x100.net\/projects\/rutasal\/custom\/uploads\/2011\/04\/5114140874_b5f9442fe6.jpg\",\"datePublished\":\"2011-04-22T11:22:27+00:00\",\"dateModified\":\"2019-03-14T10:29:30+00:00\",\"author\":{\"@id\":\"https:\/\/labs.100x100.net\/projects\/rutasal\/#\/schema\/person\/214eeb4a2e78fd8373a0a94f6d93c9ca\"},\"breadcrumb\":{\"@id\":\"https:\/\/labs.100x100.net\/projects\/rutasal\/la-flota-de-la-version-este-de-la-ruta-de-la-sal-zarpa-a-las-0900h\/#breadcrumb\"},\"inLanguage\":\"es\",\"potentialAction\":[{\"@type\":\"ReadAction\",\"target\":[\"https:\/\/labs.100x100.net\/projects\/rutasal\/la-flota-de-la-version-este-de-la-ruta-de-la-sal-zarpa-a-las-0900h\/\"]}]},{\"@type\":\"ImageObject\",\"inLanguage\":\"es\",\"@id\":\"https:\/\/labs.100x100.net\/projects\/rutasal\/la-flota-de-la-version-este-de-la-ruta-de-la-sal-zarpa-a-las-0900h\/#primaryimage\",\"url\":\"https:\/\/labs.100x100.net\/projects\/rutasal\/custom\/uploads\/2011\/04\/5114140874_b5f9442fe6.jpg\",\"contentUrl\":\"https:\/\/labs.100x100.net\/projects\/rutasal\/custom\/uploads\/2011\/04\/5114140874_b5f9442fe6.jpg\",\"width\":500,\"height\":334},{\"@type\":\"BreadcrumbList\",\"@id\":\"https:\/\/labs.100x100.net\/projects\/rutasal\/la-flota-de-la-version-este-de-la-ruta-de-la-sal-zarpa-a-las-0900h\/#breadcrumb\",\"itemListElement\":[{\"@type\":\"ListItem\",\"position\":1,\"name\":\"Portada\",\"item\":\"https:\/\/labs.100x100.net\/projects\/rutasal\/\"},{\"@type\":\"ListItem\",\"position\":2,\"name\":\"Los participantes la Versi\u00f3n Este, salida desde Denia, competir\u00e1n bajo un recorrido acortado de unas 60 millas, con rumbo directo a Sant Antoni de Portmany, dejando la Isla de Conejera por estribor.\"}]},{\"@type\":\"WebSite\",\"@id\":\"https:\/\/labs.100x100.net\/projects\/rutasal\/#website\",\"url\":\"https:\/\/labs.100x100.net\/projects\/rutasal\/\",\"name\":\"Regata La Ruta de la Sal\",\"description\":\"Regata La Ruta de la Sal es una regata de Altura Mediterr\u00e1nea para barcos de crucero a vela con destino en Ibiza, que se disputa anualmente en Semana Santa.\",\"potentialAction\":[{\"@type\":\"SearchAction\",\"target\":{\"@type\":\"EntryPoint\",\"urlTemplate\":\"https:\/\/labs.100x100.net\/projects\/rutasal\/?s={search_term_string}\"},\"query-input\":\"required name=search_term_string\"}],\"inLanguage\":\"es\"},{\"@type\":\"Person\",\"@id\":\"https:\/\/labs.100x100.net\/projects\/rutasal\/#\/schema\/person\/214eeb4a2e78fd8373a0a94f6d93c9ca\",\"name\":\"La Ruta de la Sal\",\"image\":{\"@type\":\"ImageObject\",\"inLanguage\":\"es\",\"@id\":\"https:\/\/labs.100x100.net\/projects\/rutasal\/#\/schema\/person\/image\/\",\"url\":\"https:\/\/secure.gravatar.com\/avatar\/b247286d4b801d6b1cfcfb3807587284?s=96&d=mm&r=g\",\"contentUrl\":\"https:\/\/secure.gravatar.com\/avatar\/b247286d4b801d6b1cfcfb3807587284?s=96&d=mm&r=g\",\"caption\":\"La Ruta de la Sal\"}}]}<\/script>\n<!-- \/ Yoast SEO plugin. -->","yoast_head_json":{"title":"Los participantes la Versi\u00f3n Este, salida desde Denia, competir\u00e1n bajo un recorrido acortado de unas 60 millas, con rumbo directo a Sant Antoni de Portmany, dejando la Isla de Conejera por estribor. | Regata La Ruta de la Sal","robots":{"index":"noindex","follow":"follow","max-snippet":"max-snippet:-1","max-image-preview":"max-image-preview:large","max-video-preview":"max-video-preview:-1"},"og_locale":"es_ES","og_type":"article","og_title":"Los participantes la Versi\u00f3n Este, salida desde Denia, competir\u00e1n bajo un recorrido acortado de unas 60 millas, con rumbo directo a Sant Antoni de Portmany, dejando la Isla de Conejera por estribor. | Regata La Ruta de la Sal","og_description":"La flota de la Versi\u00f3n Este de La Ruta de laSal Zarpa, a las 09:00h  [More...] Se avanza una meteorologia inestable, con vientos de hasta fuerza 5 de SO, que podr\u00eda permitir que la cabeza de la flota arrive a Ibiza a ultima hora de esta tarde.","og_url":"https:\/\/labs.100x100.net\/projects\/rutasal\/la-flota-de-la-version-este-de-la-ruta-de-la-sal-zarpa-a-las-0900h\/","og_site_name":"Regata La Ruta de la Sal","article_publisher":"https:\/\/www.facebook.com\/rutadelasal\/","article_published_time":"2011-04-22T11:22:27+00:00","article_modified_time":"2019-03-14T10:29:30+00:00","og_image":[{"width":500,"height":334,"url":"https:\/\/labs.100x100.net\/projects\/rutasal\/custom\/uploads\/2011\/04\/5114140874_b5f9442fe6.jpg","type":"image\/jpeg"}],"author":"La Ruta de la Sal","twitter_card":"summary_large_image","twitter_creator":"@AnamMedi","twitter_site":"@AnamMedi","twitter_misc":{"Escrito por":"La Ruta de la Sal","Tiempo de lectura":"3 minutos"},"schema":{"@context":"https:\/\/schema.org","@graph":[{"@type":"WebPage","@id":"https:\/\/labs.100x100.net\/projects\/rutasal\/la-flota-de-la-version-este-de-la-ruta-de-la-sal-zarpa-a-las-0900h\/","url":"https:\/\/labs.100x100.net\/projects\/rutasal\/la-flota-de-la-version-este-de-la-ruta-de-la-sal-zarpa-a-las-0900h\/","name":"Los participantes la Versi\u00f3n Este, salida desde Denia, competir\u00e1n bajo un recorrido acortado de unas 60 millas, con rumbo directo a Sant Antoni de Portmany, dejando la Isla de Conejera por estribor. | Regata La Ruta de la Sal","isPartOf":{"@id":"https:\/\/labs.100x100.net\/projects\/rutasal\/#website"},"primaryImageOfPage":{"@id":"https:\/\/labs.100x100.net\/projects\/rutasal\/la-flota-de-la-version-este-de-la-ruta-de-la-sal-zarpa-a-las-0900h\/#primaryimage"},"image":{"@id":"https:\/\/labs.100x100.net\/projects\/rutasal\/la-flota-de-la-version-este-de-la-ruta-de-la-sal-zarpa-a-las-0900h\/#primaryimage"},"thumbnailUrl":"https:\/\/labs.100x100.net\/projects\/rutasal\/custom\/uploads\/2011\/04\/5114140874_b5f9442fe6.jpg","datePublished":"2011-04-22T11:22:27+00:00","dateModified":"2019-03-14T10:29:30+00:00","author":{"@id":"https:\/\/labs.100x100.net\/projects\/rutasal\/#\/schema\/person\/214eeb4a2e78fd8373a0a94f6d93c9ca"},"breadcrumb":{"@id":"https:\/\/labs.100x100.net\/projects\/rutasal\/la-flota-de-la-version-este-de-la-ruta-de-la-sal-zarpa-a-las-0900h\/#breadcrumb"},"inLanguage":"es","potentialAction":[{"@type":"ReadAction","target":["https:\/\/labs.100x100.net\/projects\/rutasal\/la-flota-de-la-version-este-de-la-ruta-de-la-sal-zarpa-a-las-0900h\/"]}]},{"@type":"ImageObject","inLanguage":"es","@id":"https:\/\/labs.100x100.net\/projects\/rutasal\/la-flota-de-la-version-este-de-la-ruta-de-la-sal-zarpa-a-las-0900h\/#primaryimage","url":"https:\/\/labs.100x100.net\/projects\/rutasal\/custom\/uploads\/2011\/04\/5114140874_b5f9442fe6.jpg","contentUrl":"https:\/\/labs.100x100.net\/projects\/rutasal\/custom\/uploads\/2011\/04\/5114140874_b5f9442fe6.jpg","width":500,"height":334},{"@type":"BreadcrumbList","@id":"https:\/\/labs.100x100.net\/projects\/rutasal\/la-flota-de-la-version-este-de-la-ruta-de-la-sal-zarpa-a-las-0900h\/#breadcrumb","itemListElement":[{"@type":"ListItem","position":1,"name":"Portada","item":"https:\/\/labs.100x100.net\/projects\/rutasal\/"},{"@type":"ListItem","position":2,"name":"Los participantes la Versi\u00f3n Este, salida desde Denia, competir\u00e1n bajo un recorrido acortado de unas 60 millas, con rumbo directo a Sant Antoni de Portmany, dejando la Isla de Conejera por estribor."}]},{"@type":"WebSite","@id":"https:\/\/labs.100x100.net\/projects\/rutasal\/#website","url":"https:\/\/labs.100x100.net\/projects\/rutasal\/","name":"Regata La Ruta de la Sal","description":"Regata La Ruta de la Sal es una regata de Altura Mediterr\u00e1nea para barcos de crucero a vela con destino en Ibiza, que se disputa anualmente en Semana Santa.","potentialAction":[{"@type":"SearchAction","target":{"@type":"EntryPoint","urlTemplate":"https:\/\/labs.100x100.net\/projects\/rutasal\/?s={search_term_string}"},"query-input":"required name=search_term_string"}],"inLanguage":"es"},{"@type":"Person","@id":"https:\/\/labs.100x100.net\/projects\/rutasal\/#\/schema\/person\/214eeb4a2e78fd8373a0a94f6d93c9ca","name":"La Ruta de la Sal","image":{"@type":"ImageObject","inLanguage":"es","@id":"https:\/\/labs.100x100.net\/projects\/rutasal\/#\/schema\/person\/image\/","url":"https:\/\/secure.gravatar.com\/avatar\/b247286d4b801d6b1cfcfb3807587284?s=96&d=mm&r=g","contentUrl":"https:\/\/secure.gravatar.com\/avatar\/b247286d4b801d6b1cfcfb3807587284?s=96&d=mm&r=g","caption":"La Ruta de la Sal"}}]}},"_links":{"self":[{"href":"https:\/\/labs.100x100.net\/projects\/rutasal\/wp-json\/wp\/v2\/posts\/552"}],"collection":[{"href":"https:\/\/labs.100x100.net\/projects\/rutasal\/wp-json\/wp\/v2\/posts"}],"about":[{"href":"https:\/\/labs.100x100.net\/projects\/rutasal\/wp-json\/wp\/v2\/types\/post"}],"author":[{"embeddable":true,"href":"https:\/\/labs.100x100.net\/projects\/rutasal\/wp-json\/wp\/v2\/users\/1"}],"replies":[{"embeddable":true,"href":"https:\/\/labs.100x100.net\/projects\/rutasal\/wp-json\/wp\/v2\/comments?post=552"}],"version-history":[{"count":1,"href":"https:\/\/labs.100x100.net\/projects\/rutasal\/wp-json\/wp\/v2\/posts\/552\/revisions"}],"predecessor-version":[{"id":3923,"href":"https:\/\/labs.100x100.net\/projects\/rutasal\/wp-json\/wp\/v2\/posts\/552\/revisions\/3923"}],"wp:featuredmedia":[{"embeddable":true,"href":"https:\/\/labs.100x100.net\/projects\/rutasal\/wp-json\/wp\/v2\/media\/3922"}],"wp:attachment":[{"href":"https:\/\/labs.100x100.net\/projects\/rutasal\/wp-json\/wp\/v2\/media?parent=552"}],"wp:term":[{"taxonomy":"category","embeddable":true,"href":"https:\/\/labs.100x100.net\/projects\/rutasal\/wp-json\/wp\/v2\/categories?post=552"},{"taxonomy":"post_tag","embeddable":true,"href":"https:\/\/labs.100x100.net\/projects\/rutasal\/wp-json\/wp\/v2\/tags?post=552"}],"curies":[{"name":"wp","href":"https:\/\/api.w.org\/{rel}","templated":true}]}}