{"id":544,"date":"2011-04-22T07:34:30","date_gmt":"2011-04-22T07:34:30","guid":{"rendered":"https:\/\/larutadelasal.com\/?p=544"},"modified":"2019-03-14T12:30:01","modified_gmt":"2019-03-14T10:30:01","slug":"el-jv-50-caro-vencedor-en-tiempo-real-de-la-version-norte-de-la-ruta-de-la-sal-con-vientos-portantes-de-hasta-31-nudos-los-mas-rapidos-navegaron-con-velocidades-media-superiores-a","status":"publish","type":"post","link":"https:\/\/labs.100x100.net\/projects\/rutasal\/el-jv-50-caro-vencedor-en-tiempo-real-de-la-version-norte-de-la-ruta-de-la-sal-con-vientos-portantes-de-hasta-31-nudos-los-mas-rapidos-navegaron-con-velocidades-media-superiores-a\/","title":{"rendered":"El J\/V-50 \u201cCaro\u201d vencedor en tiempo real de la Versi\u00f3n Norte de La Ruta de la Sal. Con vientos portantes de hasta 31 nudos, los mas r\u00e1pidos navegaron con velocidades media superiores a los 10,5 nudos."},"content":{"rendered":"<p>A las <strong>22:18:54 h del jueves 21 de abril El velero alem\u00e1n \u201cCaro\u201d de Werner Klink, <\/strong>un 50 pies dise\u00f1ado por Judel\/Vrolijk\u00a0 para un programa de crucero\/regata, ha cruzado en primera posici\u00f3n\u00a0 la l\u00ednea\u00a0 de llegada en Sant Antoni de Portmany,\u00a0\u00a0 acumulando un registro, para las 140 millas desde Port Ginesta, en Barcelona, de 13 horas, 18 minutos y 54 segundos. Acreditando una velocidad media durante toda traves\u00eda superior a los 10,70 nudos que establece un record que ser\u00e1, normalmente, muy dif\u00edcil de superar.<\/p>\n<p><a class=\"tt-flickr tt-flickr-Medium\" title=\"DSC_3815\" href=\"http:\/\/farm6.static.flickr.com\/5149\/5640273144_e1b5b97367_b.jpg\"><img loading=\"lazy\" decoding=\"async\" class=\"alignnone\" src=\"http:\/\/farm6.static.flickr.com\/5149\/5640273144_e1b5b97367.jpg\" alt=\"DSC_3815\" width=\"657\" height=\"380\" \/><\/a><\/p>\n<p><strong>Werner Klink,<\/strong> a su llegada a las instalaciones de CN de\u00a0 Sant Antoni de Portmany explico que hab\u00edan navegado, durante todo el recorrido, con\u00a0 mucha mar\u00a0 y\u00a0 vientos portantes, bastante estables, que\u00a0 hab\u00edan alcanzado hasta los 31 nudos. Su barco, indico, navegando con spinnaker\u00a0 llego a registrar velocidades m\u00e1ximas de 24, 5 nudos. Manteniendo, durante muchas horas, promedios de m\u00e1s de 14\/15 nudos. En general, concluyo, una regata muy divertida aunque extremadamente dura.<\/p>\n<p>Indicar que en la edici\u00f3n de <strong>la Ruta de La Sal del 2007,<\/strong> <strong>\u201cCaro\u201d <\/strong>fue el vencedor absoluto de la Versi\u00f3n Norte de la regata. Acumulando la victoria tanto en tiempo compensado como en real, en aquella ocasi\u00f3n con\u00a0 un\u00a0\u00a0 registro, desde Barcelona al Puerto de Ibiza, de 17 h, 43 m, 56s. Tambi\u00e9n fue\u00a0 el primer barco extranjero que logro una victoria absoluta en La Ruta de La Sal.<\/p>\n<p><a class=\"tt-flickr tt-flickr-Medium\" title=\"XXIV LA RUTA DE LA SAL 2011 (TROFEO PEPE FERRES)\" href=\"http:\/\/farm6.static.flickr.com\/5230\/5642262737_214e557a20_b.jpg\"><img loading=\"lazy\" decoding=\"async\" class=\"alignnone\" src=\"http:\/\/farm6.static.flickr.com\/5230\/5642262737_214e557a20.jpg\" alt=\"XXIV LA RUTA DE LA SAL 2011 (TROFEO PEPE FERRES)\" width=\"320\" height=\"229\" \/> <\/a><a class=\"tt-flickr tt-flickr-Medium\" title=\"XXIV LA RUTA DE LA SAL 2011 (TROFEO PEPE FERRES)\" href=\"http:\/\/farm6.static.flickr.com\/5048\/5642262899_f73d15b4aa_b.jpg\"><img loading=\"lazy\" decoding=\"async\" class=\"alignnone\" src=\"http:\/\/farm6.static.flickr.com\/5048\/5642262899_f73d15b4aa.jpg\" alt=\"XXIV LA RUTA DE LA SAL 2011 (TROFEO PEPE FERRES)\" width=\"320\" height=\"229\" \/><\/a><\/p>\n<p>Tras \u201cCaro\u201d entro en <strong>segundo lugar, a las 22:39:30 h.\u00a0 El Ibicenco, \u201cAtalant del Vent\u201d el B&amp;C 52 de David Tur y Jaume Serra <\/strong>del CN de Ibiza que, insistieron en la dureza de la traves\u00eda desde Barcelona. Cerrando el p\u00f3dium de los m\u00e1s veloces en real el <strong>SWAN 56 \u201cCLEM\u201d de Jaime Olaz\u00e1bal<\/strong>, un dise\u00f1o del argentino German Frers con puerto base en Mallorca, que cruz\u00f3\u00a0 la l\u00ednea de llegada a las 23:01:58 h. Un barco que ya gan\u00f3\u00a0 la Ruta de La Sal en el 2009 y 2010.<\/p>\n<p>La <strong>cuarta plaza en real, con entrada a las 23:27:50 h<\/strong>., se la adjudic\u00f3 en <strong>GS46 \u201cGramona\u201d de Guillermo Altadill. <\/strong>Un barco con una eslora sensiblemente inferior a los lideres en la clasificaci\u00f3n en real que podr\u00eda convertirse en un firme candidato a la victoria en compensado de esta Versi\u00f3n Norte de la 24 Ruta de La Sal. Mientras que, tambi\u00e9n con claras posibilidades para un puesto destacado en la general compensada, cruzo en <strong>quinta posici\u00f3n, a las 23:29:41h, la l\u00ednea en Sant Antoni, el Farr 40 \u201cKajsa II\u201d del Suizo\u00a0 Rolf Avf Der Maur.<\/strong><\/p>\n<p><a class=\"tt-flickr tt-flickr-Medium\" title=\"XXIV LA RUTA DE LA SAL 2011 (TROFEO PEPE FERRES)\" href=\"http:\/\/farm6.static.flickr.com\/5108\/5642831928_26c01dbbfc_b.jpg\"><img loading=\"lazy\" decoding=\"async\" class=\"alignnone\" src=\"http:\/\/farm6.static.flickr.com\/5108\/5642831928_26c01dbbfc.jpg\" alt=\"XXIV LA RUTA DE LA SAL 2011 (TROFEO PEPE FERRES)\" width=\"320\" height=\"229\" \/><\/a> <a class=\"tt-flickr tt-flickr-Medium\" title=\"XXIV LA RUTA DE LA SAL 2011 (TROFEO PEPE FERRES)\" href=\"http:\/\/farm6.static.flickr.com\/5022\/5642832190_ffa1217e20_b.jpg\"><img loading=\"lazy\" decoding=\"async\" class=\"alignnone\" src=\"http:\/\/farm6.static.flickr.com\/5022\/5642832190_ffa1217e20.jpg\" alt=\"XXIV LA RUTA DE LA SAL 2011 (TROFEO PEPE FERRES)\" width=\"320\" height=\"229\" \/><\/a><\/p>\n<p>La XXIV regata de altura de La Ruta de la Sal cuenta con la colaboraci\u00f3n del Consell\u00a0 d\u2019Eivissa,\u00a0 la Conselleries\u00a0 de Turisme y de Industria del Govern de les Illes Balears, el Ajuntament de Sant Antoni de Portmany, la Estaci\u00f3 N\u00e1utica de Sant Antoni y Sant Josep, as\u00ed como de los Ayuntamientos de Denia y Sitges<br \/>\nEsta organizada, por ANAM, Associaci\u00f3 de Navegants d\u2019Altura Mediterranis, en estrecha colaboraci\u00f3n con el CM Port Ginesta, RC N\u00e1utico Denia, CN Sant Antoni de Portmany de Ibiza y la RANC, con el soporte de Ports de Balears, Sociedad Estatal de Salvamento y Seguridad Mar\u00edtima, Guardia Civil del Mar y el apoyo de la Federaci\u00f3 Catalana de Vela, Federaci\u00f3n de Vela de la Comunidad Valenciana y la Federaci\u00f3 Balear de Vela<\/p>\n","protected":false},"excerpt":{"rendered":"<p>A las 22:18:54 h del jueves 21 de abril El velero alem\u00e1n \u201cCaro\u201d de Werner Klink, un 50 pies dise\u00f1ado por Judel\/Vrolijk  para un programa de crucero\/regata, ha cruzado en primera posici\u00f3n  la l\u00ednea  de llegada en Sant Antoni de Portmany,   acumulando un registro, para las 140 millas desde Port Ginesta, en Barcelona, de 13 horas, 18 minutos y 54 segundos.<\/p>\n","protected":false},"author":1,"featured_media":3924,"comment_status":"open","ping_status":"open","sticky":false,"template":"","format":"standard","meta":{"_acf_changed":false,"footnotes":""},"categories":[3],"tags":[],"acf":[],"yoast_head":"<!-- This site is optimized with the Yoast SEO plugin v23.0 - https:\/\/yoast.com\/wordpress\/plugins\/seo\/ -->\n<title>El J\/V-50 \u201cCaro\u201d vencedor en tiempo real de la Versi\u00f3n Norte de La Ruta de la Sal. Con vientos portantes de hasta 31 nudos, los mas r\u00e1pidos navegaron con velocidades media superiores a los 10,5 nudos. | Regata La Ruta de la Sal<\/title>\n<meta name=\"robots\" content=\"noindex, follow, max-snippet:-1, max-image-preview:large, max-video-preview:-1\" \/>\n<meta property=\"og:locale\" content=\"es_ES\" \/>\n<meta property=\"og:type\" content=\"article\" \/>\n<meta property=\"og:title\" content=\"El J\/V-50 \u201cCaro\u201d vencedor en tiempo real de la Versi\u00f3n Norte de La Ruta de la Sal. Con vientos portantes de hasta 31 nudos, los mas r\u00e1pidos navegaron con velocidades media superiores a los 10,5 nudos. | Regata La Ruta de la Sal\" \/>\n<meta property=\"og:description\" content=\"A las 22:18:54 h del jueves 21 de abril El velero alem\u00e1n \u201cCaro\u201d de Werner Klink, un 50 pies dise\u00f1ado por Judel\/Vrolijk para un programa de crucero\/regata, ha cruzado en primera posici\u00f3n la l\u00ednea de llegada en Sant Antoni de Portmany,  acumulando un registro, para las 140 millas desde Port Ginesta, en Barcelona, de 13 horas, 18 minutos y 54 segundos.\" \/>\n<meta property=\"og:url\" content=\"https:\/\/labs.100x100.net\/projects\/rutasal\/el-jv-50-caro-vencedor-en-tiempo-real-de-la-version-norte-de-la-ruta-de-la-sal-con-vientos-portantes-de-hasta-31-nudos-los-mas-rapidos-navegaron-con-velocidades-media-superiores-a\/\" \/>\n<meta property=\"og:site_name\" content=\"Regata La Ruta de la Sal\" \/>\n<meta property=\"article:publisher\" content=\"https:\/\/www.facebook.com\/rutadelasal\/\" \/>\n<meta property=\"article:published_time\" content=\"2011-04-22T07:34:30+00:00\" \/>\n<meta property=\"article:modified_time\" content=\"2019-03-14T10:30:01+00:00\" \/>\n<meta property=\"og:image\" content=\"https:\/\/labs.100x100.net\/projects\/rutasal\/custom\/uploads\/2011\/04\/5640273144_e1b5b97367.jpg\" \/>\n\t<meta property=\"og:image:width\" content=\"500\" \/>\n\t<meta property=\"og:image:height\" content=\"350\" \/>\n\t<meta property=\"og:image:type\" content=\"image\/jpeg\" \/>\n<meta name=\"author\" content=\"La Ruta de la Sal\" \/>\n<meta name=\"twitter:card\" content=\"summary_large_image\" \/>\n<meta name=\"twitter:creator\" content=\"@AnamMedi\" \/>\n<meta name=\"twitter:site\" content=\"@AnamMedi\" \/>\n<meta name=\"twitter:label1\" content=\"Escrito por\" \/>\n\t<meta name=\"twitter:data1\" content=\"La Ruta de la Sal\" \/>\n\t<meta name=\"twitter:label2\" content=\"Tiempo de lectura\" \/>\n\t<meta name=\"twitter:data2\" content=\"3 minutos\" \/>\n<script type=\"application\/ld+json\" class=\"yoast-schema-graph\">{\"@context\":\"https:\/\/schema.org\",\"@graph\":[{\"@type\":\"WebPage\",\"@id\":\"https:\/\/labs.100x100.net\/projects\/rutasal\/el-jv-50-caro-vencedor-en-tiempo-real-de-la-version-norte-de-la-ruta-de-la-sal-con-vientos-portantes-de-hasta-31-nudos-los-mas-rapidos-navegaron-con-velocidades-media-superiores-a\/\",\"url\":\"https:\/\/labs.100x100.net\/projects\/rutasal\/el-jv-50-caro-vencedor-en-tiempo-real-de-la-version-norte-de-la-ruta-de-la-sal-con-vientos-portantes-de-hasta-31-nudos-los-mas-rapidos-navegaron-con-velocidades-media-superiores-a\/\",\"name\":\"El J\/V-50 \u201cCaro\u201d vencedor en tiempo real de la Versi\u00f3n Norte de La Ruta de la Sal. Con vientos portantes de hasta 31 nudos, los mas r\u00e1pidos navegaron con velocidades media superiores a los 10,5 nudos. | Regata La Ruta de la Sal\",\"isPartOf\":{\"@id\":\"https:\/\/labs.100x100.net\/projects\/rutasal\/#website\"},\"primaryImageOfPage\":{\"@id\":\"https:\/\/labs.100x100.net\/projects\/rutasal\/el-jv-50-caro-vencedor-en-tiempo-real-de-la-version-norte-de-la-ruta-de-la-sal-con-vientos-portantes-de-hasta-31-nudos-los-mas-rapidos-navegaron-con-velocidades-media-superiores-a\/#primaryimage\"},\"image\":{\"@id\":\"https:\/\/labs.100x100.net\/projects\/rutasal\/el-jv-50-caro-vencedor-en-tiempo-real-de-la-version-norte-de-la-ruta-de-la-sal-con-vientos-portantes-de-hasta-31-nudos-los-mas-rapidos-navegaron-con-velocidades-media-superiores-a\/#primaryimage\"},\"thumbnailUrl\":\"https:\/\/labs.100x100.net\/projects\/rutasal\/custom\/uploads\/2011\/04\/5640273144_e1b5b97367.jpg\",\"datePublished\":\"2011-04-22T07:34:30+00:00\",\"dateModified\":\"2019-03-14T10:30:01+00:00\",\"author\":{\"@id\":\"https:\/\/labs.100x100.net\/projects\/rutasal\/#\/schema\/person\/214eeb4a2e78fd8373a0a94f6d93c9ca\"},\"breadcrumb\":{\"@id\":\"https:\/\/labs.100x100.net\/projects\/rutasal\/el-jv-50-caro-vencedor-en-tiempo-real-de-la-version-norte-de-la-ruta-de-la-sal-con-vientos-portantes-de-hasta-31-nudos-los-mas-rapidos-navegaron-con-velocidades-media-superiores-a\/#breadcrumb\"},\"inLanguage\":\"es\",\"potentialAction\":[{\"@type\":\"ReadAction\",\"target\":[\"https:\/\/labs.100x100.net\/projects\/rutasal\/el-jv-50-caro-vencedor-en-tiempo-real-de-la-version-norte-de-la-ruta-de-la-sal-con-vientos-portantes-de-hasta-31-nudos-los-mas-rapidos-navegaron-con-velocidades-media-superiores-a\/\"]}]},{\"@type\":\"ImageObject\",\"inLanguage\":\"es\",\"@id\":\"https:\/\/labs.100x100.net\/projects\/rutasal\/el-jv-50-caro-vencedor-en-tiempo-real-de-la-version-norte-de-la-ruta-de-la-sal-con-vientos-portantes-de-hasta-31-nudos-los-mas-rapidos-navegaron-con-velocidades-media-superiores-a\/#primaryimage\",\"url\":\"https:\/\/labs.100x100.net\/projects\/rutasal\/custom\/uploads\/2011\/04\/5640273144_e1b5b97367.jpg\",\"contentUrl\":\"https:\/\/labs.100x100.net\/projects\/rutasal\/custom\/uploads\/2011\/04\/5640273144_e1b5b97367.jpg\",\"width\":500,\"height\":350},{\"@type\":\"BreadcrumbList\",\"@id\":\"https:\/\/labs.100x100.net\/projects\/rutasal\/el-jv-50-caro-vencedor-en-tiempo-real-de-la-version-norte-de-la-ruta-de-la-sal-con-vientos-portantes-de-hasta-31-nudos-los-mas-rapidos-navegaron-con-velocidades-media-superiores-a\/#breadcrumb\",\"itemListElement\":[{\"@type\":\"ListItem\",\"position\":1,\"name\":\"Portada\",\"item\":\"https:\/\/labs.100x100.net\/projects\/rutasal\/\"},{\"@type\":\"ListItem\",\"position\":2,\"name\":\"El J\/V-50 \u201cCaro\u201d vencedor en tiempo real de la Versi\u00f3n Norte de La Ruta de la Sal. Con vientos portantes de hasta 31 nudos, los mas r\u00e1pidos navegaron con velocidades media superiores a los 10,5 nudos.\"}]},{\"@type\":\"WebSite\",\"@id\":\"https:\/\/labs.100x100.net\/projects\/rutasal\/#website\",\"url\":\"https:\/\/labs.100x100.net\/projects\/rutasal\/\",\"name\":\"Regata La Ruta de la Sal\",\"description\":\"Regata La Ruta de la Sal es una regata de Altura Mediterr\u00e1nea para barcos de crucero a vela con destino en Ibiza, que se disputa anualmente en Semana Santa.\",\"potentialAction\":[{\"@type\":\"SearchAction\",\"target\":{\"@type\":\"EntryPoint\",\"urlTemplate\":\"https:\/\/labs.100x100.net\/projects\/rutasal\/?s={search_term_string}\"},\"query-input\":\"required name=search_term_string\"}],\"inLanguage\":\"es\"},{\"@type\":\"Person\",\"@id\":\"https:\/\/labs.100x100.net\/projects\/rutasal\/#\/schema\/person\/214eeb4a2e78fd8373a0a94f6d93c9ca\",\"name\":\"La Ruta de la Sal\",\"image\":{\"@type\":\"ImageObject\",\"inLanguage\":\"es\",\"@id\":\"https:\/\/labs.100x100.net\/projects\/rutasal\/#\/schema\/person\/image\/\",\"url\":\"https:\/\/secure.gravatar.com\/avatar\/b247286d4b801d6b1cfcfb3807587284?s=96&d=mm&r=g\",\"contentUrl\":\"https:\/\/secure.gravatar.com\/avatar\/b247286d4b801d6b1cfcfb3807587284?s=96&d=mm&r=g\",\"caption\":\"La Ruta de la Sal\"}}]}<\/script>\n<!-- \/ Yoast SEO plugin. -->","yoast_head_json":{"title":"El J\/V-50 \u201cCaro\u201d vencedor en tiempo real de la Versi\u00f3n Norte de La Ruta de la Sal. Con vientos portantes de hasta 31 nudos, los mas r\u00e1pidos navegaron con velocidades media superiores a los 10,5 nudos. | Regata La Ruta de la Sal","robots":{"index":"noindex","follow":"follow","max-snippet":"max-snippet:-1","max-image-preview":"max-image-preview:large","max-video-preview":"max-video-preview:-1"},"og_locale":"es_ES","og_type":"article","og_title":"El J\/V-50 \u201cCaro\u201d vencedor en tiempo real de la Versi\u00f3n Norte de La Ruta de la Sal. Con vientos portantes de hasta 31 nudos, los mas r\u00e1pidos navegaron con velocidades media superiores a los 10,5 nudos. | Regata La Ruta de la Sal","og_description":"A las 22:18:54 h del jueves 21 de abril El velero alem\u00e1n \u201cCaro\u201d de Werner Klink, un 50 pies dise\u00f1ado por Judel\/Vrolijk para un programa de crucero\/regata, ha cruzado en primera posici\u00f3n la l\u00ednea de llegada en Sant Antoni de Portmany,  acumulando un registro, para las 140 millas desde Port Ginesta, en Barcelona, de 13 horas, 18 minutos y 54 segundos.","og_url":"https:\/\/labs.100x100.net\/projects\/rutasal\/el-jv-50-caro-vencedor-en-tiempo-real-de-la-version-norte-de-la-ruta-de-la-sal-con-vientos-portantes-de-hasta-31-nudos-los-mas-rapidos-navegaron-con-velocidades-media-superiores-a\/","og_site_name":"Regata La Ruta de la Sal","article_publisher":"https:\/\/www.facebook.com\/rutadelasal\/","article_published_time":"2011-04-22T07:34:30+00:00","article_modified_time":"2019-03-14T10:30:01+00:00","og_image":[{"width":500,"height":350,"url":"https:\/\/labs.100x100.net\/projects\/rutasal\/custom\/uploads\/2011\/04\/5640273144_e1b5b97367.jpg","type":"image\/jpeg"}],"author":"La Ruta de la Sal","twitter_card":"summary_large_image","twitter_creator":"@AnamMedi","twitter_site":"@AnamMedi","twitter_misc":{"Escrito por":"La Ruta de la Sal","Tiempo de lectura":"3 minutos"},"schema":{"@context":"https:\/\/schema.org","@graph":[{"@type":"WebPage","@id":"https:\/\/labs.100x100.net\/projects\/rutasal\/el-jv-50-caro-vencedor-en-tiempo-real-de-la-version-norte-de-la-ruta-de-la-sal-con-vientos-portantes-de-hasta-31-nudos-los-mas-rapidos-navegaron-con-velocidades-media-superiores-a\/","url":"https:\/\/labs.100x100.net\/projects\/rutasal\/el-jv-50-caro-vencedor-en-tiempo-real-de-la-version-norte-de-la-ruta-de-la-sal-con-vientos-portantes-de-hasta-31-nudos-los-mas-rapidos-navegaron-con-velocidades-media-superiores-a\/","name":"El J\/V-50 \u201cCaro\u201d vencedor en tiempo real de la Versi\u00f3n Norte de La Ruta de la Sal. Con vientos portantes de hasta 31 nudos, los mas r\u00e1pidos navegaron con velocidades media superiores a los 10,5 nudos. | Regata La Ruta de la Sal","isPartOf":{"@id":"https:\/\/labs.100x100.net\/projects\/rutasal\/#website"},"primaryImageOfPage":{"@id":"https:\/\/labs.100x100.net\/projects\/rutasal\/el-jv-50-caro-vencedor-en-tiempo-real-de-la-version-norte-de-la-ruta-de-la-sal-con-vientos-portantes-de-hasta-31-nudos-los-mas-rapidos-navegaron-con-velocidades-media-superiores-a\/#primaryimage"},"image":{"@id":"https:\/\/labs.100x100.net\/projects\/rutasal\/el-jv-50-caro-vencedor-en-tiempo-real-de-la-version-norte-de-la-ruta-de-la-sal-con-vientos-portantes-de-hasta-31-nudos-los-mas-rapidos-navegaron-con-velocidades-media-superiores-a\/#primaryimage"},"thumbnailUrl":"https:\/\/labs.100x100.net\/projects\/rutasal\/custom\/uploads\/2011\/04\/5640273144_e1b5b97367.jpg","datePublished":"2011-04-22T07:34:30+00:00","dateModified":"2019-03-14T10:30:01+00:00","author":{"@id":"https:\/\/labs.100x100.net\/projects\/rutasal\/#\/schema\/person\/214eeb4a2e78fd8373a0a94f6d93c9ca"},"breadcrumb":{"@id":"https:\/\/labs.100x100.net\/projects\/rutasal\/el-jv-50-caro-vencedor-en-tiempo-real-de-la-version-norte-de-la-ruta-de-la-sal-con-vientos-portantes-de-hasta-31-nudos-los-mas-rapidos-navegaron-con-velocidades-media-superiores-a\/#breadcrumb"},"inLanguage":"es","potentialAction":[{"@type":"ReadAction","target":["https:\/\/labs.100x100.net\/projects\/rutasal\/el-jv-50-caro-vencedor-en-tiempo-real-de-la-version-norte-de-la-ruta-de-la-sal-con-vientos-portantes-de-hasta-31-nudos-los-mas-rapidos-navegaron-con-velocidades-media-superiores-a\/"]}]},{"@type":"ImageObject","inLanguage":"es","@id":"https:\/\/labs.100x100.net\/projects\/rutasal\/el-jv-50-caro-vencedor-en-tiempo-real-de-la-version-norte-de-la-ruta-de-la-sal-con-vientos-portantes-de-hasta-31-nudos-los-mas-rapidos-navegaron-con-velocidades-media-superiores-a\/#primaryimage","url":"https:\/\/labs.100x100.net\/projects\/rutasal\/custom\/uploads\/2011\/04\/5640273144_e1b5b97367.jpg","contentUrl":"https:\/\/labs.100x100.net\/projects\/rutasal\/custom\/uploads\/2011\/04\/5640273144_e1b5b97367.jpg","width":500,"height":350},{"@type":"BreadcrumbList","@id":"https:\/\/labs.100x100.net\/projects\/rutasal\/el-jv-50-caro-vencedor-en-tiempo-real-de-la-version-norte-de-la-ruta-de-la-sal-con-vientos-portantes-de-hasta-31-nudos-los-mas-rapidos-navegaron-con-velocidades-media-superiores-a\/#breadcrumb","itemListElement":[{"@type":"ListItem","position":1,"name":"Portada","item":"https:\/\/labs.100x100.net\/projects\/rutasal\/"},{"@type":"ListItem","position":2,"name":"El J\/V-50 \u201cCaro\u201d vencedor en tiempo real de la Versi\u00f3n Norte de La Ruta de la Sal. Con vientos portantes de hasta 31 nudos, los mas r\u00e1pidos navegaron con velocidades media superiores a los 10,5 nudos."}]},{"@type":"WebSite","@id":"https:\/\/labs.100x100.net\/projects\/rutasal\/#website","url":"https:\/\/labs.100x100.net\/projects\/rutasal\/","name":"Regata La Ruta de la Sal","description":"Regata La Ruta de la Sal es una regata de Altura Mediterr\u00e1nea para barcos de crucero a vela con destino en Ibiza, que se disputa anualmente en Semana Santa.","potentialAction":[{"@type":"SearchAction","target":{"@type":"EntryPoint","urlTemplate":"https:\/\/labs.100x100.net\/projects\/rutasal\/?s={search_term_string}"},"query-input":"required name=search_term_string"}],"inLanguage":"es"},{"@type":"Person","@id":"https:\/\/labs.100x100.net\/projects\/rutasal\/#\/schema\/person\/214eeb4a2e78fd8373a0a94f6d93c9ca","name":"La Ruta de la Sal","image":{"@type":"ImageObject","inLanguage":"es","@id":"https:\/\/labs.100x100.net\/projects\/rutasal\/#\/schema\/person\/image\/","url":"https:\/\/secure.gravatar.com\/avatar\/b247286d4b801d6b1cfcfb3807587284?s=96&d=mm&r=g","contentUrl":"https:\/\/secure.gravatar.com\/avatar\/b247286d4b801d6b1cfcfb3807587284?s=96&d=mm&r=g","caption":"La Ruta de la Sal"}}]}},"_links":{"self":[{"href":"https:\/\/labs.100x100.net\/projects\/rutasal\/wp-json\/wp\/v2\/posts\/544"}],"collection":[{"href":"https:\/\/labs.100x100.net\/projects\/rutasal\/wp-json\/wp\/v2\/posts"}],"about":[{"href":"https:\/\/labs.100x100.net\/projects\/rutasal\/wp-json\/wp\/v2\/types\/post"}],"author":[{"embeddable":true,"href":"https:\/\/labs.100x100.net\/projects\/rutasal\/wp-json\/wp\/v2\/users\/1"}],"replies":[{"embeddable":true,"href":"https:\/\/labs.100x100.net\/projects\/rutasal\/wp-json\/wp\/v2\/comments?post=544"}],"version-history":[{"count":1,"href":"https:\/\/labs.100x100.net\/projects\/rutasal\/wp-json\/wp\/v2\/posts\/544\/revisions"}],"predecessor-version":[{"id":3925,"href":"https:\/\/labs.100x100.net\/projects\/rutasal\/wp-json\/wp\/v2\/posts\/544\/revisions\/3925"}],"wp:featuredmedia":[{"embeddable":true,"href":"https:\/\/labs.100x100.net\/projects\/rutasal\/wp-json\/wp\/v2\/media\/3924"}],"wp:attachment":[{"href":"https:\/\/labs.100x100.net\/projects\/rutasal\/wp-json\/wp\/v2\/media?parent=544"}],"wp:term":[{"taxonomy":"category","embeddable":true,"href":"https:\/\/labs.100x100.net\/projects\/rutasal\/wp-json\/wp\/v2\/categories?post=544"},{"taxonomy":"post_tag","embeddable":true,"href":"https:\/\/labs.100x100.net\/projects\/rutasal\/wp-json\/wp\/v2\/tags?post=544"}],"curies":[{"name":"wp","href":"https:\/\/api.w.org\/{rel}","templated":true}]}}