{"id":531,"date":"2011-04-21T10:52:46","date_gmt":"2011-04-21T10:52:46","guid":{"rendered":"https:\/\/larutadelasal.com\/?p=531"},"modified":"2019-03-14T12:30:36","modified_gmt":"2019-03-14T10:30:36","slug":"espectacular-salida-de-la-version-norte-desde-port-ginesta-vientos-de-mas-de-20-nudos-del-ene-aseguran-una-regata-rapida-y-muy-competitiva-los-barcos-mas-rapidos-podrian-llegar-a-sant-antoni-de-port","status":"publish","type":"post","link":"https:\/\/labs.100x100.net\/projects\/rutasal\/espectacular-salida-de-la-version-norte-desde-port-ginesta-vientos-de-mas-de-20-nudos-del-ene-aseguran-una-regata-rapida-y-muy-competitiva-los-barcos-mas-rapidos-podrian-llegar-a-sant-antoni-de-port\/","title":{"rendered":"Espectacular salida de la Versi\u00f3n Norte desde Port Ginesta; vientos de m\u00e1s de 20 nudos del ENE aseguran una regata r\u00e1pida y muy competitiva. Los barcos m\u00e1s r\u00e1pidos podr\u00edan llegar a Sant Antoni de Portmany esta misma noche."},"content":{"rendered":"<h1>El mal tiempo obliga a adelantar la salida de la Versi\u00f3n Norte, mientras que la salida de la Versi\u00f3n Este se aplaza, por el momento, hasta ma\u00f1ana, viernes 22, por la ma\u00f1ana.<\/h1>\n<h1>Espectacular salida de la Versi\u00f3n Norte desde Port Ginesta; vientos de m\u00e1s de 20 nudos del ENE aseguran una regata r\u00e1pida y muy competitiva.<br \/>\nLos barcos m\u00e1s r\u00e1pidos podr\u00edan llegar a Sant Antoni de Portmany esta misma noche.<\/h1>\n<p><a class=\"tt-flickr tt-flickr-Medium\" title=\"DSC_3784\" href=\"http:\/\/farm6.static.flickr.com\/5142\/5640272578_882bf5f967_b.jpg\"><img loading=\"lazy\" decoding=\"async\" class=\"alignnone\" src=\"http:\/\/farm6.static.flickr.com\/5142\/5640272578_882bf5f967.jpg\" alt=\"DSC_3784\" width=\"657\" height=\"380\" \/><\/a><\/p>\n<p><strong>Hoy a las 9:00 h<\/strong> se ha dado la salida, desde Port Ginesta en Barcelona, de la <strong>Versi\u00f3n Norte de la regata de altura de La Ruta de La Sal.<\/strong> Una salida adelantada en tres horas sobre las previsiones iniciales de la organizaci\u00f3n, con el objetivo de atenuar, en la medida de lo posible, las consecuencias de dif\u00edciles condiciones meteorol\u00f3gicas que se prev\u00e9n para el Mar Balear para hoy a partir de las 18:00 h.<\/p>\n<p><strong>Con vientos de entre 17 y 22 nudos del ENE finalmente han tomado la salida 80 embarcaciones<\/strong> para las que la navegaci\u00f3n hasta Sant Antoni de Portmany en Ibiza se perfila como una rapid\u00edsima singladura de unas 140 millas que, normalmente ser\u00e1n cubiertas con vientos portantes que podr\u00edan llegar hasta los 25\/30 nudos. Adelant\u00e1ndose la entrada de fuertes chubascos que, de alguna manera, van a hacer que esta 24 edici\u00f3n de La Sal sea recordada como una regata dura y extremadamente r\u00e1pida. Un escenario muy selectivo, apto exclusivamente para equipos muy preparados y un importante \u00e9xito de participaci\u00f3n si consideramos todo lo comentado hasta ahora.<\/p>\n<p><strong><a class=\"tt-flickr tt-flickr-Medium\" title=\"DSC_3815\" href=\"http:\/\/farm6.static.flickr.com\/5149\/5640273144_e1b5b97367_b.jpg\"><img loading=\"lazy\" decoding=\"async\" class=\"alignnone\" src=\"http:\/\/farm6.static.flickr.com\/5149\/5640273144_e1b5b97367.jpg\" alt=\"DSC_3815\" width=\"320\" height=\"229\" \/><\/a> L<a class=\"tt-flickr tt-flickr-Medium\" title=\"DSC_3915\" href=\"http:\/\/farm6.static.flickr.com\/5108\/5640274096_fd29c5b37d_b.jpg\"><img loading=\"lazy\" decoding=\"async\" class=\"alignnone\" src=\"http:\/\/farm6.static.flickr.com\/5108\/5640274096_fd29c5b37d.jpg\" alt=\"DSC_3915\" width=\"320\" height=\"229\" \/><\/a> <\/strong><\/p>\n<p><strong>La salida de la Versi\u00f3n Este <\/strong>desde Denia a Ibiza que estaba prevista para las 14:00 h de hoy ha sido aplazada a las 9:00 h de ma\u00f1ana. Seg\u00fan indico Marc Miratvilles, Director de la Ruta de la Sal y responsable t\u00e9cnico directo de la Versi\u00f3n Este, \u201clas condiciones metereologicas de hoy en Denia son muy complicadas; el pronostico habla de vientos de hasta fuerza 6 de NE y, en el canal entre Denia e Ibiza, a partir de las 19:00 h. chubascos muy duros. Todo esto soportando una marejada importante que, en zona puntuales podr\u00eda ser incluso fuerte marejada. En general, indico Miratvilles, un panorama muy complicado, que augura una navegaci\u00f3n extremadamente dura. Muy propicia para roturas y otros problemas que es siempre mejor evitar. Por esto hemos decidido aplazar la salida a ma\u00f1ana a las 9:00 h. Muy en\u00a0 especial considerando que la previsi\u00f3n habla de vientos del SO de fuerza 3 \u2013 4. Tambi\u00e9n, concluyo el Director de la Regata, acortaremos el recorrido obligado a la flota a competir sobre una singladura de unas 60 millas con rumbo directo a Sant Antoni de Portmany. Con lo que, en principio si las previsiones se cumplen los participantes de la Versi\u00f3n Este podr\u00edan llegar a Ibiza a ultimas horas de la tarde del Viernes 22. Pr\u00e1cticamente en las mismas franjas horarias que se hubiesen registrado con salida hoy sobre el recorrido t\u00edpico de esta Versi\u00f3n\u201d<\/p>\n<p><a class=\"tt-flickr tt-flickr-Medium\" title=\"DSC_4049\" href=\"http:\/\/farm6.static.flickr.com\/5263\/5640276028_8b3c027a28_b.jpg\"><img loading=\"lazy\" decoding=\"async\" class=\"alignnone\" src=\"http:\/\/farm6.static.flickr.com\/5263\/5640276028_8b3c027a28.jpg\" alt=\"DSC_4049\" width=\"320\" height=\"229\" \/><\/a> <a class=\"tt-flickr tt-flickr-Medium\" title=\"DSC_4013\" href=\"http:\/\/farm6.static.flickr.com\/5141\/5639702251_20cdfc02b4_b.jpg\"><img loading=\"lazy\" decoding=\"async\" class=\"alignnone\" src=\"http:\/\/farm6.static.flickr.com\/5141\/5639702251_20cdfc02b4.jpg\" alt=\"DSC_4013\" width=\"320\" height=\"229\" \/><\/a><\/p>\n<p>A la hora de cerrar este avance informativo indicar que los participantes de la Versi\u00f3n Norte, tras casi dos horas de competici\u00f3n, navegan a gran velocidad, muchos de ellos soportando spinnakers, con vientos portantes de unos 25 nudos y una mar formada que, por el momento, contribuye a que la regata sea, muy din\u00e1mica y divertida. Los barcos de mayor eslora, como el Swam 56 \u201cClem\u201d o el\u00a0 JV 50 pies \u201cCaro\u201d, el GS 46 \u201cGramona\u201d, entre otros, en estas condiciones, est\u00e1n marcando importantes diferencias en velocidades reales. Si bien la inestabilidad metereologica, siempre bajo escenarios muy duros, que se adelanta para las pr\u00f3ximas horas hacen muy dif\u00edcil establecer, a estas alturas, pron\u00f3sticos deportivos.<\/p>\n<p>La XXIV regata de altura de La Ruta de la Sal cuenta con la colaboraci\u00f3n del Consell\u00a0 d\u2019Eivissa,\u00a0 la Conselleries\u00a0 de Turisme y de Industria del Govern de les Illes Balears, el Ajuntament de Sant Antoni de Portmany, la Estaci\u00f3 N\u00e1utica de Sant Antoni y Sant Josep, as\u00ed como de los Ayuntamientos de Denia y Sitges<br \/>\nEsta organizada, por ANAM, Associaci\u00f3 de Navegants d\u2019Altura Mediterranis, en estrecha colaboraci\u00f3n con el CM Port Ginesta, RC N\u00e1utico Denia, CN Sant Antoni de Portmany de Ibiza y la RANC, con el soporte de Ports de Balears, Sociedad Estatal de Salvamento y Seguridad Mar\u00edtima, Guardia Civil del Mar y el apoyo de la Federaci\u00f3 Catalana de Vela, Federaci\u00f3n de Vela de la Comunidad Valenciana y la Federaci\u00f3 Balear de Vela<\/p>\n","protected":false},"excerpt":{"rendered":"<p>El mal tiempo obliga a adelantar la salida de la Versi\u00f3n Norte, mientras que la salida de la Versi\u00f3n Este se aplaza, por el momento, hasta ma\u00f1ana, viernes 22, por la ma\u00f1ana. Espectacular salida de la Versi\u00f3n Norte desde Port Ginesta; vientos de m\u00e1s de 20 nudos del ENE aseguran una regata r\u00e1pida y muy [&hellip;]<\/p>\n","protected":false},"author":1,"featured_media":3926,"comment_status":"open","ping_status":"open","sticky":false,"template":"","format":"standard","meta":{"_acf_changed":false,"footnotes":""},"categories":[3],"tags":[],"acf":[],"yoast_head":"<!-- This site is optimized with the Yoast SEO plugin v23.0 - https:\/\/yoast.com\/wordpress\/plugins\/seo\/ -->\n<title>Espectacular salida de la Versi\u00f3n Norte desde Port Ginesta; vientos de m\u00e1s de 20 nudos del ENE aseguran una regata r\u00e1pida y muy competitiva. Los barcos m\u00e1s r\u00e1pidos podr\u00edan llegar a Sant Antoni de Portmany esta misma noche. | Regata La Ruta de la Sal<\/title>\n<meta name=\"robots\" content=\"noindex, follow, max-snippet:-1, max-image-preview:large, max-video-preview:-1\" \/>\n<meta property=\"og:locale\" content=\"es_ES\" \/>\n<meta property=\"og:type\" content=\"article\" \/>\n<meta property=\"og:title\" content=\"Espectacular salida de la Versi\u00f3n Norte desde Port Ginesta; vientos de m\u00e1s de 20 nudos del ENE aseguran una regata r\u00e1pida y muy competitiva. Los barcos m\u00e1s r\u00e1pidos podr\u00edan llegar a Sant Antoni de Portmany esta misma noche. | Regata La Ruta de la Sal\" \/>\n<meta property=\"og:description\" content=\"El mal tiempo obliga a adelantar la salida de la Versi\u00f3n Norte, mientras que la salida de la Versi\u00f3n Este se aplaza, por el momento, hasta ma\u00f1ana, viernes 22, por la ma\u00f1ana. Espectacular salida de la Versi\u00f3n Norte desde Port Ginesta; vientos de m\u00e1s de 20 nudos del ENE aseguran una regata r\u00e1pida y muy [&hellip;]\" \/>\n<meta property=\"og:url\" content=\"https:\/\/labs.100x100.net\/projects\/rutasal\/espectacular-salida-de-la-version-norte-desde-port-ginesta-vientos-de-mas-de-20-nudos-del-ene-aseguran-una-regata-rapida-y-muy-competitiva-los-barcos-mas-rapidos-podrian-llegar-a-sant-antoni-de-port\/\" \/>\n<meta property=\"og:site_name\" content=\"Regata La Ruta de la Sal\" \/>\n<meta property=\"article:publisher\" content=\"https:\/\/www.facebook.com\/rutadelasal\/\" \/>\n<meta property=\"article:published_time\" content=\"2011-04-21T10:52:46+00:00\" \/>\n<meta property=\"article:modified_time\" content=\"2019-03-14T10:30:36+00:00\" \/>\n<meta property=\"og:image\" content=\"https:\/\/labs.100x100.net\/projects\/rutasal\/custom\/uploads\/2011\/04\/5640272578_882bf5f967.jpg\" \/>\n\t<meta property=\"og:image:width\" content=\"500\" \/>\n\t<meta property=\"og:image:height\" content=\"350\" \/>\n\t<meta property=\"og:image:type\" content=\"image\/jpeg\" \/>\n<meta name=\"author\" content=\"La Ruta de la Sal\" \/>\n<meta name=\"twitter:card\" content=\"summary_large_image\" \/>\n<meta name=\"twitter:creator\" content=\"@AnamMedi\" \/>\n<meta name=\"twitter:site\" content=\"@AnamMedi\" \/>\n<meta name=\"twitter:label1\" content=\"Escrito por\" \/>\n\t<meta name=\"twitter:data1\" content=\"La Ruta de la Sal\" \/>\n\t<meta name=\"twitter:label2\" content=\"Tiempo de lectura\" \/>\n\t<meta name=\"twitter:data2\" content=\"4 minutos\" \/>\n<script type=\"application\/ld+json\" class=\"yoast-schema-graph\">{\"@context\":\"https:\/\/schema.org\",\"@graph\":[{\"@type\":\"WebPage\",\"@id\":\"https:\/\/labs.100x100.net\/projects\/rutasal\/espectacular-salida-de-la-version-norte-desde-port-ginesta-vientos-de-mas-de-20-nudos-del-ene-aseguran-una-regata-rapida-y-muy-competitiva-los-barcos-mas-rapidos-podrian-llegar-a-sant-antoni-de-port\/\",\"url\":\"https:\/\/labs.100x100.net\/projects\/rutasal\/espectacular-salida-de-la-version-norte-desde-port-ginesta-vientos-de-mas-de-20-nudos-del-ene-aseguran-una-regata-rapida-y-muy-competitiva-los-barcos-mas-rapidos-podrian-llegar-a-sant-antoni-de-port\/\",\"name\":\"Espectacular salida de la Versi\u00f3n Norte desde Port Ginesta; vientos de m\u00e1s de 20 nudos del ENE aseguran una regata r\u00e1pida y muy competitiva. Los barcos m\u00e1s r\u00e1pidos podr\u00edan llegar a Sant Antoni de Portmany esta misma noche. | Regata La Ruta de la Sal\",\"isPartOf\":{\"@id\":\"https:\/\/labs.100x100.net\/projects\/rutasal\/#website\"},\"primaryImageOfPage\":{\"@id\":\"https:\/\/labs.100x100.net\/projects\/rutasal\/espectacular-salida-de-la-version-norte-desde-port-ginesta-vientos-de-mas-de-20-nudos-del-ene-aseguran-una-regata-rapida-y-muy-competitiva-los-barcos-mas-rapidos-podrian-llegar-a-sant-antoni-de-port\/#primaryimage\"},\"image\":{\"@id\":\"https:\/\/labs.100x100.net\/projects\/rutasal\/espectacular-salida-de-la-version-norte-desde-port-ginesta-vientos-de-mas-de-20-nudos-del-ene-aseguran-una-regata-rapida-y-muy-competitiva-los-barcos-mas-rapidos-podrian-llegar-a-sant-antoni-de-port\/#primaryimage\"},\"thumbnailUrl\":\"https:\/\/labs.100x100.net\/projects\/rutasal\/custom\/uploads\/2011\/04\/5640272578_882bf5f967.jpg\",\"datePublished\":\"2011-04-21T10:52:46+00:00\",\"dateModified\":\"2019-03-14T10:30:36+00:00\",\"author\":{\"@id\":\"https:\/\/labs.100x100.net\/projects\/rutasal\/#\/schema\/person\/214eeb4a2e78fd8373a0a94f6d93c9ca\"},\"breadcrumb\":{\"@id\":\"https:\/\/labs.100x100.net\/projects\/rutasal\/espectacular-salida-de-la-version-norte-desde-port-ginesta-vientos-de-mas-de-20-nudos-del-ene-aseguran-una-regata-rapida-y-muy-competitiva-los-barcos-mas-rapidos-podrian-llegar-a-sant-antoni-de-port\/#breadcrumb\"},\"inLanguage\":\"es\",\"potentialAction\":[{\"@type\":\"ReadAction\",\"target\":[\"https:\/\/labs.100x100.net\/projects\/rutasal\/espectacular-salida-de-la-version-norte-desde-port-ginesta-vientos-de-mas-de-20-nudos-del-ene-aseguran-una-regata-rapida-y-muy-competitiva-los-barcos-mas-rapidos-podrian-llegar-a-sant-antoni-de-port\/\"]}]},{\"@type\":\"ImageObject\",\"inLanguage\":\"es\",\"@id\":\"https:\/\/labs.100x100.net\/projects\/rutasal\/espectacular-salida-de-la-version-norte-desde-port-ginesta-vientos-de-mas-de-20-nudos-del-ene-aseguran-una-regata-rapida-y-muy-competitiva-los-barcos-mas-rapidos-podrian-llegar-a-sant-antoni-de-port\/#primaryimage\",\"url\":\"https:\/\/labs.100x100.net\/projects\/rutasal\/custom\/uploads\/2011\/04\/5640272578_882bf5f967.jpg\",\"contentUrl\":\"https:\/\/labs.100x100.net\/projects\/rutasal\/custom\/uploads\/2011\/04\/5640272578_882bf5f967.jpg\",\"width\":500,\"height\":350},{\"@type\":\"BreadcrumbList\",\"@id\":\"https:\/\/labs.100x100.net\/projects\/rutasal\/espectacular-salida-de-la-version-norte-desde-port-ginesta-vientos-de-mas-de-20-nudos-del-ene-aseguran-una-regata-rapida-y-muy-competitiva-los-barcos-mas-rapidos-podrian-llegar-a-sant-antoni-de-port\/#breadcrumb\",\"itemListElement\":[{\"@type\":\"ListItem\",\"position\":1,\"name\":\"Portada\",\"item\":\"https:\/\/labs.100x100.net\/projects\/rutasal\/\"},{\"@type\":\"ListItem\",\"position\":2,\"name\":\"Espectacular salida de la Versi\u00f3n Norte desde Port Ginesta; vientos de m\u00e1s de 20 nudos del ENE aseguran una regata r\u00e1pida y muy competitiva. Los barcos m\u00e1s r\u00e1pidos podr\u00edan llegar a Sant Antoni de Portmany esta misma noche.\"}]},{\"@type\":\"WebSite\",\"@id\":\"https:\/\/labs.100x100.net\/projects\/rutasal\/#website\",\"url\":\"https:\/\/labs.100x100.net\/projects\/rutasal\/\",\"name\":\"Regata La Ruta de la Sal\",\"description\":\"Regata La Ruta de la Sal es una regata de Altura Mediterr\u00e1nea para barcos de crucero a vela con destino en Ibiza, que se disputa anualmente en Semana Santa.\",\"potentialAction\":[{\"@type\":\"SearchAction\",\"target\":{\"@type\":\"EntryPoint\",\"urlTemplate\":\"https:\/\/labs.100x100.net\/projects\/rutasal\/?s={search_term_string}\"},\"query-input\":\"required name=search_term_string\"}],\"inLanguage\":\"es\"},{\"@type\":\"Person\",\"@id\":\"https:\/\/labs.100x100.net\/projects\/rutasal\/#\/schema\/person\/214eeb4a2e78fd8373a0a94f6d93c9ca\",\"name\":\"La Ruta de la Sal\",\"image\":{\"@type\":\"ImageObject\",\"inLanguage\":\"es\",\"@id\":\"https:\/\/labs.100x100.net\/projects\/rutasal\/#\/schema\/person\/image\/\",\"url\":\"https:\/\/secure.gravatar.com\/avatar\/b247286d4b801d6b1cfcfb3807587284?s=96&d=mm&r=g\",\"contentUrl\":\"https:\/\/secure.gravatar.com\/avatar\/b247286d4b801d6b1cfcfb3807587284?s=96&d=mm&r=g\",\"caption\":\"La Ruta de la Sal\"}}]}<\/script>\n<!-- \/ Yoast SEO plugin. -->","yoast_head_json":{"title":"Espectacular salida de la Versi\u00f3n Norte desde Port Ginesta; vientos de m\u00e1s de 20 nudos del ENE aseguran una regata r\u00e1pida y muy competitiva. Los barcos m\u00e1s r\u00e1pidos podr\u00edan llegar a Sant Antoni de Portmany esta misma noche. | Regata La Ruta de la Sal","robots":{"index":"noindex","follow":"follow","max-snippet":"max-snippet:-1","max-image-preview":"max-image-preview:large","max-video-preview":"max-video-preview:-1"},"og_locale":"es_ES","og_type":"article","og_title":"Espectacular salida de la Versi\u00f3n Norte desde Port Ginesta; vientos de m\u00e1s de 20 nudos del ENE aseguran una regata r\u00e1pida y muy competitiva. Los barcos m\u00e1s r\u00e1pidos podr\u00edan llegar a Sant Antoni de Portmany esta misma noche. | Regata La Ruta de la Sal","og_description":"El mal tiempo obliga a adelantar la salida de la Versi\u00f3n Norte, mientras que la salida de la Versi\u00f3n Este se aplaza, por el momento, hasta ma\u00f1ana, viernes 22, por la ma\u00f1ana. Espectacular salida de la Versi\u00f3n Norte desde Port Ginesta; vientos de m\u00e1s de 20 nudos del ENE aseguran una regata r\u00e1pida y muy [&hellip;]","og_url":"https:\/\/labs.100x100.net\/projects\/rutasal\/espectacular-salida-de-la-version-norte-desde-port-ginesta-vientos-de-mas-de-20-nudos-del-ene-aseguran-una-regata-rapida-y-muy-competitiva-los-barcos-mas-rapidos-podrian-llegar-a-sant-antoni-de-port\/","og_site_name":"Regata La Ruta de la Sal","article_publisher":"https:\/\/www.facebook.com\/rutadelasal\/","article_published_time":"2011-04-21T10:52:46+00:00","article_modified_time":"2019-03-14T10:30:36+00:00","og_image":[{"width":500,"height":350,"url":"https:\/\/labs.100x100.net\/projects\/rutasal\/custom\/uploads\/2011\/04\/5640272578_882bf5f967.jpg","type":"image\/jpeg"}],"author":"La Ruta de la Sal","twitter_card":"summary_large_image","twitter_creator":"@AnamMedi","twitter_site":"@AnamMedi","twitter_misc":{"Escrito por":"La Ruta de la Sal","Tiempo de lectura":"4 minutos"},"schema":{"@context":"https:\/\/schema.org","@graph":[{"@type":"WebPage","@id":"https:\/\/labs.100x100.net\/projects\/rutasal\/espectacular-salida-de-la-version-norte-desde-port-ginesta-vientos-de-mas-de-20-nudos-del-ene-aseguran-una-regata-rapida-y-muy-competitiva-los-barcos-mas-rapidos-podrian-llegar-a-sant-antoni-de-port\/","url":"https:\/\/labs.100x100.net\/projects\/rutasal\/espectacular-salida-de-la-version-norte-desde-port-ginesta-vientos-de-mas-de-20-nudos-del-ene-aseguran-una-regata-rapida-y-muy-competitiva-los-barcos-mas-rapidos-podrian-llegar-a-sant-antoni-de-port\/","name":"Espectacular salida de la Versi\u00f3n Norte desde Port Ginesta; vientos de m\u00e1s de 20 nudos del ENE aseguran una regata r\u00e1pida y muy competitiva. Los barcos m\u00e1s r\u00e1pidos podr\u00edan llegar a Sant Antoni de Portmany esta misma noche. | Regata La Ruta de la Sal","isPartOf":{"@id":"https:\/\/labs.100x100.net\/projects\/rutasal\/#website"},"primaryImageOfPage":{"@id":"https:\/\/labs.100x100.net\/projects\/rutasal\/espectacular-salida-de-la-version-norte-desde-port-ginesta-vientos-de-mas-de-20-nudos-del-ene-aseguran-una-regata-rapida-y-muy-competitiva-los-barcos-mas-rapidos-podrian-llegar-a-sant-antoni-de-port\/#primaryimage"},"image":{"@id":"https:\/\/labs.100x100.net\/projects\/rutasal\/espectacular-salida-de-la-version-norte-desde-port-ginesta-vientos-de-mas-de-20-nudos-del-ene-aseguran-una-regata-rapida-y-muy-competitiva-los-barcos-mas-rapidos-podrian-llegar-a-sant-antoni-de-port\/#primaryimage"},"thumbnailUrl":"https:\/\/labs.100x100.net\/projects\/rutasal\/custom\/uploads\/2011\/04\/5640272578_882bf5f967.jpg","datePublished":"2011-04-21T10:52:46+00:00","dateModified":"2019-03-14T10:30:36+00:00","author":{"@id":"https:\/\/labs.100x100.net\/projects\/rutasal\/#\/schema\/person\/214eeb4a2e78fd8373a0a94f6d93c9ca"},"breadcrumb":{"@id":"https:\/\/labs.100x100.net\/projects\/rutasal\/espectacular-salida-de-la-version-norte-desde-port-ginesta-vientos-de-mas-de-20-nudos-del-ene-aseguran-una-regata-rapida-y-muy-competitiva-los-barcos-mas-rapidos-podrian-llegar-a-sant-antoni-de-port\/#breadcrumb"},"inLanguage":"es","potentialAction":[{"@type":"ReadAction","target":["https:\/\/labs.100x100.net\/projects\/rutasal\/espectacular-salida-de-la-version-norte-desde-port-ginesta-vientos-de-mas-de-20-nudos-del-ene-aseguran-una-regata-rapida-y-muy-competitiva-los-barcos-mas-rapidos-podrian-llegar-a-sant-antoni-de-port\/"]}]},{"@type":"ImageObject","inLanguage":"es","@id":"https:\/\/labs.100x100.net\/projects\/rutasal\/espectacular-salida-de-la-version-norte-desde-port-ginesta-vientos-de-mas-de-20-nudos-del-ene-aseguran-una-regata-rapida-y-muy-competitiva-los-barcos-mas-rapidos-podrian-llegar-a-sant-antoni-de-port\/#primaryimage","url":"https:\/\/labs.100x100.net\/projects\/rutasal\/custom\/uploads\/2011\/04\/5640272578_882bf5f967.jpg","contentUrl":"https:\/\/labs.100x100.net\/projects\/rutasal\/custom\/uploads\/2011\/04\/5640272578_882bf5f967.jpg","width":500,"height":350},{"@type":"BreadcrumbList","@id":"https:\/\/labs.100x100.net\/projects\/rutasal\/espectacular-salida-de-la-version-norte-desde-port-ginesta-vientos-de-mas-de-20-nudos-del-ene-aseguran-una-regata-rapida-y-muy-competitiva-los-barcos-mas-rapidos-podrian-llegar-a-sant-antoni-de-port\/#breadcrumb","itemListElement":[{"@type":"ListItem","position":1,"name":"Portada","item":"https:\/\/labs.100x100.net\/projects\/rutasal\/"},{"@type":"ListItem","position":2,"name":"Espectacular salida de la Versi\u00f3n Norte desde Port Ginesta; vientos de m\u00e1s de 20 nudos del ENE aseguran una regata r\u00e1pida y muy competitiva. Los barcos m\u00e1s r\u00e1pidos podr\u00edan llegar a Sant Antoni de Portmany esta misma noche."}]},{"@type":"WebSite","@id":"https:\/\/labs.100x100.net\/projects\/rutasal\/#website","url":"https:\/\/labs.100x100.net\/projects\/rutasal\/","name":"Regata La Ruta de la Sal","description":"Regata La Ruta de la Sal es una regata de Altura Mediterr\u00e1nea para barcos de crucero a vela con destino en Ibiza, que se disputa anualmente en Semana Santa.","potentialAction":[{"@type":"SearchAction","target":{"@type":"EntryPoint","urlTemplate":"https:\/\/labs.100x100.net\/projects\/rutasal\/?s={search_term_string}"},"query-input":"required name=search_term_string"}],"inLanguage":"es"},{"@type":"Person","@id":"https:\/\/labs.100x100.net\/projects\/rutasal\/#\/schema\/person\/214eeb4a2e78fd8373a0a94f6d93c9ca","name":"La Ruta de la Sal","image":{"@type":"ImageObject","inLanguage":"es","@id":"https:\/\/labs.100x100.net\/projects\/rutasal\/#\/schema\/person\/image\/","url":"https:\/\/secure.gravatar.com\/avatar\/b247286d4b801d6b1cfcfb3807587284?s=96&d=mm&r=g","contentUrl":"https:\/\/secure.gravatar.com\/avatar\/b247286d4b801d6b1cfcfb3807587284?s=96&d=mm&r=g","caption":"La Ruta de la Sal"}}]}},"_links":{"self":[{"href":"https:\/\/labs.100x100.net\/projects\/rutasal\/wp-json\/wp\/v2\/posts\/531"}],"collection":[{"href":"https:\/\/labs.100x100.net\/projects\/rutasal\/wp-json\/wp\/v2\/posts"}],"about":[{"href":"https:\/\/labs.100x100.net\/projects\/rutasal\/wp-json\/wp\/v2\/types\/post"}],"author":[{"embeddable":true,"href":"https:\/\/labs.100x100.net\/projects\/rutasal\/wp-json\/wp\/v2\/users\/1"}],"replies":[{"embeddable":true,"href":"https:\/\/labs.100x100.net\/projects\/rutasal\/wp-json\/wp\/v2\/comments?post=531"}],"version-history":[{"count":1,"href":"https:\/\/labs.100x100.net\/projects\/rutasal\/wp-json\/wp\/v2\/posts\/531\/revisions"}],"predecessor-version":[{"id":3927,"href":"https:\/\/labs.100x100.net\/projects\/rutasal\/wp-json\/wp\/v2\/posts\/531\/revisions\/3927"}],"wp:featuredmedia":[{"embeddable":true,"href":"https:\/\/labs.100x100.net\/projects\/rutasal\/wp-json\/wp\/v2\/media\/3926"}],"wp:attachment":[{"href":"https:\/\/labs.100x100.net\/projects\/rutasal\/wp-json\/wp\/v2\/media?parent=531"}],"wp:term":[{"taxonomy":"category","embeddable":true,"href":"https:\/\/labs.100x100.net\/projects\/rutasal\/wp-json\/wp\/v2\/categories?post=531"},{"taxonomy":"post_tag","embeddable":true,"href":"https:\/\/labs.100x100.net\/projects\/rutasal\/wp-json\/wp\/v2\/tags?post=531"}],"curies":[{"name":"wp","href":"https:\/\/api.w.org\/{rel}","templated":true}]}}