{"id":507,"date":"2011-04-15T19:01:11","date_gmt":"2011-04-15T19:01:11","guid":{"rendered":"https:\/\/larutadelasal.com\/?p=507"},"modified":"2019-03-14T12:31:08","modified_gmt":"2019-03-14T10:31:08","slug":"la-xxiv-ruta-de-la-sal-sera-la-regata-de-altura-con-mas-participantes-de-todo-el-mediterraneo","status":"publish","type":"post","link":"https:\/\/labs.100x100.net\/projects\/rutasal\/la-xxiv-ruta-de-la-sal-sera-la-regata-de-altura-con-mas-participantes-de-todo-el-mediterraneo\/","title":{"rendered":"La XXIV Ruta de La Sal ser\u00e1 la regata de altura con m\u00e1s participantes de todo el Mediterr\u00e1neo."},"content":{"rendered":"<h2>278 inscritos de 8 nacionalidades.<\/h2>\n<p><!--more--><\/p>\n<h2>La meteorolog\u00eda adelanta una regata compleja cargada de alicientes deportivos.<\/h2>\n<p><!--more--><br \/>\nA una semana de la salida, la<strong> XXIV Ruta de Sal \u2013Trofeo Pepe Ferres<\/strong> se confirma como la regata de altura con mayor n\u00famero de participantes del Mediterr\u00e1neo, a la vez de que refuerza su creciente car\u00e1cter internacional. La <strong>Versi\u00f3n Norte, con 133 embarcaciones <\/strong>inscritas reunir\u00e1 equipos procedentes de ocho nacionalidades \u2013 Reino Unido, Alemania, Holanda, B\u00e9lgica, Suiza, Italia, Francia y Espa\u00f1a.- Destacando un sensible incremento, con respecto a otras ediciones, de veleros procedente de las costas Francesas. En la <strong>Versi\u00f3n Este 145 inscritos<\/strong> y equipos procedentes de Luxemburgo, Alemania, Holanda, Suiza, Malta y Espa\u00f1a.\u00a0 En total 278 inscritos, cifra record en el panorama nacional\u00a0 que hace que La Sal recupere los \u00edndices de inscripci\u00f3n del 2009. Siendo muy destacable el gran aumento, con respecto a la cita del 2010,\u00a0 de la participaci\u00f3n registrado en la Versi\u00f3n Norte que se equipara mucho a las cifras tradicionales de la Versi\u00f3n Este. Dibujando, en su conjunto,\u00a0 una regata potente, cargada de atractivos deportivos.<!--more--><\/p>\n<p><a class=\"tt-flickr tt-flickr-Medium\" title=\"Salida Versi\u00f3n Este, Denia D_0338.JPG W\" href=\"http:\/\/farm2.static.flickr.com\/1145\/5114140874_b5f9442fe6_b.jpg\"><img loading=\"lazy\" decoding=\"async\" class=\"alignnone\" src=\"http:\/\/farm2.static.flickr.com\/1145\/5114140874_b5f9442fe6.jpg\" alt=\"Salida Versi\u00f3n Este, Denia D_0338.JPG W\" width=\"657\" height=\"327\" \/><\/a><\/p>\n<p>Una participaci\u00f3n extraordinaria que reunir\u00e1\u00a0 a muchos ganadores de ediciones anteriores de La Sal. Aut\u00e9nticos especialistas en la navegaci\u00f3n de altura, muchos de ellos con importantes \u00e9xitos internacionales dentro de esta disciplina, como lo podr\u00edan ser, entre otros, el\u00a0 <em>Farr 520 \u201cPlis-Play\u201d de Vicente Garc\u00eda<\/em>. El S<em>wan 56 \u201cClem\u201d de Jaime Olaz\u00e1bal<\/em>, el <em>J35 \u201cJay Walker\u201d del Holand\u00e9s Eric Janssen<\/em>, o\u00a0 el <em>J\/V 45 \u201cAtlant del Vent\u201d de los ibicencos Jaime Sierra y David Tur.<\/em> El <em>GS 46 \u201cGramona\u201d de Guillermo Altadill<\/em>. El \u201c<em>Calima\u201d de Javier Pujol,<\/em> un veterano S&amp;S 43 con un palmares deportivo que lo dibuja como equipo muy a tener en cuenta. El velero alem\u00e1n <em>\u201cCaro\u201d de Werner Klink,<\/em> un 50 pies dise\u00f1ado por J\/V para navegar bajo la norma IRC, acreditativo de un magnifico historial deportivo en La Sal, entre otros muchos. Confirmar la participaci\u00f3n en la regata de los navegantes oce\u00e1nicos <em>Albert Bargues y Guillermo Altadill.<\/em> Mencionar al First 47,7 \u201c<em>Brujo Jazz Tripulaci\u00f3n Canaria<\/em>\u201d que llega desde el Varadero de las Palmas de Gran Canaria para participar en esta XXIV Ruta de la Sal en la que, en general crece la eslora media de los participantes.<\/p>\n<p>Recordar que el <em>Presidente del Sal\u00f3n N\u00e1utico Internacional de Barcelona, Lu\u00eds Conde,<\/em> este a\u00f1o tambi\u00e9n participara en <strong>La Ruta de La Sal \u2013 Trofeo Pepe Ferres<\/strong> con su <em>Beneteau Oceanis 57 \u201cSalero\u201d,<\/em> embarcaci\u00f3n en la que tambi\u00e9n navegara el <em>Director de Sal\u00f3n N\u00e1utico de Barcelona, Jordi Freixas<\/em>. Una acci\u00f3n de apoyo a\u00a0 La Sal y muy en particular a la figura de su fundador Pepe Ferres en el a\u00f1o en el que el Sal\u00f3n N\u00e1utico Internacional de Barcelona, colaborador-promotor\u00a0 hist\u00f3rico de la Ruta de la Sal, cumple su 50 aniversario.<\/p>\n<p><a class=\"tt-flickr tt-flickr-Medium\" title=\"FOTO-4.3\" href=\"http:\/\/farm6.static.flickr.com\/5008\/5226191586_6e10e321af_b.jpg\"><img loading=\"lazy\" decoding=\"async\" class=\"alignnone\" src=\"http:\/\/farm6.static.flickr.com\/5008\/5226191586_6e10e321af.jpg\" alt=\"FOTO-4.3\" width=\"320\" height=\"229\" \/><\/a> <a class=\"tt-flickr tt-flickr-Medium\" title=\"FOTO-5.3\" href=\"http:\/\/farm6.static.flickr.com\/5126\/5226192038_a07249f61c_b.jpg\"><img loading=\"lazy\" decoding=\"async\" class=\"alignnone\" src=\"http:\/\/farm6.static.flickr.com\/5126\/5226192038_a07249f61c.jpg\" alt=\"FOTO-5.3\" width=\"320\" height=\"229\" \/><\/a><\/p>\n<p><em>Jos\u00e9 Luis Maldonado,<\/em> conocido por sus actuaciones deportivas con el crucero de regatas \u201cYa te Vale\u201d, competir\u00e1 con el <em>X-35 \u201cSolidaria\u201d, <\/em>un proyecto integral de sensibilizaci\u00f3n y educaci\u00f3n al desarrollo que invita a conocer la cultura y situaci\u00f3n de los pueblos mas empobrecidos del mundo. Tambi\u00e9n, un a\u00f1o mas, contaremos con el barco del equipo de la <em>Asociaci\u00f3n Balear de J\u00f3venes Navegantes, el \u201cGalaxie\u201d<\/em>, un casco de 21 metros dise\u00f1ado por Domiinique Presles construido en el astillero Chantie naval de Biot\u00a0 en Francia en 1.979\u00a0 . El barco ha navegado principalmente en el Oc\u00e9ano Pac\u00edfico dando varias veces la vuelta al mundo.<\/p>\n<p>Faltando una semana para las salida de La Sal, y con las reservas propias de un avance a tan largo tiempo, el modelo que, en general, se apunta como mas probable apunta hacia una meteorolog\u00eda sensiblemente inestable con un claro predominio de vientos de componente E de fuerza 3-4 que, durante el d\u00eda 21 ir\u00e1n rolando hacia SE\u00a0 incrementando su intensidad durante las dos siguientes jornadas. Chubascos que, durante el viernes podr\u00edan ser, ocasionalmente, fuertes. Temperaturas entre los 14 y 20 grados, cielos parcialmente cubiertos con posibilidades de lluvias en las Pitiussas\u00a0 del orden del 45% durante el fin de semana. Un escenario que adelanta, en definida una regata t\u00e1cticamente compleja, en especial considerando que las derrotas desde Denia y Barcelona -Port Ginesta- hasta Sant Antoni de Portmany en Ibiza, han abierto renovadas expectativas deportivas para esta cl\u00e1sica de la Semana Santa..<br \/>\nLa Versi\u00f3n Este , ser\u00e1 un\u00a0 interesante circuito en la que cohabitan la navegaci\u00f3n de altura media con un recorrido costero cargado de opciones. Una regata divertida, muy t\u00e1ctica, y con muchas variables que, en un momento dado podr\u00edan contribuir a\u00a0 definir una victoria. La Versi\u00f3n Norte, una navegaci\u00f3n de altura muy condicionada por los panoramas meteorol\u00f3gicos de las costas norte de Mallorca e Ibiza y, tambi\u00e9n del Golfo de Sant Jordi.\u00a0\u00a0 Con vientos del E las posibilidades se abren sensiblemente. Muchos alicientes deportivos para una regata hist\u00f3rica que hoy se muestra m\u00e1s din\u00e1mica y competitiva que nunca.<\/p>\n<p><a class=\"tt-flickr tt-flickr-Medium\" title=\"FOTO-02\" href=\"http:\/\/farm5.static.flickr.com\/4109\/5082880549_d91cd8e25f_b.jpg\"><img loading=\"lazy\" decoding=\"async\" class=\"alignnone\" src=\"http:\/\/farm5.static.flickr.com\/4109\/5082880549_d91cd8e25f.jpg\" alt=\"FOTO-02\" width=\"657\" height=\"327\" \/><\/a><\/p>\n<p>La 24 <strong>Regata de Altura de La Ruta de La Sal \u2013 Trofeo Pepe Ferres<\/strong> esta,\u00a0 lista para zarpar. La <strong>Versi\u00f3n Norte<\/strong> de La Sal que saldr\u00e1 el pr\u00f3ximo <strong>jueves 21 de abril del 2011 a las 12:00<\/strong> <strong>h<\/strong> desde el <strong>CM Port Ginesta,<\/strong> se competir\u00e1, como ya es habitual, sobre un recorrido de 140 millas con rumbo directo hasta el CN Sant Antoni de Portmany en Ibiza. La <strong>Versi\u00f3n Este<\/strong> con salida prevista para las\u00a0 <strong>14:00 h <\/strong>del mismo d\u00eda desde el <strong>RC N\u00e1utico de Denia,<\/strong> implica un circuito de 120 millas que obliga a los equipos en competici\u00f3n a tomar Formentera por babor, la Isla de Tagomago y, navegando por la costa norte de Ibiza, llegar hasta Sant Antoni. Recorrido, este ultimo, que podr\u00eda, si es el caso, modificarse si las condiciones meteorol\u00f3gicas as\u00ed lo sugiriesen.<\/p>\n<p>La XXIV regata de altura de La Ruta de la Sal cuenta con la colaboraci\u00f3n del Consell\u00a0 d\u2019Eivissa,\u00a0 la Conselleries\u00a0 de Turisme y de Industria del Govern de les Illes Balears, el Ajuntament de Sant Antoni de Portmany, la Estaci\u00f3 N\u00e1utica de Sant Antoni y Sant Josep, as\u00ed como de los Ayuntamientos de Denia y Sitges<br \/>\nEsta organizada, por ANAM, Associaci\u00f3 de Navegants d\u2019Altura Mediterranis, en estrecha colaboraci\u00f3n con el CM Port Ginesta, RC N\u00e1utico Denia, CN Sant Antoni de Portmany de Ibiza y la RANC, con el soporte de Ports de Balears, Sociedad Estatal de Salvamento y Seguridad Mar\u00edtima, Guardia Civil del Mar y el apoyo de la Federaci\u00f3 Catalana de Vela, Federaci\u00f3n de Vela de la Comunidad Valenciana y la Federaci\u00f3 Balear de Vela<\/p>\n","protected":false},"excerpt":{"rendered":"<p>278 inscritos de 9 nacionalidades.<\/p>\n<p>La meteorolog\u00eda adelanta una regata compleja cargada de alicientes deportivos.<\/p>\n<p>A una semana de la salida, la XXIV Ruta de Sal \u2013Trofeo Pepe Ferres se confirma como la regata de altura con mayor n\u00famero de participantes del Mediterr\u00e1neo, a la vez de que refuerza su creciente car\u00e1cter internacional. <\/p>\n","protected":false},"author":1,"featured_media":3928,"comment_status":"open","ping_status":"open","sticky":false,"template":"","format":"standard","meta":{"_acf_changed":false,"footnotes":""},"categories":[3],"tags":[],"acf":[],"yoast_head":"<!-- This site is optimized with the Yoast SEO plugin v23.0 - https:\/\/yoast.com\/wordpress\/plugins\/seo\/ -->\n<title>La XXIV Ruta de La Sal ser\u00e1 la regata de altura con m\u00e1s participantes de todo el Mediterr\u00e1neo. | Regata La Ruta de la Sal<\/title>\n<meta name=\"robots\" content=\"noindex, follow, max-snippet:-1, max-image-preview:large, max-video-preview:-1\" \/>\n<meta property=\"og:locale\" content=\"es_ES\" \/>\n<meta property=\"og:type\" content=\"article\" \/>\n<meta property=\"og:title\" content=\"La XXIV Ruta de La Sal ser\u00e1 la regata de altura con m\u00e1s participantes de todo el Mediterr\u00e1neo. | Regata La Ruta de la Sal\" \/>\n<meta property=\"og:description\" content=\"278 inscritos de 9 nacionalidades.  La meteorolog\u00eda adelanta una regata compleja cargada de alicientes deportivos.   A una semana de la salida, la XXIV Ruta de Sal \u2013Trofeo Pepe Ferres se confirma como la regata de altura con mayor n\u00famero de participantes del Mediterr\u00e1neo, a la vez de que refuerza su creciente car\u00e1cter internacional.\" \/>\n<meta property=\"og:url\" content=\"https:\/\/labs.100x100.net\/projects\/rutasal\/la-xxiv-ruta-de-la-sal-sera-la-regata-de-altura-con-mas-participantes-de-todo-el-mediterraneo\/\" \/>\n<meta property=\"og:site_name\" content=\"Regata La Ruta de la Sal\" \/>\n<meta property=\"article:publisher\" content=\"https:\/\/www.facebook.com\/rutadelasal\/\" \/>\n<meta property=\"article:published_time\" content=\"2011-04-15T19:01:11+00:00\" \/>\n<meta property=\"article:modified_time\" content=\"2019-03-14T10:31:08+00:00\" \/>\n<meta property=\"og:image\" content=\"https:\/\/labs.100x100.net\/projects\/rutasal\/custom\/uploads\/2011\/04\/5226191586_6e10e321af.jpg\" \/>\n\t<meta property=\"og:image:width\" content=\"500\" \/>\n\t<meta property=\"og:image:height\" content=\"343\" \/>\n\t<meta property=\"og:image:type\" content=\"image\/jpeg\" \/>\n<meta name=\"author\" content=\"La Ruta de la Sal\" \/>\n<meta name=\"twitter:card\" content=\"summary_large_image\" \/>\n<meta name=\"twitter:creator\" content=\"@AnamMedi\" \/>\n<meta name=\"twitter:site\" content=\"@AnamMedi\" \/>\n<meta name=\"twitter:label1\" content=\"Escrito por\" \/>\n\t<meta name=\"twitter:data1\" content=\"La Ruta de la Sal\" \/>\n\t<meta name=\"twitter:label2\" content=\"Tiempo de lectura\" \/>\n\t<meta name=\"twitter:data2\" content=\"6 minutos\" \/>\n<script type=\"application\/ld+json\" class=\"yoast-schema-graph\">{\"@context\":\"https:\/\/schema.org\",\"@graph\":[{\"@type\":\"WebPage\",\"@id\":\"https:\/\/labs.100x100.net\/projects\/rutasal\/la-xxiv-ruta-de-la-sal-sera-la-regata-de-altura-con-mas-participantes-de-todo-el-mediterraneo\/\",\"url\":\"https:\/\/labs.100x100.net\/projects\/rutasal\/la-xxiv-ruta-de-la-sal-sera-la-regata-de-altura-con-mas-participantes-de-todo-el-mediterraneo\/\",\"name\":\"La XXIV Ruta de La Sal ser\u00e1 la regata de altura con m\u00e1s participantes de todo el Mediterr\u00e1neo. | Regata La Ruta de la Sal\",\"isPartOf\":{\"@id\":\"https:\/\/labs.100x100.net\/projects\/rutasal\/#website\"},\"primaryImageOfPage\":{\"@id\":\"https:\/\/labs.100x100.net\/projects\/rutasal\/la-xxiv-ruta-de-la-sal-sera-la-regata-de-altura-con-mas-participantes-de-todo-el-mediterraneo\/#primaryimage\"},\"image\":{\"@id\":\"https:\/\/labs.100x100.net\/projects\/rutasal\/la-xxiv-ruta-de-la-sal-sera-la-regata-de-altura-con-mas-participantes-de-todo-el-mediterraneo\/#primaryimage\"},\"thumbnailUrl\":\"https:\/\/labs.100x100.net\/projects\/rutasal\/custom\/uploads\/2011\/04\/5226191586_6e10e321af.jpg\",\"datePublished\":\"2011-04-15T19:01:11+00:00\",\"dateModified\":\"2019-03-14T10:31:08+00:00\",\"author\":{\"@id\":\"https:\/\/labs.100x100.net\/projects\/rutasal\/#\/schema\/person\/214eeb4a2e78fd8373a0a94f6d93c9ca\"},\"breadcrumb\":{\"@id\":\"https:\/\/labs.100x100.net\/projects\/rutasal\/la-xxiv-ruta-de-la-sal-sera-la-regata-de-altura-con-mas-participantes-de-todo-el-mediterraneo\/#breadcrumb\"},\"inLanguage\":\"es\",\"potentialAction\":[{\"@type\":\"ReadAction\",\"target\":[\"https:\/\/labs.100x100.net\/projects\/rutasal\/la-xxiv-ruta-de-la-sal-sera-la-regata-de-altura-con-mas-participantes-de-todo-el-mediterraneo\/\"]}]},{\"@type\":\"ImageObject\",\"inLanguage\":\"es\",\"@id\":\"https:\/\/labs.100x100.net\/projects\/rutasal\/la-xxiv-ruta-de-la-sal-sera-la-regata-de-altura-con-mas-participantes-de-todo-el-mediterraneo\/#primaryimage\",\"url\":\"https:\/\/labs.100x100.net\/projects\/rutasal\/custom\/uploads\/2011\/04\/5226191586_6e10e321af.jpg\",\"contentUrl\":\"https:\/\/labs.100x100.net\/projects\/rutasal\/custom\/uploads\/2011\/04\/5226191586_6e10e321af.jpg\",\"width\":500,\"height\":343},{\"@type\":\"BreadcrumbList\",\"@id\":\"https:\/\/labs.100x100.net\/projects\/rutasal\/la-xxiv-ruta-de-la-sal-sera-la-regata-de-altura-con-mas-participantes-de-todo-el-mediterraneo\/#breadcrumb\",\"itemListElement\":[{\"@type\":\"ListItem\",\"position\":1,\"name\":\"Portada\",\"item\":\"https:\/\/labs.100x100.net\/projects\/rutasal\/\"},{\"@type\":\"ListItem\",\"position\":2,\"name\":\"La XXIV Ruta de La Sal ser\u00e1 la regata de altura con m\u00e1s participantes de todo el Mediterr\u00e1neo.\"}]},{\"@type\":\"WebSite\",\"@id\":\"https:\/\/labs.100x100.net\/projects\/rutasal\/#website\",\"url\":\"https:\/\/labs.100x100.net\/projects\/rutasal\/\",\"name\":\"Regata La Ruta de la Sal\",\"description\":\"Regata La Ruta de la Sal es una regata de Altura Mediterr\u00e1nea para barcos de crucero a vela con destino en Ibiza, que se disputa anualmente en Semana Santa.\",\"potentialAction\":[{\"@type\":\"SearchAction\",\"target\":{\"@type\":\"EntryPoint\",\"urlTemplate\":\"https:\/\/labs.100x100.net\/projects\/rutasal\/?s={search_term_string}\"},\"query-input\":\"required name=search_term_string\"}],\"inLanguage\":\"es\"},{\"@type\":\"Person\",\"@id\":\"https:\/\/labs.100x100.net\/projects\/rutasal\/#\/schema\/person\/214eeb4a2e78fd8373a0a94f6d93c9ca\",\"name\":\"La Ruta de la Sal\",\"image\":{\"@type\":\"ImageObject\",\"inLanguage\":\"es\",\"@id\":\"https:\/\/labs.100x100.net\/projects\/rutasal\/#\/schema\/person\/image\/\",\"url\":\"https:\/\/secure.gravatar.com\/avatar\/b247286d4b801d6b1cfcfb3807587284?s=96&d=mm&r=g\",\"contentUrl\":\"https:\/\/secure.gravatar.com\/avatar\/b247286d4b801d6b1cfcfb3807587284?s=96&d=mm&r=g\",\"caption\":\"La Ruta de la Sal\"}}]}<\/script>\n<!-- \/ Yoast SEO plugin. -->","yoast_head_json":{"title":"La XXIV Ruta de La Sal ser\u00e1 la regata de altura con m\u00e1s participantes de todo el Mediterr\u00e1neo. | Regata La Ruta de la Sal","robots":{"index":"noindex","follow":"follow","max-snippet":"max-snippet:-1","max-image-preview":"max-image-preview:large","max-video-preview":"max-video-preview:-1"},"og_locale":"es_ES","og_type":"article","og_title":"La XXIV Ruta de La Sal ser\u00e1 la regata de altura con m\u00e1s participantes de todo el Mediterr\u00e1neo. | Regata La Ruta de la Sal","og_description":"278 inscritos de 9 nacionalidades.  La meteorolog\u00eda adelanta una regata compleja cargada de alicientes deportivos.   A una semana de la salida, la XXIV Ruta de Sal \u2013Trofeo Pepe Ferres se confirma como la regata de altura con mayor n\u00famero de participantes del Mediterr\u00e1neo, a la vez de que refuerza su creciente car\u00e1cter internacional.","og_url":"https:\/\/labs.100x100.net\/projects\/rutasal\/la-xxiv-ruta-de-la-sal-sera-la-regata-de-altura-con-mas-participantes-de-todo-el-mediterraneo\/","og_site_name":"Regata La Ruta de la Sal","article_publisher":"https:\/\/www.facebook.com\/rutadelasal\/","article_published_time":"2011-04-15T19:01:11+00:00","article_modified_time":"2019-03-14T10:31:08+00:00","og_image":[{"width":500,"height":343,"url":"https:\/\/labs.100x100.net\/projects\/rutasal\/custom\/uploads\/2011\/04\/5226191586_6e10e321af.jpg","type":"image\/jpeg"}],"author":"La Ruta de la Sal","twitter_card":"summary_large_image","twitter_creator":"@AnamMedi","twitter_site":"@AnamMedi","twitter_misc":{"Escrito por":"La Ruta de la Sal","Tiempo de lectura":"6 minutos"},"schema":{"@context":"https:\/\/schema.org","@graph":[{"@type":"WebPage","@id":"https:\/\/labs.100x100.net\/projects\/rutasal\/la-xxiv-ruta-de-la-sal-sera-la-regata-de-altura-con-mas-participantes-de-todo-el-mediterraneo\/","url":"https:\/\/labs.100x100.net\/projects\/rutasal\/la-xxiv-ruta-de-la-sal-sera-la-regata-de-altura-con-mas-participantes-de-todo-el-mediterraneo\/","name":"La XXIV Ruta de La Sal ser\u00e1 la regata de altura con m\u00e1s participantes de todo el Mediterr\u00e1neo. | Regata La Ruta de la Sal","isPartOf":{"@id":"https:\/\/labs.100x100.net\/projects\/rutasal\/#website"},"primaryImageOfPage":{"@id":"https:\/\/labs.100x100.net\/projects\/rutasal\/la-xxiv-ruta-de-la-sal-sera-la-regata-de-altura-con-mas-participantes-de-todo-el-mediterraneo\/#primaryimage"},"image":{"@id":"https:\/\/labs.100x100.net\/projects\/rutasal\/la-xxiv-ruta-de-la-sal-sera-la-regata-de-altura-con-mas-participantes-de-todo-el-mediterraneo\/#primaryimage"},"thumbnailUrl":"https:\/\/labs.100x100.net\/projects\/rutasal\/custom\/uploads\/2011\/04\/5226191586_6e10e321af.jpg","datePublished":"2011-04-15T19:01:11+00:00","dateModified":"2019-03-14T10:31:08+00:00","author":{"@id":"https:\/\/labs.100x100.net\/projects\/rutasal\/#\/schema\/person\/214eeb4a2e78fd8373a0a94f6d93c9ca"},"breadcrumb":{"@id":"https:\/\/labs.100x100.net\/projects\/rutasal\/la-xxiv-ruta-de-la-sal-sera-la-regata-de-altura-con-mas-participantes-de-todo-el-mediterraneo\/#breadcrumb"},"inLanguage":"es","potentialAction":[{"@type":"ReadAction","target":["https:\/\/labs.100x100.net\/projects\/rutasal\/la-xxiv-ruta-de-la-sal-sera-la-regata-de-altura-con-mas-participantes-de-todo-el-mediterraneo\/"]}]},{"@type":"ImageObject","inLanguage":"es","@id":"https:\/\/labs.100x100.net\/projects\/rutasal\/la-xxiv-ruta-de-la-sal-sera-la-regata-de-altura-con-mas-participantes-de-todo-el-mediterraneo\/#primaryimage","url":"https:\/\/labs.100x100.net\/projects\/rutasal\/custom\/uploads\/2011\/04\/5226191586_6e10e321af.jpg","contentUrl":"https:\/\/labs.100x100.net\/projects\/rutasal\/custom\/uploads\/2011\/04\/5226191586_6e10e321af.jpg","width":500,"height":343},{"@type":"BreadcrumbList","@id":"https:\/\/labs.100x100.net\/projects\/rutasal\/la-xxiv-ruta-de-la-sal-sera-la-regata-de-altura-con-mas-participantes-de-todo-el-mediterraneo\/#breadcrumb","itemListElement":[{"@type":"ListItem","position":1,"name":"Portada","item":"https:\/\/labs.100x100.net\/projects\/rutasal\/"},{"@type":"ListItem","position":2,"name":"La XXIV Ruta de La Sal ser\u00e1 la regata de altura con m\u00e1s participantes de todo el Mediterr\u00e1neo."}]},{"@type":"WebSite","@id":"https:\/\/labs.100x100.net\/projects\/rutasal\/#website","url":"https:\/\/labs.100x100.net\/projects\/rutasal\/","name":"Regata La Ruta de la Sal","description":"Regata La Ruta de la Sal es una regata de Altura Mediterr\u00e1nea para barcos de crucero a vela con destino en Ibiza, que se disputa anualmente en Semana Santa.","potentialAction":[{"@type":"SearchAction","target":{"@type":"EntryPoint","urlTemplate":"https:\/\/labs.100x100.net\/projects\/rutasal\/?s={search_term_string}"},"query-input":"required name=search_term_string"}],"inLanguage":"es"},{"@type":"Person","@id":"https:\/\/labs.100x100.net\/projects\/rutasal\/#\/schema\/person\/214eeb4a2e78fd8373a0a94f6d93c9ca","name":"La Ruta de la Sal","image":{"@type":"ImageObject","inLanguage":"es","@id":"https:\/\/labs.100x100.net\/projects\/rutasal\/#\/schema\/person\/image\/","url":"https:\/\/secure.gravatar.com\/avatar\/b247286d4b801d6b1cfcfb3807587284?s=96&d=mm&r=g","contentUrl":"https:\/\/secure.gravatar.com\/avatar\/b247286d4b801d6b1cfcfb3807587284?s=96&d=mm&r=g","caption":"La Ruta de la Sal"}}]}},"_links":{"self":[{"href":"https:\/\/labs.100x100.net\/projects\/rutasal\/wp-json\/wp\/v2\/posts\/507"}],"collection":[{"href":"https:\/\/labs.100x100.net\/projects\/rutasal\/wp-json\/wp\/v2\/posts"}],"about":[{"href":"https:\/\/labs.100x100.net\/projects\/rutasal\/wp-json\/wp\/v2\/types\/post"}],"author":[{"embeddable":true,"href":"https:\/\/labs.100x100.net\/projects\/rutasal\/wp-json\/wp\/v2\/users\/1"}],"replies":[{"embeddable":true,"href":"https:\/\/labs.100x100.net\/projects\/rutasal\/wp-json\/wp\/v2\/comments?post=507"}],"version-history":[{"count":1,"href":"https:\/\/labs.100x100.net\/projects\/rutasal\/wp-json\/wp\/v2\/posts\/507\/revisions"}],"predecessor-version":[{"id":3929,"href":"https:\/\/labs.100x100.net\/projects\/rutasal\/wp-json\/wp\/v2\/posts\/507\/revisions\/3929"}],"wp:featuredmedia":[{"embeddable":true,"href":"https:\/\/labs.100x100.net\/projects\/rutasal\/wp-json\/wp\/v2\/media\/3928"}],"wp:attachment":[{"href":"https:\/\/labs.100x100.net\/projects\/rutasal\/wp-json\/wp\/v2\/media?parent=507"}],"wp:term":[{"taxonomy":"category","embeddable":true,"href":"https:\/\/labs.100x100.net\/projects\/rutasal\/wp-json\/wp\/v2\/categories?post=507"},{"taxonomy":"post_tag","embeddable":true,"href":"https:\/\/labs.100x100.net\/projects\/rutasal\/wp-json\/wp\/v2\/tags?post=507"}],"curies":[{"name":"wp","href":"https:\/\/api.w.org\/{rel}","templated":true}]}}