{"id":4782,"date":"2020-09-17T15:29:23","date_gmt":"2020-09-17T13:29:23","guid":{"rendered":"https:\/\/larutadelasal.com\/?p=4782"},"modified":"2020-09-17T16:03:59","modified_gmt":"2020-09-17T14:03:59","slug":"la-xxxiii-edicion-de-la-ruta-de-la-sal-se-aplaza-a-2021","status":"publish","type":"post","link":"https:\/\/labs.100x100.net\/projects\/rutasal\/la-xxxiii-edicion-de-la-ruta-de-la-sal-se-aplaza-a-2021\/","title":{"rendered":"La XXXIII edici\u00f3n de La Ruta de la Sal se aplaza a 2021"},"content":{"rendered":"<p><strong>Tambi\u00e9n se pospone la XXIV edici\u00f3n de la Copa del Canal, organizada por el RCN de Denia, que este a\u00f1o se celebraba hermanada junto a esta regata de altura<\/strong><\/p>\n<p><strong>El Comit\u00e9 Organizador de esta cita ha tomado esta decisi\u00f3n en base al contexto sanitario actual y a su impacto en la isla de Ibiza, que cada a\u00f1o acoge la llegada de los deportistas<\/strong><\/p>\n<p>La Ruta de la Sal, que se lleva a cabo desde hace m\u00e1s de tres d\u00e9cadas en Semana Santa, tuvo que aplazarse a octubre por el Estado de Alarma y finalmente ser\u00e1 pospuesta a abril del a\u00f1o que viene con todas las garant\u00edas sanitarias y deportivas que los participantes en la misma merecen. Del mismo modo se pospondr\u00e1 a 2021 la XXIV edici\u00f3n de la Copa del Canal, organizada por el RCN de Denia, que este a\u00f1o se celebraba hermanada junto a esta cita deportiva.<\/p>\n<p>Enrique Curt, director de la regata ha tomado esta decisi\u00f3n a pesar de que \u201cla vela de altura es una disciplina deportiva que se practica en mar abierto y que no implica necesariamente la concentraci\u00f3n de personas\u201d. \u201cSe hab\u00eda establecido un estricto protocolo sanitario, anulando todos los eventos sociales y garantizando el distanciamiento social entre los participantes, pero a pesar de esto, y en cualquiera de los casos, el compromiso de La Ruta de la Sal con Ibiza y con Sant Antoni de Portmany es total y no podemos celebrar el evento cuando la movilidad de la poblaci\u00f3n que nos acoge se limita por razones sanitarias\u201d.<\/p>\n<p>El Comit\u00e9 de Regatas ha agradecido su implicaci\u00f3n y comprensi\u00f3n a los clubs coorganizadores, especialmente al RCN de Denia que hab\u00eda hermanado su cl\u00e1sica regata Copa del Canal con La Ruta de la Sal para que se pudieran celebrar en las mismas fechas. Asimismo ha querido hacer un reconocimiento expreso a los otros puertos de salida, el CM Port Ginesta y el CV Port d\u2019Andraxt, as\u00ed como al Club N\u00e0utic de Sant Antoni, que acoge la flota a su llegada a Ibiza. \u201cEste agradecimiento se hace extensivo a instituciones y a empresas patrocinadoras, as\u00ed como a los propios regatistas, por su comprensi\u00f3n ante los sucesivos aplazamientos de la XXXIV edici\u00f3n y por su apoyo incondicional a esta competici\u00f3n emblem\u00e1tica\u201d, ha concluido Enrique Curt.<\/p>\n","protected":false},"excerpt":{"rendered":"<p>Tambi\u00e9n se pospone la XXIV edici\u00f3n de la Copa del Canal, organizada por el RCN de Denia, que este a\u00f1o se celebraba hermanada junto a esta regata de altura El Comit\u00e9 Organizador de esta cita ha tomado esta decisi\u00f3n en base al contexto sanitario actual y a su impacto en la isla de Ibiza, que [&hellip;]<\/p>\n","protected":false},"author":8,"featured_media":4685,"comment_status":"open","ping_status":"open","sticky":false,"template":"","format":"standard","meta":{"_acf_changed":false,"footnotes":""},"categories":[3],"tags":[],"acf":[],"yoast_head":"<!-- This site is optimized with the Yoast SEO plugin v23.0 - https:\/\/yoast.com\/wordpress\/plugins\/seo\/ -->\n<title>La XXXIII edici\u00f3n de La Ruta de la Sal se aplaza a 2021 | Regata La Ruta de la Sal<\/title>\n<meta name=\"robots\" content=\"noindex, follow, max-snippet:-1, max-image-preview:large, max-video-preview:-1\" \/>\n<meta property=\"og:locale\" content=\"es_ES\" \/>\n<meta property=\"og:type\" content=\"article\" \/>\n<meta property=\"og:title\" content=\"La XXXIII edici\u00f3n de La Ruta de la Sal se aplaza a 2021 | Regata La Ruta de la Sal\" \/>\n<meta property=\"og:description\" content=\"Tambi\u00e9n se pospone la XXIV edici\u00f3n de la Copa del Canal, organizada por el RCN de Denia, que este a\u00f1o se celebraba hermanada junto a esta regata de altura El Comit\u00e9 Organizador de esta cita ha tomado esta decisi\u00f3n en base al contexto sanitario actual y a su impacto en la isla de Ibiza, que [&hellip;]\" \/>\n<meta property=\"og:url\" content=\"https:\/\/labs.100x100.net\/projects\/rutasal\/la-xxxiii-edicion-de-la-ruta-de-la-sal-se-aplaza-a-2021\/\" \/>\n<meta property=\"og:site_name\" content=\"Regata La Ruta de la Sal\" \/>\n<meta property=\"article:publisher\" content=\"https:\/\/www.facebook.com\/rutadelasal\/\" \/>\n<meta property=\"article:published_time\" content=\"2020-09-17T13:29:23+00:00\" \/>\n<meta property=\"article:modified_time\" content=\"2020-09-17T14:03:59+00:00\" \/>\n<meta property=\"og:image\" content=\"https:\/\/labs.100x100.net\/projects\/rutasal\/custom\/uploads\/2020\/03\/LOGO-RUTA-SAL.jpg\" \/>\n\t<meta property=\"og:image:width\" content=\"706\" \/>\n\t<meta property=\"og:image:height\" content=\"820\" \/>\n\t<meta property=\"og:image:type\" content=\"image\/jpeg\" \/>\n<meta name=\"author\" content=\"Enregata\" \/>\n<meta name=\"twitter:card\" content=\"summary_large_image\" \/>\n<meta name=\"twitter:creator\" content=\"@AnamMedi\" \/>\n<meta name=\"twitter:site\" content=\"@AnamMedi\" \/>\n<meta name=\"twitter:label1\" content=\"Escrito por\" \/>\n\t<meta name=\"twitter:data1\" content=\"Enregata\" \/>\n\t<meta name=\"twitter:label2\" content=\"Tiempo de lectura\" \/>\n\t<meta name=\"twitter:data2\" content=\"2 minutos\" \/>\n<script type=\"application\/ld+json\" class=\"yoast-schema-graph\">{\"@context\":\"https:\/\/schema.org\",\"@graph\":[{\"@type\":\"WebPage\",\"@id\":\"https:\/\/labs.100x100.net\/projects\/rutasal\/la-xxxiii-edicion-de-la-ruta-de-la-sal-se-aplaza-a-2021\/\",\"url\":\"https:\/\/labs.100x100.net\/projects\/rutasal\/la-xxxiii-edicion-de-la-ruta-de-la-sal-se-aplaza-a-2021\/\",\"name\":\"La XXXIII edici\u00f3n de La Ruta de la Sal se aplaza a 2021 | Regata La Ruta de la Sal\",\"isPartOf\":{\"@id\":\"https:\/\/labs.100x100.net\/projects\/rutasal\/#website\"},\"primaryImageOfPage\":{\"@id\":\"https:\/\/labs.100x100.net\/projects\/rutasal\/la-xxxiii-edicion-de-la-ruta-de-la-sal-se-aplaza-a-2021\/#primaryimage\"},\"image\":{\"@id\":\"https:\/\/labs.100x100.net\/projects\/rutasal\/la-xxxiii-edicion-de-la-ruta-de-la-sal-se-aplaza-a-2021\/#primaryimage\"},\"thumbnailUrl\":\"https:\/\/labs.100x100.net\/projects\/rutasal\/custom\/uploads\/2020\/03\/LOGO-RUTA-SAL.jpg\",\"datePublished\":\"2020-09-17T13:29:23+00:00\",\"dateModified\":\"2020-09-17T14:03:59+00:00\",\"author\":{\"@id\":\"https:\/\/labs.100x100.net\/projects\/rutasal\/#\/schema\/person\/ab0f0359773b0a59d5eb579ec54b37e8\"},\"breadcrumb\":{\"@id\":\"https:\/\/labs.100x100.net\/projects\/rutasal\/la-xxxiii-edicion-de-la-ruta-de-la-sal-se-aplaza-a-2021\/#breadcrumb\"},\"inLanguage\":\"es\",\"potentialAction\":[{\"@type\":\"ReadAction\",\"target\":[\"https:\/\/labs.100x100.net\/projects\/rutasal\/la-xxxiii-edicion-de-la-ruta-de-la-sal-se-aplaza-a-2021\/\"]}]},{\"@type\":\"ImageObject\",\"inLanguage\":\"es\",\"@id\":\"https:\/\/labs.100x100.net\/projects\/rutasal\/la-xxxiii-edicion-de-la-ruta-de-la-sal-se-aplaza-a-2021\/#primaryimage\",\"url\":\"https:\/\/labs.100x100.net\/projects\/rutasal\/custom\/uploads\/2020\/03\/LOGO-RUTA-SAL.jpg\",\"contentUrl\":\"https:\/\/labs.100x100.net\/projects\/rutasal\/custom\/uploads\/2020\/03\/LOGO-RUTA-SAL.jpg\",\"width\":706,\"height\":820},{\"@type\":\"BreadcrumbList\",\"@id\":\"https:\/\/labs.100x100.net\/projects\/rutasal\/la-xxxiii-edicion-de-la-ruta-de-la-sal-se-aplaza-a-2021\/#breadcrumb\",\"itemListElement\":[{\"@type\":\"ListItem\",\"position\":1,\"name\":\"Portada\",\"item\":\"https:\/\/labs.100x100.net\/projects\/rutasal\/\"},{\"@type\":\"ListItem\",\"position\":2,\"name\":\"La XXXIII edici\u00f3n de La Ruta de la Sal se aplaza a 2021\"}]},{\"@type\":\"WebSite\",\"@id\":\"https:\/\/labs.100x100.net\/projects\/rutasal\/#website\",\"url\":\"https:\/\/labs.100x100.net\/projects\/rutasal\/\",\"name\":\"Regata La Ruta de la Sal\",\"description\":\"Regata La Ruta de la Sal es una regata de Altura Mediterr\u00e1nea para barcos de crucero a vela con destino en Ibiza, que se disputa anualmente en Semana Santa.\",\"potentialAction\":[{\"@type\":\"SearchAction\",\"target\":{\"@type\":\"EntryPoint\",\"urlTemplate\":\"https:\/\/labs.100x100.net\/projects\/rutasal\/?s={search_term_string}\"},\"query-input\":\"required name=search_term_string\"}],\"inLanguage\":\"es\"},{\"@type\":\"Person\",\"@id\":\"https:\/\/labs.100x100.net\/projects\/rutasal\/#\/schema\/person\/ab0f0359773b0a59d5eb579ec54b37e8\",\"name\":\"Enregata\",\"image\":{\"@type\":\"ImageObject\",\"inLanguage\":\"es\",\"@id\":\"https:\/\/labs.100x100.net\/projects\/rutasal\/#\/schema\/person\/image\/\",\"url\":\"https:\/\/secure.gravatar.com\/avatar\/c674f392343d66e95fba904bf4162243?s=96&d=mm&r=g\",\"contentUrl\":\"https:\/\/secure.gravatar.com\/avatar\/c674f392343d66e95fba904bf4162243?s=96&d=mm&r=g\",\"caption\":\"Enregata\"}}]}<\/script>\n<!-- \/ Yoast SEO plugin. -->","yoast_head_json":{"title":"La XXXIII edici\u00f3n de La Ruta de la Sal se aplaza a 2021 | Regata La Ruta de la Sal","robots":{"index":"noindex","follow":"follow","max-snippet":"max-snippet:-1","max-image-preview":"max-image-preview:large","max-video-preview":"max-video-preview:-1"},"og_locale":"es_ES","og_type":"article","og_title":"La XXXIII edici\u00f3n de La Ruta de la Sal se aplaza a 2021 | Regata La Ruta de la Sal","og_description":"Tambi\u00e9n se pospone la XXIV edici\u00f3n de la Copa del Canal, organizada por el RCN de Denia, que este a\u00f1o se celebraba hermanada junto a esta regata de altura El Comit\u00e9 Organizador de esta cita ha tomado esta decisi\u00f3n en base al contexto sanitario actual y a su impacto en la isla de Ibiza, que [&hellip;]","og_url":"https:\/\/labs.100x100.net\/projects\/rutasal\/la-xxxiii-edicion-de-la-ruta-de-la-sal-se-aplaza-a-2021\/","og_site_name":"Regata La Ruta de la Sal","article_publisher":"https:\/\/www.facebook.com\/rutadelasal\/","article_published_time":"2020-09-17T13:29:23+00:00","article_modified_time":"2020-09-17T14:03:59+00:00","og_image":[{"width":706,"height":820,"url":"https:\/\/labs.100x100.net\/projects\/rutasal\/custom\/uploads\/2020\/03\/LOGO-RUTA-SAL.jpg","type":"image\/jpeg"}],"author":"Enregata","twitter_card":"summary_large_image","twitter_creator":"@AnamMedi","twitter_site":"@AnamMedi","twitter_misc":{"Escrito por":"Enregata","Tiempo de lectura":"2 minutos"},"schema":{"@context":"https:\/\/schema.org","@graph":[{"@type":"WebPage","@id":"https:\/\/labs.100x100.net\/projects\/rutasal\/la-xxxiii-edicion-de-la-ruta-de-la-sal-se-aplaza-a-2021\/","url":"https:\/\/labs.100x100.net\/projects\/rutasal\/la-xxxiii-edicion-de-la-ruta-de-la-sal-se-aplaza-a-2021\/","name":"La XXXIII edici\u00f3n de La Ruta de la Sal se aplaza a 2021 | Regata La Ruta de la Sal","isPartOf":{"@id":"https:\/\/labs.100x100.net\/projects\/rutasal\/#website"},"primaryImageOfPage":{"@id":"https:\/\/labs.100x100.net\/projects\/rutasal\/la-xxxiii-edicion-de-la-ruta-de-la-sal-se-aplaza-a-2021\/#primaryimage"},"image":{"@id":"https:\/\/labs.100x100.net\/projects\/rutasal\/la-xxxiii-edicion-de-la-ruta-de-la-sal-se-aplaza-a-2021\/#primaryimage"},"thumbnailUrl":"https:\/\/labs.100x100.net\/projects\/rutasal\/custom\/uploads\/2020\/03\/LOGO-RUTA-SAL.jpg","datePublished":"2020-09-17T13:29:23+00:00","dateModified":"2020-09-17T14:03:59+00:00","author":{"@id":"https:\/\/labs.100x100.net\/projects\/rutasal\/#\/schema\/person\/ab0f0359773b0a59d5eb579ec54b37e8"},"breadcrumb":{"@id":"https:\/\/labs.100x100.net\/projects\/rutasal\/la-xxxiii-edicion-de-la-ruta-de-la-sal-se-aplaza-a-2021\/#breadcrumb"},"inLanguage":"es","potentialAction":[{"@type":"ReadAction","target":["https:\/\/labs.100x100.net\/projects\/rutasal\/la-xxxiii-edicion-de-la-ruta-de-la-sal-se-aplaza-a-2021\/"]}]},{"@type":"ImageObject","inLanguage":"es","@id":"https:\/\/labs.100x100.net\/projects\/rutasal\/la-xxxiii-edicion-de-la-ruta-de-la-sal-se-aplaza-a-2021\/#primaryimage","url":"https:\/\/labs.100x100.net\/projects\/rutasal\/custom\/uploads\/2020\/03\/LOGO-RUTA-SAL.jpg","contentUrl":"https:\/\/labs.100x100.net\/projects\/rutasal\/custom\/uploads\/2020\/03\/LOGO-RUTA-SAL.jpg","width":706,"height":820},{"@type":"BreadcrumbList","@id":"https:\/\/labs.100x100.net\/projects\/rutasal\/la-xxxiii-edicion-de-la-ruta-de-la-sal-se-aplaza-a-2021\/#breadcrumb","itemListElement":[{"@type":"ListItem","position":1,"name":"Portada","item":"https:\/\/labs.100x100.net\/projects\/rutasal\/"},{"@type":"ListItem","position":2,"name":"La XXXIII edici\u00f3n de La Ruta de la Sal se aplaza a 2021"}]},{"@type":"WebSite","@id":"https:\/\/labs.100x100.net\/projects\/rutasal\/#website","url":"https:\/\/labs.100x100.net\/projects\/rutasal\/","name":"Regata La Ruta de la Sal","description":"Regata La Ruta de la Sal es una regata de Altura Mediterr\u00e1nea para barcos de crucero a vela con destino en Ibiza, que se disputa anualmente en Semana Santa.","potentialAction":[{"@type":"SearchAction","target":{"@type":"EntryPoint","urlTemplate":"https:\/\/labs.100x100.net\/projects\/rutasal\/?s={search_term_string}"},"query-input":"required name=search_term_string"}],"inLanguage":"es"},{"@type":"Person","@id":"https:\/\/labs.100x100.net\/projects\/rutasal\/#\/schema\/person\/ab0f0359773b0a59d5eb579ec54b37e8","name":"Enregata","image":{"@type":"ImageObject","inLanguage":"es","@id":"https:\/\/labs.100x100.net\/projects\/rutasal\/#\/schema\/person\/image\/","url":"https:\/\/secure.gravatar.com\/avatar\/c674f392343d66e95fba904bf4162243?s=96&d=mm&r=g","contentUrl":"https:\/\/secure.gravatar.com\/avatar\/c674f392343d66e95fba904bf4162243?s=96&d=mm&r=g","caption":"Enregata"}}]}},"_links":{"self":[{"href":"https:\/\/labs.100x100.net\/projects\/rutasal\/wp-json\/wp\/v2\/posts\/4782"}],"collection":[{"href":"https:\/\/labs.100x100.net\/projects\/rutasal\/wp-json\/wp\/v2\/posts"}],"about":[{"href":"https:\/\/labs.100x100.net\/projects\/rutasal\/wp-json\/wp\/v2\/types\/post"}],"author":[{"embeddable":true,"href":"https:\/\/labs.100x100.net\/projects\/rutasal\/wp-json\/wp\/v2\/users\/8"}],"replies":[{"embeddable":true,"href":"https:\/\/labs.100x100.net\/projects\/rutasal\/wp-json\/wp\/v2\/comments?post=4782"}],"version-history":[{"count":6,"href":"https:\/\/labs.100x100.net\/projects\/rutasal\/wp-json\/wp\/v2\/posts\/4782\/revisions"}],"predecessor-version":[{"id":4795,"href":"https:\/\/labs.100x100.net\/projects\/rutasal\/wp-json\/wp\/v2\/posts\/4782\/revisions\/4795"}],"wp:featuredmedia":[{"embeddable":true,"href":"https:\/\/labs.100x100.net\/projects\/rutasal\/wp-json\/wp\/v2\/media\/4685"}],"wp:attachment":[{"href":"https:\/\/labs.100x100.net\/projects\/rutasal\/wp-json\/wp\/v2\/media?parent=4782"}],"wp:term":[{"taxonomy":"category","embeddable":true,"href":"https:\/\/labs.100x100.net\/projects\/rutasal\/wp-json\/wp\/v2\/categories?post=4782"},{"taxonomy":"post_tag","embeddable":true,"href":"https:\/\/labs.100x100.net\/projects\/rutasal\/wp-json\/wp\/v2\/tags?post=4782"}],"curies":[{"name":"wp","href":"https:\/\/api.w.org\/{rel}","templated":true}]}}