{"id":4756,"date":"2020-06-08T13:18:51","date_gmt":"2020-06-08T11:18:51","guid":{"rendered":"https:\/\/larutadelasal.com\/?p=4756"},"modified":"2020-06-09T13:02:08","modified_gmt":"2020-06-09T11:02:08","slug":"copa-del-canal","status":"publish","type":"post","link":"https:\/\/labs.100x100.net\/projects\/rutasal\/copa-del-canal\/","title":{"rendered":"COPA DEL CANAL"},"content":{"rendered":"<p><img loading=\"lazy\" decoding=\"async\" class=\"aligncenter size-medium wp-image-4757\" src=\"http:\/\/larutadelasal.com\/custom\/uploads\/2020\/06\/copa-canal-logo-300x261.jpg\" alt=\"\" width=\"300\" height=\"261\" srcset=\"https:\/\/labs.100x100.net\/projects\/rutasal\/custom\/uploads\/2020\/06\/copa-canal-logo-300x261.jpg 300w, https:\/\/labs.100x100.net\/projects\/rutasal\/custom\/uploads\/2020\/06\/copa-canal-logo.jpg 552w\" sizes=\"(max-width: 300px) 100vw, 300px\" \/><\/p>\n<p>&nbsp;<\/p>\n<p><strong>Fecha actualizaci\u00f3n \/ updated on: <\/strong>09-06-2020<\/p>\n<hr \/>\n<p style=\"text-align: center;\"><a class=\"calltoaction\" href=\"http:\/\/larutadelasal.com\/custom\/uploads\/2020\/06\/AR_Copa-del-Canal_2020_octubre3.pdf\" target=\"_blank\" rel=\"noopener noreferrer\">ANUNCIO DE REGATA COPA DEL CANAL<\/a><\/p>\n<p style=\"text-align: center;\"><a class=\"calltoaction\" href=\"http:\/\/larutadelasal.com\/custom\/uploads\/2020\/06\/Programa_2020_oct_Denia.pdf\" target=\"_blank\" rel=\"noopener noreferrer\">PROGRAMA COPA DEL CANAL<\/a><\/p>\n<p style=\"text-align: center;\"><a class=\"calltoaction\" href=\"https:\/\/larutadelasal.com\/hoja-de-inscripcion\/\" target=\"_blank\" rel=\"noopener noreferrer\">HOJA DE INSCRIPCI\u00d3N COPA DEL CANAL<\/a><\/p>\n<p style=\"text-align: center;\">En breve:<\/p>\n<p style=\"text-align: center;\">INSCRITOS COPA DEL CANAL<\/p>\n<p style=\"text-align: center;\">CLASIFICACI\u00d3N COPA DEL CANAL<\/p>\n<hr \/>\n<p>Bienvenidos a la secci\u00f3n dedicada a la Copa del Canal en la web de La Ruta de la Sal<\/p>\n<p>Como sab\u00e9is este a\u00f1o, La Ruta de la Sal se ha aplazado a causa del Covid-19 y gracias a la colaboraci\u00f3n del Real Club N\u00e1utico de Denia se ha podido alcanzar un acuerdo de hermanamiento con la regata Copa del Canal para celebrar ambas regatas en las mismas fechas: del 9 al 12 de octubre.<\/p>\n<p>En base al acuerdo de hermanamiento los patrones que se inscriban en la regata rumbo directo Denia \u2010 Sant Antoni, competir\u00e1n en la Copa del Canal, mientras que los que decidan realizar el recorrido tradicional de LaRuta de la Sal dejando Formentera e Ibiza por babor, competir\u00e1n en La Ruta de la Sal.<\/p>\n<p>Los participantes de la Copa del Canal disfrutar\u00e1n de los mismos derechos, beneficios y programa que los de La Ruta de la Sal.<\/p>\n<p>&nbsp;<\/p>\n","protected":false},"excerpt":{"rendered":"<p>&nbsp; Fecha actualizaci\u00f3n \/ updated on: 09-06-2020 ANUNCIO DE REGATA COPA DEL CANAL PROGRAMA COPA DEL CANAL HOJA DE INSCRIPCI\u00d3N COPA DEL CANAL En breve: INSCRITOS COPA DEL CANAL CLASIFICACI\u00d3N COPA DEL CANAL Bienvenidos a la secci\u00f3n dedicada a la Copa del Canal en la web de La Ruta de la Sal Como sab\u00e9is este [&hellip;]<\/p>\n","protected":false},"author":8,"featured_media":4757,"comment_status":"open","ping_status":"open","sticky":false,"template":"","format":"standard","meta":{"_acf_changed":false,"footnotes":""},"categories":[3],"tags":[],"acf":[],"yoast_head":"<!-- This site is optimized with the Yoast SEO plugin v23.0 - https:\/\/yoast.com\/wordpress\/plugins\/seo\/ -->\n<title>COPA DEL CANAL | Regata La Ruta de la Sal<\/title>\n<meta name=\"robots\" content=\"noindex, follow, max-snippet:-1, max-image-preview:large, max-video-preview:-1\" \/>\n<meta property=\"og:locale\" content=\"es_ES\" \/>\n<meta property=\"og:type\" content=\"article\" \/>\n<meta property=\"og:title\" content=\"COPA DEL CANAL | Regata La Ruta de la Sal\" \/>\n<meta property=\"og:description\" content=\"&nbsp; Fecha actualizaci\u00f3n \/ updated on: 09-06-2020 ANUNCIO DE REGATA COPA DEL CANAL PROGRAMA COPA DEL CANAL HOJA DE INSCRIPCI\u00d3N COPA DEL CANAL En breve: INSCRITOS COPA DEL CANAL CLASIFICACI\u00d3N COPA DEL CANAL Bienvenidos a la secci\u00f3n dedicada a la Copa del Canal en la web de La Ruta de la Sal Como sab\u00e9is este [&hellip;]\" \/>\n<meta property=\"og:url\" content=\"https:\/\/labs.100x100.net\/projects\/rutasal\/copa-del-canal\/\" \/>\n<meta property=\"og:site_name\" content=\"Regata La Ruta de la Sal\" \/>\n<meta property=\"article:publisher\" content=\"https:\/\/www.facebook.com\/rutadelasal\/\" \/>\n<meta property=\"article:published_time\" content=\"2020-06-08T11:18:51+00:00\" \/>\n<meta property=\"article:modified_time\" content=\"2020-06-09T11:02:08+00:00\" \/>\n<meta property=\"og:image\" content=\"https:\/\/labs.100x100.net\/projects\/rutasal\/custom\/uploads\/2020\/06\/copa-canal-logo.jpg\" \/>\n\t<meta property=\"og:image:width\" content=\"552\" \/>\n\t<meta property=\"og:image:height\" content=\"480\" \/>\n\t<meta property=\"og:image:type\" content=\"image\/jpeg\" \/>\n<meta name=\"author\" content=\"Enregata\" \/>\n<meta name=\"twitter:card\" content=\"summary_large_image\" \/>\n<meta name=\"twitter:creator\" content=\"@AnamMedi\" \/>\n<meta name=\"twitter:site\" content=\"@AnamMedi\" \/>\n<meta name=\"twitter:label1\" content=\"Escrito por\" \/>\n\t<meta name=\"twitter:data1\" content=\"Enregata\" \/>\n\t<meta name=\"twitter:label2\" content=\"Tiempo de lectura\" \/>\n\t<meta name=\"twitter:data2\" content=\"1 minuto\" \/>\n<script type=\"application\/ld+json\" class=\"yoast-schema-graph\">{\"@context\":\"https:\/\/schema.org\",\"@graph\":[{\"@type\":\"WebPage\",\"@id\":\"https:\/\/labs.100x100.net\/projects\/rutasal\/copa-del-canal\/\",\"url\":\"https:\/\/labs.100x100.net\/projects\/rutasal\/copa-del-canal\/\",\"name\":\"COPA DEL CANAL | Regata La Ruta de la Sal\",\"isPartOf\":{\"@id\":\"https:\/\/labs.100x100.net\/projects\/rutasal\/#website\"},\"primaryImageOfPage\":{\"@id\":\"https:\/\/labs.100x100.net\/projects\/rutasal\/copa-del-canal\/#primaryimage\"},\"image\":{\"@id\":\"https:\/\/labs.100x100.net\/projects\/rutasal\/copa-del-canal\/#primaryimage\"},\"thumbnailUrl\":\"https:\/\/labs.100x100.net\/projects\/rutasal\/custom\/uploads\/2020\/06\/copa-canal-logo.jpg\",\"datePublished\":\"2020-06-08T11:18:51+00:00\",\"dateModified\":\"2020-06-09T11:02:08+00:00\",\"author\":{\"@id\":\"https:\/\/labs.100x100.net\/projects\/rutasal\/#\/schema\/person\/ab0f0359773b0a59d5eb579ec54b37e8\"},\"breadcrumb\":{\"@id\":\"https:\/\/labs.100x100.net\/projects\/rutasal\/copa-del-canal\/#breadcrumb\"},\"inLanguage\":\"es\",\"potentialAction\":[{\"@type\":\"ReadAction\",\"target\":[\"https:\/\/labs.100x100.net\/projects\/rutasal\/copa-del-canal\/\"]}]},{\"@type\":\"ImageObject\",\"inLanguage\":\"es\",\"@id\":\"https:\/\/labs.100x100.net\/projects\/rutasal\/copa-del-canal\/#primaryimage\",\"url\":\"https:\/\/labs.100x100.net\/projects\/rutasal\/custom\/uploads\/2020\/06\/copa-canal-logo.jpg\",\"contentUrl\":\"https:\/\/labs.100x100.net\/projects\/rutasal\/custom\/uploads\/2020\/06\/copa-canal-logo.jpg\",\"width\":552,\"height\":480},{\"@type\":\"BreadcrumbList\",\"@id\":\"https:\/\/labs.100x100.net\/projects\/rutasal\/copa-del-canal\/#breadcrumb\",\"itemListElement\":[{\"@type\":\"ListItem\",\"position\":1,\"name\":\"Portada\",\"item\":\"https:\/\/labs.100x100.net\/projects\/rutasal\/\"},{\"@type\":\"ListItem\",\"position\":2,\"name\":\"COPA DEL CANAL\"}]},{\"@type\":\"WebSite\",\"@id\":\"https:\/\/labs.100x100.net\/projects\/rutasal\/#website\",\"url\":\"https:\/\/labs.100x100.net\/projects\/rutasal\/\",\"name\":\"Regata La Ruta de la Sal\",\"description\":\"Regata La Ruta de la Sal es una regata de Altura Mediterr\u00e1nea para barcos de crucero a vela con destino en Ibiza, que se disputa anualmente en Semana Santa.\",\"potentialAction\":[{\"@type\":\"SearchAction\",\"target\":{\"@type\":\"EntryPoint\",\"urlTemplate\":\"https:\/\/labs.100x100.net\/projects\/rutasal\/?s={search_term_string}\"},\"query-input\":\"required name=search_term_string\"}],\"inLanguage\":\"es\"},{\"@type\":\"Person\",\"@id\":\"https:\/\/labs.100x100.net\/projects\/rutasal\/#\/schema\/person\/ab0f0359773b0a59d5eb579ec54b37e8\",\"name\":\"Enregata\",\"image\":{\"@type\":\"ImageObject\",\"inLanguage\":\"es\",\"@id\":\"https:\/\/labs.100x100.net\/projects\/rutasal\/#\/schema\/person\/image\/\",\"url\":\"https:\/\/secure.gravatar.com\/avatar\/c674f392343d66e95fba904bf4162243?s=96&d=mm&r=g\",\"contentUrl\":\"https:\/\/secure.gravatar.com\/avatar\/c674f392343d66e95fba904bf4162243?s=96&d=mm&r=g\",\"caption\":\"Enregata\"}}]}<\/script>\n<!-- \/ Yoast SEO plugin. -->","yoast_head_json":{"title":"COPA DEL CANAL | Regata La Ruta de la Sal","robots":{"index":"noindex","follow":"follow","max-snippet":"max-snippet:-1","max-image-preview":"max-image-preview:large","max-video-preview":"max-video-preview:-1"},"og_locale":"es_ES","og_type":"article","og_title":"COPA DEL CANAL | Regata La Ruta de la Sal","og_description":"&nbsp; Fecha actualizaci\u00f3n \/ updated on: 09-06-2020 ANUNCIO DE REGATA COPA DEL CANAL PROGRAMA COPA DEL CANAL HOJA DE INSCRIPCI\u00d3N COPA DEL CANAL En breve: INSCRITOS COPA DEL CANAL CLASIFICACI\u00d3N COPA DEL CANAL Bienvenidos a la secci\u00f3n dedicada a la Copa del Canal en la web de La Ruta de la Sal Como sab\u00e9is este [&hellip;]","og_url":"https:\/\/labs.100x100.net\/projects\/rutasal\/copa-del-canal\/","og_site_name":"Regata La Ruta de la Sal","article_publisher":"https:\/\/www.facebook.com\/rutadelasal\/","article_published_time":"2020-06-08T11:18:51+00:00","article_modified_time":"2020-06-09T11:02:08+00:00","og_image":[{"width":552,"height":480,"url":"https:\/\/labs.100x100.net\/projects\/rutasal\/custom\/uploads\/2020\/06\/copa-canal-logo.jpg","type":"image\/jpeg"}],"author":"Enregata","twitter_card":"summary_large_image","twitter_creator":"@AnamMedi","twitter_site":"@AnamMedi","twitter_misc":{"Escrito por":"Enregata","Tiempo de lectura":"1 minuto"},"schema":{"@context":"https:\/\/schema.org","@graph":[{"@type":"WebPage","@id":"https:\/\/labs.100x100.net\/projects\/rutasal\/copa-del-canal\/","url":"https:\/\/labs.100x100.net\/projects\/rutasal\/copa-del-canal\/","name":"COPA DEL CANAL | Regata La Ruta de la Sal","isPartOf":{"@id":"https:\/\/labs.100x100.net\/projects\/rutasal\/#website"},"primaryImageOfPage":{"@id":"https:\/\/labs.100x100.net\/projects\/rutasal\/copa-del-canal\/#primaryimage"},"image":{"@id":"https:\/\/labs.100x100.net\/projects\/rutasal\/copa-del-canal\/#primaryimage"},"thumbnailUrl":"https:\/\/labs.100x100.net\/projects\/rutasal\/custom\/uploads\/2020\/06\/copa-canal-logo.jpg","datePublished":"2020-06-08T11:18:51+00:00","dateModified":"2020-06-09T11:02:08+00:00","author":{"@id":"https:\/\/labs.100x100.net\/projects\/rutasal\/#\/schema\/person\/ab0f0359773b0a59d5eb579ec54b37e8"},"breadcrumb":{"@id":"https:\/\/labs.100x100.net\/projects\/rutasal\/copa-del-canal\/#breadcrumb"},"inLanguage":"es","potentialAction":[{"@type":"ReadAction","target":["https:\/\/labs.100x100.net\/projects\/rutasal\/copa-del-canal\/"]}]},{"@type":"ImageObject","inLanguage":"es","@id":"https:\/\/labs.100x100.net\/projects\/rutasal\/copa-del-canal\/#primaryimage","url":"https:\/\/labs.100x100.net\/projects\/rutasal\/custom\/uploads\/2020\/06\/copa-canal-logo.jpg","contentUrl":"https:\/\/labs.100x100.net\/projects\/rutasal\/custom\/uploads\/2020\/06\/copa-canal-logo.jpg","width":552,"height":480},{"@type":"BreadcrumbList","@id":"https:\/\/labs.100x100.net\/projects\/rutasal\/copa-del-canal\/#breadcrumb","itemListElement":[{"@type":"ListItem","position":1,"name":"Portada","item":"https:\/\/labs.100x100.net\/projects\/rutasal\/"},{"@type":"ListItem","position":2,"name":"COPA DEL CANAL"}]},{"@type":"WebSite","@id":"https:\/\/labs.100x100.net\/projects\/rutasal\/#website","url":"https:\/\/labs.100x100.net\/projects\/rutasal\/","name":"Regata La Ruta de la Sal","description":"Regata La Ruta de la Sal es una regata de Altura Mediterr\u00e1nea para barcos de crucero a vela con destino en Ibiza, que se disputa anualmente en Semana Santa.","potentialAction":[{"@type":"SearchAction","target":{"@type":"EntryPoint","urlTemplate":"https:\/\/labs.100x100.net\/projects\/rutasal\/?s={search_term_string}"},"query-input":"required name=search_term_string"}],"inLanguage":"es"},{"@type":"Person","@id":"https:\/\/labs.100x100.net\/projects\/rutasal\/#\/schema\/person\/ab0f0359773b0a59d5eb579ec54b37e8","name":"Enregata","image":{"@type":"ImageObject","inLanguage":"es","@id":"https:\/\/labs.100x100.net\/projects\/rutasal\/#\/schema\/person\/image\/","url":"https:\/\/secure.gravatar.com\/avatar\/c674f392343d66e95fba904bf4162243?s=96&d=mm&r=g","contentUrl":"https:\/\/secure.gravatar.com\/avatar\/c674f392343d66e95fba904bf4162243?s=96&d=mm&r=g","caption":"Enregata"}}]}},"_links":{"self":[{"href":"https:\/\/labs.100x100.net\/projects\/rutasal\/wp-json\/wp\/v2\/posts\/4756"}],"collection":[{"href":"https:\/\/labs.100x100.net\/projects\/rutasal\/wp-json\/wp\/v2\/posts"}],"about":[{"href":"https:\/\/labs.100x100.net\/projects\/rutasal\/wp-json\/wp\/v2\/types\/post"}],"author":[{"embeddable":true,"href":"https:\/\/labs.100x100.net\/projects\/rutasal\/wp-json\/wp\/v2\/users\/8"}],"replies":[{"embeddable":true,"href":"https:\/\/labs.100x100.net\/projects\/rutasal\/wp-json\/wp\/v2\/comments?post=4756"}],"version-history":[{"count":4,"href":"https:\/\/labs.100x100.net\/projects\/rutasal\/wp-json\/wp\/v2\/posts\/4756\/revisions"}],"predecessor-version":[{"id":4761,"href":"https:\/\/labs.100x100.net\/projects\/rutasal\/wp-json\/wp\/v2\/posts\/4756\/revisions\/4761"}],"wp:featuredmedia":[{"embeddable":true,"href":"https:\/\/labs.100x100.net\/projects\/rutasal\/wp-json\/wp\/v2\/media\/4757"}],"wp:attachment":[{"href":"https:\/\/labs.100x100.net\/projects\/rutasal\/wp-json\/wp\/v2\/media?parent=4756"}],"wp:term":[{"taxonomy":"category","embeddable":true,"href":"https:\/\/labs.100x100.net\/projects\/rutasal\/wp-json\/wp\/v2\/categories?post=4756"},{"taxonomy":"post_tag","embeddable":true,"href":"https:\/\/labs.100x100.net\/projects\/rutasal\/wp-json\/wp\/v2\/tags?post=4756"}],"curies":[{"name":"wp","href":"https:\/\/api.w.org\/{rel}","templated":true}]}}