{"id":4724,"date":"2020-04-28T20:08:55","date_gmt":"2020-04-28T18:08:55","guid":{"rendered":"https:\/\/larutadelasal.com\/?p=4724"},"modified":"2020-04-28T20:20:46","modified_gmt":"2020-04-28T18:20:46","slug":"4724","status":"publish","type":"post","link":"https:\/\/labs.100x100.net\/projects\/rutasal\/4724\/","title":{"rendered":"NUEVAS FECHAS \/ NEW DATES"},"content":{"rendered":"<p><span data-mce-type=\"bookmark\" style=\"display: inline-block; width: 0px; overflow: hidden; line-height: 0;\" class=\"mce_SELRES_start\">\ufeff<\/span><img loading=\"lazy\" decoding=\"async\" class=\"aligncenter wp-image-4721 size-thumbnail\" src=\"http:\/\/larutadelasal.com\/custom\/uploads\/2020\/04\/logo-RDLS-descarga-150x150.jpg\" alt=\"\" width=\"150\" height=\"150\" \/><span data-mce-type=\"bookmark\" style=\"display: inline-block; width: 0px; overflow: hidden; line-height: 0;\" class=\"mce_SELRES_end\">\ufeff<\/span><\/p>\n<p>ENGLISH TEXT below<\/p>\n<p>*********************<\/p>\n<p>Debido a las sucesivas pr\u00f3rrogas del Estado de la Alarma por el Covid-19, el Comit\u00e9 Organizador se ve obligado a ampliar el aplazamiento de La Ruta de la Sal.<\/p>\n<p><strong>Las nuevas fechas de celebraci\u00f3n son del 9 al 12 de octubre.<\/strong><\/p>\n<p>La salida se realizar\u00e1 el viernes 9 de octubre (festivo en la comunidad valenciana) y la entrega de trofeos el domingo 11. Los participantes dispondr\u00edan del lunes 12 de octubre, festivo en toda Espa\u00f1a, para regresar a sus puertos base.<\/p>\n<p>Agradecemos a los clubs coorganizadores: CN Sant Antoni, CM Port Ginesta, CV Port d&#8217;Andraxt y al RCN de Denia su colaboraci\u00f3n para el establecimiento de las nuevas fechas. Asimismo agradecemos a todos los navegantes y entidades colaboradoras sus mensajes de apoyo y su comprensi\u00f3n ante estas circunstancias excepcionales que nos han obligado a aplazar la regata.<\/p>\n<p>Para la <strong>versi\u00f3n Denia<\/strong> de La Ruta de la Sal, os adelantamos una importante novedad. Considerando que el RCN de Denia, ten\u00eda programada ya la regata <strong>Copa del Canal<\/strong> para el puente de octubre, se ha establecido un acuerdo para hermanar ambas regatas. De esta forma, este a\u00f1o, aquellos que decidan realizar la regata en rumbo directo Denia &#8211; Sant Antoni competir\u00e1n por la preciada Copa del Canal, mientras que los que decidan realizar el recorrido largo dejando Formentera e Ibiza por babor, competir\u00e1n en La Ruta de la Sal .<\/p>\n<p>En breve se actualizar\u00e1 el anuncio y el programa de regata en esta web.<\/p>\n<p>\u00a1ya falta un d\u00eda menos para volver a navegar!<\/p>\n<p><img loading=\"lazy\" decoding=\"async\" class=\"aligncenter wp-image-4721 size-thumbnail\" src=\"http:\/\/larutadelasal.com\/custom\/uploads\/2020\/04\/logo-RDLS-descarga-150x150.jpg\" alt=\"\" width=\"150\" height=\"150\" \/><\/p>\n<p>ENGLISH TEXT<\/p>\n<p>****************<\/p>\n<p>Due to the successive extensions of the Alarm State in Spain, the Organizing Committee has decided to extend the postponement of La Ruta de la Sal.<\/p>\n<p><strong>The new celebration dates are from 9 to 12 October. <\/strong><\/p>\n<p>The departure will take place on Friday, October 9 (holiday in the Comunidad Valenciana) and the trophies ceremony on Sunday, 11. Participants would have Monday, October 12, a holiday throughout Spain, to return to their base habrours.<\/p>\n<p>We thank the co-organizing clubs: CN Sant Antoni, CM Port Ginesta, CV Port d&#8217;Andraxt and the Denia RCN for their collaboration in establishing the new dates. We also thank all the sailors and collaborating entities for their messages of support and their understanding of these exceptional circumstances that have forced us to postpone the regatta.<\/p>\n<p>For the <strong>Denia version<\/strong> of La Ruta de la Sal we anticipate an important novelty. Considering that the RCN de Denia RCN had already programmed the Copa del Canal in the same dates, an agreement has been established to twin both regattas. Therefore, this year, those who decide to do the regatta on the direct\u00a0route,\u00a0Denia &#8211; Sant Antonio, will compete for the precious Copa del Canal, while those who decide to make the long journey, leaving Formentera and Ibiza on port, will compete on La Ruta de la Sal .<\/p>\n<p>We will shortly update the Notice of the Race and the Programme in this web.<\/p>\n<p>One less day to go to sailing!<span data-mce-type=\"bookmark\" style=\"display: inline-block; width: 0px; overflow: hidden; line-height: 0;\" class=\"mce_SELRES_start\">\ufeff<\/span><\/p>\n","protected":false},"excerpt":{"rendered":"<p>\ufeff\ufeff ENGLISH TEXT below ********************* Debido a las sucesivas pr\u00f3rrogas del Estado de la Alarma por el Covid-19, el Comit\u00e9 Organizador se ve obligado a ampliar el aplazamiento de La Ruta de la Sal. Las nuevas fechas de celebraci\u00f3n son del 9 al 12 de octubre. La salida se realizar\u00e1 el viernes 9 de octubre [&hellip;]<\/p>\n","protected":false},"author":8,"featured_media":0,"comment_status":"open","ping_status":"open","sticky":false,"template":"","format":"standard","meta":{"_acf_changed":false,"footnotes":""},"categories":[3,4],"tags":[],"acf":[],"yoast_head":"<!-- This site is optimized with the Yoast SEO plugin v23.0 - https:\/\/yoast.com\/wordpress\/plugins\/seo\/ -->\n<title>NUEVAS FECHAS \/ NEW DATES | Regata La Ruta de la Sal<\/title>\n<meta name=\"robots\" content=\"noindex, follow, max-snippet:-1, max-image-preview:large, max-video-preview:-1\" \/>\n<meta property=\"og:locale\" content=\"es_ES\" \/>\n<meta property=\"og:type\" content=\"article\" \/>\n<meta property=\"og:title\" content=\"NUEVAS FECHAS \/ NEW DATES | Regata La Ruta de la Sal\" \/>\n<meta property=\"og:description\" content=\"\ufeff\ufeff ENGLISH TEXT below ********************* Debido a las sucesivas pr\u00f3rrogas del Estado de la Alarma por el Covid-19, el Comit\u00e9 Organizador se ve obligado a ampliar el aplazamiento de La Ruta de la Sal. Las nuevas fechas de celebraci\u00f3n son del 9 al 12 de octubre. La salida se realizar\u00e1 el viernes 9 de octubre [&hellip;]\" \/>\n<meta property=\"og:url\" content=\"https:\/\/labs.100x100.net\/projects\/rutasal\/4724\/\" \/>\n<meta property=\"og:site_name\" content=\"Regata La Ruta de la Sal\" \/>\n<meta property=\"article:publisher\" content=\"https:\/\/www.facebook.com\/rutadelasal\/\" \/>\n<meta property=\"article:published_time\" content=\"2020-04-28T18:08:55+00:00\" \/>\n<meta property=\"article:modified_time\" content=\"2020-04-28T18:20:46+00:00\" \/>\n<meta property=\"og:image\" content=\"http:\/\/larutadelasal.com\/custom\/uploads\/2020\/04\/logo-RDLS-descarga-150x150.jpg\" \/>\n<meta name=\"author\" content=\"Enregata\" \/>\n<meta name=\"twitter:card\" content=\"summary_large_image\" \/>\n<meta name=\"twitter:creator\" content=\"@AnamMedi\" \/>\n<meta name=\"twitter:site\" content=\"@AnamMedi\" \/>\n<meta name=\"twitter:label1\" content=\"Escrito por\" \/>\n\t<meta name=\"twitter:data1\" content=\"Enregata\" \/>\n\t<meta name=\"twitter:label2\" content=\"Tiempo de lectura\" \/>\n\t<meta name=\"twitter:data2\" content=\"2 minutos\" \/>\n<script type=\"application\/ld+json\" class=\"yoast-schema-graph\">{\"@context\":\"https:\/\/schema.org\",\"@graph\":[{\"@type\":\"WebPage\",\"@id\":\"https:\/\/labs.100x100.net\/projects\/rutasal\/4724\/\",\"url\":\"https:\/\/labs.100x100.net\/projects\/rutasal\/4724\/\",\"name\":\"NUEVAS FECHAS \/ NEW DATES | Regata La Ruta de la Sal\",\"isPartOf\":{\"@id\":\"https:\/\/labs.100x100.net\/projects\/rutasal\/#website\"},\"primaryImageOfPage\":{\"@id\":\"https:\/\/labs.100x100.net\/projects\/rutasal\/4724\/#primaryimage\"},\"image\":{\"@id\":\"https:\/\/labs.100x100.net\/projects\/rutasal\/4724\/#primaryimage\"},\"thumbnailUrl\":\"http:\/\/larutadelasal.com\/custom\/uploads\/2020\/04\/logo-RDLS-descarga-150x150.jpg\",\"datePublished\":\"2020-04-28T18:08:55+00:00\",\"dateModified\":\"2020-04-28T18:20:46+00:00\",\"author\":{\"@id\":\"https:\/\/labs.100x100.net\/projects\/rutasal\/#\/schema\/person\/ab0f0359773b0a59d5eb579ec54b37e8\"},\"breadcrumb\":{\"@id\":\"https:\/\/labs.100x100.net\/projects\/rutasal\/4724\/#breadcrumb\"},\"inLanguage\":\"es\",\"potentialAction\":[{\"@type\":\"ReadAction\",\"target\":[\"https:\/\/labs.100x100.net\/projects\/rutasal\/4724\/\"]}]},{\"@type\":\"ImageObject\",\"inLanguage\":\"es\",\"@id\":\"https:\/\/labs.100x100.net\/projects\/rutasal\/4724\/#primaryimage\",\"url\":\"http:\/\/larutadelasal.com\/custom\/uploads\/2020\/04\/logo-RDLS-descarga-150x150.jpg\",\"contentUrl\":\"http:\/\/larutadelasal.com\/custom\/uploads\/2020\/04\/logo-RDLS-descarga-150x150.jpg\"},{\"@type\":\"BreadcrumbList\",\"@id\":\"https:\/\/labs.100x100.net\/projects\/rutasal\/4724\/#breadcrumb\",\"itemListElement\":[{\"@type\":\"ListItem\",\"position\":1,\"name\":\"Portada\",\"item\":\"https:\/\/labs.100x100.net\/projects\/rutasal\/\"},{\"@type\":\"ListItem\",\"position\":2,\"name\":\"NUEVAS FECHAS \/ NEW DATES\"}]},{\"@type\":\"WebSite\",\"@id\":\"https:\/\/labs.100x100.net\/projects\/rutasal\/#website\",\"url\":\"https:\/\/labs.100x100.net\/projects\/rutasal\/\",\"name\":\"Regata La Ruta de la Sal\",\"description\":\"Regata La Ruta de la Sal es una regata de Altura Mediterr\u00e1nea para barcos de crucero a vela con destino en Ibiza, que se disputa anualmente en Semana Santa.\",\"potentialAction\":[{\"@type\":\"SearchAction\",\"target\":{\"@type\":\"EntryPoint\",\"urlTemplate\":\"https:\/\/labs.100x100.net\/projects\/rutasal\/?s={search_term_string}\"},\"query-input\":\"required name=search_term_string\"}],\"inLanguage\":\"es\"},{\"@type\":\"Person\",\"@id\":\"https:\/\/labs.100x100.net\/projects\/rutasal\/#\/schema\/person\/ab0f0359773b0a59d5eb579ec54b37e8\",\"name\":\"Enregata\",\"image\":{\"@type\":\"ImageObject\",\"inLanguage\":\"es\",\"@id\":\"https:\/\/labs.100x100.net\/projects\/rutasal\/#\/schema\/person\/image\/\",\"url\":\"https:\/\/secure.gravatar.com\/avatar\/c674f392343d66e95fba904bf4162243?s=96&d=mm&r=g\",\"contentUrl\":\"https:\/\/secure.gravatar.com\/avatar\/c674f392343d66e95fba904bf4162243?s=96&d=mm&r=g\",\"caption\":\"Enregata\"}}]}<\/script>\n<!-- \/ Yoast SEO plugin. -->","yoast_head_json":{"title":"NUEVAS FECHAS \/ NEW DATES | Regata La Ruta de la Sal","robots":{"index":"noindex","follow":"follow","max-snippet":"max-snippet:-1","max-image-preview":"max-image-preview:large","max-video-preview":"max-video-preview:-1"},"og_locale":"es_ES","og_type":"article","og_title":"NUEVAS FECHAS \/ NEW DATES | Regata La Ruta de la Sal","og_description":"\ufeff\ufeff ENGLISH TEXT below ********************* Debido a las sucesivas pr\u00f3rrogas del Estado de la Alarma por el Covid-19, el Comit\u00e9 Organizador se ve obligado a ampliar el aplazamiento de La Ruta de la Sal. Las nuevas fechas de celebraci\u00f3n son del 9 al 12 de octubre. La salida se realizar\u00e1 el viernes 9 de octubre [&hellip;]","og_url":"https:\/\/labs.100x100.net\/projects\/rutasal\/4724\/","og_site_name":"Regata La Ruta de la Sal","article_publisher":"https:\/\/www.facebook.com\/rutadelasal\/","article_published_time":"2020-04-28T18:08:55+00:00","article_modified_time":"2020-04-28T18:20:46+00:00","og_image":[{"url":"http:\/\/larutadelasal.com\/custom\/uploads\/2020\/04\/logo-RDLS-descarga-150x150.jpg"}],"author":"Enregata","twitter_card":"summary_large_image","twitter_creator":"@AnamMedi","twitter_site":"@AnamMedi","twitter_misc":{"Escrito por":"Enregata","Tiempo de lectura":"2 minutos"},"schema":{"@context":"https:\/\/schema.org","@graph":[{"@type":"WebPage","@id":"https:\/\/labs.100x100.net\/projects\/rutasal\/4724\/","url":"https:\/\/labs.100x100.net\/projects\/rutasal\/4724\/","name":"NUEVAS FECHAS \/ NEW DATES | Regata La Ruta de la Sal","isPartOf":{"@id":"https:\/\/labs.100x100.net\/projects\/rutasal\/#website"},"primaryImageOfPage":{"@id":"https:\/\/labs.100x100.net\/projects\/rutasal\/4724\/#primaryimage"},"image":{"@id":"https:\/\/labs.100x100.net\/projects\/rutasal\/4724\/#primaryimage"},"thumbnailUrl":"http:\/\/larutadelasal.com\/custom\/uploads\/2020\/04\/logo-RDLS-descarga-150x150.jpg","datePublished":"2020-04-28T18:08:55+00:00","dateModified":"2020-04-28T18:20:46+00:00","author":{"@id":"https:\/\/labs.100x100.net\/projects\/rutasal\/#\/schema\/person\/ab0f0359773b0a59d5eb579ec54b37e8"},"breadcrumb":{"@id":"https:\/\/labs.100x100.net\/projects\/rutasal\/4724\/#breadcrumb"},"inLanguage":"es","potentialAction":[{"@type":"ReadAction","target":["https:\/\/labs.100x100.net\/projects\/rutasal\/4724\/"]}]},{"@type":"ImageObject","inLanguage":"es","@id":"https:\/\/labs.100x100.net\/projects\/rutasal\/4724\/#primaryimage","url":"http:\/\/larutadelasal.com\/custom\/uploads\/2020\/04\/logo-RDLS-descarga-150x150.jpg","contentUrl":"http:\/\/larutadelasal.com\/custom\/uploads\/2020\/04\/logo-RDLS-descarga-150x150.jpg"},{"@type":"BreadcrumbList","@id":"https:\/\/labs.100x100.net\/projects\/rutasal\/4724\/#breadcrumb","itemListElement":[{"@type":"ListItem","position":1,"name":"Portada","item":"https:\/\/labs.100x100.net\/projects\/rutasal\/"},{"@type":"ListItem","position":2,"name":"NUEVAS FECHAS \/ NEW DATES"}]},{"@type":"WebSite","@id":"https:\/\/labs.100x100.net\/projects\/rutasal\/#website","url":"https:\/\/labs.100x100.net\/projects\/rutasal\/","name":"Regata La Ruta de la Sal","description":"Regata La Ruta de la Sal es una regata de Altura Mediterr\u00e1nea para barcos de crucero a vela con destino en Ibiza, que se disputa anualmente en Semana Santa.","potentialAction":[{"@type":"SearchAction","target":{"@type":"EntryPoint","urlTemplate":"https:\/\/labs.100x100.net\/projects\/rutasal\/?s={search_term_string}"},"query-input":"required name=search_term_string"}],"inLanguage":"es"},{"@type":"Person","@id":"https:\/\/labs.100x100.net\/projects\/rutasal\/#\/schema\/person\/ab0f0359773b0a59d5eb579ec54b37e8","name":"Enregata","image":{"@type":"ImageObject","inLanguage":"es","@id":"https:\/\/labs.100x100.net\/projects\/rutasal\/#\/schema\/person\/image\/","url":"https:\/\/secure.gravatar.com\/avatar\/c674f392343d66e95fba904bf4162243?s=96&d=mm&r=g","contentUrl":"https:\/\/secure.gravatar.com\/avatar\/c674f392343d66e95fba904bf4162243?s=96&d=mm&r=g","caption":"Enregata"}}]}},"_links":{"self":[{"href":"https:\/\/labs.100x100.net\/projects\/rutasal\/wp-json\/wp\/v2\/posts\/4724"}],"collection":[{"href":"https:\/\/labs.100x100.net\/projects\/rutasal\/wp-json\/wp\/v2\/posts"}],"about":[{"href":"https:\/\/labs.100x100.net\/projects\/rutasal\/wp-json\/wp\/v2\/types\/post"}],"author":[{"embeddable":true,"href":"https:\/\/labs.100x100.net\/projects\/rutasal\/wp-json\/wp\/v2\/users\/8"}],"replies":[{"embeddable":true,"href":"https:\/\/labs.100x100.net\/projects\/rutasal\/wp-json\/wp\/v2\/comments?post=4724"}],"version-history":[{"count":5,"href":"https:\/\/labs.100x100.net\/projects\/rutasal\/wp-json\/wp\/v2\/posts\/4724\/revisions"}],"predecessor-version":[{"id":4729,"href":"https:\/\/labs.100x100.net\/projects\/rutasal\/wp-json\/wp\/v2\/posts\/4724\/revisions\/4729"}],"wp:attachment":[{"href":"https:\/\/labs.100x100.net\/projects\/rutasal\/wp-json\/wp\/v2\/media?parent=4724"}],"wp:term":[{"taxonomy":"category","embeddable":true,"href":"https:\/\/labs.100x100.net\/projects\/rutasal\/wp-json\/wp\/v2\/categories?post=4724"},{"taxonomy":"post_tag","embeddable":true,"href":"https:\/\/labs.100x100.net\/projects\/rutasal\/wp-json\/wp\/v2\/tags?post=4724"}],"curies":[{"name":"wp","href":"https:\/\/api.w.org\/{rel}","templated":true}]}}