{"id":4709,"date":"2020-04-10T15:11:01","date_gmt":"2020-04-10T13:11:01","guid":{"rendered":"https:\/\/larutadelasal.com\/?p=4709"},"modified":"2020-04-10T16:43:55","modified_gmt":"2020-04-10T14:43:55","slug":"vientos-que-deberan-esperar","status":"publish","type":"post","link":"https:\/\/labs.100x100.net\/projects\/rutasal\/vientos-que-deberan-esperar\/","title":{"rendered":"VIENTOS QUE DEBER\u00c1N ESPERAR"},"content":{"rendered":"<p>A continuaci\u00f3n os dejamos el an\u00e1lisis que, Tom\u00e1s Molina, meteor\u00f3logo oficial de La Ruta de la Sal, ha tenido la gentileza de realizar, de los vientos que hubiesen encontrado las tres flotas de La Ruta de la Sal, en caso de que la regata se hubiera podido celebrar en la fecha prevista.<\/p>\n<p>Gracias Tom\u00e1s!<\/p>\n<p>&nbsp;<\/p>\n<p><strong>Salida Barcelona<\/strong><\/p>\n<p>A\u00fan estar\u00edamos en el agua!<br \/>\nVer el mapa de viento de la noche<\/p>\n<p><img loading=\"lazy\" decoding=\"async\" class=\"aligncenter size-medium wp-image-4710\" src=\"http:\/\/larutadelasal.com\/custom\/uploads\/2020\/04\/parte1-300x257.png\" alt=\"\" width=\"300\" height=\"257\" srcset=\"https:\/\/labs.100x100.net\/projects\/rutasal\/custom\/uploads\/2020\/04\/parte1-300x257.png 300w, https:\/\/labs.100x100.net\/projects\/rutasal\/custom\/uploads\/2020\/04\/parte1.png 379w\" sizes=\"(max-width: 300px) 100vw, 300px\" \/><br \/>\nLa salida del jueves y la primera parte de la noche habr\u00eda sido con una ce\u00f1ida con 5 nuditos de viento hasta que por la noche hubiera llegado la calma. La ma\u00f1ana del viernes la cosa no habr\u00eda mejorado mucho todav\u00eda, tendr\u00edamos unos vientos muy d\u00e9biles y \u00abrolones\u00bb que ir\u00edan cambiando de direcci\u00f3n, hasta que la noche se ir\u00edan poniendo del SE de 7 o 10 nudos &#8230; Con todo ello muchas llegadas habr\u00edan sido el S\u00e1bado &#8230;<\/p>\n<p><strong>Salida Denia<\/strong><\/p>\n<p>No hubiese faltado viento! Hubiese sido una regata para ir avanzando, divertida, sin demasiado mar y tranquila. Con viento del NE de 10 nudos de fuerza constante, quiz\u00e1s un poco menos por la noche. A media tarde del viernes ya estar\u00eda llegando la flota, con un d\u00eda precioso y una temperatura en San Antonio de 22 grados. M\u00e1s de uno estar\u00edais en el agua haci\u00e9ndoos un ba\u00f1o !!<\/p>\n<p><strong>Salida Mallorca<\/strong><\/p>\n<p>Deber\u00edan haber sido los m\u00e1s r\u00e1pidos! Habr\u00eda sido una regata muy divertida. Con viento de gregal o alevantado, deber\u00edan haber podido navegar de largo mucho tiempo y con una noche con el cielo espectacularmente sereno, habr\u00edan visto Venus brillar casi tanto como la Luna, y la Luna del perigeo iluminar el mar como si fuera de d\u00eda. habr\u00edais hecho tantas fotos como quisierais!<\/p>\n<p><strong>Village Ibiza<\/strong><\/p>\n<p>Ya con todos en Ibiza, el parte de este fin de semana hubiese sido fant\u00e1stico &#8230; pero por suerte, Ibiza es siempre fant\u00e1stica y cuando se haga la regata, en mayo o en el segundo semestre, en esta pr\u00f3xima edici\u00f3n de La Ruta de la Sal del 2020, seguro que tendremos tantas o m\u00e1s experiencias para comentar con toda la flota.<\/p>\n<p><img loading=\"lazy\" decoding=\"async\" class=\"aligncenter size-full wp-image-4715\" src=\"http:\/\/larutadelasal.com\/custom\/uploads\/2020\/04\/descarga.jpg\" alt=\"\" width=\"275\" height=\"183\" \/><\/p>\n<p style=\"text-align: center;\">Tom\u00e1s Molina<\/p>\n<p style=\"text-align: center;\">Meteor\u00f3logo oficial de La Ruta de la Sal<\/p>\n","protected":false},"excerpt":{"rendered":"<p>A continuaci\u00f3n os dejamos el an\u00e1lisis que, Tom\u00e1s Molina, meteor\u00f3logo oficial de La Ruta de la Sal, ha tenido la gentileza de realizar, de los vientos que hubiesen encontrado las tres flotas de La Ruta de la Sal, en caso de que la regata se hubiera podido celebrar en la fecha prevista. Gracias Tom\u00e1s! &nbsp; [&hellip;]<\/p>\n","protected":false},"author":8,"featured_media":4712,"comment_status":"open","ping_status":"open","sticky":false,"template":"","format":"standard","meta":{"_acf_changed":false,"footnotes":""},"categories":[3],"tags":[],"acf":[],"yoast_head":"<!-- This site is optimized with the Yoast SEO plugin v23.0 - https:\/\/yoast.com\/wordpress\/plugins\/seo\/ -->\n<title>VIENTOS QUE DEBER\u00c1N ESPERAR | Regata La Ruta de la Sal<\/title>\n<meta name=\"robots\" content=\"noindex, follow, max-snippet:-1, max-image-preview:large, max-video-preview:-1\" \/>\n<meta property=\"og:locale\" content=\"es_ES\" \/>\n<meta property=\"og:type\" content=\"article\" \/>\n<meta property=\"og:title\" content=\"VIENTOS QUE DEBER\u00c1N ESPERAR | Regata La Ruta de la Sal\" \/>\n<meta property=\"og:description\" content=\"A continuaci\u00f3n os dejamos el an\u00e1lisis que, Tom\u00e1s Molina, meteor\u00f3logo oficial de La Ruta de la Sal, ha tenido la gentileza de realizar, de los vientos que hubiesen encontrado las tres flotas de La Ruta de la Sal, en caso de que la regata se hubiera podido celebrar en la fecha prevista. Gracias Tom\u00e1s! &nbsp; [&hellip;]\" \/>\n<meta property=\"og:url\" content=\"https:\/\/labs.100x100.net\/projects\/rutasal\/vientos-que-deberan-esperar\/\" \/>\n<meta property=\"og:site_name\" content=\"Regata La Ruta de la Sal\" \/>\n<meta property=\"article:publisher\" content=\"https:\/\/www.facebook.com\/rutadelasal\/\" \/>\n<meta property=\"article:published_time\" content=\"2020-04-10T13:11:01+00:00\" \/>\n<meta property=\"article:modified_time\" content=\"2020-04-10T14:43:55+00:00\" \/>\n<meta property=\"og:image\" content=\"https:\/\/labs.100x100.net\/projects\/rutasal\/custom\/uploads\/2020\/04\/2020041000_2020041003_vent.png\" \/>\n\t<meta property=\"og:image:width\" content=\"670\" \/>\n\t<meta property=\"og:image:height\" content=\"435\" \/>\n\t<meta property=\"og:image:type\" content=\"image\/png\" \/>\n<meta name=\"author\" content=\"Enregata\" \/>\n<meta name=\"twitter:card\" content=\"summary_large_image\" \/>\n<meta name=\"twitter:creator\" content=\"@AnamMedi\" \/>\n<meta name=\"twitter:site\" content=\"@AnamMedi\" \/>\n<meta name=\"twitter:label1\" content=\"Escrito por\" \/>\n\t<meta name=\"twitter:data1\" content=\"Enregata\" \/>\n\t<meta name=\"twitter:label2\" content=\"Tiempo de lectura\" \/>\n\t<meta name=\"twitter:data2\" content=\"2 minutos\" \/>\n<script type=\"application\/ld+json\" class=\"yoast-schema-graph\">{\"@context\":\"https:\/\/schema.org\",\"@graph\":[{\"@type\":\"WebPage\",\"@id\":\"https:\/\/labs.100x100.net\/projects\/rutasal\/vientos-que-deberan-esperar\/\",\"url\":\"https:\/\/labs.100x100.net\/projects\/rutasal\/vientos-que-deberan-esperar\/\",\"name\":\"VIENTOS QUE DEBER\u00c1N ESPERAR | Regata La Ruta de la Sal\",\"isPartOf\":{\"@id\":\"https:\/\/labs.100x100.net\/projects\/rutasal\/#website\"},\"primaryImageOfPage\":{\"@id\":\"https:\/\/labs.100x100.net\/projects\/rutasal\/vientos-que-deberan-esperar\/#primaryimage\"},\"image\":{\"@id\":\"https:\/\/labs.100x100.net\/projects\/rutasal\/vientos-que-deberan-esperar\/#primaryimage\"},\"thumbnailUrl\":\"https:\/\/labs.100x100.net\/projects\/rutasal\/custom\/uploads\/2020\/04\/2020041000_2020041003_vent.png\",\"datePublished\":\"2020-04-10T13:11:01+00:00\",\"dateModified\":\"2020-04-10T14:43:55+00:00\",\"author\":{\"@id\":\"https:\/\/labs.100x100.net\/projects\/rutasal\/#\/schema\/person\/ab0f0359773b0a59d5eb579ec54b37e8\"},\"breadcrumb\":{\"@id\":\"https:\/\/labs.100x100.net\/projects\/rutasal\/vientos-que-deberan-esperar\/#breadcrumb\"},\"inLanguage\":\"es\",\"potentialAction\":[{\"@type\":\"ReadAction\",\"target\":[\"https:\/\/labs.100x100.net\/projects\/rutasal\/vientos-que-deberan-esperar\/\"]}]},{\"@type\":\"ImageObject\",\"inLanguage\":\"es\",\"@id\":\"https:\/\/labs.100x100.net\/projects\/rutasal\/vientos-que-deberan-esperar\/#primaryimage\",\"url\":\"https:\/\/labs.100x100.net\/projects\/rutasal\/custom\/uploads\/2020\/04\/2020041000_2020041003_vent.png\",\"contentUrl\":\"https:\/\/labs.100x100.net\/projects\/rutasal\/custom\/uploads\/2020\/04\/2020041000_2020041003_vent.png\",\"width\":670,\"height\":435},{\"@type\":\"BreadcrumbList\",\"@id\":\"https:\/\/labs.100x100.net\/projects\/rutasal\/vientos-que-deberan-esperar\/#breadcrumb\",\"itemListElement\":[{\"@type\":\"ListItem\",\"position\":1,\"name\":\"Portada\",\"item\":\"https:\/\/labs.100x100.net\/projects\/rutasal\/\"},{\"@type\":\"ListItem\",\"position\":2,\"name\":\"VIENTOS QUE DEBER\u00c1N ESPERAR\"}]},{\"@type\":\"WebSite\",\"@id\":\"https:\/\/labs.100x100.net\/projects\/rutasal\/#website\",\"url\":\"https:\/\/labs.100x100.net\/projects\/rutasal\/\",\"name\":\"Regata La Ruta de la Sal\",\"description\":\"Regata La Ruta de la Sal es una regata de Altura Mediterr\u00e1nea para barcos de crucero a vela con destino en Ibiza, que se disputa anualmente en Semana Santa.\",\"potentialAction\":[{\"@type\":\"SearchAction\",\"target\":{\"@type\":\"EntryPoint\",\"urlTemplate\":\"https:\/\/labs.100x100.net\/projects\/rutasal\/?s={search_term_string}\"},\"query-input\":\"required name=search_term_string\"}],\"inLanguage\":\"es\"},{\"@type\":\"Person\",\"@id\":\"https:\/\/labs.100x100.net\/projects\/rutasal\/#\/schema\/person\/ab0f0359773b0a59d5eb579ec54b37e8\",\"name\":\"Enregata\",\"image\":{\"@type\":\"ImageObject\",\"inLanguage\":\"es\",\"@id\":\"https:\/\/labs.100x100.net\/projects\/rutasal\/#\/schema\/person\/image\/\",\"url\":\"https:\/\/secure.gravatar.com\/avatar\/c674f392343d66e95fba904bf4162243?s=96&d=mm&r=g\",\"contentUrl\":\"https:\/\/secure.gravatar.com\/avatar\/c674f392343d66e95fba904bf4162243?s=96&d=mm&r=g\",\"caption\":\"Enregata\"}}]}<\/script>\n<!-- \/ Yoast SEO plugin. -->","yoast_head_json":{"title":"VIENTOS QUE DEBER\u00c1N ESPERAR | Regata La Ruta de la Sal","robots":{"index":"noindex","follow":"follow","max-snippet":"max-snippet:-1","max-image-preview":"max-image-preview:large","max-video-preview":"max-video-preview:-1"},"og_locale":"es_ES","og_type":"article","og_title":"VIENTOS QUE DEBER\u00c1N ESPERAR | Regata La Ruta de la Sal","og_description":"A continuaci\u00f3n os dejamos el an\u00e1lisis que, Tom\u00e1s Molina, meteor\u00f3logo oficial de La Ruta de la Sal, ha tenido la gentileza de realizar, de los vientos que hubiesen encontrado las tres flotas de La Ruta de la Sal, en caso de que la regata se hubiera podido celebrar en la fecha prevista. Gracias Tom\u00e1s! &nbsp; [&hellip;]","og_url":"https:\/\/labs.100x100.net\/projects\/rutasal\/vientos-que-deberan-esperar\/","og_site_name":"Regata La Ruta de la Sal","article_publisher":"https:\/\/www.facebook.com\/rutadelasal\/","article_published_time":"2020-04-10T13:11:01+00:00","article_modified_time":"2020-04-10T14:43:55+00:00","og_image":[{"width":670,"height":435,"url":"https:\/\/labs.100x100.net\/projects\/rutasal\/custom\/uploads\/2020\/04\/2020041000_2020041003_vent.png","type":"image\/png"}],"author":"Enregata","twitter_card":"summary_large_image","twitter_creator":"@AnamMedi","twitter_site":"@AnamMedi","twitter_misc":{"Escrito por":"Enregata","Tiempo de lectura":"2 minutos"},"schema":{"@context":"https:\/\/schema.org","@graph":[{"@type":"WebPage","@id":"https:\/\/labs.100x100.net\/projects\/rutasal\/vientos-que-deberan-esperar\/","url":"https:\/\/labs.100x100.net\/projects\/rutasal\/vientos-que-deberan-esperar\/","name":"VIENTOS QUE DEBER\u00c1N ESPERAR | Regata La Ruta de la Sal","isPartOf":{"@id":"https:\/\/labs.100x100.net\/projects\/rutasal\/#website"},"primaryImageOfPage":{"@id":"https:\/\/labs.100x100.net\/projects\/rutasal\/vientos-que-deberan-esperar\/#primaryimage"},"image":{"@id":"https:\/\/labs.100x100.net\/projects\/rutasal\/vientos-que-deberan-esperar\/#primaryimage"},"thumbnailUrl":"https:\/\/labs.100x100.net\/projects\/rutasal\/custom\/uploads\/2020\/04\/2020041000_2020041003_vent.png","datePublished":"2020-04-10T13:11:01+00:00","dateModified":"2020-04-10T14:43:55+00:00","author":{"@id":"https:\/\/labs.100x100.net\/projects\/rutasal\/#\/schema\/person\/ab0f0359773b0a59d5eb579ec54b37e8"},"breadcrumb":{"@id":"https:\/\/labs.100x100.net\/projects\/rutasal\/vientos-que-deberan-esperar\/#breadcrumb"},"inLanguage":"es","potentialAction":[{"@type":"ReadAction","target":["https:\/\/labs.100x100.net\/projects\/rutasal\/vientos-que-deberan-esperar\/"]}]},{"@type":"ImageObject","inLanguage":"es","@id":"https:\/\/labs.100x100.net\/projects\/rutasal\/vientos-que-deberan-esperar\/#primaryimage","url":"https:\/\/labs.100x100.net\/projects\/rutasal\/custom\/uploads\/2020\/04\/2020041000_2020041003_vent.png","contentUrl":"https:\/\/labs.100x100.net\/projects\/rutasal\/custom\/uploads\/2020\/04\/2020041000_2020041003_vent.png","width":670,"height":435},{"@type":"BreadcrumbList","@id":"https:\/\/labs.100x100.net\/projects\/rutasal\/vientos-que-deberan-esperar\/#breadcrumb","itemListElement":[{"@type":"ListItem","position":1,"name":"Portada","item":"https:\/\/labs.100x100.net\/projects\/rutasal\/"},{"@type":"ListItem","position":2,"name":"VIENTOS QUE DEBER\u00c1N ESPERAR"}]},{"@type":"WebSite","@id":"https:\/\/labs.100x100.net\/projects\/rutasal\/#website","url":"https:\/\/labs.100x100.net\/projects\/rutasal\/","name":"Regata La Ruta de la Sal","description":"Regata La Ruta de la Sal es una regata de Altura Mediterr\u00e1nea para barcos de crucero a vela con destino en Ibiza, que se disputa anualmente en Semana Santa.","potentialAction":[{"@type":"SearchAction","target":{"@type":"EntryPoint","urlTemplate":"https:\/\/labs.100x100.net\/projects\/rutasal\/?s={search_term_string}"},"query-input":"required name=search_term_string"}],"inLanguage":"es"},{"@type":"Person","@id":"https:\/\/labs.100x100.net\/projects\/rutasal\/#\/schema\/person\/ab0f0359773b0a59d5eb579ec54b37e8","name":"Enregata","image":{"@type":"ImageObject","inLanguage":"es","@id":"https:\/\/labs.100x100.net\/projects\/rutasal\/#\/schema\/person\/image\/","url":"https:\/\/secure.gravatar.com\/avatar\/c674f392343d66e95fba904bf4162243?s=96&d=mm&r=g","contentUrl":"https:\/\/secure.gravatar.com\/avatar\/c674f392343d66e95fba904bf4162243?s=96&d=mm&r=g","caption":"Enregata"}}]}},"_links":{"self":[{"href":"https:\/\/labs.100x100.net\/projects\/rutasal\/wp-json\/wp\/v2\/posts\/4709"}],"collection":[{"href":"https:\/\/labs.100x100.net\/projects\/rutasal\/wp-json\/wp\/v2\/posts"}],"about":[{"href":"https:\/\/labs.100x100.net\/projects\/rutasal\/wp-json\/wp\/v2\/types\/post"}],"author":[{"embeddable":true,"href":"https:\/\/labs.100x100.net\/projects\/rutasal\/wp-json\/wp\/v2\/users\/8"}],"replies":[{"embeddable":true,"href":"https:\/\/labs.100x100.net\/projects\/rutasal\/wp-json\/wp\/v2\/comments?post=4709"}],"version-history":[{"count":5,"href":"https:\/\/labs.100x100.net\/projects\/rutasal\/wp-json\/wp\/v2\/posts\/4709\/revisions"}],"predecessor-version":[{"id":4717,"href":"https:\/\/labs.100x100.net\/projects\/rutasal\/wp-json\/wp\/v2\/posts\/4709\/revisions\/4717"}],"wp:featuredmedia":[{"embeddable":true,"href":"https:\/\/labs.100x100.net\/projects\/rutasal\/wp-json\/wp\/v2\/media\/4712"}],"wp:attachment":[{"href":"https:\/\/labs.100x100.net\/projects\/rutasal\/wp-json\/wp\/v2\/media?parent=4709"}],"wp:term":[{"taxonomy":"category","embeddable":true,"href":"https:\/\/labs.100x100.net\/projects\/rutasal\/wp-json\/wp\/v2\/categories?post=4709"},{"taxonomy":"post_tag","embeddable":true,"href":"https:\/\/labs.100x100.net\/projects\/rutasal\/wp-json\/wp\/v2\/tags?post=4709"}],"curies":[{"name":"wp","href":"https:\/\/api.w.org\/{rel}","templated":true}]}}