{"id":4703,"date":"2020-03-20T20:37:34","date_gmt":"2020-03-20T18:37:34","guid":{"rendered":"https:\/\/larutadelasal.com\/?p=4703"},"modified":"2020-03-20T20:39:57","modified_gmt":"2020-03-20T18:39:57","slug":"mensaje-director-de-regata","status":"publish","type":"post","link":"https:\/\/labs.100x100.net\/projects\/rutasal\/mensaje-director-de-regata\/","title":{"rendered":"MENSAJE DIRECTOR DE REGATA"},"content":{"rendered":"<p><img loading=\"lazy\" decoding=\"async\" class=\"aligncenter wp-image-4685 size-thumbnail\" src=\"http:\/\/larutadelasal.com\/custom\/uploads\/2020\/03\/LOGO-RUTA-SAL-150x150.jpg\" alt=\"\" width=\"150\" height=\"150\" \/><\/p>\n<p>Estimados amigos regatistas y amantes del mar,<\/p>\n<p>Vivimos tiempos de gran incertidumbre, pero con el esfuerzo de todos conseguiremos capear este temporal. Saldremos al exterior solo para lo imprescindible equipados con l\u00edneas de vida, es hora de navegar a palo seco. Cuidar y animar a la tripulaci\u00f3n, sabiendo que despu\u00e9s de la tormenta llega la calma y que pronto estaremos todos navegando rumbo a Ibiza en una edici\u00f3n muy especial de La Ruta de la Sal.<\/p>\n<p>Las circunstancias han obligado a aplazar la regata. Gracias a la disponibilidad de los clubs co-organizadores hemos podido consensuar nuevas fechas: el 29-31 de mayo. Con los 170 barcos ya preinscritos y m\u00e1s de mil regatistas implicados, resulta evidente que un cambio de programa dif\u00edcilmente satisfar\u00e1 a todos. En cualquier caso, estamos preparados, pues en los 32 a\u00f1os de vida de esta regata nos hemos enfrentado, navegantes y organizaci\u00f3n, a un sinf\u00edn de dificultades y contratiempos. Agradecemos vuestro apoyo y juntos seguiremos luchando contra viento y marea para que esta pr\u00f3xima edici\u00f3n de La Ruta de la Sal sea una oportunidad para celebrar la victoria sobre la adversidad. Una magn\u00edfica ocasi\u00f3n para llenar los pulmones de aire puro y observar que lo peor queda atr\u00e1s, en las estelas de nuestras popas.<\/p>\n<p>Con la ilusi\u00f3n de abrazar pr\u00f3ximamente a toda la amplia familia de la Sal en Ibiza os env\u00edo un caluroso saludo,<\/p>\n<p>Hasta muy pronto,<\/p>\n<p>Enrique Curt<br \/>\nDirector de Regata.<\/p>\n","protected":false},"excerpt":{"rendered":"<p>Estimados amigos regatistas y amantes del mar, Vivimos tiempos de gran incertidumbre, pero con el esfuerzo de todos conseguiremos capear este temporal. Saldremos al exterior solo para lo imprescindible equipados con l\u00edneas de vida, es hora de navegar a palo seco. Cuidar y animar a la tripulaci\u00f3n, sabiendo que despu\u00e9s de la tormenta llega la [&hellip;]<\/p>\n","protected":false},"author":8,"featured_media":4685,"comment_status":"open","ping_status":"open","sticky":false,"template":"","format":"standard","meta":{"_acf_changed":false,"footnotes":""},"categories":[3],"tags":[],"acf":[],"yoast_head":"<!-- This site is optimized with the Yoast SEO plugin v23.0 - https:\/\/yoast.com\/wordpress\/plugins\/seo\/ -->\n<title>MENSAJE DIRECTOR DE REGATA | Regata La Ruta de la Sal<\/title>\n<meta name=\"robots\" content=\"noindex, follow, max-snippet:-1, max-image-preview:large, max-video-preview:-1\" \/>\n<meta property=\"og:locale\" content=\"es_ES\" \/>\n<meta property=\"og:type\" content=\"article\" \/>\n<meta property=\"og:title\" content=\"MENSAJE DIRECTOR DE REGATA | Regata La Ruta de la Sal\" \/>\n<meta property=\"og:description\" content=\"Estimados amigos regatistas y amantes del mar, Vivimos tiempos de gran incertidumbre, pero con el esfuerzo de todos conseguiremos capear este temporal. Saldremos al exterior solo para lo imprescindible equipados con l\u00edneas de vida, es hora de navegar a palo seco. Cuidar y animar a la tripulaci\u00f3n, sabiendo que despu\u00e9s de la tormenta llega la [&hellip;]\" \/>\n<meta property=\"og:url\" content=\"https:\/\/labs.100x100.net\/projects\/rutasal\/mensaje-director-de-regata\/\" \/>\n<meta property=\"og:site_name\" content=\"Regata La Ruta de la Sal\" \/>\n<meta property=\"article:publisher\" content=\"https:\/\/www.facebook.com\/rutadelasal\/\" \/>\n<meta property=\"article:published_time\" content=\"2020-03-20T18:37:34+00:00\" \/>\n<meta property=\"article:modified_time\" content=\"2020-03-20T18:39:57+00:00\" \/>\n<meta property=\"og:image\" content=\"https:\/\/labs.100x100.net\/projects\/rutasal\/custom\/uploads\/2020\/03\/LOGO-RUTA-SAL.jpg\" \/>\n\t<meta property=\"og:image:width\" content=\"706\" \/>\n\t<meta property=\"og:image:height\" content=\"820\" \/>\n\t<meta property=\"og:image:type\" content=\"image\/jpeg\" \/>\n<meta name=\"author\" content=\"Enregata\" \/>\n<meta name=\"twitter:card\" content=\"summary_large_image\" \/>\n<meta name=\"twitter:creator\" content=\"@AnamMedi\" \/>\n<meta name=\"twitter:site\" content=\"@AnamMedi\" \/>\n<meta name=\"twitter:label1\" content=\"Escrito por\" \/>\n\t<meta name=\"twitter:data1\" content=\"Enregata\" \/>\n\t<meta name=\"twitter:label2\" content=\"Tiempo de lectura\" \/>\n\t<meta name=\"twitter:data2\" content=\"1 minuto\" \/>\n<script type=\"application\/ld+json\" class=\"yoast-schema-graph\">{\"@context\":\"https:\/\/schema.org\",\"@graph\":[{\"@type\":\"WebPage\",\"@id\":\"https:\/\/labs.100x100.net\/projects\/rutasal\/mensaje-director-de-regata\/\",\"url\":\"https:\/\/labs.100x100.net\/projects\/rutasal\/mensaje-director-de-regata\/\",\"name\":\"MENSAJE DIRECTOR DE REGATA | Regata La Ruta de la Sal\",\"isPartOf\":{\"@id\":\"https:\/\/labs.100x100.net\/projects\/rutasal\/#website\"},\"primaryImageOfPage\":{\"@id\":\"https:\/\/labs.100x100.net\/projects\/rutasal\/mensaje-director-de-regata\/#primaryimage\"},\"image\":{\"@id\":\"https:\/\/labs.100x100.net\/projects\/rutasal\/mensaje-director-de-regata\/#primaryimage\"},\"thumbnailUrl\":\"https:\/\/labs.100x100.net\/projects\/rutasal\/custom\/uploads\/2020\/03\/LOGO-RUTA-SAL.jpg\",\"datePublished\":\"2020-03-20T18:37:34+00:00\",\"dateModified\":\"2020-03-20T18:39:57+00:00\",\"author\":{\"@id\":\"https:\/\/labs.100x100.net\/projects\/rutasal\/#\/schema\/person\/ab0f0359773b0a59d5eb579ec54b37e8\"},\"breadcrumb\":{\"@id\":\"https:\/\/labs.100x100.net\/projects\/rutasal\/mensaje-director-de-regata\/#breadcrumb\"},\"inLanguage\":\"es\",\"potentialAction\":[{\"@type\":\"ReadAction\",\"target\":[\"https:\/\/labs.100x100.net\/projects\/rutasal\/mensaje-director-de-regata\/\"]}]},{\"@type\":\"ImageObject\",\"inLanguage\":\"es\",\"@id\":\"https:\/\/labs.100x100.net\/projects\/rutasal\/mensaje-director-de-regata\/#primaryimage\",\"url\":\"https:\/\/labs.100x100.net\/projects\/rutasal\/custom\/uploads\/2020\/03\/LOGO-RUTA-SAL.jpg\",\"contentUrl\":\"https:\/\/labs.100x100.net\/projects\/rutasal\/custom\/uploads\/2020\/03\/LOGO-RUTA-SAL.jpg\",\"width\":706,\"height\":820},{\"@type\":\"BreadcrumbList\",\"@id\":\"https:\/\/labs.100x100.net\/projects\/rutasal\/mensaje-director-de-regata\/#breadcrumb\",\"itemListElement\":[{\"@type\":\"ListItem\",\"position\":1,\"name\":\"Portada\",\"item\":\"https:\/\/labs.100x100.net\/projects\/rutasal\/\"},{\"@type\":\"ListItem\",\"position\":2,\"name\":\"MENSAJE DIRECTOR DE REGATA\"}]},{\"@type\":\"WebSite\",\"@id\":\"https:\/\/labs.100x100.net\/projects\/rutasal\/#website\",\"url\":\"https:\/\/labs.100x100.net\/projects\/rutasal\/\",\"name\":\"Regata La Ruta de la Sal\",\"description\":\"Regata La Ruta de la Sal es una regata de Altura Mediterr\u00e1nea para barcos de crucero a vela con destino en Ibiza, que se disputa anualmente en Semana Santa.\",\"potentialAction\":[{\"@type\":\"SearchAction\",\"target\":{\"@type\":\"EntryPoint\",\"urlTemplate\":\"https:\/\/labs.100x100.net\/projects\/rutasal\/?s={search_term_string}\"},\"query-input\":\"required name=search_term_string\"}],\"inLanguage\":\"es\"},{\"@type\":\"Person\",\"@id\":\"https:\/\/labs.100x100.net\/projects\/rutasal\/#\/schema\/person\/ab0f0359773b0a59d5eb579ec54b37e8\",\"name\":\"Enregata\",\"image\":{\"@type\":\"ImageObject\",\"inLanguage\":\"es\",\"@id\":\"https:\/\/labs.100x100.net\/projects\/rutasal\/#\/schema\/person\/image\/\",\"url\":\"https:\/\/secure.gravatar.com\/avatar\/c674f392343d66e95fba904bf4162243?s=96&d=mm&r=g\",\"contentUrl\":\"https:\/\/secure.gravatar.com\/avatar\/c674f392343d66e95fba904bf4162243?s=96&d=mm&r=g\",\"caption\":\"Enregata\"}}]}<\/script>\n<!-- \/ Yoast SEO plugin. -->","yoast_head_json":{"title":"MENSAJE DIRECTOR DE REGATA | Regata La Ruta de la Sal","robots":{"index":"noindex","follow":"follow","max-snippet":"max-snippet:-1","max-image-preview":"max-image-preview:large","max-video-preview":"max-video-preview:-1"},"og_locale":"es_ES","og_type":"article","og_title":"MENSAJE DIRECTOR DE REGATA | Regata La Ruta de la Sal","og_description":"Estimados amigos regatistas y amantes del mar, Vivimos tiempos de gran incertidumbre, pero con el esfuerzo de todos conseguiremos capear este temporal. Saldremos al exterior solo para lo imprescindible equipados con l\u00edneas de vida, es hora de navegar a palo seco. Cuidar y animar a la tripulaci\u00f3n, sabiendo que despu\u00e9s de la tormenta llega la [&hellip;]","og_url":"https:\/\/labs.100x100.net\/projects\/rutasal\/mensaje-director-de-regata\/","og_site_name":"Regata La Ruta de la Sal","article_publisher":"https:\/\/www.facebook.com\/rutadelasal\/","article_published_time":"2020-03-20T18:37:34+00:00","article_modified_time":"2020-03-20T18:39:57+00:00","og_image":[{"width":706,"height":820,"url":"https:\/\/labs.100x100.net\/projects\/rutasal\/custom\/uploads\/2020\/03\/LOGO-RUTA-SAL.jpg","type":"image\/jpeg"}],"author":"Enregata","twitter_card":"summary_large_image","twitter_creator":"@AnamMedi","twitter_site":"@AnamMedi","twitter_misc":{"Escrito por":"Enregata","Tiempo de lectura":"1 minuto"},"schema":{"@context":"https:\/\/schema.org","@graph":[{"@type":"WebPage","@id":"https:\/\/labs.100x100.net\/projects\/rutasal\/mensaje-director-de-regata\/","url":"https:\/\/labs.100x100.net\/projects\/rutasal\/mensaje-director-de-regata\/","name":"MENSAJE DIRECTOR DE REGATA | Regata La Ruta de la Sal","isPartOf":{"@id":"https:\/\/labs.100x100.net\/projects\/rutasal\/#website"},"primaryImageOfPage":{"@id":"https:\/\/labs.100x100.net\/projects\/rutasal\/mensaje-director-de-regata\/#primaryimage"},"image":{"@id":"https:\/\/labs.100x100.net\/projects\/rutasal\/mensaje-director-de-regata\/#primaryimage"},"thumbnailUrl":"https:\/\/labs.100x100.net\/projects\/rutasal\/custom\/uploads\/2020\/03\/LOGO-RUTA-SAL.jpg","datePublished":"2020-03-20T18:37:34+00:00","dateModified":"2020-03-20T18:39:57+00:00","author":{"@id":"https:\/\/labs.100x100.net\/projects\/rutasal\/#\/schema\/person\/ab0f0359773b0a59d5eb579ec54b37e8"},"breadcrumb":{"@id":"https:\/\/labs.100x100.net\/projects\/rutasal\/mensaje-director-de-regata\/#breadcrumb"},"inLanguage":"es","potentialAction":[{"@type":"ReadAction","target":["https:\/\/labs.100x100.net\/projects\/rutasal\/mensaje-director-de-regata\/"]}]},{"@type":"ImageObject","inLanguage":"es","@id":"https:\/\/labs.100x100.net\/projects\/rutasal\/mensaje-director-de-regata\/#primaryimage","url":"https:\/\/labs.100x100.net\/projects\/rutasal\/custom\/uploads\/2020\/03\/LOGO-RUTA-SAL.jpg","contentUrl":"https:\/\/labs.100x100.net\/projects\/rutasal\/custom\/uploads\/2020\/03\/LOGO-RUTA-SAL.jpg","width":706,"height":820},{"@type":"BreadcrumbList","@id":"https:\/\/labs.100x100.net\/projects\/rutasal\/mensaje-director-de-regata\/#breadcrumb","itemListElement":[{"@type":"ListItem","position":1,"name":"Portada","item":"https:\/\/labs.100x100.net\/projects\/rutasal\/"},{"@type":"ListItem","position":2,"name":"MENSAJE DIRECTOR DE REGATA"}]},{"@type":"WebSite","@id":"https:\/\/labs.100x100.net\/projects\/rutasal\/#website","url":"https:\/\/labs.100x100.net\/projects\/rutasal\/","name":"Regata La Ruta de la Sal","description":"Regata La Ruta de la Sal es una regata de Altura Mediterr\u00e1nea para barcos de crucero a vela con destino en Ibiza, que se disputa anualmente en Semana Santa.","potentialAction":[{"@type":"SearchAction","target":{"@type":"EntryPoint","urlTemplate":"https:\/\/labs.100x100.net\/projects\/rutasal\/?s={search_term_string}"},"query-input":"required name=search_term_string"}],"inLanguage":"es"},{"@type":"Person","@id":"https:\/\/labs.100x100.net\/projects\/rutasal\/#\/schema\/person\/ab0f0359773b0a59d5eb579ec54b37e8","name":"Enregata","image":{"@type":"ImageObject","inLanguage":"es","@id":"https:\/\/labs.100x100.net\/projects\/rutasal\/#\/schema\/person\/image\/","url":"https:\/\/secure.gravatar.com\/avatar\/c674f392343d66e95fba904bf4162243?s=96&d=mm&r=g","contentUrl":"https:\/\/secure.gravatar.com\/avatar\/c674f392343d66e95fba904bf4162243?s=96&d=mm&r=g","caption":"Enregata"}}]}},"_links":{"self":[{"href":"https:\/\/labs.100x100.net\/projects\/rutasal\/wp-json\/wp\/v2\/posts\/4703"}],"collection":[{"href":"https:\/\/labs.100x100.net\/projects\/rutasal\/wp-json\/wp\/v2\/posts"}],"about":[{"href":"https:\/\/labs.100x100.net\/projects\/rutasal\/wp-json\/wp\/v2\/types\/post"}],"author":[{"embeddable":true,"href":"https:\/\/labs.100x100.net\/projects\/rutasal\/wp-json\/wp\/v2\/users\/8"}],"replies":[{"embeddable":true,"href":"https:\/\/labs.100x100.net\/projects\/rutasal\/wp-json\/wp\/v2\/comments?post=4703"}],"version-history":[{"count":3,"href":"https:\/\/labs.100x100.net\/projects\/rutasal\/wp-json\/wp\/v2\/posts\/4703\/revisions"}],"predecessor-version":[{"id":4706,"href":"https:\/\/labs.100x100.net\/projects\/rutasal\/wp-json\/wp\/v2\/posts\/4703\/revisions\/4706"}],"wp:featuredmedia":[{"embeddable":true,"href":"https:\/\/labs.100x100.net\/projects\/rutasal\/wp-json\/wp\/v2\/media\/4685"}],"wp:attachment":[{"href":"https:\/\/labs.100x100.net\/projects\/rutasal\/wp-json\/wp\/v2\/media?parent=4703"}],"wp:term":[{"taxonomy":"category","embeddable":true,"href":"https:\/\/labs.100x100.net\/projects\/rutasal\/wp-json\/wp\/v2\/categories?post=4703"},{"taxonomy":"post_tag","embeddable":true,"href":"https:\/\/labs.100x100.net\/projects\/rutasal\/wp-json\/wp\/v2\/tags?post=4703"}],"curies":[{"name":"wp","href":"https:\/\/api.w.org\/{rel}","templated":true}]}}