{"id":470,"date":"2011-04-05T12:07:17","date_gmt":"2011-04-05T12:07:17","guid":{"rendered":"https:\/\/larutadelasal.com\/?p=470"},"modified":"2019-03-14T12:32:03","modified_gmt":"2019-03-14T10:32:03","slug":"la-isla-de-ibiza-concede-una-mencion-especial-a-pepe-ferres","status":"publish","type":"post","link":"https:\/\/labs.100x100.net\/projects\/rutasal\/la-isla-de-ibiza-concede-una-mencion-especial-a-pepe-ferres\/","title":{"rendered":"La isla de Ibiza concede una Menci\u00f3n Especial a Pepe Ferr\u00e9s"},"content":{"rendered":"<h2>La isla de Ibiza ha concedido una Menci\u00f3n Especial a Pepe Ferr\u00e9s a t\u00edtulo p\u00f3stumo por su labor de fomento del deporte de la Vela conseguida a trav\u00e9s de la Ruta de la Sal.<\/h2>\n<h2>Esta menci\u00f3n ha sido otorgada por mayor\u00eda absoluta del Jurado formado por representantes de los medios de comunicaci\u00f3n, los Ayuntamientos y el Consell d\u2019Eivissa.<\/h2>\n<p>Este Acto Oficial tendr\u00e1 lugar el pr\u00f3ximo<strong> viernes d\u00eda 15 de Abril a las 20.30 h<\/strong> en el Palau de Congressos de Santa. Eulalia de Ibiza.<\/p>\n<p><strong>Pepe Ferr\u00e9s,\u00a0 navegante<\/strong><br \/>\nDedic\u00f3 su vida a arrastrar a la gente a la mar, a incentivar a los armadores a largar amarras y a abandonar la pasividad de los pantalones por la aventura de navegar.<br \/>\nLo consigui\u00f3 con creces.<\/p>\n<p><strong>Pepe Ferr\u00e9s<\/strong> siempre lo tuvo claro, amaba el mar y traspas\u00f3 su pasi\u00f3n a muchos otros. No conceb\u00eda que los barcos permanecieran en puerto, pero comprend\u00eda que, en gran parte, era por falta de incentivos.<br \/>\nFue por este motivo que en 1988 fund\u00f3 ANAM, Asociaci\u00f3n de Navegantes de Altura Mediterr\u00e1neos, con el objetivo de organizar regatas de altura que mantuvieran el fair play de la navegaci\u00f3n sin perder el encanto de la aventura, con destinos atractivos y con programas capaces de atraer a toda la familia y lo consigui\u00f3!<br \/>\n<strong><a href=\"https:\/\/larutadelasal.com\/custom\/uploads\/2011\/04\/PEPE12.jpg\"><img loading=\"lazy\" decoding=\"async\" class=\"alignnone size-full wp-image-478\" title=\"PEPE1\" src=\"https:\/\/larutadelasal.com\/custom\/uploads\/2011\/04\/PEPE12.jpg\" alt=\"\" width=\"657\" height=\"400\" \/><\/a><\/strong><\/p>\n<p><strong>Un proyecto cumplido<\/strong><br \/>\nEn 1989, Pepe Ferr\u00e9s inaugur\u00f3 la I Edici\u00f3n de La Ruta de la Sal, de El Garraf a Ses Pitiusses, rememorando las antiguas traves\u00edas en busca de la Sal, del siglo pasado.<\/p>\n<p><strong>La Ruta de la Sal,<\/strong> a lo largo de los a\u00f1os ha superado con creces todas las expectativas ya que cada a\u00f1o re\u00fane a cientos de barcos y a miles de aficionados dispuestos a disfrutar del mar, la camader\u00eda, la competici\u00f3n y el magn\u00edfico destino de llegada: Ibiza.<\/p>\n<p>Superar las cifras alcanzadas de 300 barcos y m\u00e1s de 2500 navegantes es un reto dif\u00edcil de superar.<br \/>\n<strong>Esta pr\u00f3xima \u201cSal\u201d, la XXIV edici\u00f3n ser\u00e1 una edici\u00f3n muy especial dedicada a Pepe Ferr\u00e9s,<\/strong> qui\u00e9n con su entusiasmo por la vida y su amor por la vela nos ha hecho vibrar a todos.<\/p>\n<p>En La Ruta de la Sal prevalecer\u00e1 siempre su esp\u00edritu, ya que tal es el deseo tanto de los que forman el equipo de ANAM, como el de todos los navegantes que participan en la regata.<\/p>\n<p>Hoy en d\u00eda Pepe Ferr\u00e9s es y seguir\u00e1 siendo uno de los personajes m\u00e1s carism\u00e1ticos y m\u00e1s conocidos de la n\u00e1utica, que nos contagi\u00f3 esa ilusi\u00f3n, ese entusiasmo y esa maravillosa pasi\u00f3n por la aventura del mar.<\/p>\n<p><a href=\"https:\/\/larutadelasal.com\/custom\/uploads\/2011\/04\/P1500768P1.jpg\"><img loading=\"lazy\" decoding=\"async\" class=\"alignnone size-full wp-image-479\" title=\"P1500768P\" src=\"https:\/\/larutadelasal.com\/custom\/uploads\/2011\/04\/P1500768P1.jpg\" alt=\"\" width=\"657\" height=\"400\" \/><\/a><\/p>\n","protected":false},"excerpt":{"rendered":"<p>La isla de Ibiza ha concedido una Menci\u00f3n Especial a Pepe Ferr\u00e9s a t\u00edtulo p\u00f3stumo por su labor de fomento del deporte de la Vela conseguida a trav\u00e9s de la Ruta de la Sal.<\/p>\n","protected":false},"author":1,"featured_media":3930,"comment_status":"open","ping_status":"open","sticky":false,"template":"","format":"standard","meta":{"_acf_changed":false,"footnotes":""},"categories":[3],"tags":[],"acf":[],"yoast_head":"<!-- This site is optimized with the Yoast SEO plugin v23.0 - https:\/\/yoast.com\/wordpress\/plugins\/seo\/ -->\n<title>La isla de Ibiza concede una Menci\u00f3n Especial a Pepe Ferr\u00e9s | Regata La Ruta de la Sal<\/title>\n<meta name=\"robots\" content=\"noindex, follow, max-snippet:-1, max-image-preview:large, max-video-preview:-1\" \/>\n<meta property=\"og:locale\" content=\"es_ES\" \/>\n<meta property=\"og:type\" content=\"article\" \/>\n<meta property=\"og:title\" content=\"La isla de Ibiza concede una Menci\u00f3n Especial a Pepe Ferr\u00e9s | Regata La Ruta de la Sal\" \/>\n<meta property=\"og:description\" content=\"La isla de Ibiza ha concedido una Menci\u00f3n Especial a Pepe Ferr\u00e9s a t\u00edtulo p\u00f3stumo por su labor de fomento del deporte de la Vela conseguida a trav\u00e9s de la Ruta de la Sal.\" \/>\n<meta property=\"og:url\" content=\"https:\/\/labs.100x100.net\/projects\/rutasal\/la-isla-de-ibiza-concede-una-mencion-especial-a-pepe-ferres\/\" \/>\n<meta property=\"og:site_name\" content=\"Regata La Ruta de la Sal\" \/>\n<meta property=\"article:publisher\" content=\"https:\/\/www.facebook.com\/rutadelasal\/\" \/>\n<meta property=\"article:published_time\" content=\"2011-04-05T12:07:17+00:00\" \/>\n<meta property=\"article:modified_time\" content=\"2019-03-14T10:32:03+00:00\" \/>\n<meta property=\"og:image\" content=\"https:\/\/labs.100x100.net\/projects\/rutasal\/custom\/uploads\/2011\/04\/PEPE12-1.jpg\" \/>\n\t<meta property=\"og:image:width\" content=\"2957\" \/>\n\t<meta property=\"og:image:height\" content=\"1857\" \/>\n\t<meta property=\"og:image:type\" content=\"image\/jpeg\" \/>\n<meta name=\"author\" content=\"La Ruta de la Sal\" \/>\n<meta name=\"twitter:card\" content=\"summary_large_image\" \/>\n<meta name=\"twitter:creator\" content=\"@AnamMedi\" \/>\n<meta name=\"twitter:site\" content=\"@AnamMedi\" \/>\n<meta name=\"twitter:label1\" content=\"Escrito por\" \/>\n\t<meta name=\"twitter:data1\" content=\"La Ruta de la Sal\" \/>\n\t<meta name=\"twitter:label2\" content=\"Tiempo de lectura\" \/>\n\t<meta name=\"twitter:data2\" content=\"2 minutos\" \/>\n<script type=\"application\/ld+json\" class=\"yoast-schema-graph\">{\"@context\":\"https:\/\/schema.org\",\"@graph\":[{\"@type\":\"WebPage\",\"@id\":\"https:\/\/labs.100x100.net\/projects\/rutasal\/la-isla-de-ibiza-concede-una-mencion-especial-a-pepe-ferres\/\",\"url\":\"https:\/\/labs.100x100.net\/projects\/rutasal\/la-isla-de-ibiza-concede-una-mencion-especial-a-pepe-ferres\/\",\"name\":\"La isla de Ibiza concede una Menci\u00f3n Especial a Pepe Ferr\u00e9s | Regata La Ruta de la Sal\",\"isPartOf\":{\"@id\":\"https:\/\/labs.100x100.net\/projects\/rutasal\/#website\"},\"primaryImageOfPage\":{\"@id\":\"https:\/\/labs.100x100.net\/projects\/rutasal\/la-isla-de-ibiza-concede-una-mencion-especial-a-pepe-ferres\/#primaryimage\"},\"image\":{\"@id\":\"https:\/\/labs.100x100.net\/projects\/rutasal\/la-isla-de-ibiza-concede-una-mencion-especial-a-pepe-ferres\/#primaryimage\"},\"thumbnailUrl\":\"https:\/\/labs.100x100.net\/projects\/rutasal\/custom\/uploads\/2011\/04\/PEPE12-1.jpg\",\"datePublished\":\"2011-04-05T12:07:17+00:00\",\"dateModified\":\"2019-03-14T10:32:03+00:00\",\"author\":{\"@id\":\"https:\/\/labs.100x100.net\/projects\/rutasal\/#\/schema\/person\/214eeb4a2e78fd8373a0a94f6d93c9ca\"},\"breadcrumb\":{\"@id\":\"https:\/\/labs.100x100.net\/projects\/rutasal\/la-isla-de-ibiza-concede-una-mencion-especial-a-pepe-ferres\/#breadcrumb\"},\"inLanguage\":\"es\",\"potentialAction\":[{\"@type\":\"ReadAction\",\"target\":[\"https:\/\/labs.100x100.net\/projects\/rutasal\/la-isla-de-ibiza-concede-una-mencion-especial-a-pepe-ferres\/\"]}]},{\"@type\":\"ImageObject\",\"inLanguage\":\"es\",\"@id\":\"https:\/\/labs.100x100.net\/projects\/rutasal\/la-isla-de-ibiza-concede-una-mencion-especial-a-pepe-ferres\/#primaryimage\",\"url\":\"https:\/\/labs.100x100.net\/projects\/rutasal\/custom\/uploads\/2011\/04\/PEPE12-1.jpg\",\"contentUrl\":\"https:\/\/labs.100x100.net\/projects\/rutasal\/custom\/uploads\/2011\/04\/PEPE12-1.jpg\",\"width\":2957,\"height\":1857},{\"@type\":\"BreadcrumbList\",\"@id\":\"https:\/\/labs.100x100.net\/projects\/rutasal\/la-isla-de-ibiza-concede-una-mencion-especial-a-pepe-ferres\/#breadcrumb\",\"itemListElement\":[{\"@type\":\"ListItem\",\"position\":1,\"name\":\"Portada\",\"item\":\"https:\/\/labs.100x100.net\/projects\/rutasal\/\"},{\"@type\":\"ListItem\",\"position\":2,\"name\":\"La isla de Ibiza concede una Menci\u00f3n Especial a Pepe Ferr\u00e9s\"}]},{\"@type\":\"WebSite\",\"@id\":\"https:\/\/labs.100x100.net\/projects\/rutasal\/#website\",\"url\":\"https:\/\/labs.100x100.net\/projects\/rutasal\/\",\"name\":\"Regata La Ruta de la Sal\",\"description\":\"Regata La Ruta de la Sal es una regata de Altura Mediterr\u00e1nea para barcos de crucero a vela con destino en Ibiza, que se disputa anualmente en Semana Santa.\",\"potentialAction\":[{\"@type\":\"SearchAction\",\"target\":{\"@type\":\"EntryPoint\",\"urlTemplate\":\"https:\/\/labs.100x100.net\/projects\/rutasal\/?s={search_term_string}\"},\"query-input\":\"required name=search_term_string\"}],\"inLanguage\":\"es\"},{\"@type\":\"Person\",\"@id\":\"https:\/\/labs.100x100.net\/projects\/rutasal\/#\/schema\/person\/214eeb4a2e78fd8373a0a94f6d93c9ca\",\"name\":\"La Ruta de la Sal\",\"image\":{\"@type\":\"ImageObject\",\"inLanguage\":\"es\",\"@id\":\"https:\/\/labs.100x100.net\/projects\/rutasal\/#\/schema\/person\/image\/\",\"url\":\"https:\/\/secure.gravatar.com\/avatar\/b247286d4b801d6b1cfcfb3807587284?s=96&d=mm&r=g\",\"contentUrl\":\"https:\/\/secure.gravatar.com\/avatar\/b247286d4b801d6b1cfcfb3807587284?s=96&d=mm&r=g\",\"caption\":\"La Ruta de la Sal\"}}]}<\/script>\n<!-- \/ Yoast SEO plugin. -->","yoast_head_json":{"title":"La isla de Ibiza concede una Menci\u00f3n Especial a Pepe Ferr\u00e9s | Regata La Ruta de la Sal","robots":{"index":"noindex","follow":"follow","max-snippet":"max-snippet:-1","max-image-preview":"max-image-preview:large","max-video-preview":"max-video-preview:-1"},"og_locale":"es_ES","og_type":"article","og_title":"La isla de Ibiza concede una Menci\u00f3n Especial a Pepe Ferr\u00e9s | Regata La Ruta de la Sal","og_description":"La isla de Ibiza ha concedido una Menci\u00f3n Especial a Pepe Ferr\u00e9s a t\u00edtulo p\u00f3stumo por su labor de fomento del deporte de la Vela conseguida a trav\u00e9s de la Ruta de la Sal.","og_url":"https:\/\/labs.100x100.net\/projects\/rutasal\/la-isla-de-ibiza-concede-una-mencion-especial-a-pepe-ferres\/","og_site_name":"Regata La Ruta de la Sal","article_publisher":"https:\/\/www.facebook.com\/rutadelasal\/","article_published_time":"2011-04-05T12:07:17+00:00","article_modified_time":"2019-03-14T10:32:03+00:00","og_image":[{"width":2957,"height":1857,"url":"https:\/\/labs.100x100.net\/projects\/rutasal\/custom\/uploads\/2011\/04\/PEPE12-1.jpg","type":"image\/jpeg"}],"author":"La Ruta de la Sal","twitter_card":"summary_large_image","twitter_creator":"@AnamMedi","twitter_site":"@AnamMedi","twitter_misc":{"Escrito por":"La Ruta de la Sal","Tiempo de lectura":"2 minutos"},"schema":{"@context":"https:\/\/schema.org","@graph":[{"@type":"WebPage","@id":"https:\/\/labs.100x100.net\/projects\/rutasal\/la-isla-de-ibiza-concede-una-mencion-especial-a-pepe-ferres\/","url":"https:\/\/labs.100x100.net\/projects\/rutasal\/la-isla-de-ibiza-concede-una-mencion-especial-a-pepe-ferres\/","name":"La isla de Ibiza concede una Menci\u00f3n Especial a Pepe Ferr\u00e9s | Regata La Ruta de la Sal","isPartOf":{"@id":"https:\/\/labs.100x100.net\/projects\/rutasal\/#website"},"primaryImageOfPage":{"@id":"https:\/\/labs.100x100.net\/projects\/rutasal\/la-isla-de-ibiza-concede-una-mencion-especial-a-pepe-ferres\/#primaryimage"},"image":{"@id":"https:\/\/labs.100x100.net\/projects\/rutasal\/la-isla-de-ibiza-concede-una-mencion-especial-a-pepe-ferres\/#primaryimage"},"thumbnailUrl":"https:\/\/labs.100x100.net\/projects\/rutasal\/custom\/uploads\/2011\/04\/PEPE12-1.jpg","datePublished":"2011-04-05T12:07:17+00:00","dateModified":"2019-03-14T10:32:03+00:00","author":{"@id":"https:\/\/labs.100x100.net\/projects\/rutasal\/#\/schema\/person\/214eeb4a2e78fd8373a0a94f6d93c9ca"},"breadcrumb":{"@id":"https:\/\/labs.100x100.net\/projects\/rutasal\/la-isla-de-ibiza-concede-una-mencion-especial-a-pepe-ferres\/#breadcrumb"},"inLanguage":"es","potentialAction":[{"@type":"ReadAction","target":["https:\/\/labs.100x100.net\/projects\/rutasal\/la-isla-de-ibiza-concede-una-mencion-especial-a-pepe-ferres\/"]}]},{"@type":"ImageObject","inLanguage":"es","@id":"https:\/\/labs.100x100.net\/projects\/rutasal\/la-isla-de-ibiza-concede-una-mencion-especial-a-pepe-ferres\/#primaryimage","url":"https:\/\/labs.100x100.net\/projects\/rutasal\/custom\/uploads\/2011\/04\/PEPE12-1.jpg","contentUrl":"https:\/\/labs.100x100.net\/projects\/rutasal\/custom\/uploads\/2011\/04\/PEPE12-1.jpg","width":2957,"height":1857},{"@type":"BreadcrumbList","@id":"https:\/\/labs.100x100.net\/projects\/rutasal\/la-isla-de-ibiza-concede-una-mencion-especial-a-pepe-ferres\/#breadcrumb","itemListElement":[{"@type":"ListItem","position":1,"name":"Portada","item":"https:\/\/labs.100x100.net\/projects\/rutasal\/"},{"@type":"ListItem","position":2,"name":"La isla de Ibiza concede una Menci\u00f3n Especial a Pepe Ferr\u00e9s"}]},{"@type":"WebSite","@id":"https:\/\/labs.100x100.net\/projects\/rutasal\/#website","url":"https:\/\/labs.100x100.net\/projects\/rutasal\/","name":"Regata La Ruta de la Sal","description":"Regata La Ruta de la Sal es una regata de Altura Mediterr\u00e1nea para barcos de crucero a vela con destino en Ibiza, que se disputa anualmente en Semana Santa.","potentialAction":[{"@type":"SearchAction","target":{"@type":"EntryPoint","urlTemplate":"https:\/\/labs.100x100.net\/projects\/rutasal\/?s={search_term_string}"},"query-input":"required name=search_term_string"}],"inLanguage":"es"},{"@type":"Person","@id":"https:\/\/labs.100x100.net\/projects\/rutasal\/#\/schema\/person\/214eeb4a2e78fd8373a0a94f6d93c9ca","name":"La Ruta de la Sal","image":{"@type":"ImageObject","inLanguage":"es","@id":"https:\/\/labs.100x100.net\/projects\/rutasal\/#\/schema\/person\/image\/","url":"https:\/\/secure.gravatar.com\/avatar\/b247286d4b801d6b1cfcfb3807587284?s=96&d=mm&r=g","contentUrl":"https:\/\/secure.gravatar.com\/avatar\/b247286d4b801d6b1cfcfb3807587284?s=96&d=mm&r=g","caption":"La Ruta de la Sal"}}]}},"_links":{"self":[{"href":"https:\/\/labs.100x100.net\/projects\/rutasal\/wp-json\/wp\/v2\/posts\/470"}],"collection":[{"href":"https:\/\/labs.100x100.net\/projects\/rutasal\/wp-json\/wp\/v2\/posts"}],"about":[{"href":"https:\/\/labs.100x100.net\/projects\/rutasal\/wp-json\/wp\/v2\/types\/post"}],"author":[{"embeddable":true,"href":"https:\/\/labs.100x100.net\/projects\/rutasal\/wp-json\/wp\/v2\/users\/1"}],"replies":[{"embeddable":true,"href":"https:\/\/labs.100x100.net\/projects\/rutasal\/wp-json\/wp\/v2\/comments?post=470"}],"version-history":[{"count":1,"href":"https:\/\/labs.100x100.net\/projects\/rutasal\/wp-json\/wp\/v2\/posts\/470\/revisions"}],"predecessor-version":[{"id":3931,"href":"https:\/\/labs.100x100.net\/projects\/rutasal\/wp-json\/wp\/v2\/posts\/470\/revisions\/3931"}],"wp:featuredmedia":[{"embeddable":true,"href":"https:\/\/labs.100x100.net\/projects\/rutasal\/wp-json\/wp\/v2\/media\/3930"}],"wp:attachment":[{"href":"https:\/\/labs.100x100.net\/projects\/rutasal\/wp-json\/wp\/v2\/media?parent=470"}],"wp:term":[{"taxonomy":"category","embeddable":true,"href":"https:\/\/labs.100x100.net\/projects\/rutasal\/wp-json\/wp\/v2\/categories?post=470"},{"taxonomy":"post_tag","embeddable":true,"href":"https:\/\/labs.100x100.net\/projects\/rutasal\/wp-json\/wp\/v2\/tags?post=470"}],"curies":[{"name":"wp","href":"https:\/\/api.w.org\/{rel}","templated":true}]}}