{"id":4697,"date":"2020-03-20T12:47:38","date_gmt":"2020-03-20T10:47:38","guid":{"rendered":"https:\/\/larutadelasal.com\/?p=4697"},"modified":"2020-03-20T20:38:16","modified_gmt":"2020-03-20T18:38:16","slug":"nuevas-fechas-new-dates","status":"publish","type":"post","link":"https:\/\/labs.100x100.net\/projects\/rutasal\/nuevas-fechas-new-dates\/","title":{"rendered":"NUEVAS FECHAS \/ NEW DATES"},"content":{"rendered":"<p><img loading=\"lazy\" decoding=\"async\" class=\"aligncenter wp-image-4685 size-thumbnail\" src=\"http:\/\/larutadelasal.com\/custom\/uploads\/2020\/03\/LOGO-RUTA-SAL-150x150.jpg\" alt=\"\" width=\"150\" height=\"150\" \/><\/p>\n<p>*********************<br \/>\nEnglish text belox<br \/>\n*********************<\/p>\n<p>Estimado regatista,<\/p>\n<p>Tras el anuncio de aplazamiento de la Regata debido a la crisis del Covid-19, te comunicamos ahora que el Comit\u00e9 organizador de La Ruta de la Sal tiene intenci\u00f3n de celebrar la XXXIII edici\u00f3n de La Ruta de la Sal del 29 al 31 de mayo.<\/p>\n<p>El Comit\u00e9 de Regatas quiere agradecer especialmente la cooperaci\u00f3n los cuatro clubs n\u00e1uticos coorganizadores: CN de Sant Antoni de Portmany, RCN de Denia, CM Port Ginesta y CV Port d\u2019Andraxt. Acoger a la gran flota de La Ruta de la Sal requiere de importantes esfuerzos y gracias a su disponibilidad se ha podido consensuar la fecha propuesta.<\/p>\n<p>Gracias a los esfuerzos de los clubs coorganizadores, para las fechas de mayo, podemos seguir acogiendo un total de 120 barcos. Actualmente hay cerca de 100 inscritos confirmados, y 70 embarcaciones preinscritas. La asignaci\u00f3n de las plazas disponibles se efectuar\u00e1 por estricto orden de confirmaci\u00f3n de la inscripci\u00f3n, tal y como marca el Anuncio de Regata.<\/p>\n<p>Finalmente desde el Comit\u00e9 Organizador queremos enviar un caluroso saludo a toda la familia de La Sal e insuflaros todos los \u00e1nimos posibles, recordando que juntos capearemos este temporal y que m\u00e1s pronto de los que imaginamos estaremos navegando rumbo a Ibiza.<\/p>\n<p>\u00a1\u00c1nimos!<br \/>\n&#8211; &#8211; &#8211; &#8211; &#8211; &#8211;<\/p>\n<p>El Comit\u00e9 Organizador<\/p>\n<p><img loading=\"lazy\" decoding=\"async\" class=\"aligncenter wp-image-4685 size-thumbnail\" src=\"http:\/\/larutadelasal.com\/custom\/uploads\/2020\/03\/LOGO-RUTA-SAL-150x150.jpg\" alt=\"\" width=\"150\" height=\"150\" \/><\/p>\n<p>**************<br \/>\nEnglish text<br \/>\n**************<br \/>\nDear sailor,<\/p>\n<p>After the announcement of postponement of the Regatta due to the Covid-19 crisis, we inform you now that the Organizing Committee of La Ruta de la Sal intends to celebrate the XXXIII edition of La Ruta de la Sal from May 29 to 31.<\/p>\n<p>The Race Committee wishes to especially thank the four co-organizing clubs for their cooperation: CN de Sant Antoni de Portmany, RCN de Denia, CM Port Ginesta and CV Port d\u2019Andraxt. Welcoming the large fleet of La Ruta de la Sal requires significant efforts and thanks to its availability it has been possible to reach a consensus on the proposed date.<\/p>\n<p>Thanks to the efforts of the co-organizing clubs, for the dates of May, we can continue to host a total of 120 boats. There are currently close to 100 confirmed registrants, and 70 pre-registered vessels. The allocation of the available places will be made by strict order of confirmation of the registration, as indicated in the Notice of the Race.<\/p>\n<p>Finally, from the Organizing Committee we want to send a warm greeting to the entire family of La Sal and blow you all possible spirits, remembering that together we will weather this storm and that sooner than we imagine we will be sailing to Ibiza.<\/p>\n<p>Cheer up!<br \/>\n&#8211; &#8211; &#8211; &#8211; &#8211; &#8211;<br \/>\nThe Race Committee<\/p>\n","protected":false},"excerpt":{"rendered":"<p>********************* English text belox ********************* Estimado regatista, Tras el anuncio de aplazamiento de la Regata debido a la crisis del Covid-19, te comunicamos ahora que el Comit\u00e9 organizador de La Ruta de la Sal tiene intenci\u00f3n de celebrar la XXXIII edici\u00f3n de La Ruta de la Sal del 29 al 31 de mayo. El Comit\u00e9 [&hellip;]<\/p>\n","protected":false},"author":8,"featured_media":4685,"comment_status":"open","ping_status":"open","sticky":false,"template":"","format":"standard","meta":{"_acf_changed":false,"footnotes":""},"categories":[3,1],"tags":[],"acf":[],"yoast_head":"<!-- This site is optimized with the Yoast SEO plugin v23.0 - https:\/\/yoast.com\/wordpress\/plugins\/seo\/ -->\n<title>NUEVAS FECHAS \/ NEW DATES | Regata La Ruta de la Sal<\/title>\n<meta name=\"robots\" content=\"noindex, follow, max-snippet:-1, max-image-preview:large, max-video-preview:-1\" \/>\n<meta property=\"og:locale\" content=\"es_ES\" \/>\n<meta property=\"og:type\" content=\"article\" \/>\n<meta property=\"og:title\" content=\"NUEVAS FECHAS \/ NEW DATES | Regata La Ruta de la Sal\" \/>\n<meta property=\"og:description\" content=\"********************* English text belox ********************* Estimado regatista, Tras el anuncio de aplazamiento de la Regata debido a la crisis del Covid-19, te comunicamos ahora que el Comit\u00e9 organizador de La Ruta de la Sal tiene intenci\u00f3n de celebrar la XXXIII edici\u00f3n de La Ruta de la Sal del 29 al 31 de mayo. El Comit\u00e9 [&hellip;]\" \/>\n<meta property=\"og:url\" content=\"https:\/\/labs.100x100.net\/projects\/rutasal\/nuevas-fechas-new-dates\/\" \/>\n<meta property=\"og:site_name\" content=\"Regata La Ruta de la Sal\" \/>\n<meta property=\"article:publisher\" content=\"https:\/\/www.facebook.com\/rutadelasal\/\" \/>\n<meta property=\"article:published_time\" content=\"2020-03-20T10:47:38+00:00\" \/>\n<meta property=\"article:modified_time\" content=\"2020-03-20T18:38:16+00:00\" \/>\n<meta property=\"og:image\" content=\"https:\/\/labs.100x100.net\/projects\/rutasal\/custom\/uploads\/2020\/03\/LOGO-RUTA-SAL.jpg\" \/>\n\t<meta property=\"og:image:width\" content=\"706\" \/>\n\t<meta property=\"og:image:height\" content=\"820\" \/>\n\t<meta property=\"og:image:type\" content=\"image\/jpeg\" \/>\n<meta name=\"author\" content=\"Enregata\" \/>\n<meta name=\"twitter:card\" content=\"summary_large_image\" \/>\n<meta name=\"twitter:creator\" content=\"@AnamMedi\" \/>\n<meta name=\"twitter:site\" content=\"@AnamMedi\" \/>\n<meta name=\"twitter:label1\" content=\"Escrito por\" \/>\n\t<meta name=\"twitter:data1\" content=\"Enregata\" \/>\n\t<meta name=\"twitter:label2\" content=\"Tiempo de lectura\" \/>\n\t<meta name=\"twitter:data2\" content=\"2 minutos\" \/>\n<script type=\"application\/ld+json\" class=\"yoast-schema-graph\">{\"@context\":\"https:\/\/schema.org\",\"@graph\":[{\"@type\":\"WebPage\",\"@id\":\"https:\/\/labs.100x100.net\/projects\/rutasal\/nuevas-fechas-new-dates\/\",\"url\":\"https:\/\/labs.100x100.net\/projects\/rutasal\/nuevas-fechas-new-dates\/\",\"name\":\"NUEVAS FECHAS \/ NEW DATES | Regata La Ruta de la Sal\",\"isPartOf\":{\"@id\":\"https:\/\/labs.100x100.net\/projects\/rutasal\/#website\"},\"primaryImageOfPage\":{\"@id\":\"https:\/\/labs.100x100.net\/projects\/rutasal\/nuevas-fechas-new-dates\/#primaryimage\"},\"image\":{\"@id\":\"https:\/\/labs.100x100.net\/projects\/rutasal\/nuevas-fechas-new-dates\/#primaryimage\"},\"thumbnailUrl\":\"https:\/\/labs.100x100.net\/projects\/rutasal\/custom\/uploads\/2020\/03\/LOGO-RUTA-SAL.jpg\",\"datePublished\":\"2020-03-20T10:47:38+00:00\",\"dateModified\":\"2020-03-20T18:38:16+00:00\",\"author\":{\"@id\":\"https:\/\/labs.100x100.net\/projects\/rutasal\/#\/schema\/person\/ab0f0359773b0a59d5eb579ec54b37e8\"},\"breadcrumb\":{\"@id\":\"https:\/\/labs.100x100.net\/projects\/rutasal\/nuevas-fechas-new-dates\/#breadcrumb\"},\"inLanguage\":\"es\",\"potentialAction\":[{\"@type\":\"ReadAction\",\"target\":[\"https:\/\/labs.100x100.net\/projects\/rutasal\/nuevas-fechas-new-dates\/\"]}]},{\"@type\":\"ImageObject\",\"inLanguage\":\"es\",\"@id\":\"https:\/\/labs.100x100.net\/projects\/rutasal\/nuevas-fechas-new-dates\/#primaryimage\",\"url\":\"https:\/\/labs.100x100.net\/projects\/rutasal\/custom\/uploads\/2020\/03\/LOGO-RUTA-SAL.jpg\",\"contentUrl\":\"https:\/\/labs.100x100.net\/projects\/rutasal\/custom\/uploads\/2020\/03\/LOGO-RUTA-SAL.jpg\",\"width\":706,\"height\":820},{\"@type\":\"BreadcrumbList\",\"@id\":\"https:\/\/labs.100x100.net\/projects\/rutasal\/nuevas-fechas-new-dates\/#breadcrumb\",\"itemListElement\":[{\"@type\":\"ListItem\",\"position\":1,\"name\":\"Portada\",\"item\":\"https:\/\/labs.100x100.net\/projects\/rutasal\/\"},{\"@type\":\"ListItem\",\"position\":2,\"name\":\"NUEVAS FECHAS \/ NEW DATES\"}]},{\"@type\":\"WebSite\",\"@id\":\"https:\/\/labs.100x100.net\/projects\/rutasal\/#website\",\"url\":\"https:\/\/labs.100x100.net\/projects\/rutasal\/\",\"name\":\"Regata La Ruta de la Sal\",\"description\":\"Regata La Ruta de la Sal es una regata de Altura Mediterr\u00e1nea para barcos de crucero a vela con destino en Ibiza, que se disputa anualmente en Semana Santa.\",\"potentialAction\":[{\"@type\":\"SearchAction\",\"target\":{\"@type\":\"EntryPoint\",\"urlTemplate\":\"https:\/\/labs.100x100.net\/projects\/rutasal\/?s={search_term_string}\"},\"query-input\":\"required name=search_term_string\"}],\"inLanguage\":\"es\"},{\"@type\":\"Person\",\"@id\":\"https:\/\/labs.100x100.net\/projects\/rutasal\/#\/schema\/person\/ab0f0359773b0a59d5eb579ec54b37e8\",\"name\":\"Enregata\",\"image\":{\"@type\":\"ImageObject\",\"inLanguage\":\"es\",\"@id\":\"https:\/\/labs.100x100.net\/projects\/rutasal\/#\/schema\/person\/image\/\",\"url\":\"https:\/\/secure.gravatar.com\/avatar\/c674f392343d66e95fba904bf4162243?s=96&d=mm&r=g\",\"contentUrl\":\"https:\/\/secure.gravatar.com\/avatar\/c674f392343d66e95fba904bf4162243?s=96&d=mm&r=g\",\"caption\":\"Enregata\"}}]}<\/script>\n<!-- \/ Yoast SEO plugin. -->","yoast_head_json":{"title":"NUEVAS FECHAS \/ NEW DATES | Regata La Ruta de la Sal","robots":{"index":"noindex","follow":"follow","max-snippet":"max-snippet:-1","max-image-preview":"max-image-preview:large","max-video-preview":"max-video-preview:-1"},"og_locale":"es_ES","og_type":"article","og_title":"NUEVAS FECHAS \/ NEW DATES | Regata La Ruta de la Sal","og_description":"********************* English text belox ********************* Estimado regatista, Tras el anuncio de aplazamiento de la Regata debido a la crisis del Covid-19, te comunicamos ahora que el Comit\u00e9 organizador de La Ruta de la Sal tiene intenci\u00f3n de celebrar la XXXIII edici\u00f3n de La Ruta de la Sal del 29 al 31 de mayo. El Comit\u00e9 [&hellip;]","og_url":"https:\/\/labs.100x100.net\/projects\/rutasal\/nuevas-fechas-new-dates\/","og_site_name":"Regata La Ruta de la Sal","article_publisher":"https:\/\/www.facebook.com\/rutadelasal\/","article_published_time":"2020-03-20T10:47:38+00:00","article_modified_time":"2020-03-20T18:38:16+00:00","og_image":[{"width":706,"height":820,"url":"https:\/\/labs.100x100.net\/projects\/rutasal\/custom\/uploads\/2020\/03\/LOGO-RUTA-SAL.jpg","type":"image\/jpeg"}],"author":"Enregata","twitter_card":"summary_large_image","twitter_creator":"@AnamMedi","twitter_site":"@AnamMedi","twitter_misc":{"Escrito por":"Enregata","Tiempo de lectura":"2 minutos"},"schema":{"@context":"https:\/\/schema.org","@graph":[{"@type":"WebPage","@id":"https:\/\/labs.100x100.net\/projects\/rutasal\/nuevas-fechas-new-dates\/","url":"https:\/\/labs.100x100.net\/projects\/rutasal\/nuevas-fechas-new-dates\/","name":"NUEVAS FECHAS \/ NEW DATES | Regata La Ruta de la Sal","isPartOf":{"@id":"https:\/\/labs.100x100.net\/projects\/rutasal\/#website"},"primaryImageOfPage":{"@id":"https:\/\/labs.100x100.net\/projects\/rutasal\/nuevas-fechas-new-dates\/#primaryimage"},"image":{"@id":"https:\/\/labs.100x100.net\/projects\/rutasal\/nuevas-fechas-new-dates\/#primaryimage"},"thumbnailUrl":"https:\/\/labs.100x100.net\/projects\/rutasal\/custom\/uploads\/2020\/03\/LOGO-RUTA-SAL.jpg","datePublished":"2020-03-20T10:47:38+00:00","dateModified":"2020-03-20T18:38:16+00:00","author":{"@id":"https:\/\/labs.100x100.net\/projects\/rutasal\/#\/schema\/person\/ab0f0359773b0a59d5eb579ec54b37e8"},"breadcrumb":{"@id":"https:\/\/labs.100x100.net\/projects\/rutasal\/nuevas-fechas-new-dates\/#breadcrumb"},"inLanguage":"es","potentialAction":[{"@type":"ReadAction","target":["https:\/\/labs.100x100.net\/projects\/rutasal\/nuevas-fechas-new-dates\/"]}]},{"@type":"ImageObject","inLanguage":"es","@id":"https:\/\/labs.100x100.net\/projects\/rutasal\/nuevas-fechas-new-dates\/#primaryimage","url":"https:\/\/labs.100x100.net\/projects\/rutasal\/custom\/uploads\/2020\/03\/LOGO-RUTA-SAL.jpg","contentUrl":"https:\/\/labs.100x100.net\/projects\/rutasal\/custom\/uploads\/2020\/03\/LOGO-RUTA-SAL.jpg","width":706,"height":820},{"@type":"BreadcrumbList","@id":"https:\/\/labs.100x100.net\/projects\/rutasal\/nuevas-fechas-new-dates\/#breadcrumb","itemListElement":[{"@type":"ListItem","position":1,"name":"Portada","item":"https:\/\/labs.100x100.net\/projects\/rutasal\/"},{"@type":"ListItem","position":2,"name":"NUEVAS FECHAS \/ NEW DATES"}]},{"@type":"WebSite","@id":"https:\/\/labs.100x100.net\/projects\/rutasal\/#website","url":"https:\/\/labs.100x100.net\/projects\/rutasal\/","name":"Regata La Ruta de la Sal","description":"Regata La Ruta de la Sal es una regata de Altura Mediterr\u00e1nea para barcos de crucero a vela con destino en Ibiza, que se disputa anualmente en Semana Santa.","potentialAction":[{"@type":"SearchAction","target":{"@type":"EntryPoint","urlTemplate":"https:\/\/labs.100x100.net\/projects\/rutasal\/?s={search_term_string}"},"query-input":"required name=search_term_string"}],"inLanguage":"es"},{"@type":"Person","@id":"https:\/\/labs.100x100.net\/projects\/rutasal\/#\/schema\/person\/ab0f0359773b0a59d5eb579ec54b37e8","name":"Enregata","image":{"@type":"ImageObject","inLanguage":"es","@id":"https:\/\/labs.100x100.net\/projects\/rutasal\/#\/schema\/person\/image\/","url":"https:\/\/secure.gravatar.com\/avatar\/c674f392343d66e95fba904bf4162243?s=96&d=mm&r=g","contentUrl":"https:\/\/secure.gravatar.com\/avatar\/c674f392343d66e95fba904bf4162243?s=96&d=mm&r=g","caption":"Enregata"}}]}},"_links":{"self":[{"href":"https:\/\/labs.100x100.net\/projects\/rutasal\/wp-json\/wp\/v2\/posts\/4697"}],"collection":[{"href":"https:\/\/labs.100x100.net\/projects\/rutasal\/wp-json\/wp\/v2\/posts"}],"about":[{"href":"https:\/\/labs.100x100.net\/projects\/rutasal\/wp-json\/wp\/v2\/types\/post"}],"author":[{"embeddable":true,"href":"https:\/\/labs.100x100.net\/projects\/rutasal\/wp-json\/wp\/v2\/users\/8"}],"replies":[{"embeddable":true,"href":"https:\/\/labs.100x100.net\/projects\/rutasal\/wp-json\/wp\/v2\/comments?post=4697"}],"version-history":[{"count":4,"href":"https:\/\/labs.100x100.net\/projects\/rutasal\/wp-json\/wp\/v2\/posts\/4697\/revisions"}],"predecessor-version":[{"id":4701,"href":"https:\/\/labs.100x100.net\/projects\/rutasal\/wp-json\/wp\/v2\/posts\/4697\/revisions\/4701"}],"wp:featuredmedia":[{"embeddable":true,"href":"https:\/\/labs.100x100.net\/projects\/rutasal\/wp-json\/wp\/v2\/media\/4685"}],"wp:attachment":[{"href":"https:\/\/labs.100x100.net\/projects\/rutasal\/wp-json\/wp\/v2\/media?parent=4697"}],"wp:term":[{"taxonomy":"category","embeddable":true,"href":"https:\/\/labs.100x100.net\/projects\/rutasal\/wp-json\/wp\/v2\/categories?post=4697"},{"taxonomy":"post_tag","embeddable":true,"href":"https:\/\/labs.100x100.net\/projects\/rutasal\/wp-json\/wp\/v2\/tags?post=4697"}],"curies":[{"name":"wp","href":"https:\/\/api.w.org\/{rel}","templated":true}]}}