{"id":4688,"date":"2020-03-13T16:54:50","date_gmt":"2020-03-13T14:54:50","guid":{"rendered":"https:\/\/larutadelasal.com\/?p=4688"},"modified":"2020-03-17T14:24:28","modified_gmt":"2020-03-17T12:24:28","slug":"la-ruta-de-la-sal-aplazada-postponed","status":"publish","type":"post","link":"https:\/\/labs.100x100.net\/projects\/rutasal\/la-ruta-de-la-sal-aplazada-postponed\/","title":{"rendered":"LA RUTA DE LA SAL APLAZADA \/ POSTPONED"},"content":{"rendered":"<p>*******************<\/p>\n<p>English text below<\/p>\n<p>*******************<\/p>\n<p>Estimado regatista,<\/p>\n<p>Comunicarte que, siguiendo recomendaciones de las autoridades competentes, <strong>el Comit\u00e9 de la Ruta de la Sal se ha visto obligado a tomar la decisi\u00f3n de aplazar La Ruta de la Sal.<\/strong><\/p>\n<p><strong>A inicios de la semana que vienen se comunicar\u00e1 la nueva fecha de celebraci\u00f3n<\/strong>, ya que los Clubs N\u00e1uticos colaboradores deben confirmar su capacidad de acoger a la amplia flota de La Sal en las nuevas fechas propuestas.<\/p>\n<p>A pesar de que la organizaci\u00f3n barajaba inicialmente la posibilidad de mantener la prueba en semana santa, adaptando el programa social para evitar cualquier tipo de aglomeraci\u00f3n de personas, la dimensi\u00f3n que ha tomado la crisis en los \u00faltimos d\u00edas, hace evidente la necesidad de aplazar cualquier evento que implique la movilidad de un amplio grupo de personas. Se trata de una medida para proteger tanto a los propios participantes, al equipo organizador y a las poblaciones que acogen a\u00f1o tras a\u00f1o con los brazos abiertos a la familia de La Sal.<\/p>\n<p>Agradecemos vuestra comprensi\u00f3n y os enviamos nuestros \u00e1nimos, sabiendo como buenos marineros que <strong>despu\u00e9s de la tormenta llega la calma, y que en breve estaremos en Ibiza celebrando una edici\u00f3n muy especial de nuestra querida regata<\/strong>.<\/p>\n<p>&nbsp;<\/p>\n<p>Un caluroso saludo a tod@s<\/p>\n<p>&nbsp;<\/p>\n<p>El Comit\u00e9 Organizador<\/p>\n<p>&nbsp;<\/p>\n<p>************<\/p>\n<p>English text<\/p>\n<p>************<\/p>\n<p>&nbsp;<\/p>\n<h1 style=\"text-align: center;\"><strong>LA RUTA DE LA SAL POSTPONED<\/strong><\/h1>\n<p>&nbsp;<\/p>\n<p>Dear sailor,<\/p>\n<p>We want to inform you that, following the recommendations of the competent authorities, <strong>the Committee of La Ruta de la Sal has been forced to take the decision to postpone the regatta.<\/strong><\/p>\n<p><strong>The new date will be announced the first days of next week<\/strong>, since the collaborating Nautical Clubs must confirm their ability to host the large fleet of La Sal on the new proposed dates.<\/p>\n<p>Despite the fact that the organization initially considered the possibility of maintaining the event in the Easter period, adapting the social events program to avoid any type of crowding, the dimension that the crisis has taken in recent days makes clear the need to postpone any event that involves the mobility of a large group of people. It is a measure to protect both the participants themselves, the organizing team and the populations that welcome the family of La Sal year after year with open arms.<\/p>\n<p>We appreciate your understanding and we send you our encouragement, knowing as good sailors that <strong>calm arrives after the storm, and that we will soon be in Ibiza celebrating a very special edition of our beloved regatta<\/strong>.<\/p>\n<p>A warm greeting to everyone<\/p>\n<p>The Committee of La Ruta de la Sal<\/p>\n","protected":false},"excerpt":{"rendered":"<p>******************* English text below ******************* Estimado regatista, Comunicarte que, siguiendo recomendaciones de las autoridades competentes, el Comit\u00e9 de la Ruta de la Sal se ha visto obligado a tomar la decisi\u00f3n de aplazar La Ruta de la Sal. A inicios de la semana que vienen se comunicar\u00e1 la nueva fecha de celebraci\u00f3n, ya que los [&hellip;]<\/p>\n","protected":false},"author":8,"featured_media":4685,"comment_status":"open","ping_status":"open","sticky":false,"template":"","format":"standard","meta":{"_acf_changed":false,"footnotes":""},"categories":[3],"tags":[],"acf":[],"yoast_head":"<!-- This site is optimized with the Yoast SEO plugin v23.0 - https:\/\/yoast.com\/wordpress\/plugins\/seo\/ -->\n<title>LA RUTA DE LA SAL APLAZADA \/ POSTPONED | Regata La Ruta de la Sal<\/title>\n<meta name=\"robots\" content=\"noindex, follow, max-snippet:-1, max-image-preview:large, max-video-preview:-1\" \/>\n<meta property=\"og:locale\" content=\"es_ES\" \/>\n<meta property=\"og:type\" content=\"article\" \/>\n<meta property=\"og:title\" content=\"LA RUTA DE LA SAL APLAZADA \/ POSTPONED | Regata La Ruta de la Sal\" \/>\n<meta property=\"og:description\" content=\"******************* English text below ******************* Estimado regatista, Comunicarte que, siguiendo recomendaciones de las autoridades competentes, el Comit\u00e9 de la Ruta de la Sal se ha visto obligado a tomar la decisi\u00f3n de aplazar La Ruta de la Sal. A inicios de la semana que vienen se comunicar\u00e1 la nueva fecha de celebraci\u00f3n, ya que los [&hellip;]\" \/>\n<meta property=\"og:url\" content=\"https:\/\/labs.100x100.net\/projects\/rutasal\/la-ruta-de-la-sal-aplazada-postponed\/\" \/>\n<meta property=\"og:site_name\" content=\"Regata La Ruta de la Sal\" \/>\n<meta property=\"article:publisher\" content=\"https:\/\/www.facebook.com\/rutadelasal\/\" \/>\n<meta property=\"article:published_time\" content=\"2020-03-13T14:54:50+00:00\" \/>\n<meta property=\"article:modified_time\" content=\"2020-03-17T12:24:28+00:00\" \/>\n<meta property=\"og:image\" content=\"https:\/\/labs.100x100.net\/projects\/rutasal\/custom\/uploads\/2020\/03\/LOGO-RUTA-SAL.jpg\" \/>\n\t<meta property=\"og:image:width\" content=\"706\" \/>\n\t<meta property=\"og:image:height\" content=\"820\" \/>\n\t<meta property=\"og:image:type\" content=\"image\/jpeg\" \/>\n<meta name=\"author\" content=\"Enregata\" \/>\n<meta name=\"twitter:card\" content=\"summary_large_image\" \/>\n<meta name=\"twitter:creator\" content=\"@AnamMedi\" \/>\n<meta name=\"twitter:site\" content=\"@AnamMedi\" \/>\n<meta name=\"twitter:label1\" content=\"Escrito por\" \/>\n\t<meta name=\"twitter:data1\" content=\"Enregata\" \/>\n\t<meta name=\"twitter:label2\" content=\"Tiempo de lectura\" \/>\n\t<meta name=\"twitter:data2\" content=\"2 minutos\" \/>\n<script type=\"application\/ld+json\" class=\"yoast-schema-graph\">{\"@context\":\"https:\/\/schema.org\",\"@graph\":[{\"@type\":\"WebPage\",\"@id\":\"https:\/\/labs.100x100.net\/projects\/rutasal\/la-ruta-de-la-sal-aplazada-postponed\/\",\"url\":\"https:\/\/labs.100x100.net\/projects\/rutasal\/la-ruta-de-la-sal-aplazada-postponed\/\",\"name\":\"LA RUTA DE LA SAL APLAZADA \/ POSTPONED | Regata La Ruta de la Sal\",\"isPartOf\":{\"@id\":\"https:\/\/labs.100x100.net\/projects\/rutasal\/#website\"},\"primaryImageOfPage\":{\"@id\":\"https:\/\/labs.100x100.net\/projects\/rutasal\/la-ruta-de-la-sal-aplazada-postponed\/#primaryimage\"},\"image\":{\"@id\":\"https:\/\/labs.100x100.net\/projects\/rutasal\/la-ruta-de-la-sal-aplazada-postponed\/#primaryimage\"},\"thumbnailUrl\":\"https:\/\/labs.100x100.net\/projects\/rutasal\/custom\/uploads\/2020\/03\/LOGO-RUTA-SAL.jpg\",\"datePublished\":\"2020-03-13T14:54:50+00:00\",\"dateModified\":\"2020-03-17T12:24:28+00:00\",\"author\":{\"@id\":\"https:\/\/labs.100x100.net\/projects\/rutasal\/#\/schema\/person\/ab0f0359773b0a59d5eb579ec54b37e8\"},\"breadcrumb\":{\"@id\":\"https:\/\/labs.100x100.net\/projects\/rutasal\/la-ruta-de-la-sal-aplazada-postponed\/#breadcrumb\"},\"inLanguage\":\"es\",\"potentialAction\":[{\"@type\":\"ReadAction\",\"target\":[\"https:\/\/labs.100x100.net\/projects\/rutasal\/la-ruta-de-la-sal-aplazada-postponed\/\"]}]},{\"@type\":\"ImageObject\",\"inLanguage\":\"es\",\"@id\":\"https:\/\/labs.100x100.net\/projects\/rutasal\/la-ruta-de-la-sal-aplazada-postponed\/#primaryimage\",\"url\":\"https:\/\/labs.100x100.net\/projects\/rutasal\/custom\/uploads\/2020\/03\/LOGO-RUTA-SAL.jpg\",\"contentUrl\":\"https:\/\/labs.100x100.net\/projects\/rutasal\/custom\/uploads\/2020\/03\/LOGO-RUTA-SAL.jpg\",\"width\":706,\"height\":820},{\"@type\":\"BreadcrumbList\",\"@id\":\"https:\/\/labs.100x100.net\/projects\/rutasal\/la-ruta-de-la-sal-aplazada-postponed\/#breadcrumb\",\"itemListElement\":[{\"@type\":\"ListItem\",\"position\":1,\"name\":\"Portada\",\"item\":\"https:\/\/labs.100x100.net\/projects\/rutasal\/\"},{\"@type\":\"ListItem\",\"position\":2,\"name\":\"LA RUTA DE LA SAL APLAZADA \/ POSTPONED\"}]},{\"@type\":\"WebSite\",\"@id\":\"https:\/\/labs.100x100.net\/projects\/rutasal\/#website\",\"url\":\"https:\/\/labs.100x100.net\/projects\/rutasal\/\",\"name\":\"Regata La Ruta de la Sal\",\"description\":\"Regata La Ruta de la Sal es una regata de Altura Mediterr\u00e1nea para barcos de crucero a vela con destino en Ibiza, que se disputa anualmente en Semana Santa.\",\"potentialAction\":[{\"@type\":\"SearchAction\",\"target\":{\"@type\":\"EntryPoint\",\"urlTemplate\":\"https:\/\/labs.100x100.net\/projects\/rutasal\/?s={search_term_string}\"},\"query-input\":\"required name=search_term_string\"}],\"inLanguage\":\"es\"},{\"@type\":\"Person\",\"@id\":\"https:\/\/labs.100x100.net\/projects\/rutasal\/#\/schema\/person\/ab0f0359773b0a59d5eb579ec54b37e8\",\"name\":\"Enregata\",\"image\":{\"@type\":\"ImageObject\",\"inLanguage\":\"es\",\"@id\":\"https:\/\/labs.100x100.net\/projects\/rutasal\/#\/schema\/person\/image\/\",\"url\":\"https:\/\/secure.gravatar.com\/avatar\/c674f392343d66e95fba904bf4162243?s=96&d=mm&r=g\",\"contentUrl\":\"https:\/\/secure.gravatar.com\/avatar\/c674f392343d66e95fba904bf4162243?s=96&d=mm&r=g\",\"caption\":\"Enregata\"}}]}<\/script>\n<!-- \/ Yoast SEO plugin. -->","yoast_head_json":{"title":"LA RUTA DE LA SAL APLAZADA \/ POSTPONED | Regata La Ruta de la Sal","robots":{"index":"noindex","follow":"follow","max-snippet":"max-snippet:-1","max-image-preview":"max-image-preview:large","max-video-preview":"max-video-preview:-1"},"og_locale":"es_ES","og_type":"article","og_title":"LA RUTA DE LA SAL APLAZADA \/ POSTPONED | Regata La Ruta de la Sal","og_description":"******************* English text below ******************* Estimado regatista, Comunicarte que, siguiendo recomendaciones de las autoridades competentes, el Comit\u00e9 de la Ruta de la Sal se ha visto obligado a tomar la decisi\u00f3n de aplazar La Ruta de la Sal. A inicios de la semana que vienen se comunicar\u00e1 la nueva fecha de celebraci\u00f3n, ya que los [&hellip;]","og_url":"https:\/\/labs.100x100.net\/projects\/rutasal\/la-ruta-de-la-sal-aplazada-postponed\/","og_site_name":"Regata La Ruta de la Sal","article_publisher":"https:\/\/www.facebook.com\/rutadelasal\/","article_published_time":"2020-03-13T14:54:50+00:00","article_modified_time":"2020-03-17T12:24:28+00:00","og_image":[{"width":706,"height":820,"url":"https:\/\/labs.100x100.net\/projects\/rutasal\/custom\/uploads\/2020\/03\/LOGO-RUTA-SAL.jpg","type":"image\/jpeg"}],"author":"Enregata","twitter_card":"summary_large_image","twitter_creator":"@AnamMedi","twitter_site":"@AnamMedi","twitter_misc":{"Escrito por":"Enregata","Tiempo de lectura":"2 minutos"},"schema":{"@context":"https:\/\/schema.org","@graph":[{"@type":"WebPage","@id":"https:\/\/labs.100x100.net\/projects\/rutasal\/la-ruta-de-la-sal-aplazada-postponed\/","url":"https:\/\/labs.100x100.net\/projects\/rutasal\/la-ruta-de-la-sal-aplazada-postponed\/","name":"LA RUTA DE LA SAL APLAZADA \/ POSTPONED | Regata La Ruta de la Sal","isPartOf":{"@id":"https:\/\/labs.100x100.net\/projects\/rutasal\/#website"},"primaryImageOfPage":{"@id":"https:\/\/labs.100x100.net\/projects\/rutasal\/la-ruta-de-la-sal-aplazada-postponed\/#primaryimage"},"image":{"@id":"https:\/\/labs.100x100.net\/projects\/rutasal\/la-ruta-de-la-sal-aplazada-postponed\/#primaryimage"},"thumbnailUrl":"https:\/\/labs.100x100.net\/projects\/rutasal\/custom\/uploads\/2020\/03\/LOGO-RUTA-SAL.jpg","datePublished":"2020-03-13T14:54:50+00:00","dateModified":"2020-03-17T12:24:28+00:00","author":{"@id":"https:\/\/labs.100x100.net\/projects\/rutasal\/#\/schema\/person\/ab0f0359773b0a59d5eb579ec54b37e8"},"breadcrumb":{"@id":"https:\/\/labs.100x100.net\/projects\/rutasal\/la-ruta-de-la-sal-aplazada-postponed\/#breadcrumb"},"inLanguage":"es","potentialAction":[{"@type":"ReadAction","target":["https:\/\/labs.100x100.net\/projects\/rutasal\/la-ruta-de-la-sal-aplazada-postponed\/"]}]},{"@type":"ImageObject","inLanguage":"es","@id":"https:\/\/labs.100x100.net\/projects\/rutasal\/la-ruta-de-la-sal-aplazada-postponed\/#primaryimage","url":"https:\/\/labs.100x100.net\/projects\/rutasal\/custom\/uploads\/2020\/03\/LOGO-RUTA-SAL.jpg","contentUrl":"https:\/\/labs.100x100.net\/projects\/rutasal\/custom\/uploads\/2020\/03\/LOGO-RUTA-SAL.jpg","width":706,"height":820},{"@type":"BreadcrumbList","@id":"https:\/\/labs.100x100.net\/projects\/rutasal\/la-ruta-de-la-sal-aplazada-postponed\/#breadcrumb","itemListElement":[{"@type":"ListItem","position":1,"name":"Portada","item":"https:\/\/labs.100x100.net\/projects\/rutasal\/"},{"@type":"ListItem","position":2,"name":"LA RUTA DE LA SAL APLAZADA \/ POSTPONED"}]},{"@type":"WebSite","@id":"https:\/\/labs.100x100.net\/projects\/rutasal\/#website","url":"https:\/\/labs.100x100.net\/projects\/rutasal\/","name":"Regata La Ruta de la Sal","description":"Regata La Ruta de la Sal es una regata de Altura Mediterr\u00e1nea para barcos de crucero a vela con destino en Ibiza, que se disputa anualmente en Semana Santa.","potentialAction":[{"@type":"SearchAction","target":{"@type":"EntryPoint","urlTemplate":"https:\/\/labs.100x100.net\/projects\/rutasal\/?s={search_term_string}"},"query-input":"required name=search_term_string"}],"inLanguage":"es"},{"@type":"Person","@id":"https:\/\/labs.100x100.net\/projects\/rutasal\/#\/schema\/person\/ab0f0359773b0a59d5eb579ec54b37e8","name":"Enregata","image":{"@type":"ImageObject","inLanguage":"es","@id":"https:\/\/labs.100x100.net\/projects\/rutasal\/#\/schema\/person\/image\/","url":"https:\/\/secure.gravatar.com\/avatar\/c674f392343d66e95fba904bf4162243?s=96&d=mm&r=g","contentUrl":"https:\/\/secure.gravatar.com\/avatar\/c674f392343d66e95fba904bf4162243?s=96&d=mm&r=g","caption":"Enregata"}}]}},"_links":{"self":[{"href":"https:\/\/labs.100x100.net\/projects\/rutasal\/wp-json\/wp\/v2\/posts\/4688"}],"collection":[{"href":"https:\/\/labs.100x100.net\/projects\/rutasal\/wp-json\/wp\/v2\/posts"}],"about":[{"href":"https:\/\/labs.100x100.net\/projects\/rutasal\/wp-json\/wp\/v2\/types\/post"}],"author":[{"embeddable":true,"href":"https:\/\/labs.100x100.net\/projects\/rutasal\/wp-json\/wp\/v2\/users\/8"}],"replies":[{"embeddable":true,"href":"https:\/\/labs.100x100.net\/projects\/rutasal\/wp-json\/wp\/v2\/comments?post=4688"}],"version-history":[{"count":3,"href":"https:\/\/labs.100x100.net\/projects\/rutasal\/wp-json\/wp\/v2\/posts\/4688\/revisions"}],"predecessor-version":[{"id":4692,"href":"https:\/\/labs.100x100.net\/projects\/rutasal\/wp-json\/wp\/v2\/posts\/4688\/revisions\/4692"}],"wp:featuredmedia":[{"embeddable":true,"href":"https:\/\/labs.100x100.net\/projects\/rutasal\/wp-json\/wp\/v2\/media\/4685"}],"wp:attachment":[{"href":"https:\/\/labs.100x100.net\/projects\/rutasal\/wp-json\/wp\/v2\/media?parent=4688"}],"wp:term":[{"taxonomy":"category","embeddable":true,"href":"https:\/\/labs.100x100.net\/projects\/rutasal\/wp-json\/wp\/v2\/categories?post=4688"},{"taxonomy":"post_tag","embeddable":true,"href":"https:\/\/labs.100x100.net\/projects\/rutasal\/wp-json\/wp\/v2\/tags?post=4688"}],"curies":[{"name":"wp","href":"https:\/\/api.w.org\/{rel}","templated":true}]}}