{"id":4684,"date":"2020-03-12T19:04:32","date_gmt":"2020-03-12T17:04:32","guid":{"rendered":"https:\/\/larutadelasal.com\/?p=4684"},"modified":"2020-03-12T19:04:32","modified_gmt":"2020-03-12T17:04:32","slug":"comunicado-en-referencia-a-la-crisis-covid-19","status":"publish","type":"post","link":"https:\/\/labs.100x100.net\/projects\/rutasal\/comunicado-en-referencia-a-la-crisis-covid-19\/","title":{"rendered":"Comunicado en referencia a la crisis covid-19"},"content":{"rendered":"<p><img loading=\"lazy\" decoding=\"async\" class=\"aligncenter size-medium wp-image-4685\" src=\"http:\/\/larutadelasal.com\/custom\/uploads\/2020\/03\/LOGO-RUTA-SAL-258x300.jpg\" alt=\"\" width=\"258\" height=\"300\" srcset=\"https:\/\/labs.100x100.net\/projects\/rutasal\/custom\/uploads\/2020\/03\/LOGO-RUTA-SAL-258x300.jpg 258w, https:\/\/labs.100x100.net\/projects\/rutasal\/custom\/uploads\/2020\/03\/LOGO-RUTA-SAL.jpg 706w\" sizes=\"(max-width: 258px) 100vw, 258px\" \/><\/p>\n<p>Siguiendo las recomendaciones de las autoridades competentes El Comit\u00e9 de la Ruta de la Sal anuncia que ha tomado la decisi\u00f3n de aplazar la celebraci\u00f3n de la regata.<\/p>\n<p>Se est\u00e1n estudiando las fechas m\u00e1s adecuadas y ser\u00e1n anunciadas en breve.<\/p>\n<p>El Comit\u00e9 Organizador<\/p>\n","protected":false},"excerpt":{"rendered":"<p>Siguiendo las recomendaciones de las autoridades competentes El Comit\u00e9 de la Ruta de la Sal anuncia que ha tomado la decisi\u00f3n de aplazar la celebraci\u00f3n de la regata. Se est\u00e1n estudiando las fechas m\u00e1s adecuadas y ser\u00e1n anunciadas en breve. El Comit\u00e9 Organizador<\/p>\n","protected":false},"author":8,"featured_media":4685,"comment_status":"open","ping_status":"open","sticky":false,"template":"","format":"standard","meta":{"_acf_changed":false,"footnotes":""},"categories":[3],"tags":[],"acf":[],"yoast_head":"<!-- This site is optimized with the Yoast SEO plugin v23.0 - https:\/\/yoast.com\/wordpress\/plugins\/seo\/ -->\n<title>Comunicado en referencia a la crisis covid-19 | Regata La Ruta de la Sal<\/title>\n<meta name=\"robots\" content=\"noindex, follow, max-snippet:-1, max-image-preview:large, max-video-preview:-1\" \/>\n<meta property=\"og:locale\" content=\"es_ES\" \/>\n<meta property=\"og:type\" content=\"article\" \/>\n<meta property=\"og:title\" content=\"Comunicado en referencia a la crisis covid-19 | Regata La Ruta de la Sal\" \/>\n<meta property=\"og:description\" content=\"Siguiendo las recomendaciones de las autoridades competentes El Comit\u00e9 de la Ruta de la Sal anuncia que ha tomado la decisi\u00f3n de aplazar la celebraci\u00f3n de la regata. Se est\u00e1n estudiando las fechas m\u00e1s adecuadas y ser\u00e1n anunciadas en breve. El Comit\u00e9 Organizador\" \/>\n<meta property=\"og:url\" content=\"https:\/\/labs.100x100.net\/projects\/rutasal\/comunicado-en-referencia-a-la-crisis-covid-19\/\" \/>\n<meta property=\"og:site_name\" content=\"Regata La Ruta de la Sal\" \/>\n<meta property=\"article:publisher\" content=\"https:\/\/www.facebook.com\/rutadelasal\/\" \/>\n<meta property=\"article:published_time\" content=\"2020-03-12T17:04:32+00:00\" \/>\n<meta property=\"og:image\" content=\"https:\/\/labs.100x100.net\/projects\/rutasal\/custom\/uploads\/2020\/03\/LOGO-RUTA-SAL.jpg\" \/>\n\t<meta property=\"og:image:width\" content=\"706\" \/>\n\t<meta property=\"og:image:height\" content=\"820\" \/>\n\t<meta property=\"og:image:type\" content=\"image\/jpeg\" \/>\n<meta name=\"author\" content=\"Enregata\" \/>\n<meta name=\"twitter:card\" content=\"summary_large_image\" \/>\n<meta name=\"twitter:creator\" content=\"@AnamMedi\" \/>\n<meta name=\"twitter:site\" content=\"@AnamMedi\" \/>\n<meta name=\"twitter:label1\" content=\"Escrito por\" \/>\n\t<meta name=\"twitter:data1\" content=\"Enregata\" \/>\n<script type=\"application\/ld+json\" class=\"yoast-schema-graph\">{\"@context\":\"https:\/\/schema.org\",\"@graph\":[{\"@type\":\"WebPage\",\"@id\":\"https:\/\/labs.100x100.net\/projects\/rutasal\/comunicado-en-referencia-a-la-crisis-covid-19\/\",\"url\":\"https:\/\/labs.100x100.net\/projects\/rutasal\/comunicado-en-referencia-a-la-crisis-covid-19\/\",\"name\":\"Comunicado en referencia a la crisis covid-19 | Regata La Ruta de la Sal\",\"isPartOf\":{\"@id\":\"https:\/\/labs.100x100.net\/projects\/rutasal\/#website\"},\"primaryImageOfPage\":{\"@id\":\"https:\/\/labs.100x100.net\/projects\/rutasal\/comunicado-en-referencia-a-la-crisis-covid-19\/#primaryimage\"},\"image\":{\"@id\":\"https:\/\/labs.100x100.net\/projects\/rutasal\/comunicado-en-referencia-a-la-crisis-covid-19\/#primaryimage\"},\"thumbnailUrl\":\"https:\/\/labs.100x100.net\/projects\/rutasal\/custom\/uploads\/2020\/03\/LOGO-RUTA-SAL.jpg\",\"datePublished\":\"2020-03-12T17:04:32+00:00\",\"dateModified\":\"2020-03-12T17:04:32+00:00\",\"author\":{\"@id\":\"https:\/\/labs.100x100.net\/projects\/rutasal\/#\/schema\/person\/ab0f0359773b0a59d5eb579ec54b37e8\"},\"breadcrumb\":{\"@id\":\"https:\/\/labs.100x100.net\/projects\/rutasal\/comunicado-en-referencia-a-la-crisis-covid-19\/#breadcrumb\"},\"inLanguage\":\"es\",\"potentialAction\":[{\"@type\":\"ReadAction\",\"target\":[\"https:\/\/labs.100x100.net\/projects\/rutasal\/comunicado-en-referencia-a-la-crisis-covid-19\/\"]}]},{\"@type\":\"ImageObject\",\"inLanguage\":\"es\",\"@id\":\"https:\/\/labs.100x100.net\/projects\/rutasal\/comunicado-en-referencia-a-la-crisis-covid-19\/#primaryimage\",\"url\":\"https:\/\/labs.100x100.net\/projects\/rutasal\/custom\/uploads\/2020\/03\/LOGO-RUTA-SAL.jpg\",\"contentUrl\":\"https:\/\/labs.100x100.net\/projects\/rutasal\/custom\/uploads\/2020\/03\/LOGO-RUTA-SAL.jpg\",\"width\":706,\"height\":820},{\"@type\":\"BreadcrumbList\",\"@id\":\"https:\/\/labs.100x100.net\/projects\/rutasal\/comunicado-en-referencia-a-la-crisis-covid-19\/#breadcrumb\",\"itemListElement\":[{\"@type\":\"ListItem\",\"position\":1,\"name\":\"Portada\",\"item\":\"https:\/\/labs.100x100.net\/projects\/rutasal\/\"},{\"@type\":\"ListItem\",\"position\":2,\"name\":\"Comunicado en referencia a la crisis covid-19\"}]},{\"@type\":\"WebSite\",\"@id\":\"https:\/\/labs.100x100.net\/projects\/rutasal\/#website\",\"url\":\"https:\/\/labs.100x100.net\/projects\/rutasal\/\",\"name\":\"Regata La Ruta de la Sal\",\"description\":\"Regata La Ruta de la Sal es una regata de Altura Mediterr\u00e1nea para barcos de crucero a vela con destino en Ibiza, que se disputa anualmente en Semana Santa.\",\"potentialAction\":[{\"@type\":\"SearchAction\",\"target\":{\"@type\":\"EntryPoint\",\"urlTemplate\":\"https:\/\/labs.100x100.net\/projects\/rutasal\/?s={search_term_string}\"},\"query-input\":\"required name=search_term_string\"}],\"inLanguage\":\"es\"},{\"@type\":\"Person\",\"@id\":\"https:\/\/labs.100x100.net\/projects\/rutasal\/#\/schema\/person\/ab0f0359773b0a59d5eb579ec54b37e8\",\"name\":\"Enregata\",\"image\":{\"@type\":\"ImageObject\",\"inLanguage\":\"es\",\"@id\":\"https:\/\/labs.100x100.net\/projects\/rutasal\/#\/schema\/person\/image\/\",\"url\":\"https:\/\/secure.gravatar.com\/avatar\/c674f392343d66e95fba904bf4162243?s=96&d=mm&r=g\",\"contentUrl\":\"https:\/\/secure.gravatar.com\/avatar\/c674f392343d66e95fba904bf4162243?s=96&d=mm&r=g\",\"caption\":\"Enregata\"}}]}<\/script>\n<!-- \/ Yoast SEO plugin. -->","yoast_head_json":{"title":"Comunicado en referencia a la crisis covid-19 | Regata La Ruta de la Sal","robots":{"index":"noindex","follow":"follow","max-snippet":"max-snippet:-1","max-image-preview":"max-image-preview:large","max-video-preview":"max-video-preview:-1"},"og_locale":"es_ES","og_type":"article","og_title":"Comunicado en referencia a la crisis covid-19 | Regata La Ruta de la Sal","og_description":"Siguiendo las recomendaciones de las autoridades competentes El Comit\u00e9 de la Ruta de la Sal anuncia que ha tomado la decisi\u00f3n de aplazar la celebraci\u00f3n de la regata. Se est\u00e1n estudiando las fechas m\u00e1s adecuadas y ser\u00e1n anunciadas en breve. El Comit\u00e9 Organizador","og_url":"https:\/\/labs.100x100.net\/projects\/rutasal\/comunicado-en-referencia-a-la-crisis-covid-19\/","og_site_name":"Regata La Ruta de la Sal","article_publisher":"https:\/\/www.facebook.com\/rutadelasal\/","article_published_time":"2020-03-12T17:04:32+00:00","og_image":[{"width":706,"height":820,"url":"https:\/\/labs.100x100.net\/projects\/rutasal\/custom\/uploads\/2020\/03\/LOGO-RUTA-SAL.jpg","type":"image\/jpeg"}],"author":"Enregata","twitter_card":"summary_large_image","twitter_creator":"@AnamMedi","twitter_site":"@AnamMedi","twitter_misc":{"Escrito por":"Enregata"},"schema":{"@context":"https:\/\/schema.org","@graph":[{"@type":"WebPage","@id":"https:\/\/labs.100x100.net\/projects\/rutasal\/comunicado-en-referencia-a-la-crisis-covid-19\/","url":"https:\/\/labs.100x100.net\/projects\/rutasal\/comunicado-en-referencia-a-la-crisis-covid-19\/","name":"Comunicado en referencia a la crisis covid-19 | Regata La Ruta de la Sal","isPartOf":{"@id":"https:\/\/labs.100x100.net\/projects\/rutasal\/#website"},"primaryImageOfPage":{"@id":"https:\/\/labs.100x100.net\/projects\/rutasal\/comunicado-en-referencia-a-la-crisis-covid-19\/#primaryimage"},"image":{"@id":"https:\/\/labs.100x100.net\/projects\/rutasal\/comunicado-en-referencia-a-la-crisis-covid-19\/#primaryimage"},"thumbnailUrl":"https:\/\/labs.100x100.net\/projects\/rutasal\/custom\/uploads\/2020\/03\/LOGO-RUTA-SAL.jpg","datePublished":"2020-03-12T17:04:32+00:00","dateModified":"2020-03-12T17:04:32+00:00","author":{"@id":"https:\/\/labs.100x100.net\/projects\/rutasal\/#\/schema\/person\/ab0f0359773b0a59d5eb579ec54b37e8"},"breadcrumb":{"@id":"https:\/\/labs.100x100.net\/projects\/rutasal\/comunicado-en-referencia-a-la-crisis-covid-19\/#breadcrumb"},"inLanguage":"es","potentialAction":[{"@type":"ReadAction","target":["https:\/\/labs.100x100.net\/projects\/rutasal\/comunicado-en-referencia-a-la-crisis-covid-19\/"]}]},{"@type":"ImageObject","inLanguage":"es","@id":"https:\/\/labs.100x100.net\/projects\/rutasal\/comunicado-en-referencia-a-la-crisis-covid-19\/#primaryimage","url":"https:\/\/labs.100x100.net\/projects\/rutasal\/custom\/uploads\/2020\/03\/LOGO-RUTA-SAL.jpg","contentUrl":"https:\/\/labs.100x100.net\/projects\/rutasal\/custom\/uploads\/2020\/03\/LOGO-RUTA-SAL.jpg","width":706,"height":820},{"@type":"BreadcrumbList","@id":"https:\/\/labs.100x100.net\/projects\/rutasal\/comunicado-en-referencia-a-la-crisis-covid-19\/#breadcrumb","itemListElement":[{"@type":"ListItem","position":1,"name":"Portada","item":"https:\/\/labs.100x100.net\/projects\/rutasal\/"},{"@type":"ListItem","position":2,"name":"Comunicado en referencia a la crisis covid-19"}]},{"@type":"WebSite","@id":"https:\/\/labs.100x100.net\/projects\/rutasal\/#website","url":"https:\/\/labs.100x100.net\/projects\/rutasal\/","name":"Regata La Ruta de la Sal","description":"Regata La Ruta de la Sal es una regata de Altura Mediterr\u00e1nea para barcos de crucero a vela con destino en Ibiza, que se disputa anualmente en Semana Santa.","potentialAction":[{"@type":"SearchAction","target":{"@type":"EntryPoint","urlTemplate":"https:\/\/labs.100x100.net\/projects\/rutasal\/?s={search_term_string}"},"query-input":"required name=search_term_string"}],"inLanguage":"es"},{"@type":"Person","@id":"https:\/\/labs.100x100.net\/projects\/rutasal\/#\/schema\/person\/ab0f0359773b0a59d5eb579ec54b37e8","name":"Enregata","image":{"@type":"ImageObject","inLanguage":"es","@id":"https:\/\/labs.100x100.net\/projects\/rutasal\/#\/schema\/person\/image\/","url":"https:\/\/secure.gravatar.com\/avatar\/c674f392343d66e95fba904bf4162243?s=96&d=mm&r=g","contentUrl":"https:\/\/secure.gravatar.com\/avatar\/c674f392343d66e95fba904bf4162243?s=96&d=mm&r=g","caption":"Enregata"}}]}},"_links":{"self":[{"href":"https:\/\/labs.100x100.net\/projects\/rutasal\/wp-json\/wp\/v2\/posts\/4684"}],"collection":[{"href":"https:\/\/labs.100x100.net\/projects\/rutasal\/wp-json\/wp\/v2\/posts"}],"about":[{"href":"https:\/\/labs.100x100.net\/projects\/rutasal\/wp-json\/wp\/v2\/types\/post"}],"author":[{"embeddable":true,"href":"https:\/\/labs.100x100.net\/projects\/rutasal\/wp-json\/wp\/v2\/users\/8"}],"replies":[{"embeddable":true,"href":"https:\/\/labs.100x100.net\/projects\/rutasal\/wp-json\/wp\/v2\/comments?post=4684"}],"version-history":[{"count":2,"href":"https:\/\/labs.100x100.net\/projects\/rutasal\/wp-json\/wp\/v2\/posts\/4684\/revisions"}],"predecessor-version":[{"id":4687,"href":"https:\/\/labs.100x100.net\/projects\/rutasal\/wp-json\/wp\/v2\/posts\/4684\/revisions\/4687"}],"wp:featuredmedia":[{"embeddable":true,"href":"https:\/\/labs.100x100.net\/projects\/rutasal\/wp-json\/wp\/v2\/media\/4685"}],"wp:attachment":[{"href":"https:\/\/labs.100x100.net\/projects\/rutasal\/wp-json\/wp\/v2\/media?parent=4684"}],"wp:term":[{"taxonomy":"category","embeddable":true,"href":"https:\/\/labs.100x100.net\/projects\/rutasal\/wp-json\/wp\/v2\/categories?post=4684"},{"taxonomy":"post_tag","embeddable":true,"href":"https:\/\/labs.100x100.net\/projects\/rutasal\/wp-json\/wp\/v2\/tags?post=4684"}],"curies":[{"name":"wp","href":"https:\/\/api.w.org\/{rel}","templated":true}]}}