{"id":4671,"date":"2020-03-05T11:24:44","date_gmt":"2020-03-05T09:24:44","guid":{"rendered":"https:\/\/larutadelasal.com\/?p=4671"},"modified":"2020-03-05T11:24:44","modified_gmt":"2020-03-05T09:24:44","slug":"didac-costa-navegante-de-honor-en-la-ruta-de-la-sal","status":"publish","type":"post","link":"https:\/\/labs.100x100.net\/projects\/rutasal\/didac-costa-navegante-de-honor-en-la-ruta-de-la-sal\/","title":{"rendered":"DIDAC COSTA NAVEGANTE DE HONOR EN LA RUTA DE LA SAL"},"content":{"rendered":"<p><img loading=\"lazy\" decoding=\"async\" class=\"aligncenter wp-image-4672 size-large\" src=\"http:\/\/larutadelasal.com\/custom\/uploads\/2020\/03\/accord-1024x575.jpg\" alt=\"\" width=\"1024\" height=\"575\" srcset=\"https:\/\/labs.100x100.net\/projects\/rutasal\/custom\/uploads\/2020\/03\/accord-1024x575.jpg 1024w, https:\/\/labs.100x100.net\/projects\/rutasal\/custom\/uploads\/2020\/03\/accord-300x169.jpg 300w, https:\/\/labs.100x100.net\/projects\/rutasal\/custom\/uploads\/2020\/03\/accord-768x432.jpg 768w\" sizes=\"(max-width: 1024px) 100vw, 1024px\" \/><\/p>\n<p><strong>La Ruta de la Sal contar\u00e1 en su XXXIII edici\u00f3n con la participaci\u00f3n del navegante oce\u00e1nico Didac Costa, \u00fanico representante de la vela espa\u00f1ola en la pr\u00f3xima edici\u00f3n de la vuelta al mundo en solitario y sin escalas, la Vend\u00e9e Globe. <\/strong><\/p>\n<p>Didac Costa, con su participaci\u00f3n en la Ruta de la Sal y en la Vend\u00e9e Globe conectar\u00e1 dos extremos fundamentales de la navegaci\u00f3n de altura. Dos chicotes de un mismo cabo. Por un lado, la Vend\u00e9e Globe, reina indiscutible de las regatas de altura, por otro lado, La Ruta de la Sal, a trav\u00e9s de la cual, a\u00f1o tras a\u00f1o, centenares de aficionados sueltan amarras para adentrarse en esta singular manera de vivir la navegaci\u00f3n y de competir sanamente en mar abierto.<\/p>\n<p>El principal objetivo de la colaboraci\u00f3n es potenciar la comunidad de apoyo al proyecto Vend\u00e9e de Didac Costa entre todos los amantes del mar y de la n\u00e1utica, facilitando la convivencia y el contacto directo con el navegante solitario.<\/p>\n<p>Por otro lado, tambi\u00e9n se quiere poner de relieve, tanto a nivel nacional como internacional, la importancia de las regatas que, como La Ruta de la Sal, sirven de cuna para los regatistas oce\u00e1nicos y que permiten ampliar continuamente la base de amantes del mar, facilitando su acceso a la navegaci\u00f3n de altura.<\/p>\n<p>Didac Costa participar\u00e1 con un mini6.5 en la Versi\u00f3n Barcelona de la regata y estar\u00e1 presente en los diversos eventos de la misma: reuni\u00f3n de patrones, ruedas de prensa, cenas y reparto de trofeos.<\/p>\n<p>Comunidad Didac Costa: <a href=\"https:\/\/www.didaccosta.com\/community\">https:\/\/www.didaccosta.com\/community <\/a><\/p>\n","protected":false},"excerpt":{"rendered":"<p>La Ruta de la Sal contar\u00e1 en su XXXIII edici\u00f3n con la participaci\u00f3n del navegante oce\u00e1nico Didac Costa, \u00fanico representante de la vela espa\u00f1ola en la pr\u00f3xima edici\u00f3n de la vuelta al mundo en solitario y sin escalas, la Vend\u00e9e Globe. Didac Costa, con su participaci\u00f3n en la Ruta de la Sal y en la [&hellip;]<\/p>\n","protected":false},"author":8,"featured_media":4672,"comment_status":"open","ping_status":"open","sticky":false,"template":"","format":"standard","meta":{"_acf_changed":false,"footnotes":""},"categories":[3],"tags":[],"acf":[],"yoast_head":"<!-- This site is optimized with the Yoast SEO plugin v23.0 - https:\/\/yoast.com\/wordpress\/plugins\/seo\/ -->\n<title>DIDAC COSTA NAVEGANTE DE HONOR EN LA RUTA DE LA SAL | Regata La Ruta de la Sal<\/title>\n<meta name=\"robots\" content=\"noindex, follow, max-snippet:-1, max-image-preview:large, max-video-preview:-1\" \/>\n<meta property=\"og:locale\" content=\"es_ES\" \/>\n<meta property=\"og:type\" content=\"article\" \/>\n<meta property=\"og:title\" content=\"DIDAC COSTA NAVEGANTE DE HONOR EN LA RUTA DE LA SAL | Regata La Ruta de la Sal\" \/>\n<meta property=\"og:description\" content=\"La Ruta de la Sal contar\u00e1 en su XXXIII edici\u00f3n con la participaci\u00f3n del navegante oce\u00e1nico Didac Costa, \u00fanico representante de la vela espa\u00f1ola en la pr\u00f3xima edici\u00f3n de la vuelta al mundo en solitario y sin escalas, la Vend\u00e9e Globe. Didac Costa, con su participaci\u00f3n en la Ruta de la Sal y en la [&hellip;]\" \/>\n<meta property=\"og:url\" content=\"https:\/\/labs.100x100.net\/projects\/rutasal\/didac-costa-navegante-de-honor-en-la-ruta-de-la-sal\/\" \/>\n<meta property=\"og:site_name\" content=\"Regata La Ruta de la Sal\" \/>\n<meta property=\"article:publisher\" content=\"https:\/\/www.facebook.com\/rutadelasal\/\" \/>\n<meta property=\"article:published_time\" content=\"2020-03-05T09:24:44+00:00\" \/>\n<meta property=\"og:image\" content=\"https:\/\/labs.100x100.net\/projects\/rutasal\/custom\/uploads\/2020\/03\/accord.jpg\" \/>\n\t<meta property=\"og:image:width\" content=\"3000\" \/>\n\t<meta property=\"og:image:height\" content=\"1686\" \/>\n\t<meta property=\"og:image:type\" content=\"image\/jpeg\" \/>\n<meta name=\"author\" content=\"Enregata\" \/>\n<meta name=\"twitter:card\" content=\"summary_large_image\" \/>\n<meta name=\"twitter:creator\" content=\"@AnamMedi\" \/>\n<meta name=\"twitter:site\" content=\"@AnamMedi\" \/>\n<meta name=\"twitter:label1\" content=\"Escrito por\" \/>\n\t<meta name=\"twitter:data1\" content=\"Enregata\" \/>\n\t<meta name=\"twitter:label2\" content=\"Tiempo de lectura\" \/>\n\t<meta name=\"twitter:data2\" content=\"1 minuto\" \/>\n<script type=\"application\/ld+json\" class=\"yoast-schema-graph\">{\"@context\":\"https:\/\/schema.org\",\"@graph\":[{\"@type\":\"WebPage\",\"@id\":\"https:\/\/labs.100x100.net\/projects\/rutasal\/didac-costa-navegante-de-honor-en-la-ruta-de-la-sal\/\",\"url\":\"https:\/\/labs.100x100.net\/projects\/rutasal\/didac-costa-navegante-de-honor-en-la-ruta-de-la-sal\/\",\"name\":\"DIDAC COSTA NAVEGANTE DE HONOR EN LA RUTA DE LA SAL | Regata La Ruta de la Sal\",\"isPartOf\":{\"@id\":\"https:\/\/labs.100x100.net\/projects\/rutasal\/#website\"},\"primaryImageOfPage\":{\"@id\":\"https:\/\/labs.100x100.net\/projects\/rutasal\/didac-costa-navegante-de-honor-en-la-ruta-de-la-sal\/#primaryimage\"},\"image\":{\"@id\":\"https:\/\/labs.100x100.net\/projects\/rutasal\/didac-costa-navegante-de-honor-en-la-ruta-de-la-sal\/#primaryimage\"},\"thumbnailUrl\":\"https:\/\/labs.100x100.net\/projects\/rutasal\/custom\/uploads\/2020\/03\/accord.jpg\",\"datePublished\":\"2020-03-05T09:24:44+00:00\",\"dateModified\":\"2020-03-05T09:24:44+00:00\",\"author\":{\"@id\":\"https:\/\/labs.100x100.net\/projects\/rutasal\/#\/schema\/person\/ab0f0359773b0a59d5eb579ec54b37e8\"},\"breadcrumb\":{\"@id\":\"https:\/\/labs.100x100.net\/projects\/rutasal\/didac-costa-navegante-de-honor-en-la-ruta-de-la-sal\/#breadcrumb\"},\"inLanguage\":\"es\",\"potentialAction\":[{\"@type\":\"ReadAction\",\"target\":[\"https:\/\/labs.100x100.net\/projects\/rutasal\/didac-costa-navegante-de-honor-en-la-ruta-de-la-sal\/\"]}]},{\"@type\":\"ImageObject\",\"inLanguage\":\"es\",\"@id\":\"https:\/\/labs.100x100.net\/projects\/rutasal\/didac-costa-navegante-de-honor-en-la-ruta-de-la-sal\/#primaryimage\",\"url\":\"https:\/\/labs.100x100.net\/projects\/rutasal\/custom\/uploads\/2020\/03\/accord.jpg\",\"contentUrl\":\"https:\/\/labs.100x100.net\/projects\/rutasal\/custom\/uploads\/2020\/03\/accord.jpg\",\"width\":3000,\"height\":1686},{\"@type\":\"BreadcrumbList\",\"@id\":\"https:\/\/labs.100x100.net\/projects\/rutasal\/didac-costa-navegante-de-honor-en-la-ruta-de-la-sal\/#breadcrumb\",\"itemListElement\":[{\"@type\":\"ListItem\",\"position\":1,\"name\":\"Portada\",\"item\":\"https:\/\/labs.100x100.net\/projects\/rutasal\/\"},{\"@type\":\"ListItem\",\"position\":2,\"name\":\"DIDAC COSTA NAVEGANTE DE HONOR EN LA RUTA DE LA SAL\"}]},{\"@type\":\"WebSite\",\"@id\":\"https:\/\/labs.100x100.net\/projects\/rutasal\/#website\",\"url\":\"https:\/\/labs.100x100.net\/projects\/rutasal\/\",\"name\":\"Regata La Ruta de la Sal\",\"description\":\"Regata La Ruta de la Sal es una regata de Altura Mediterr\u00e1nea para barcos de crucero a vela con destino en Ibiza, que se disputa anualmente en Semana Santa.\",\"potentialAction\":[{\"@type\":\"SearchAction\",\"target\":{\"@type\":\"EntryPoint\",\"urlTemplate\":\"https:\/\/labs.100x100.net\/projects\/rutasal\/?s={search_term_string}\"},\"query-input\":\"required name=search_term_string\"}],\"inLanguage\":\"es\"},{\"@type\":\"Person\",\"@id\":\"https:\/\/labs.100x100.net\/projects\/rutasal\/#\/schema\/person\/ab0f0359773b0a59d5eb579ec54b37e8\",\"name\":\"Enregata\",\"image\":{\"@type\":\"ImageObject\",\"inLanguage\":\"es\",\"@id\":\"https:\/\/labs.100x100.net\/projects\/rutasal\/#\/schema\/person\/image\/\",\"url\":\"https:\/\/secure.gravatar.com\/avatar\/c674f392343d66e95fba904bf4162243?s=96&d=mm&r=g\",\"contentUrl\":\"https:\/\/secure.gravatar.com\/avatar\/c674f392343d66e95fba904bf4162243?s=96&d=mm&r=g\",\"caption\":\"Enregata\"}}]}<\/script>\n<!-- \/ Yoast SEO plugin. -->","yoast_head_json":{"title":"DIDAC COSTA NAVEGANTE DE HONOR EN LA RUTA DE LA SAL | Regata La Ruta de la Sal","robots":{"index":"noindex","follow":"follow","max-snippet":"max-snippet:-1","max-image-preview":"max-image-preview:large","max-video-preview":"max-video-preview:-1"},"og_locale":"es_ES","og_type":"article","og_title":"DIDAC COSTA NAVEGANTE DE HONOR EN LA RUTA DE LA SAL | Regata La Ruta de la Sal","og_description":"La Ruta de la Sal contar\u00e1 en su XXXIII edici\u00f3n con la participaci\u00f3n del navegante oce\u00e1nico Didac Costa, \u00fanico representante de la vela espa\u00f1ola en la pr\u00f3xima edici\u00f3n de la vuelta al mundo en solitario y sin escalas, la Vend\u00e9e Globe. Didac Costa, con su participaci\u00f3n en la Ruta de la Sal y en la [&hellip;]","og_url":"https:\/\/labs.100x100.net\/projects\/rutasal\/didac-costa-navegante-de-honor-en-la-ruta-de-la-sal\/","og_site_name":"Regata La Ruta de la Sal","article_publisher":"https:\/\/www.facebook.com\/rutadelasal\/","article_published_time":"2020-03-05T09:24:44+00:00","og_image":[{"width":3000,"height":1686,"url":"https:\/\/labs.100x100.net\/projects\/rutasal\/custom\/uploads\/2020\/03\/accord.jpg","type":"image\/jpeg"}],"author":"Enregata","twitter_card":"summary_large_image","twitter_creator":"@AnamMedi","twitter_site":"@AnamMedi","twitter_misc":{"Escrito por":"Enregata","Tiempo de lectura":"1 minuto"},"schema":{"@context":"https:\/\/schema.org","@graph":[{"@type":"WebPage","@id":"https:\/\/labs.100x100.net\/projects\/rutasal\/didac-costa-navegante-de-honor-en-la-ruta-de-la-sal\/","url":"https:\/\/labs.100x100.net\/projects\/rutasal\/didac-costa-navegante-de-honor-en-la-ruta-de-la-sal\/","name":"DIDAC COSTA NAVEGANTE DE HONOR EN LA RUTA DE LA SAL | Regata La Ruta de la Sal","isPartOf":{"@id":"https:\/\/labs.100x100.net\/projects\/rutasal\/#website"},"primaryImageOfPage":{"@id":"https:\/\/labs.100x100.net\/projects\/rutasal\/didac-costa-navegante-de-honor-en-la-ruta-de-la-sal\/#primaryimage"},"image":{"@id":"https:\/\/labs.100x100.net\/projects\/rutasal\/didac-costa-navegante-de-honor-en-la-ruta-de-la-sal\/#primaryimage"},"thumbnailUrl":"https:\/\/labs.100x100.net\/projects\/rutasal\/custom\/uploads\/2020\/03\/accord.jpg","datePublished":"2020-03-05T09:24:44+00:00","dateModified":"2020-03-05T09:24:44+00:00","author":{"@id":"https:\/\/labs.100x100.net\/projects\/rutasal\/#\/schema\/person\/ab0f0359773b0a59d5eb579ec54b37e8"},"breadcrumb":{"@id":"https:\/\/labs.100x100.net\/projects\/rutasal\/didac-costa-navegante-de-honor-en-la-ruta-de-la-sal\/#breadcrumb"},"inLanguage":"es","potentialAction":[{"@type":"ReadAction","target":["https:\/\/labs.100x100.net\/projects\/rutasal\/didac-costa-navegante-de-honor-en-la-ruta-de-la-sal\/"]}]},{"@type":"ImageObject","inLanguage":"es","@id":"https:\/\/labs.100x100.net\/projects\/rutasal\/didac-costa-navegante-de-honor-en-la-ruta-de-la-sal\/#primaryimage","url":"https:\/\/labs.100x100.net\/projects\/rutasal\/custom\/uploads\/2020\/03\/accord.jpg","contentUrl":"https:\/\/labs.100x100.net\/projects\/rutasal\/custom\/uploads\/2020\/03\/accord.jpg","width":3000,"height":1686},{"@type":"BreadcrumbList","@id":"https:\/\/labs.100x100.net\/projects\/rutasal\/didac-costa-navegante-de-honor-en-la-ruta-de-la-sal\/#breadcrumb","itemListElement":[{"@type":"ListItem","position":1,"name":"Portada","item":"https:\/\/labs.100x100.net\/projects\/rutasal\/"},{"@type":"ListItem","position":2,"name":"DIDAC COSTA NAVEGANTE DE HONOR EN LA RUTA DE LA SAL"}]},{"@type":"WebSite","@id":"https:\/\/labs.100x100.net\/projects\/rutasal\/#website","url":"https:\/\/labs.100x100.net\/projects\/rutasal\/","name":"Regata La Ruta de la Sal","description":"Regata La Ruta de la Sal es una regata de Altura Mediterr\u00e1nea para barcos de crucero a vela con destino en Ibiza, que se disputa anualmente en Semana Santa.","potentialAction":[{"@type":"SearchAction","target":{"@type":"EntryPoint","urlTemplate":"https:\/\/labs.100x100.net\/projects\/rutasal\/?s={search_term_string}"},"query-input":"required name=search_term_string"}],"inLanguage":"es"},{"@type":"Person","@id":"https:\/\/labs.100x100.net\/projects\/rutasal\/#\/schema\/person\/ab0f0359773b0a59d5eb579ec54b37e8","name":"Enregata","image":{"@type":"ImageObject","inLanguage":"es","@id":"https:\/\/labs.100x100.net\/projects\/rutasal\/#\/schema\/person\/image\/","url":"https:\/\/secure.gravatar.com\/avatar\/c674f392343d66e95fba904bf4162243?s=96&d=mm&r=g","contentUrl":"https:\/\/secure.gravatar.com\/avatar\/c674f392343d66e95fba904bf4162243?s=96&d=mm&r=g","caption":"Enregata"}}]}},"_links":{"self":[{"href":"https:\/\/labs.100x100.net\/projects\/rutasal\/wp-json\/wp\/v2\/posts\/4671"}],"collection":[{"href":"https:\/\/labs.100x100.net\/projects\/rutasal\/wp-json\/wp\/v2\/posts"}],"about":[{"href":"https:\/\/labs.100x100.net\/projects\/rutasal\/wp-json\/wp\/v2\/types\/post"}],"author":[{"embeddable":true,"href":"https:\/\/labs.100x100.net\/projects\/rutasal\/wp-json\/wp\/v2\/users\/8"}],"replies":[{"embeddable":true,"href":"https:\/\/labs.100x100.net\/projects\/rutasal\/wp-json\/wp\/v2\/comments?post=4671"}],"version-history":[{"count":2,"href":"https:\/\/labs.100x100.net\/projects\/rutasal\/wp-json\/wp\/v2\/posts\/4671\/revisions"}],"predecessor-version":[{"id":4674,"href":"https:\/\/labs.100x100.net\/projects\/rutasal\/wp-json\/wp\/v2\/posts\/4671\/revisions\/4674"}],"wp:featuredmedia":[{"embeddable":true,"href":"https:\/\/labs.100x100.net\/projects\/rutasal\/wp-json\/wp\/v2\/media\/4672"}],"wp:attachment":[{"href":"https:\/\/labs.100x100.net\/projects\/rutasal\/wp-json\/wp\/v2\/media?parent=4671"}],"wp:term":[{"taxonomy":"category","embeddable":true,"href":"https:\/\/labs.100x100.net\/projects\/rutasal\/wp-json\/wp\/v2\/categories?post=4671"},{"taxonomy":"post_tag","embeddable":true,"href":"https:\/\/labs.100x100.net\/projects\/rutasal\/wp-json\/wp\/v2\/tags?post=4671"}],"curies":[{"name":"wp","href":"https:\/\/api.w.org\/{rel}","templated":true}]}}