{"id":4632,"date":"2020-02-25T13:19:22","date_gmt":"2020-02-25T11:19:22","guid":{"rendered":"https:\/\/larutadelasal.com\/?p=4632"},"modified":"2020-02-25T13:21:17","modified_gmt":"2020-02-25T11:21:17","slug":"un-bordo-por-el-perfil-tecnico-de-la-sal-2020","status":"publish","type":"post","link":"https:\/\/labs.100x100.net\/projects\/rutasal\/un-bordo-por-el-perfil-tecnico-de-la-sal-2020\/","title":{"rendered":"Un bordo por el perfil t\u00e9cnico de La Sal 2020"},"content":{"rendered":"<p><strong>UNA REGATA DE ALTURA CON MUCHAS OPCIONES DEPORTIVAS. <\/strong><\/p>\n<p><strong>&#8211; Todav\u00eda quedan plazas para participar.<\/strong><\/p>\n<p><strong>&#8211; El plazo para inscribirse incluir\u00e1 todo el mes de marzo del 2020 <\/strong><\/p>\n<p><strong>&#8211; El ritmo de inscripciones adelanta una participaci\u00f3n de unas 180 \/ 200 embarcaciones. <\/strong><\/p>\n<p><strong>&#8211; La flota incorpora, para esta edici\u00f3n, una significativa renovaci\u00f3n con muchos equipos que debutan en La Sal y embarcaciones, en general, muy punteras.<\/strong><\/p>\n<p><img loading=\"lazy\" decoding=\"async\" class=\"aligncenter size-full wp-image-4633\" src=\"http:\/\/larutadelasal.com\/custom\/uploads\/2020\/02\/5113540979_d7258fef26_o.jpg\" alt=\"\" width=\"1000\" height=\"668\" srcset=\"https:\/\/labs.100x100.net\/projects\/rutasal\/custom\/uploads\/2020\/02\/5113540979_d7258fef26_o.jpg 1000w, https:\/\/labs.100x100.net\/projects\/rutasal\/custom\/uploads\/2020\/02\/5113540979_d7258fef26_o-300x200.jpg 300w, https:\/\/labs.100x100.net\/projects\/rutasal\/custom\/uploads\/2020\/02\/5113540979_d7258fef26_o-768x513.jpg 768w\" sizes=\"(max-width: 1000px) 100vw, 1000px\" \/><\/p>\n<p>Con la implantaci\u00f3n de una <strong>clasificaci\u00f3n por clubes n\u00e1uticos<\/strong>, que implicara un nuevo Trofeo abierto a unas 120 embarcaciones representado a m\u00e1s de 30 sociedades deportivas, la regata de altura de La Ruta de Sal cierra, para esta edici\u00f3n, un programa deportivo muy completo, cargado de atractivos y con muchas opciones de cara a participar en este extraordinario evento.<\/p>\n<p>A efectos t\u00e9cnicos La Ruta de la Sal se navegar\u00e1 exclusivamente bajo el sistema de compensaci\u00f3n RI, en su versi\u00f3n de tiempo sobre distancia con vientos medios. Los multicascos competir\u00e1n bajo la f\u00f3rmula de rating del MOCRA. &#8211; Multihull Offshore Cruising &amp; Racing Asociaci\u00f3n.<\/p>\n<p>Los participantes, seg\u00fan la tipolog\u00eda de la embarcaci\u00f3n en la que vayan a participar, se ver\u00e1n integrados en alguna de las siguientes categor\u00edas; \u201cALFA\u201d- Cruceros Actuales: Dise\u00f1os a partir de 1\/I\/2005. \u201cBRAVO\u201d- Cruceros Cl\u00e1sicos: Dise\u00f1os desde el 1\/I\/1992 hasta el 31\/XII\/2004 \u201cCHARLIE\u201d &#8211; Cruceros dise\u00f1ados antes del 31\/XII\/1991y, finalmente, \u201cDELTA\u201d para Multicascos, refiri\u00e9ndonos, siempre, a modelos de construcci\u00f3n en serie y habitables entre los cascos. Grupos que tratan, en todos los casos, de crear flotas con compatibilidades en aspectos relativos su antig\u00fcedad, dise\u00f1o, tipolog\u00eda constructiva, homogenizando, de alguna manera, las prestaciones en el mar.<\/p>\n<p>Considerando el perfil de la tripulaci\u00f3n del barco, se clasifican las siguientes categor\u00edas: \u201cGOLF\u201d para tripulaciones formadas por dos personas. \u201cSALINA\u201d, tripulaciones femeninas. \u201cTRAINING\u201d exclusiva para embarcaciones registradas en listas lista 6\u00aa- ch\u00e1rter. &#8211; siempre bajo el mando de un patr\u00f3n profesional o de demostrada experiencia. Finalmente, una referencia a la MINI-SAL ESTE: un recorrido de unas 55 millas de Denia a Sant Antoni de Portmany con rumbo directo, especialmente ideado para tripulaciones que quieran iniciarse en la competici\u00f3n de altura. A la categor\u00eda HANSE: exclusivamente para embarcaciones de esta marca que compitan en la Versi\u00f3n Barcelona, y para finalizar la celebraci\u00f3n el domingo 12 de abril de 2020 del Trofeo Sant Antoni de Portmany, una regata \u201cinshore\u201d de unas 10 millas dentro de la Bah\u00eda de Sant Antoni que, con una participaci\u00f3n estimada de algo m\u00e1s de 100 embarcaciones, tiene por objetivo que los equipos participantes en la diferentes Versiones puedan medir sus potenciales en un circuito r\u00e1pido y muy t\u00e1ctico.<\/p>\n<p>En definitiva, una cita que ofrece un programa atractivo y con muchas posibilidades. Dise\u00f1ado para que La Ruta de La Sal sea una competici\u00f3n abierta a miles de aficionados a la aventura de la navegaci\u00f3n de altamar. Con opciones t\u00e9cnicas que tratan de dar una respuesta deportiva correcta a temas como las equiparaciones de las flotas en competici\u00f3n, las prestaciones seg\u00fan el perfil de la tripulaci\u00f3n, incluso con opciones para la participaci\u00f3n a trav\u00e9s de flotas ch\u00e1rter, especialmente preparadas para este tipo de navegaci\u00f3n, o la iniciaci\u00f3n en la competici\u00f3n de altura en un recorrido asequible en distancias y tiempos, pero sin renunciar a los atractivos de esta modalidad.<\/p>\n<p>Tambi\u00e9n, qu\u00e9 duda cabe, en esencia una regata exigente, en muchos aspectos dif\u00edcil de negociar; muchos rivales en competici\u00f3n. El Mar Balear, es un campo de regatas atractivo pero muy, muy t\u00e1ctico. Tiene sus trucos. Una meteorolog\u00eda que, en la \u00e9poca del a\u00f1o en la se celebra la regata, con cambio de luna por medio, es muy poco estable. Una flota, de promedio experta y de gran nivel deportivo. Muchas variables en juego que garantizan una regata cargada de atractivos, y complicada de cara a los puestos de honor.<\/p>\n<p>Los \u00edndices de inscripciones en la 33 Regata de Altura de La Ruta de la Sal apuntan a que la participaci\u00f3n en la prueba volver\u00e1 a reunir entre 180 y 200 equipos gestionados por m\u00e1s de 1.200 regatistas. Muchos desaf\u00edos nuevos con embarcaciones muy, muy punteras. Las posibilidades de participar contin\u00faan abiertas, lo estar\u00e1n durante todo el mes de marzo del 2020; en la p\u00e1gina web de la regata \u2013 www.larutadelasal.com \u2013 est\u00e1 disponible el anuncio oficial de regata, el programa, hojas de inscripci\u00f3n. Noticias y avances informativos, as\u00ed como una completa base documental sobre el hist\u00f3rico deportivo de este evento.<\/p>\n<p><strong>La 33 Regata de altura de La Ruta de la Sal se celebrar\u00e1 del 9 al 12 de abril de 2020. Sobre la base de tres recorridos con salidas desde Port Ginesta, &#8211; Versi\u00f3n Barcelona- (140 millas de competici\u00f3n.), Denia \u2013 Versi\u00f3n Denia- (120 millas de competici\u00f3n.) y Puerto de Andratx \u2013 Versi\u00f3n Mallorca. &#8211; (103 millas de competici\u00f3n.) con destino, en todos los casos a Sant Antoni de Portmany en Ibiza. <\/strong><\/p>\n","protected":false},"excerpt":{"rendered":"<p>UNA REGATA DE ALTURA CON MUCHAS OPCIONES DEPORTIVAS. &#8211; Todav\u00eda quedan plazas para participar. &#8211; El plazo para inscribirse incluir\u00e1 todo el mes de marzo del 2020 &#8211; El ritmo de inscripciones adelanta una participaci\u00f3n de unas 180 \/ 200 embarcaciones. &#8211; La flota incorpora, para esta edici\u00f3n, una significativa renovaci\u00f3n con muchos equipos que [&hellip;]<\/p>\n","protected":false},"author":8,"featured_media":4633,"comment_status":"open","ping_status":"open","sticky":false,"template":"","format":"standard","meta":{"_acf_changed":false,"footnotes":""},"categories":[3,1],"tags":[],"acf":[],"yoast_head":"<!-- This site is optimized with the Yoast SEO plugin v23.0 - https:\/\/yoast.com\/wordpress\/plugins\/seo\/ -->\n<title>Un bordo por el perfil t\u00e9cnico de La Sal 2020 | Regata La Ruta de la Sal<\/title>\n<meta name=\"robots\" content=\"noindex, follow, max-snippet:-1, max-image-preview:large, max-video-preview:-1\" \/>\n<meta property=\"og:locale\" content=\"es_ES\" \/>\n<meta property=\"og:type\" content=\"article\" \/>\n<meta property=\"og:title\" content=\"Un bordo por el perfil t\u00e9cnico de La Sal 2020 | Regata La Ruta de la Sal\" \/>\n<meta property=\"og:description\" content=\"UNA REGATA DE ALTURA CON MUCHAS OPCIONES DEPORTIVAS. &#8211; Todav\u00eda quedan plazas para participar. &#8211; El plazo para inscribirse incluir\u00e1 todo el mes de marzo del 2020 &#8211; El ritmo de inscripciones adelanta una participaci\u00f3n de unas 180 \/ 200 embarcaciones. &#8211; La flota incorpora, para esta edici\u00f3n, una significativa renovaci\u00f3n con muchos equipos que [&hellip;]\" \/>\n<meta property=\"og:url\" content=\"https:\/\/labs.100x100.net\/projects\/rutasal\/un-bordo-por-el-perfil-tecnico-de-la-sal-2020\/\" \/>\n<meta property=\"og:site_name\" content=\"Regata La Ruta de la Sal\" \/>\n<meta property=\"article:publisher\" content=\"https:\/\/www.facebook.com\/rutadelasal\/\" \/>\n<meta property=\"article:published_time\" content=\"2020-02-25T11:19:22+00:00\" \/>\n<meta property=\"article:modified_time\" content=\"2020-02-25T11:21:17+00:00\" \/>\n<meta property=\"og:image\" content=\"https:\/\/labs.100x100.net\/projects\/rutasal\/custom\/uploads\/2020\/02\/5113540979_d7258fef26_o.jpg\" \/>\n\t<meta property=\"og:image:width\" content=\"1000\" \/>\n\t<meta property=\"og:image:height\" content=\"668\" \/>\n\t<meta property=\"og:image:type\" content=\"image\/jpeg\" \/>\n<meta name=\"author\" content=\"Enregata\" \/>\n<meta name=\"twitter:card\" content=\"summary_large_image\" \/>\n<meta name=\"twitter:creator\" content=\"@AnamMedi\" \/>\n<meta name=\"twitter:site\" content=\"@AnamMedi\" \/>\n<meta name=\"twitter:label1\" content=\"Escrito por\" \/>\n\t<meta name=\"twitter:data1\" content=\"Enregata\" \/>\n\t<meta name=\"twitter:label2\" content=\"Tiempo de lectura\" \/>\n\t<meta name=\"twitter:data2\" content=\"4 minutos\" \/>\n<script type=\"application\/ld+json\" class=\"yoast-schema-graph\">{\"@context\":\"https:\/\/schema.org\",\"@graph\":[{\"@type\":\"WebPage\",\"@id\":\"https:\/\/labs.100x100.net\/projects\/rutasal\/un-bordo-por-el-perfil-tecnico-de-la-sal-2020\/\",\"url\":\"https:\/\/labs.100x100.net\/projects\/rutasal\/un-bordo-por-el-perfil-tecnico-de-la-sal-2020\/\",\"name\":\"Un bordo por el perfil t\u00e9cnico de La Sal 2020 | Regata La Ruta de la Sal\",\"isPartOf\":{\"@id\":\"https:\/\/labs.100x100.net\/projects\/rutasal\/#website\"},\"primaryImageOfPage\":{\"@id\":\"https:\/\/labs.100x100.net\/projects\/rutasal\/un-bordo-por-el-perfil-tecnico-de-la-sal-2020\/#primaryimage\"},\"image\":{\"@id\":\"https:\/\/labs.100x100.net\/projects\/rutasal\/un-bordo-por-el-perfil-tecnico-de-la-sal-2020\/#primaryimage\"},\"thumbnailUrl\":\"https:\/\/labs.100x100.net\/projects\/rutasal\/custom\/uploads\/2020\/02\/5113540979_d7258fef26_o.jpg\",\"datePublished\":\"2020-02-25T11:19:22+00:00\",\"dateModified\":\"2020-02-25T11:21:17+00:00\",\"author\":{\"@id\":\"https:\/\/labs.100x100.net\/projects\/rutasal\/#\/schema\/person\/ab0f0359773b0a59d5eb579ec54b37e8\"},\"breadcrumb\":{\"@id\":\"https:\/\/labs.100x100.net\/projects\/rutasal\/un-bordo-por-el-perfil-tecnico-de-la-sal-2020\/#breadcrumb\"},\"inLanguage\":\"es\",\"potentialAction\":[{\"@type\":\"ReadAction\",\"target\":[\"https:\/\/labs.100x100.net\/projects\/rutasal\/un-bordo-por-el-perfil-tecnico-de-la-sal-2020\/\"]}]},{\"@type\":\"ImageObject\",\"inLanguage\":\"es\",\"@id\":\"https:\/\/labs.100x100.net\/projects\/rutasal\/un-bordo-por-el-perfil-tecnico-de-la-sal-2020\/#primaryimage\",\"url\":\"https:\/\/labs.100x100.net\/projects\/rutasal\/custom\/uploads\/2020\/02\/5113540979_d7258fef26_o.jpg\",\"contentUrl\":\"https:\/\/labs.100x100.net\/projects\/rutasal\/custom\/uploads\/2020\/02\/5113540979_d7258fef26_o.jpg\",\"width\":1000,\"height\":668},{\"@type\":\"BreadcrumbList\",\"@id\":\"https:\/\/labs.100x100.net\/projects\/rutasal\/un-bordo-por-el-perfil-tecnico-de-la-sal-2020\/#breadcrumb\",\"itemListElement\":[{\"@type\":\"ListItem\",\"position\":1,\"name\":\"Portada\",\"item\":\"https:\/\/labs.100x100.net\/projects\/rutasal\/\"},{\"@type\":\"ListItem\",\"position\":2,\"name\":\"Un bordo por el perfil t\u00e9cnico de La Sal 2020\"}]},{\"@type\":\"WebSite\",\"@id\":\"https:\/\/labs.100x100.net\/projects\/rutasal\/#website\",\"url\":\"https:\/\/labs.100x100.net\/projects\/rutasal\/\",\"name\":\"Regata La Ruta de la Sal\",\"description\":\"Regata La Ruta de la Sal es una regata de Altura Mediterr\u00e1nea para barcos de crucero a vela con destino en Ibiza, que se disputa anualmente en Semana Santa.\",\"potentialAction\":[{\"@type\":\"SearchAction\",\"target\":{\"@type\":\"EntryPoint\",\"urlTemplate\":\"https:\/\/labs.100x100.net\/projects\/rutasal\/?s={search_term_string}\"},\"query-input\":\"required name=search_term_string\"}],\"inLanguage\":\"es\"},{\"@type\":\"Person\",\"@id\":\"https:\/\/labs.100x100.net\/projects\/rutasal\/#\/schema\/person\/ab0f0359773b0a59d5eb579ec54b37e8\",\"name\":\"Enregata\",\"image\":{\"@type\":\"ImageObject\",\"inLanguage\":\"es\",\"@id\":\"https:\/\/labs.100x100.net\/projects\/rutasal\/#\/schema\/person\/image\/\",\"url\":\"https:\/\/secure.gravatar.com\/avatar\/c674f392343d66e95fba904bf4162243?s=96&d=mm&r=g\",\"contentUrl\":\"https:\/\/secure.gravatar.com\/avatar\/c674f392343d66e95fba904bf4162243?s=96&d=mm&r=g\",\"caption\":\"Enregata\"}}]}<\/script>\n<!-- \/ Yoast SEO plugin. -->","yoast_head_json":{"title":"Un bordo por el perfil t\u00e9cnico de La Sal 2020 | Regata La Ruta de la Sal","robots":{"index":"noindex","follow":"follow","max-snippet":"max-snippet:-1","max-image-preview":"max-image-preview:large","max-video-preview":"max-video-preview:-1"},"og_locale":"es_ES","og_type":"article","og_title":"Un bordo por el perfil t\u00e9cnico de La Sal 2020 | Regata La Ruta de la Sal","og_description":"UNA REGATA DE ALTURA CON MUCHAS OPCIONES DEPORTIVAS. &#8211; Todav\u00eda quedan plazas para participar. &#8211; El plazo para inscribirse incluir\u00e1 todo el mes de marzo del 2020 &#8211; El ritmo de inscripciones adelanta una participaci\u00f3n de unas 180 \/ 200 embarcaciones. &#8211; La flota incorpora, para esta edici\u00f3n, una significativa renovaci\u00f3n con muchos equipos que [&hellip;]","og_url":"https:\/\/labs.100x100.net\/projects\/rutasal\/un-bordo-por-el-perfil-tecnico-de-la-sal-2020\/","og_site_name":"Regata La Ruta de la Sal","article_publisher":"https:\/\/www.facebook.com\/rutadelasal\/","article_published_time":"2020-02-25T11:19:22+00:00","article_modified_time":"2020-02-25T11:21:17+00:00","og_image":[{"width":1000,"height":668,"url":"https:\/\/labs.100x100.net\/projects\/rutasal\/custom\/uploads\/2020\/02\/5113540979_d7258fef26_o.jpg","type":"image\/jpeg"}],"author":"Enregata","twitter_card":"summary_large_image","twitter_creator":"@AnamMedi","twitter_site":"@AnamMedi","twitter_misc":{"Escrito por":"Enregata","Tiempo de lectura":"4 minutos"},"schema":{"@context":"https:\/\/schema.org","@graph":[{"@type":"WebPage","@id":"https:\/\/labs.100x100.net\/projects\/rutasal\/un-bordo-por-el-perfil-tecnico-de-la-sal-2020\/","url":"https:\/\/labs.100x100.net\/projects\/rutasal\/un-bordo-por-el-perfil-tecnico-de-la-sal-2020\/","name":"Un bordo por el perfil t\u00e9cnico de La Sal 2020 | Regata La Ruta de la Sal","isPartOf":{"@id":"https:\/\/labs.100x100.net\/projects\/rutasal\/#website"},"primaryImageOfPage":{"@id":"https:\/\/labs.100x100.net\/projects\/rutasal\/un-bordo-por-el-perfil-tecnico-de-la-sal-2020\/#primaryimage"},"image":{"@id":"https:\/\/labs.100x100.net\/projects\/rutasal\/un-bordo-por-el-perfil-tecnico-de-la-sal-2020\/#primaryimage"},"thumbnailUrl":"https:\/\/labs.100x100.net\/projects\/rutasal\/custom\/uploads\/2020\/02\/5113540979_d7258fef26_o.jpg","datePublished":"2020-02-25T11:19:22+00:00","dateModified":"2020-02-25T11:21:17+00:00","author":{"@id":"https:\/\/labs.100x100.net\/projects\/rutasal\/#\/schema\/person\/ab0f0359773b0a59d5eb579ec54b37e8"},"breadcrumb":{"@id":"https:\/\/labs.100x100.net\/projects\/rutasal\/un-bordo-por-el-perfil-tecnico-de-la-sal-2020\/#breadcrumb"},"inLanguage":"es","potentialAction":[{"@type":"ReadAction","target":["https:\/\/labs.100x100.net\/projects\/rutasal\/un-bordo-por-el-perfil-tecnico-de-la-sal-2020\/"]}]},{"@type":"ImageObject","inLanguage":"es","@id":"https:\/\/labs.100x100.net\/projects\/rutasal\/un-bordo-por-el-perfil-tecnico-de-la-sal-2020\/#primaryimage","url":"https:\/\/labs.100x100.net\/projects\/rutasal\/custom\/uploads\/2020\/02\/5113540979_d7258fef26_o.jpg","contentUrl":"https:\/\/labs.100x100.net\/projects\/rutasal\/custom\/uploads\/2020\/02\/5113540979_d7258fef26_o.jpg","width":1000,"height":668},{"@type":"BreadcrumbList","@id":"https:\/\/labs.100x100.net\/projects\/rutasal\/un-bordo-por-el-perfil-tecnico-de-la-sal-2020\/#breadcrumb","itemListElement":[{"@type":"ListItem","position":1,"name":"Portada","item":"https:\/\/labs.100x100.net\/projects\/rutasal\/"},{"@type":"ListItem","position":2,"name":"Un bordo por el perfil t\u00e9cnico de La Sal 2020"}]},{"@type":"WebSite","@id":"https:\/\/labs.100x100.net\/projects\/rutasal\/#website","url":"https:\/\/labs.100x100.net\/projects\/rutasal\/","name":"Regata La Ruta de la Sal","description":"Regata La Ruta de la Sal es una regata de Altura Mediterr\u00e1nea para barcos de crucero a vela con destino en Ibiza, que se disputa anualmente en Semana Santa.","potentialAction":[{"@type":"SearchAction","target":{"@type":"EntryPoint","urlTemplate":"https:\/\/labs.100x100.net\/projects\/rutasal\/?s={search_term_string}"},"query-input":"required name=search_term_string"}],"inLanguage":"es"},{"@type":"Person","@id":"https:\/\/labs.100x100.net\/projects\/rutasal\/#\/schema\/person\/ab0f0359773b0a59d5eb579ec54b37e8","name":"Enregata","image":{"@type":"ImageObject","inLanguage":"es","@id":"https:\/\/labs.100x100.net\/projects\/rutasal\/#\/schema\/person\/image\/","url":"https:\/\/secure.gravatar.com\/avatar\/c674f392343d66e95fba904bf4162243?s=96&d=mm&r=g","contentUrl":"https:\/\/secure.gravatar.com\/avatar\/c674f392343d66e95fba904bf4162243?s=96&d=mm&r=g","caption":"Enregata"}}]}},"_links":{"self":[{"href":"https:\/\/labs.100x100.net\/projects\/rutasal\/wp-json\/wp\/v2\/posts\/4632"}],"collection":[{"href":"https:\/\/labs.100x100.net\/projects\/rutasal\/wp-json\/wp\/v2\/posts"}],"about":[{"href":"https:\/\/labs.100x100.net\/projects\/rutasal\/wp-json\/wp\/v2\/types\/post"}],"author":[{"embeddable":true,"href":"https:\/\/labs.100x100.net\/projects\/rutasal\/wp-json\/wp\/v2\/users\/8"}],"replies":[{"embeddable":true,"href":"https:\/\/labs.100x100.net\/projects\/rutasal\/wp-json\/wp\/v2\/comments?post=4632"}],"version-history":[{"count":4,"href":"https:\/\/labs.100x100.net\/projects\/rutasal\/wp-json\/wp\/v2\/posts\/4632\/revisions"}],"predecessor-version":[{"id":4637,"href":"https:\/\/labs.100x100.net\/projects\/rutasal\/wp-json\/wp\/v2\/posts\/4632\/revisions\/4637"}],"wp:featuredmedia":[{"embeddable":true,"href":"https:\/\/labs.100x100.net\/projects\/rutasal\/wp-json\/wp\/v2\/media\/4633"}],"wp:attachment":[{"href":"https:\/\/labs.100x100.net\/projects\/rutasal\/wp-json\/wp\/v2\/media?parent=4632"}],"wp:term":[{"taxonomy":"category","embeddable":true,"href":"https:\/\/labs.100x100.net\/projects\/rutasal\/wp-json\/wp\/v2\/categories?post=4632"},{"taxonomy":"post_tag","embeddable":true,"href":"https:\/\/labs.100x100.net\/projects\/rutasal\/wp-json\/wp\/v2\/tags?post=4632"}],"curies":[{"name":"wp","href":"https:\/\/api.w.org\/{rel}","templated":true}]}}