{"id":4590,"date":"2020-02-10T12:41:26","date_gmt":"2020-02-10T10:41:26","guid":{"rendered":"https:\/\/larutadelasal.com\/?p=4590"},"modified":"2020-02-10T12:42:43","modified_gmt":"2020-02-10T10:42:43","slug":"inscripciones-avanzan-a-buen-ritmo","status":"publish","type":"post","link":"https:\/\/labs.100x100.net\/projects\/rutasal\/inscripciones-avanzan-a-buen-ritmo\/","title":{"rendered":"INSCRIPCIONES AVANZAN A BUEN RITMO"},"content":{"rendered":"<p><strong>LAS INSCRIPCIONES SIGUEN ABIERTAS.\u00a0<\/strong><\/p>\n<p><strong>Confirman su participaci\u00f3n los equipos mas competitivos en el hist\u00f3rico de la regata; <\/strong><\/p>\n<p><strong>ALTO NIVEL DEPORTIVO EN LA 33 REGATA DE ALTURA DE LA RUTA DE LA SAL. <\/strong><\/p>\n<p><strong>El ritmo de inscripciones, con ya m\u00e1s de un centenar de inscritos, avanzan una participaci\u00f3n de unos 200 equipos. <\/strong><\/p>\n<p><strong>La nueva clasificaci\u00f3n por Clubes N\u00e1uticos aporta un nuevo atractivo deportivo a la competici\u00f3n. <\/strong><\/p>\n<p>Los \u00edndices de inscripciones en la 33 Regata de Altura de La Ruta de la Sal, que a comienzos de a\u00f1o ya superaban ampliamente el centenar de embarcaciones, auguran que la participaci\u00f3n en la prueba, prevista para los pr\u00f3ximos 9 al 12 de abril de 2020, volver\u00e1 a reunir a cerca de 200 equipos gestionados por m\u00e1s de 1.200 regatistas, entre los que se ya se incluyen desaf\u00edos que han registrado destacados logros deportivos en esta competici\u00f3n. Normalmente el SF 3200 \u00abGilolo\u00bb de JC Petit en la Versi\u00f3n Barcelona, el DK46 \u00abDKtegoria\u00bb de Seppo Sjoroos en la Versi\u00f3n Denia y \u00abYolo\u00bb un SF 3600 de Kai-Uwe Holweg en la Versi\u00f3n Mallorca, ganadores absolutos de La Ruta de la Sal 2019 ser\u00e1n los equipos de referencia, y defender\u00e1n sus t\u00edtulos de cara a la cita del 2020.<\/p>\n<p><img loading=\"lazy\" decoding=\"async\" class=\"aligncenter size-full wp-image-4595\" src=\"http:\/\/larutadelasal.com\/custom\/uploads\/2020\/02\/32751381957_61fc9c2fde_c.jpg\" alt=\"\" width=\"800\" height=\"534\" srcset=\"https:\/\/labs.100x100.net\/projects\/rutasal\/custom\/uploads\/2020\/02\/32751381957_61fc9c2fde_c.jpg 800w, https:\/\/labs.100x100.net\/projects\/rutasal\/custom\/uploads\/2020\/02\/32751381957_61fc9c2fde_c-300x200.jpg 300w, https:\/\/labs.100x100.net\/projects\/rutasal\/custom\/uploads\/2020\/02\/32751381957_61fc9c2fde_c-768x513.jpg 768w\" sizes=\"(max-width: 800px) 100vw, 800px\" \/><\/p>\n<p>En la Versi\u00f3n Denia, en la que se estima la participaci\u00f3n de unos 80\/90 equipos, en principio ser\u00e1n una referencia, entre otros, el First 50 \u201cCondor de Javea\u201d de Carlos Fern\u00e1ndez-Martos, el Espada 34 \u201cN\u00e1utica Caf\u00e9 del Mar\u201d del ibicenco Juan Carlos Sanchis, el Swan 80 \u201cPlis-Play\u201d del Vicente Garc\u00eda. Tambi\u00e9n el Swan 75 de Agust\u00edn Gregory, \u201cAlzira Moraira\u201d. Alberto de Castro con su Swan 45 \u201cBrujo\u201d y el Bavaria 49 \u201cEscualo Tres\u201d de Marcelino Cardona. Equipos todos ellos, asiduos a esta cita, que acreditan, en su conjunto, muchas victorias absolutas en la Ruta de La Sal. Destacar la entrada en competici\u00f3n del Vismara 68 \u201cPelotari Project\u201d y el Hanse 430E \u201cFaloi\u201d.<\/p>\n<p>En la salida desde Port Ginesta, Versi\u00f3n Barcelona, donde la participaci\u00f3n rondara las 75\/80 embarcaciones, mencionar por sus grandes resultados deportivos en el hist\u00f3rico de La Sal; el ibicenco David Tur, con su IMX 45 \u201cAtlant del Vent\u201d, el Swan 45 \u00abCoratge\u201d de Manuel Jane, el Bot\u00edn 65 alem\u00e1n \u201cCaro\u201d Maximiliam Klink, o el GS50 \u201cMarjuin\u201d del andorrano Pere Roquet. Tambi\u00e9n el X35 holand\u00e9s \u201cYellow Rose\u201d de Marten Jan Ringers o el Sunfast 35 \u201cDiabolic\u201d de belga Glenn de Brouwer.<\/p>\n<p><img loading=\"lazy\" decoding=\"async\" class=\"aligncenter size-full wp-image-4591\" src=\"http:\/\/larutadelasal.com\/custom\/uploads\/2020\/02\/32751383167_3fe708c65d_c.jpg\" alt=\"\" width=\"800\" height=\"534\" srcset=\"https:\/\/labs.100x100.net\/projects\/rutasal\/custom\/uploads\/2020\/02\/32751383167_3fe708c65d_c.jpg 800w, https:\/\/labs.100x100.net\/projects\/rutasal\/custom\/uploads\/2020\/02\/32751383167_3fe708c65d_c-300x200.jpg 300w, https:\/\/labs.100x100.net\/projects\/rutasal\/custom\/uploads\/2020\/02\/32751383167_3fe708c65d_c-768x513.jpg 768w\" sizes=\"(max-width: 800px) 100vw, 800px\" \/><\/p>\n<p>La Versi\u00f3n Mallorca, con una previsi\u00f3n de unos 25\/30 desaf\u00edos en regata, contara con la entrada del Swan 56 \u00abClem\u201d de Jaime Olaz\u00e1bal, normalmente el aleman Kai-Uwe Holweg con su SF 3600 \u00abYolo\u00bb. Tambi\u00e9n\u201d Bond\u201d, un SF 3200 del brit\u00e1nico John Walker. \u201cStargazer\u201d un Neo 400 del austriaco Bernd Shuler y, entre otros, el S&amp;S63 \u201cRossina di Mare\u201d del mallorqu\u00edn Amador Magraner. Equipos muy competitivos, en algunos casos con muchas victorias parciales y absolutas en diferentes ediciones de La Sal.<\/p>\n<p>En general unos datos que avanzan que la 33 edici\u00f3n de La Ruta de La Sal reunir\u00e1 a una flota potente, diversa, con un marcado car\u00e1cter internacional y un gran nivel deportivo. Como novedad, la implantaci\u00f3n de una clasificaci\u00f3n por clubes n\u00e1uticos con el objetivo de reconocer el papel que realizan estas entidades en la promoci\u00f3n de la vela y su significativo valor social y deportivo. Puntuar\u00e1n, para este premio, los dos barcos mejor clasificados por club en las clasificaciones generales de cada una de la Versiones de La Sal 2020. Lo que significa que este nuevo trofeo, tomando como referencia datos de la pasada edici\u00f3n, podr\u00eda estar abierto a unos 30 clubes n\u00e1uticos diferentes y una flota de unas 120 embarcaciones, lo que sin duda aporta un nuevo e interesante aliciente deportivo a esta competici\u00f3n.<\/p>\n<p>Para finalizar, la celebraci\u00f3n, el domingo 12 de abril de 2020, del Trofeo Sant Antoni de Portmany, una regata \u201cinshore\u201d de unas 10 millas dentro de la Bah\u00eda de Sant Antoni de Portmany que, con una participaci\u00f3n estimada de algo m\u00e1s de 100 embarcaciones, tiene por objetivo que los equipos participantes en la diferentes Versiones puedan medir sus potenciales en un circuito r\u00e1pido y muy t\u00e1ctico. Una prueba fuera del programa deportivo de La Ruta de La Sal, que introduce un significativo valor a\u00f1adido a un programa cargado de opciones. Una Semana santa, para los equipos inscritos en La Sal 2020, en la que la navegaci\u00f3n la competici\u00f3n y los seductores atractivos de Ibiza ser\u00e1n los argumentos dominantes.<\/p>\n<p>Las posibilidades de participar est\u00e1n abiertas; en la p\u00e1gina web de la regata \u2013 www.larutadelasal.com \u2013 est\u00e1 disponible el anuncio oficial de regata, el programa, hojas de inscripci\u00f3n. Noticias y avances informativos, as\u00ed como una completa base documental sobre el hist\u00f3rico deportivo de este evento. La 33 Regata de altura de La Ruta de la Sal se celebrar\u00e1 del 9 al 12 de abril de 2020. Sobre la base de tres recorridos con salidas desde Port Ginesta, &#8211; Versi\u00f3n Barcelona- (140 millas de competici\u00f3n.), Denia \u2013 Versi\u00f3n Denia- (120 millas de competici\u00f3n.) y Puerto de Andratx \u2013 Versi\u00f3n Mallorca. &#8211; (103 millas de competici\u00f3n.) con destino, en todos los casos a Sant Antoni de Portmany en Ibiza.<\/p>\n<p>&nbsp;<\/p>\n<p><img loading=\"lazy\" decoding=\"async\" class=\"aligncenter size-full wp-image-4592\" src=\"http:\/\/larutadelasal.com\/custom\/uploads\/2020\/02\/32751382337_d88f6d4e30_c.jpg\" alt=\"\" width=\"800\" height=\"534\" srcset=\"https:\/\/labs.100x100.net\/projects\/rutasal\/custom\/uploads\/2020\/02\/32751382337_d88f6d4e30_c.jpg 800w, https:\/\/labs.100x100.net\/projects\/rutasal\/custom\/uploads\/2020\/02\/32751382337_d88f6d4e30_c-300x200.jpg 300w, https:\/\/labs.100x100.net\/projects\/rutasal\/custom\/uploads\/2020\/02\/32751382337_d88f6d4e30_c-768x513.jpg 768w\" sizes=\"(max-width: 800px) 100vw, 800px\" \/><\/p>\n","protected":false},"excerpt":{"rendered":"<p>LAS INSCRIPCIONES SIGUEN ABIERTAS.\u00a0 Confirman su participaci\u00f3n los equipos mas competitivos en el hist\u00f3rico de la regata; ALTO NIVEL DEPORTIVO EN LA 33 REGATA DE ALTURA DE LA RUTA DE LA SAL. El ritmo de inscripciones, con ya m\u00e1s de un centenar de inscritos, avanzan una participaci\u00f3n de unos 200 equipos. La nueva clasificaci\u00f3n por [&hellip;]<\/p>\n","protected":false},"author":8,"featured_media":4595,"comment_status":"open","ping_status":"open","sticky":false,"template":"","format":"standard","meta":{"_acf_changed":false,"footnotes":""},"categories":[3,1],"tags":[],"acf":[],"yoast_head":"<!-- This site is optimized with the Yoast SEO plugin v23.0 - https:\/\/yoast.com\/wordpress\/plugins\/seo\/ -->\n<title>INSCRIPCIONES AVANZAN A BUEN RITMO | Regata La Ruta de la Sal<\/title>\n<meta name=\"robots\" content=\"noindex, follow, max-snippet:-1, max-image-preview:large, max-video-preview:-1\" \/>\n<meta property=\"og:locale\" content=\"es_ES\" \/>\n<meta property=\"og:type\" content=\"article\" \/>\n<meta property=\"og:title\" content=\"INSCRIPCIONES AVANZAN A BUEN RITMO | Regata La Ruta de la Sal\" \/>\n<meta property=\"og:description\" content=\"LAS INSCRIPCIONES SIGUEN ABIERTAS.\u00a0 Confirman su participaci\u00f3n los equipos mas competitivos en el hist\u00f3rico de la regata; ALTO NIVEL DEPORTIVO EN LA 33 REGATA DE ALTURA DE LA RUTA DE LA SAL. El ritmo de inscripciones, con ya m\u00e1s de un centenar de inscritos, avanzan una participaci\u00f3n de unos 200 equipos. La nueva clasificaci\u00f3n por [&hellip;]\" \/>\n<meta property=\"og:url\" content=\"https:\/\/labs.100x100.net\/projects\/rutasal\/inscripciones-avanzan-a-buen-ritmo\/\" \/>\n<meta property=\"og:site_name\" content=\"Regata La Ruta de la Sal\" \/>\n<meta property=\"article:publisher\" content=\"https:\/\/www.facebook.com\/rutadelasal\/\" \/>\n<meta property=\"article:published_time\" content=\"2020-02-10T10:41:26+00:00\" \/>\n<meta property=\"article:modified_time\" content=\"2020-02-10T10:42:43+00:00\" \/>\n<meta property=\"og:image\" content=\"https:\/\/labs.100x100.net\/projects\/rutasal\/custom\/uploads\/2020\/02\/32751381957_61fc9c2fde_c.jpg\" \/>\n\t<meta property=\"og:image:width\" content=\"800\" \/>\n\t<meta property=\"og:image:height\" content=\"534\" \/>\n\t<meta property=\"og:image:type\" content=\"image\/jpeg\" \/>\n<meta name=\"author\" content=\"Enregata\" \/>\n<meta name=\"twitter:card\" content=\"summary_large_image\" \/>\n<meta name=\"twitter:creator\" content=\"@AnamMedi\" \/>\n<meta name=\"twitter:site\" content=\"@AnamMedi\" \/>\n<meta name=\"twitter:label1\" content=\"Escrito por\" \/>\n\t<meta name=\"twitter:data1\" content=\"Enregata\" \/>\n\t<meta name=\"twitter:label2\" content=\"Tiempo de lectura\" \/>\n\t<meta name=\"twitter:data2\" content=\"4 minutos\" \/>\n<script type=\"application\/ld+json\" class=\"yoast-schema-graph\">{\"@context\":\"https:\/\/schema.org\",\"@graph\":[{\"@type\":\"WebPage\",\"@id\":\"https:\/\/labs.100x100.net\/projects\/rutasal\/inscripciones-avanzan-a-buen-ritmo\/\",\"url\":\"https:\/\/labs.100x100.net\/projects\/rutasal\/inscripciones-avanzan-a-buen-ritmo\/\",\"name\":\"INSCRIPCIONES AVANZAN A BUEN RITMO | Regata La Ruta de la Sal\",\"isPartOf\":{\"@id\":\"https:\/\/labs.100x100.net\/projects\/rutasal\/#website\"},\"primaryImageOfPage\":{\"@id\":\"https:\/\/labs.100x100.net\/projects\/rutasal\/inscripciones-avanzan-a-buen-ritmo\/#primaryimage\"},\"image\":{\"@id\":\"https:\/\/labs.100x100.net\/projects\/rutasal\/inscripciones-avanzan-a-buen-ritmo\/#primaryimage\"},\"thumbnailUrl\":\"https:\/\/labs.100x100.net\/projects\/rutasal\/custom\/uploads\/2020\/02\/32751381957_61fc9c2fde_c.jpg\",\"datePublished\":\"2020-02-10T10:41:26+00:00\",\"dateModified\":\"2020-02-10T10:42:43+00:00\",\"author\":{\"@id\":\"https:\/\/labs.100x100.net\/projects\/rutasal\/#\/schema\/person\/ab0f0359773b0a59d5eb579ec54b37e8\"},\"breadcrumb\":{\"@id\":\"https:\/\/labs.100x100.net\/projects\/rutasal\/inscripciones-avanzan-a-buen-ritmo\/#breadcrumb\"},\"inLanguage\":\"es\",\"potentialAction\":[{\"@type\":\"ReadAction\",\"target\":[\"https:\/\/labs.100x100.net\/projects\/rutasal\/inscripciones-avanzan-a-buen-ritmo\/\"]}]},{\"@type\":\"ImageObject\",\"inLanguage\":\"es\",\"@id\":\"https:\/\/labs.100x100.net\/projects\/rutasal\/inscripciones-avanzan-a-buen-ritmo\/#primaryimage\",\"url\":\"https:\/\/labs.100x100.net\/projects\/rutasal\/custom\/uploads\/2020\/02\/32751381957_61fc9c2fde_c.jpg\",\"contentUrl\":\"https:\/\/labs.100x100.net\/projects\/rutasal\/custom\/uploads\/2020\/02\/32751381957_61fc9c2fde_c.jpg\",\"width\":800,\"height\":534},{\"@type\":\"BreadcrumbList\",\"@id\":\"https:\/\/labs.100x100.net\/projects\/rutasal\/inscripciones-avanzan-a-buen-ritmo\/#breadcrumb\",\"itemListElement\":[{\"@type\":\"ListItem\",\"position\":1,\"name\":\"Portada\",\"item\":\"https:\/\/labs.100x100.net\/projects\/rutasal\/\"},{\"@type\":\"ListItem\",\"position\":2,\"name\":\"INSCRIPCIONES AVANZAN A BUEN RITMO\"}]},{\"@type\":\"WebSite\",\"@id\":\"https:\/\/labs.100x100.net\/projects\/rutasal\/#website\",\"url\":\"https:\/\/labs.100x100.net\/projects\/rutasal\/\",\"name\":\"Regata La Ruta de la Sal\",\"description\":\"Regata La Ruta de la Sal es una regata de Altura Mediterr\u00e1nea para barcos de crucero a vela con destino en Ibiza, que se disputa anualmente en Semana Santa.\",\"potentialAction\":[{\"@type\":\"SearchAction\",\"target\":{\"@type\":\"EntryPoint\",\"urlTemplate\":\"https:\/\/labs.100x100.net\/projects\/rutasal\/?s={search_term_string}\"},\"query-input\":\"required name=search_term_string\"}],\"inLanguage\":\"es\"},{\"@type\":\"Person\",\"@id\":\"https:\/\/labs.100x100.net\/projects\/rutasal\/#\/schema\/person\/ab0f0359773b0a59d5eb579ec54b37e8\",\"name\":\"Enregata\",\"image\":{\"@type\":\"ImageObject\",\"inLanguage\":\"es\",\"@id\":\"https:\/\/labs.100x100.net\/projects\/rutasal\/#\/schema\/person\/image\/\",\"url\":\"https:\/\/secure.gravatar.com\/avatar\/c674f392343d66e95fba904bf4162243?s=96&d=mm&r=g\",\"contentUrl\":\"https:\/\/secure.gravatar.com\/avatar\/c674f392343d66e95fba904bf4162243?s=96&d=mm&r=g\",\"caption\":\"Enregata\"}}]}<\/script>\n<!-- \/ Yoast SEO plugin. -->","yoast_head_json":{"title":"INSCRIPCIONES AVANZAN A BUEN RITMO | Regata La Ruta de la Sal","robots":{"index":"noindex","follow":"follow","max-snippet":"max-snippet:-1","max-image-preview":"max-image-preview:large","max-video-preview":"max-video-preview:-1"},"og_locale":"es_ES","og_type":"article","og_title":"INSCRIPCIONES AVANZAN A BUEN RITMO | Regata La Ruta de la Sal","og_description":"LAS INSCRIPCIONES SIGUEN ABIERTAS.\u00a0 Confirman su participaci\u00f3n los equipos mas competitivos en el hist\u00f3rico de la regata; ALTO NIVEL DEPORTIVO EN LA 33 REGATA DE ALTURA DE LA RUTA DE LA SAL. El ritmo de inscripciones, con ya m\u00e1s de un centenar de inscritos, avanzan una participaci\u00f3n de unos 200 equipos. La nueva clasificaci\u00f3n por [&hellip;]","og_url":"https:\/\/labs.100x100.net\/projects\/rutasal\/inscripciones-avanzan-a-buen-ritmo\/","og_site_name":"Regata La Ruta de la Sal","article_publisher":"https:\/\/www.facebook.com\/rutadelasal\/","article_published_time":"2020-02-10T10:41:26+00:00","article_modified_time":"2020-02-10T10:42:43+00:00","og_image":[{"width":800,"height":534,"url":"https:\/\/labs.100x100.net\/projects\/rutasal\/custom\/uploads\/2020\/02\/32751381957_61fc9c2fde_c.jpg","type":"image\/jpeg"}],"author":"Enregata","twitter_card":"summary_large_image","twitter_creator":"@AnamMedi","twitter_site":"@AnamMedi","twitter_misc":{"Escrito por":"Enregata","Tiempo de lectura":"4 minutos"},"schema":{"@context":"https:\/\/schema.org","@graph":[{"@type":"WebPage","@id":"https:\/\/labs.100x100.net\/projects\/rutasal\/inscripciones-avanzan-a-buen-ritmo\/","url":"https:\/\/labs.100x100.net\/projects\/rutasal\/inscripciones-avanzan-a-buen-ritmo\/","name":"INSCRIPCIONES AVANZAN A BUEN RITMO | Regata La Ruta de la Sal","isPartOf":{"@id":"https:\/\/labs.100x100.net\/projects\/rutasal\/#website"},"primaryImageOfPage":{"@id":"https:\/\/labs.100x100.net\/projects\/rutasal\/inscripciones-avanzan-a-buen-ritmo\/#primaryimage"},"image":{"@id":"https:\/\/labs.100x100.net\/projects\/rutasal\/inscripciones-avanzan-a-buen-ritmo\/#primaryimage"},"thumbnailUrl":"https:\/\/labs.100x100.net\/projects\/rutasal\/custom\/uploads\/2020\/02\/32751381957_61fc9c2fde_c.jpg","datePublished":"2020-02-10T10:41:26+00:00","dateModified":"2020-02-10T10:42:43+00:00","author":{"@id":"https:\/\/labs.100x100.net\/projects\/rutasal\/#\/schema\/person\/ab0f0359773b0a59d5eb579ec54b37e8"},"breadcrumb":{"@id":"https:\/\/labs.100x100.net\/projects\/rutasal\/inscripciones-avanzan-a-buen-ritmo\/#breadcrumb"},"inLanguage":"es","potentialAction":[{"@type":"ReadAction","target":["https:\/\/labs.100x100.net\/projects\/rutasal\/inscripciones-avanzan-a-buen-ritmo\/"]}]},{"@type":"ImageObject","inLanguage":"es","@id":"https:\/\/labs.100x100.net\/projects\/rutasal\/inscripciones-avanzan-a-buen-ritmo\/#primaryimage","url":"https:\/\/labs.100x100.net\/projects\/rutasal\/custom\/uploads\/2020\/02\/32751381957_61fc9c2fde_c.jpg","contentUrl":"https:\/\/labs.100x100.net\/projects\/rutasal\/custom\/uploads\/2020\/02\/32751381957_61fc9c2fde_c.jpg","width":800,"height":534},{"@type":"BreadcrumbList","@id":"https:\/\/labs.100x100.net\/projects\/rutasal\/inscripciones-avanzan-a-buen-ritmo\/#breadcrumb","itemListElement":[{"@type":"ListItem","position":1,"name":"Portada","item":"https:\/\/labs.100x100.net\/projects\/rutasal\/"},{"@type":"ListItem","position":2,"name":"INSCRIPCIONES AVANZAN A BUEN RITMO"}]},{"@type":"WebSite","@id":"https:\/\/labs.100x100.net\/projects\/rutasal\/#website","url":"https:\/\/labs.100x100.net\/projects\/rutasal\/","name":"Regata La Ruta de la Sal","description":"Regata La Ruta de la Sal es una regata de Altura Mediterr\u00e1nea para barcos de crucero a vela con destino en Ibiza, que se disputa anualmente en Semana Santa.","potentialAction":[{"@type":"SearchAction","target":{"@type":"EntryPoint","urlTemplate":"https:\/\/labs.100x100.net\/projects\/rutasal\/?s={search_term_string}"},"query-input":"required name=search_term_string"}],"inLanguage":"es"},{"@type":"Person","@id":"https:\/\/labs.100x100.net\/projects\/rutasal\/#\/schema\/person\/ab0f0359773b0a59d5eb579ec54b37e8","name":"Enregata","image":{"@type":"ImageObject","inLanguage":"es","@id":"https:\/\/labs.100x100.net\/projects\/rutasal\/#\/schema\/person\/image\/","url":"https:\/\/secure.gravatar.com\/avatar\/c674f392343d66e95fba904bf4162243?s=96&d=mm&r=g","contentUrl":"https:\/\/secure.gravatar.com\/avatar\/c674f392343d66e95fba904bf4162243?s=96&d=mm&r=g","caption":"Enregata"}}]}},"_links":{"self":[{"href":"https:\/\/labs.100x100.net\/projects\/rutasal\/wp-json\/wp\/v2\/posts\/4590"}],"collection":[{"href":"https:\/\/labs.100x100.net\/projects\/rutasal\/wp-json\/wp\/v2\/posts"}],"about":[{"href":"https:\/\/labs.100x100.net\/projects\/rutasal\/wp-json\/wp\/v2\/types\/post"}],"author":[{"embeddable":true,"href":"https:\/\/labs.100x100.net\/projects\/rutasal\/wp-json\/wp\/v2\/users\/8"}],"replies":[{"embeddable":true,"href":"https:\/\/labs.100x100.net\/projects\/rutasal\/wp-json\/wp\/v2\/comments?post=4590"}],"version-history":[{"count":3,"href":"https:\/\/labs.100x100.net\/projects\/rutasal\/wp-json\/wp\/v2\/posts\/4590\/revisions"}],"predecessor-version":[{"id":4596,"href":"https:\/\/labs.100x100.net\/projects\/rutasal\/wp-json\/wp\/v2\/posts\/4590\/revisions\/4596"}],"wp:featuredmedia":[{"embeddable":true,"href":"https:\/\/labs.100x100.net\/projects\/rutasal\/wp-json\/wp\/v2\/media\/4595"}],"wp:attachment":[{"href":"https:\/\/labs.100x100.net\/projects\/rutasal\/wp-json\/wp\/v2\/media?parent=4590"}],"wp:term":[{"taxonomy":"category","embeddable":true,"href":"https:\/\/labs.100x100.net\/projects\/rutasal\/wp-json\/wp\/v2\/categories?post=4590"},{"taxonomy":"post_tag","embeddable":true,"href":"https:\/\/labs.100x100.net\/projects\/rutasal\/wp-json\/wp\/v2\/tags?post=4590"}],"curies":[{"name":"wp","href":"https:\/\/api.w.org\/{rel}","templated":true}]}}