{"id":4560,"date":"2020-01-17T13:16:22","date_gmt":"2020-01-17T11:16:22","guid":{"rendered":"https:\/\/larutadelasal.com\/?p=4560"},"modified":"2020-06-19T12:09:06","modified_gmt":"2020-06-19T10:09:06","slug":"la-ruta-de-la-sal-abrira-el-circuito-mediterraneo-de-regatas-de-multicascos","status":"publish","type":"post","link":"https:\/\/labs.100x100.net\/projects\/rutasal\/la-ruta-de-la-sal-abrira-el-circuito-mediterraneo-de-regatas-de-multicascos\/","title":{"rendered":"LA RUTA DE LA SAL ABRE EL MULTIMED RACING"},"content":{"rendered":"<div><img loading=\"lazy\" decoding=\"async\" class=\"aligncenter size-full wp-image-4562\" src=\"http:\/\/larutadelasal.com\/custom\/uploads\/2020\/01\/multimed_2.jpg\" alt=\"\" width=\"1200\" height=\"723\" srcset=\"https:\/\/labs.100x100.net\/projects\/rutasal\/custom\/uploads\/2020\/01\/multimed_2.jpg 1200w, https:\/\/labs.100x100.net\/projects\/rutasal\/custom\/uploads\/2020\/01\/multimed_2-300x181.jpg 300w, https:\/\/labs.100x100.net\/projects\/rutasal\/custom\/uploads\/2020\/01\/multimed_2-768x463.jpg 768w, https:\/\/labs.100x100.net\/projects\/rutasal\/custom\/uploads\/2020\/01\/multimed_2-1024x617.jpg 1024w\" sizes=\"(max-width: 1200px) 100vw, 1200px\" \/><\/div>\n<div><\/div>\n<div>\n<p>Club N\u00e1utico Skipper y Difusi\u00f3n N\u00e1utica han alcanzado un acuerdo con <strong>Multimed Racing<\/strong> para que La Ruta de la Sal sea la primera prueba del nuevo Circuito Mediterr\u00e1neo de Regatas de Multicascos.<\/p>\n<p>La iniciativa, creada para multicascos de 40-65 pies, tiene como objetivo ofrecer un calendario de regatas en el Mediterr\u00e1neo a semejanza del Circuito caribe\u00f1o que transcurre en los meses invernales.<\/p>\n<p>Los catamaranes pueden inscribirse directamente en la categor\u00eda Delta en la web de la regata: <a href=\"https:\/\/larutadelasal.com\">https:\/\/larutadelasal.com<\/a><\/p>\n<p>Para m\u00e1s informaci\u00f3n sobre el Circuito Multimed Racing: <a href=\"https:\/\/www.multimedracing.com\">https:\/\/www.multimedracing.com<\/a><\/p>\n<\/div>\n<div><\/div>\n<div><\/div>\n<div><img loading=\"lazy\" decoding=\"async\" class=\"aligncenter size-full wp-image-4564\" src=\"http:\/\/larutadelasal.com\/custom\/uploads\/2020\/01\/multimed_4.jpg\" alt=\"\" width=\"1303\" height=\"869\" srcset=\"https:\/\/labs.100x100.net\/projects\/rutasal\/custom\/uploads\/2020\/01\/multimed_4.jpg 1303w, https:\/\/labs.100x100.net\/projects\/rutasal\/custom\/uploads\/2020\/01\/multimed_4-300x200.jpg 300w, https:\/\/labs.100x100.net\/projects\/rutasal\/custom\/uploads\/2020\/01\/multimed_4-768x512.jpg 768w, https:\/\/labs.100x100.net\/projects\/rutasal\/custom\/uploads\/2020\/01\/multimed_4-1024x683.jpg 1024w\" sizes=\"(max-width: 1303px) 100vw, 1303px\" \/><\/div>\n<p>&nbsp;<\/p>\n","protected":false},"excerpt":{"rendered":"<p>Club N\u00e1utico Skipper y Difusi\u00f3n N\u00e1utica han alcanzado un acuerdo con Multimed Racing para que La Ruta de la Sal sea la primera prueba del nuevo Circuito Mediterr\u00e1neo de Regatas de Multicascos. La iniciativa, creada para multicascos de 40-65 pies, tiene como objetivo ofrecer un calendario de regatas en el Mediterr\u00e1neo a semejanza del Circuito [&hellip;]<\/p>\n","protected":false},"author":8,"featured_media":4564,"comment_status":"open","ping_status":"open","sticky":false,"template":"","format":"standard","meta":{"_acf_changed":false,"footnotes":""},"categories":[3,1],"tags":[],"acf":[],"yoast_head":"<!-- This site is optimized with the Yoast SEO plugin v23.0 - https:\/\/yoast.com\/wordpress\/plugins\/seo\/ -->\n<title>LA RUTA DE LA SAL ABRE EL MULTIMED RACING | Regata La Ruta de la Sal<\/title>\n<meta name=\"robots\" content=\"noindex, follow, max-snippet:-1, max-image-preview:large, max-video-preview:-1\" \/>\n<meta property=\"og:locale\" content=\"es_ES\" \/>\n<meta property=\"og:type\" content=\"article\" \/>\n<meta property=\"og:title\" content=\"LA RUTA DE LA SAL ABRE EL MULTIMED RACING | Regata La Ruta de la Sal\" \/>\n<meta property=\"og:description\" content=\"Club N\u00e1utico Skipper y Difusi\u00f3n N\u00e1utica han alcanzado un acuerdo con Multimed Racing para que La Ruta de la Sal sea la primera prueba del nuevo Circuito Mediterr\u00e1neo de Regatas de Multicascos. La iniciativa, creada para multicascos de 40-65 pies, tiene como objetivo ofrecer un calendario de regatas en el Mediterr\u00e1neo a semejanza del Circuito [&hellip;]\" \/>\n<meta property=\"og:url\" content=\"https:\/\/labs.100x100.net\/projects\/rutasal\/la-ruta-de-la-sal-abrira-el-circuito-mediterraneo-de-regatas-de-multicascos\/\" \/>\n<meta property=\"og:site_name\" content=\"Regata La Ruta de la Sal\" \/>\n<meta property=\"article:publisher\" content=\"https:\/\/www.facebook.com\/rutadelasal\/\" \/>\n<meta property=\"article:published_time\" content=\"2020-01-17T11:16:22+00:00\" \/>\n<meta property=\"article:modified_time\" content=\"2020-06-19T10:09:06+00:00\" \/>\n<meta property=\"og:image\" content=\"https:\/\/labs.100x100.net\/projects\/rutasal\/custom\/uploads\/2020\/01\/multimed_4.jpg\" \/>\n\t<meta property=\"og:image:width\" content=\"1303\" \/>\n\t<meta property=\"og:image:height\" content=\"869\" \/>\n\t<meta property=\"og:image:type\" content=\"image\/jpeg\" \/>\n<meta name=\"author\" content=\"Enregata\" \/>\n<meta name=\"twitter:card\" content=\"summary_large_image\" \/>\n<meta name=\"twitter:creator\" content=\"@AnamMedi\" \/>\n<meta name=\"twitter:site\" content=\"@AnamMedi\" \/>\n<meta name=\"twitter:label1\" content=\"Escrito por\" \/>\n\t<meta name=\"twitter:data1\" content=\"Enregata\" \/>\n\t<meta name=\"twitter:label2\" content=\"Tiempo de lectura\" \/>\n\t<meta name=\"twitter:data2\" content=\"1 minuto\" \/>\n<script type=\"application\/ld+json\" class=\"yoast-schema-graph\">{\"@context\":\"https:\/\/schema.org\",\"@graph\":[{\"@type\":\"WebPage\",\"@id\":\"https:\/\/labs.100x100.net\/projects\/rutasal\/la-ruta-de-la-sal-abrira-el-circuito-mediterraneo-de-regatas-de-multicascos\/\",\"url\":\"https:\/\/labs.100x100.net\/projects\/rutasal\/la-ruta-de-la-sal-abrira-el-circuito-mediterraneo-de-regatas-de-multicascos\/\",\"name\":\"LA RUTA DE LA SAL ABRE EL MULTIMED RACING | Regata La Ruta de la Sal\",\"isPartOf\":{\"@id\":\"https:\/\/labs.100x100.net\/projects\/rutasal\/#website\"},\"primaryImageOfPage\":{\"@id\":\"https:\/\/labs.100x100.net\/projects\/rutasal\/la-ruta-de-la-sal-abrira-el-circuito-mediterraneo-de-regatas-de-multicascos\/#primaryimage\"},\"image\":{\"@id\":\"https:\/\/labs.100x100.net\/projects\/rutasal\/la-ruta-de-la-sal-abrira-el-circuito-mediterraneo-de-regatas-de-multicascos\/#primaryimage\"},\"thumbnailUrl\":\"https:\/\/labs.100x100.net\/projects\/rutasal\/custom\/uploads\/2020\/01\/multimed_4.jpg\",\"datePublished\":\"2020-01-17T11:16:22+00:00\",\"dateModified\":\"2020-06-19T10:09:06+00:00\",\"author\":{\"@id\":\"https:\/\/labs.100x100.net\/projects\/rutasal\/#\/schema\/person\/ab0f0359773b0a59d5eb579ec54b37e8\"},\"breadcrumb\":{\"@id\":\"https:\/\/labs.100x100.net\/projects\/rutasal\/la-ruta-de-la-sal-abrira-el-circuito-mediterraneo-de-regatas-de-multicascos\/#breadcrumb\"},\"inLanguage\":\"es\",\"potentialAction\":[{\"@type\":\"ReadAction\",\"target\":[\"https:\/\/labs.100x100.net\/projects\/rutasal\/la-ruta-de-la-sal-abrira-el-circuito-mediterraneo-de-regatas-de-multicascos\/\"]}]},{\"@type\":\"ImageObject\",\"inLanguage\":\"es\",\"@id\":\"https:\/\/labs.100x100.net\/projects\/rutasal\/la-ruta-de-la-sal-abrira-el-circuito-mediterraneo-de-regatas-de-multicascos\/#primaryimage\",\"url\":\"https:\/\/labs.100x100.net\/projects\/rutasal\/custom\/uploads\/2020\/01\/multimed_4.jpg\",\"contentUrl\":\"https:\/\/labs.100x100.net\/projects\/rutasal\/custom\/uploads\/2020\/01\/multimed_4.jpg\",\"width\":1303,\"height\":869},{\"@type\":\"BreadcrumbList\",\"@id\":\"https:\/\/labs.100x100.net\/projects\/rutasal\/la-ruta-de-la-sal-abrira-el-circuito-mediterraneo-de-regatas-de-multicascos\/#breadcrumb\",\"itemListElement\":[{\"@type\":\"ListItem\",\"position\":1,\"name\":\"Portada\",\"item\":\"https:\/\/labs.100x100.net\/projects\/rutasal\/\"},{\"@type\":\"ListItem\",\"position\":2,\"name\":\"LA RUTA DE LA SAL ABRE EL MULTIMED RACING\"}]},{\"@type\":\"WebSite\",\"@id\":\"https:\/\/labs.100x100.net\/projects\/rutasal\/#website\",\"url\":\"https:\/\/labs.100x100.net\/projects\/rutasal\/\",\"name\":\"Regata La Ruta de la Sal\",\"description\":\"Regata La Ruta de la Sal es una regata de Altura Mediterr\u00e1nea para barcos de crucero a vela con destino en Ibiza, que se disputa anualmente en Semana Santa.\",\"potentialAction\":[{\"@type\":\"SearchAction\",\"target\":{\"@type\":\"EntryPoint\",\"urlTemplate\":\"https:\/\/labs.100x100.net\/projects\/rutasal\/?s={search_term_string}\"},\"query-input\":\"required name=search_term_string\"}],\"inLanguage\":\"es\"},{\"@type\":\"Person\",\"@id\":\"https:\/\/labs.100x100.net\/projects\/rutasal\/#\/schema\/person\/ab0f0359773b0a59d5eb579ec54b37e8\",\"name\":\"Enregata\",\"image\":{\"@type\":\"ImageObject\",\"inLanguage\":\"es\",\"@id\":\"https:\/\/labs.100x100.net\/projects\/rutasal\/#\/schema\/person\/image\/\",\"url\":\"https:\/\/secure.gravatar.com\/avatar\/c674f392343d66e95fba904bf4162243?s=96&d=mm&r=g\",\"contentUrl\":\"https:\/\/secure.gravatar.com\/avatar\/c674f392343d66e95fba904bf4162243?s=96&d=mm&r=g\",\"caption\":\"Enregata\"}}]}<\/script>\n<!-- \/ Yoast SEO plugin. -->","yoast_head_json":{"title":"LA RUTA DE LA SAL ABRE EL MULTIMED RACING | Regata La Ruta de la Sal","robots":{"index":"noindex","follow":"follow","max-snippet":"max-snippet:-1","max-image-preview":"max-image-preview:large","max-video-preview":"max-video-preview:-1"},"og_locale":"es_ES","og_type":"article","og_title":"LA RUTA DE LA SAL ABRE EL MULTIMED RACING | Regata La Ruta de la Sal","og_description":"Club N\u00e1utico Skipper y Difusi\u00f3n N\u00e1utica han alcanzado un acuerdo con Multimed Racing para que La Ruta de la Sal sea la primera prueba del nuevo Circuito Mediterr\u00e1neo de Regatas de Multicascos. La iniciativa, creada para multicascos de 40-65 pies, tiene como objetivo ofrecer un calendario de regatas en el Mediterr\u00e1neo a semejanza del Circuito [&hellip;]","og_url":"https:\/\/labs.100x100.net\/projects\/rutasal\/la-ruta-de-la-sal-abrira-el-circuito-mediterraneo-de-regatas-de-multicascos\/","og_site_name":"Regata La Ruta de la Sal","article_publisher":"https:\/\/www.facebook.com\/rutadelasal\/","article_published_time":"2020-01-17T11:16:22+00:00","article_modified_time":"2020-06-19T10:09:06+00:00","og_image":[{"width":1303,"height":869,"url":"https:\/\/labs.100x100.net\/projects\/rutasal\/custom\/uploads\/2020\/01\/multimed_4.jpg","type":"image\/jpeg"}],"author":"Enregata","twitter_card":"summary_large_image","twitter_creator":"@AnamMedi","twitter_site":"@AnamMedi","twitter_misc":{"Escrito por":"Enregata","Tiempo de lectura":"1 minuto"},"schema":{"@context":"https:\/\/schema.org","@graph":[{"@type":"WebPage","@id":"https:\/\/labs.100x100.net\/projects\/rutasal\/la-ruta-de-la-sal-abrira-el-circuito-mediterraneo-de-regatas-de-multicascos\/","url":"https:\/\/labs.100x100.net\/projects\/rutasal\/la-ruta-de-la-sal-abrira-el-circuito-mediterraneo-de-regatas-de-multicascos\/","name":"LA RUTA DE LA SAL ABRE EL MULTIMED RACING | Regata La Ruta de la Sal","isPartOf":{"@id":"https:\/\/labs.100x100.net\/projects\/rutasal\/#website"},"primaryImageOfPage":{"@id":"https:\/\/labs.100x100.net\/projects\/rutasal\/la-ruta-de-la-sal-abrira-el-circuito-mediterraneo-de-regatas-de-multicascos\/#primaryimage"},"image":{"@id":"https:\/\/labs.100x100.net\/projects\/rutasal\/la-ruta-de-la-sal-abrira-el-circuito-mediterraneo-de-regatas-de-multicascos\/#primaryimage"},"thumbnailUrl":"https:\/\/labs.100x100.net\/projects\/rutasal\/custom\/uploads\/2020\/01\/multimed_4.jpg","datePublished":"2020-01-17T11:16:22+00:00","dateModified":"2020-06-19T10:09:06+00:00","author":{"@id":"https:\/\/labs.100x100.net\/projects\/rutasal\/#\/schema\/person\/ab0f0359773b0a59d5eb579ec54b37e8"},"breadcrumb":{"@id":"https:\/\/labs.100x100.net\/projects\/rutasal\/la-ruta-de-la-sal-abrira-el-circuito-mediterraneo-de-regatas-de-multicascos\/#breadcrumb"},"inLanguage":"es","potentialAction":[{"@type":"ReadAction","target":["https:\/\/labs.100x100.net\/projects\/rutasal\/la-ruta-de-la-sal-abrira-el-circuito-mediterraneo-de-regatas-de-multicascos\/"]}]},{"@type":"ImageObject","inLanguage":"es","@id":"https:\/\/labs.100x100.net\/projects\/rutasal\/la-ruta-de-la-sal-abrira-el-circuito-mediterraneo-de-regatas-de-multicascos\/#primaryimage","url":"https:\/\/labs.100x100.net\/projects\/rutasal\/custom\/uploads\/2020\/01\/multimed_4.jpg","contentUrl":"https:\/\/labs.100x100.net\/projects\/rutasal\/custom\/uploads\/2020\/01\/multimed_4.jpg","width":1303,"height":869},{"@type":"BreadcrumbList","@id":"https:\/\/labs.100x100.net\/projects\/rutasal\/la-ruta-de-la-sal-abrira-el-circuito-mediterraneo-de-regatas-de-multicascos\/#breadcrumb","itemListElement":[{"@type":"ListItem","position":1,"name":"Portada","item":"https:\/\/labs.100x100.net\/projects\/rutasal\/"},{"@type":"ListItem","position":2,"name":"LA RUTA DE LA SAL ABRE EL MULTIMED RACING"}]},{"@type":"WebSite","@id":"https:\/\/labs.100x100.net\/projects\/rutasal\/#website","url":"https:\/\/labs.100x100.net\/projects\/rutasal\/","name":"Regata La Ruta de la Sal","description":"Regata La Ruta de la Sal es una regata de Altura Mediterr\u00e1nea para barcos de crucero a vela con destino en Ibiza, que se disputa anualmente en Semana Santa.","potentialAction":[{"@type":"SearchAction","target":{"@type":"EntryPoint","urlTemplate":"https:\/\/labs.100x100.net\/projects\/rutasal\/?s={search_term_string}"},"query-input":"required name=search_term_string"}],"inLanguage":"es"},{"@type":"Person","@id":"https:\/\/labs.100x100.net\/projects\/rutasal\/#\/schema\/person\/ab0f0359773b0a59d5eb579ec54b37e8","name":"Enregata","image":{"@type":"ImageObject","inLanguage":"es","@id":"https:\/\/labs.100x100.net\/projects\/rutasal\/#\/schema\/person\/image\/","url":"https:\/\/secure.gravatar.com\/avatar\/c674f392343d66e95fba904bf4162243?s=96&d=mm&r=g","contentUrl":"https:\/\/secure.gravatar.com\/avatar\/c674f392343d66e95fba904bf4162243?s=96&d=mm&r=g","caption":"Enregata"}}]}},"_links":{"self":[{"href":"https:\/\/labs.100x100.net\/projects\/rutasal\/wp-json\/wp\/v2\/posts\/4560"}],"collection":[{"href":"https:\/\/labs.100x100.net\/projects\/rutasal\/wp-json\/wp\/v2\/posts"}],"about":[{"href":"https:\/\/labs.100x100.net\/projects\/rutasal\/wp-json\/wp\/v2\/types\/post"}],"author":[{"embeddable":true,"href":"https:\/\/labs.100x100.net\/projects\/rutasal\/wp-json\/wp\/v2\/users\/8"}],"replies":[{"embeddable":true,"href":"https:\/\/labs.100x100.net\/projects\/rutasal\/wp-json\/wp\/v2\/comments?post=4560"}],"version-history":[{"count":7,"href":"https:\/\/labs.100x100.net\/projects\/rutasal\/wp-json\/wp\/v2\/posts\/4560\/revisions"}],"predecessor-version":[{"id":4582,"href":"https:\/\/labs.100x100.net\/projects\/rutasal\/wp-json\/wp\/v2\/posts\/4560\/revisions\/4582"}],"wp:featuredmedia":[{"embeddable":true,"href":"https:\/\/labs.100x100.net\/projects\/rutasal\/wp-json\/wp\/v2\/media\/4564"}],"wp:attachment":[{"href":"https:\/\/labs.100x100.net\/projects\/rutasal\/wp-json\/wp\/v2\/media?parent=4560"}],"wp:term":[{"taxonomy":"category","embeddable":true,"href":"https:\/\/labs.100x100.net\/projects\/rutasal\/wp-json\/wp\/v2\/categories?post=4560"},{"taxonomy":"post_tag","embeddable":true,"href":"https:\/\/labs.100x100.net\/projects\/rutasal\/wp-json\/wp\/v2\/tags?post=4560"}],"curies":[{"name":"wp","href":"https:\/\/api.w.org\/{rel}","templated":true}]}}