{"id":4541,"date":"2019-12-19T14:06:30","date_gmt":"2019-12-19T12:06:30","guid":{"rendered":"https:\/\/larutadelasal.com\/?p=4541"},"modified":"2019-12-19T14:08:02","modified_gmt":"2019-12-19T12:08:02","slug":"acuerdo-asociacion-navegantes-del-mediterraneo","status":"publish","type":"post","link":"https:\/\/labs.100x100.net\/projects\/rutasal\/acuerdo-asociacion-navegantes-del-mediterraneo\/","title":{"rendered":"Acuerdo Asociaci\u00f3n Navegantes del Mediterr\u00e1neo"},"content":{"rendered":"<p>Gabriel Dols, Presidente de la <a href=\"http:\/\/www.adnmediterraneo.org\/\">Asociaci\u00f3n de Navegantes del Mediterr\u00e1neo<\/a> y Enrique Curt, Presidente del Club N\u00e1utico Skipper han renovado el acuerdo de colaboraci\u00f3n entre ambas entidades.<\/p>\n<p>En base a este acuerdo todos los miembros de la <a href=\"http:\/\/www.adnmediterraneo.org\/\">Asociaci\u00f3n de Navegantes del Mediterr\u00e1neo<\/a> pueden disfrutar de un descuento en su <a href=\"https:\/\/larutadelasal.com\/hoja-de-inscripcion\/\">inscripci\u00f3n a La Ruta de la Sal<\/a>. La idea es promover conjuntamente la participaci\u00f3n de la flota balear en la salida desde el Club de Vela Port d&#8217;Andraxt.<\/p>\n<p>A cuatro meses de la salida, las <a href=\"https:\/\/larutadelasal.com\/hoja-de-inscripcion\/\">inscripciones<\/a> a la Versi\u00f3n Mallorca de La Ruta de la Sal avanzan a un buen ritmo, con 15 preinscritos y entradas destacadas de nuevos competidores como el CAVEMAN IV, un Knierim JV50 de Frans van Dijk o el STARGAZER, Neo 400 + de Bernd Schuler ambos del RCN de Palma, as\u00ed como de competidores que repiten como el BOND, Sunfast 3200 de John Walker, del CV Port d&#8217;Andraxt.<\/p>\n<div id=\"attachment_4542\" style=\"width: 1150px\" class=\"wp-caption aligncenter\"><img loading=\"lazy\" decoding=\"async\" aria-describedby=\"caption-attachment-4542\" class=\"wp-image-4542 size-full\" src=\"http:\/\/larutadelasal.com\/custom\/uploads\/2019\/12\/neo.jpg\" alt=\"\" width=\"1140\" height=\"641\" srcset=\"https:\/\/labs.100x100.net\/projects\/rutasal\/custom\/uploads\/2019\/12\/neo.jpg 1140w, https:\/\/labs.100x100.net\/projects\/rutasal\/custom\/uploads\/2019\/12\/neo-300x169.jpg 300w, https:\/\/labs.100x100.net\/projects\/rutasal\/custom\/uploads\/2019\/12\/neo-768x432.jpg 768w, https:\/\/labs.100x100.net\/projects\/rutasal\/custom\/uploads\/2019\/12\/neo-1024x576.jpg 1024w\" sizes=\"(max-width: 1140px) 100vw, 1140px\" \/><p id=\"caption-attachment-4542\" class=\"wp-caption-text\">Neo+ foto de d3appliedtechnologies.com<\/p><\/div>\n<p>&nbsp;<\/p>\n<p>&nbsp;<\/p>\n<p>&nbsp;<\/p>\n<p>&nbsp;<\/p>\n<p>&nbsp;<\/p>\n","protected":false},"excerpt":{"rendered":"<p>Gabriel Dols, Presidente de la Asociaci\u00f3n de Navegantes del Mediterr\u00e1neo y Enrique Curt, Presidente del Club N\u00e1utico Skipper han renovado el acuerdo de colaboraci\u00f3n entre ambas entidades. En base a este acuerdo todos los miembros de la Asociaci\u00f3n de Navegantes del Mediterr\u00e1neo pueden disfrutar de un descuento en su inscripci\u00f3n a La Ruta de la [&hellip;]<\/p>\n","protected":false},"author":8,"featured_media":4542,"comment_status":"open","ping_status":"open","sticky":false,"template":"","format":"standard","meta":{"_acf_changed":false,"footnotes":""},"categories":[3,1],"tags":[],"acf":[],"yoast_head":"<!-- This site is optimized with the Yoast SEO plugin v23.0 - https:\/\/yoast.com\/wordpress\/plugins\/seo\/ -->\n<title>Acuerdo Asociaci\u00f3n Navegantes del Mediterr\u00e1neo | Regata La Ruta de la Sal<\/title>\n<meta name=\"robots\" content=\"noindex, follow, max-snippet:-1, max-image-preview:large, max-video-preview:-1\" \/>\n<meta property=\"og:locale\" content=\"es_ES\" \/>\n<meta property=\"og:type\" content=\"article\" \/>\n<meta property=\"og:title\" content=\"Acuerdo Asociaci\u00f3n Navegantes del Mediterr\u00e1neo | Regata La Ruta de la Sal\" \/>\n<meta property=\"og:description\" content=\"Gabriel Dols, Presidente de la Asociaci\u00f3n de Navegantes del Mediterr\u00e1neo y Enrique Curt, Presidente del Club N\u00e1utico Skipper han renovado el acuerdo de colaboraci\u00f3n entre ambas entidades. En base a este acuerdo todos los miembros de la Asociaci\u00f3n de Navegantes del Mediterr\u00e1neo pueden disfrutar de un descuento en su inscripci\u00f3n a La Ruta de la [&hellip;]\" \/>\n<meta property=\"og:url\" content=\"https:\/\/labs.100x100.net\/projects\/rutasal\/acuerdo-asociacion-navegantes-del-mediterraneo\/\" \/>\n<meta property=\"og:site_name\" content=\"Regata La Ruta de la Sal\" \/>\n<meta property=\"article:publisher\" content=\"https:\/\/www.facebook.com\/rutadelasal\/\" \/>\n<meta property=\"article:published_time\" content=\"2019-12-19T12:06:30+00:00\" \/>\n<meta property=\"article:modified_time\" content=\"2019-12-19T12:08:02+00:00\" \/>\n<meta property=\"og:image\" content=\"https:\/\/labs.100x100.net\/projects\/rutasal\/custom\/uploads\/2019\/12\/neo.jpg\" \/>\n\t<meta property=\"og:image:width\" content=\"1140\" \/>\n\t<meta property=\"og:image:height\" content=\"641\" \/>\n\t<meta property=\"og:image:type\" content=\"image\/jpeg\" \/>\n<meta name=\"author\" content=\"Enregata\" \/>\n<meta name=\"twitter:card\" content=\"summary_large_image\" \/>\n<meta name=\"twitter:creator\" content=\"@AnamMedi\" \/>\n<meta name=\"twitter:site\" content=\"@AnamMedi\" \/>\n<meta name=\"twitter:label1\" content=\"Escrito por\" \/>\n\t<meta name=\"twitter:data1\" content=\"Enregata\" \/>\n\t<meta name=\"twitter:label2\" content=\"Tiempo de lectura\" \/>\n\t<meta name=\"twitter:data2\" content=\"1 minuto\" \/>\n<script type=\"application\/ld+json\" class=\"yoast-schema-graph\">{\"@context\":\"https:\/\/schema.org\",\"@graph\":[{\"@type\":\"WebPage\",\"@id\":\"https:\/\/labs.100x100.net\/projects\/rutasal\/acuerdo-asociacion-navegantes-del-mediterraneo\/\",\"url\":\"https:\/\/labs.100x100.net\/projects\/rutasal\/acuerdo-asociacion-navegantes-del-mediterraneo\/\",\"name\":\"Acuerdo Asociaci\u00f3n Navegantes del Mediterr\u00e1neo | Regata La Ruta de la Sal\",\"isPartOf\":{\"@id\":\"https:\/\/labs.100x100.net\/projects\/rutasal\/#website\"},\"primaryImageOfPage\":{\"@id\":\"https:\/\/labs.100x100.net\/projects\/rutasal\/acuerdo-asociacion-navegantes-del-mediterraneo\/#primaryimage\"},\"image\":{\"@id\":\"https:\/\/labs.100x100.net\/projects\/rutasal\/acuerdo-asociacion-navegantes-del-mediterraneo\/#primaryimage\"},\"thumbnailUrl\":\"https:\/\/labs.100x100.net\/projects\/rutasal\/custom\/uploads\/2019\/12\/neo.jpg\",\"datePublished\":\"2019-12-19T12:06:30+00:00\",\"dateModified\":\"2019-12-19T12:08:02+00:00\",\"author\":{\"@id\":\"https:\/\/labs.100x100.net\/projects\/rutasal\/#\/schema\/person\/ab0f0359773b0a59d5eb579ec54b37e8\"},\"breadcrumb\":{\"@id\":\"https:\/\/labs.100x100.net\/projects\/rutasal\/acuerdo-asociacion-navegantes-del-mediterraneo\/#breadcrumb\"},\"inLanguage\":\"es\",\"potentialAction\":[{\"@type\":\"ReadAction\",\"target\":[\"https:\/\/labs.100x100.net\/projects\/rutasal\/acuerdo-asociacion-navegantes-del-mediterraneo\/\"]}]},{\"@type\":\"ImageObject\",\"inLanguage\":\"es\",\"@id\":\"https:\/\/labs.100x100.net\/projects\/rutasal\/acuerdo-asociacion-navegantes-del-mediterraneo\/#primaryimage\",\"url\":\"https:\/\/labs.100x100.net\/projects\/rutasal\/custom\/uploads\/2019\/12\/neo.jpg\",\"contentUrl\":\"https:\/\/labs.100x100.net\/projects\/rutasal\/custom\/uploads\/2019\/12\/neo.jpg\",\"width\":1140,\"height\":641},{\"@type\":\"BreadcrumbList\",\"@id\":\"https:\/\/labs.100x100.net\/projects\/rutasal\/acuerdo-asociacion-navegantes-del-mediterraneo\/#breadcrumb\",\"itemListElement\":[{\"@type\":\"ListItem\",\"position\":1,\"name\":\"Portada\",\"item\":\"https:\/\/labs.100x100.net\/projects\/rutasal\/\"},{\"@type\":\"ListItem\",\"position\":2,\"name\":\"Acuerdo Asociaci\u00f3n Navegantes del Mediterr\u00e1neo\"}]},{\"@type\":\"WebSite\",\"@id\":\"https:\/\/labs.100x100.net\/projects\/rutasal\/#website\",\"url\":\"https:\/\/labs.100x100.net\/projects\/rutasal\/\",\"name\":\"Regata La Ruta de la Sal\",\"description\":\"Regata La Ruta de la Sal es una regata de Altura Mediterr\u00e1nea para barcos de crucero a vela con destino en Ibiza, que se disputa anualmente en Semana Santa.\",\"potentialAction\":[{\"@type\":\"SearchAction\",\"target\":{\"@type\":\"EntryPoint\",\"urlTemplate\":\"https:\/\/labs.100x100.net\/projects\/rutasal\/?s={search_term_string}\"},\"query-input\":\"required name=search_term_string\"}],\"inLanguage\":\"es\"},{\"@type\":\"Person\",\"@id\":\"https:\/\/labs.100x100.net\/projects\/rutasal\/#\/schema\/person\/ab0f0359773b0a59d5eb579ec54b37e8\",\"name\":\"Enregata\",\"image\":{\"@type\":\"ImageObject\",\"inLanguage\":\"es\",\"@id\":\"https:\/\/labs.100x100.net\/projects\/rutasal\/#\/schema\/person\/image\/\",\"url\":\"https:\/\/secure.gravatar.com\/avatar\/c674f392343d66e95fba904bf4162243?s=96&d=mm&r=g\",\"contentUrl\":\"https:\/\/secure.gravatar.com\/avatar\/c674f392343d66e95fba904bf4162243?s=96&d=mm&r=g\",\"caption\":\"Enregata\"}}]}<\/script>\n<!-- \/ Yoast SEO plugin. -->","yoast_head_json":{"title":"Acuerdo Asociaci\u00f3n Navegantes del Mediterr\u00e1neo | Regata La Ruta de la Sal","robots":{"index":"noindex","follow":"follow","max-snippet":"max-snippet:-1","max-image-preview":"max-image-preview:large","max-video-preview":"max-video-preview:-1"},"og_locale":"es_ES","og_type":"article","og_title":"Acuerdo Asociaci\u00f3n Navegantes del Mediterr\u00e1neo | Regata La Ruta de la Sal","og_description":"Gabriel Dols, Presidente de la Asociaci\u00f3n de Navegantes del Mediterr\u00e1neo y Enrique Curt, Presidente del Club N\u00e1utico Skipper han renovado el acuerdo de colaboraci\u00f3n entre ambas entidades. En base a este acuerdo todos los miembros de la Asociaci\u00f3n de Navegantes del Mediterr\u00e1neo pueden disfrutar de un descuento en su inscripci\u00f3n a La Ruta de la [&hellip;]","og_url":"https:\/\/labs.100x100.net\/projects\/rutasal\/acuerdo-asociacion-navegantes-del-mediterraneo\/","og_site_name":"Regata La Ruta de la Sal","article_publisher":"https:\/\/www.facebook.com\/rutadelasal\/","article_published_time":"2019-12-19T12:06:30+00:00","article_modified_time":"2019-12-19T12:08:02+00:00","og_image":[{"width":1140,"height":641,"url":"https:\/\/labs.100x100.net\/projects\/rutasal\/custom\/uploads\/2019\/12\/neo.jpg","type":"image\/jpeg"}],"author":"Enregata","twitter_card":"summary_large_image","twitter_creator":"@AnamMedi","twitter_site":"@AnamMedi","twitter_misc":{"Escrito por":"Enregata","Tiempo de lectura":"1 minuto"},"schema":{"@context":"https:\/\/schema.org","@graph":[{"@type":"WebPage","@id":"https:\/\/labs.100x100.net\/projects\/rutasal\/acuerdo-asociacion-navegantes-del-mediterraneo\/","url":"https:\/\/labs.100x100.net\/projects\/rutasal\/acuerdo-asociacion-navegantes-del-mediterraneo\/","name":"Acuerdo Asociaci\u00f3n Navegantes del Mediterr\u00e1neo | Regata La Ruta de la Sal","isPartOf":{"@id":"https:\/\/labs.100x100.net\/projects\/rutasal\/#website"},"primaryImageOfPage":{"@id":"https:\/\/labs.100x100.net\/projects\/rutasal\/acuerdo-asociacion-navegantes-del-mediterraneo\/#primaryimage"},"image":{"@id":"https:\/\/labs.100x100.net\/projects\/rutasal\/acuerdo-asociacion-navegantes-del-mediterraneo\/#primaryimage"},"thumbnailUrl":"https:\/\/labs.100x100.net\/projects\/rutasal\/custom\/uploads\/2019\/12\/neo.jpg","datePublished":"2019-12-19T12:06:30+00:00","dateModified":"2019-12-19T12:08:02+00:00","author":{"@id":"https:\/\/labs.100x100.net\/projects\/rutasal\/#\/schema\/person\/ab0f0359773b0a59d5eb579ec54b37e8"},"breadcrumb":{"@id":"https:\/\/labs.100x100.net\/projects\/rutasal\/acuerdo-asociacion-navegantes-del-mediterraneo\/#breadcrumb"},"inLanguage":"es","potentialAction":[{"@type":"ReadAction","target":["https:\/\/labs.100x100.net\/projects\/rutasal\/acuerdo-asociacion-navegantes-del-mediterraneo\/"]}]},{"@type":"ImageObject","inLanguage":"es","@id":"https:\/\/labs.100x100.net\/projects\/rutasal\/acuerdo-asociacion-navegantes-del-mediterraneo\/#primaryimage","url":"https:\/\/labs.100x100.net\/projects\/rutasal\/custom\/uploads\/2019\/12\/neo.jpg","contentUrl":"https:\/\/labs.100x100.net\/projects\/rutasal\/custom\/uploads\/2019\/12\/neo.jpg","width":1140,"height":641},{"@type":"BreadcrumbList","@id":"https:\/\/labs.100x100.net\/projects\/rutasal\/acuerdo-asociacion-navegantes-del-mediterraneo\/#breadcrumb","itemListElement":[{"@type":"ListItem","position":1,"name":"Portada","item":"https:\/\/labs.100x100.net\/projects\/rutasal\/"},{"@type":"ListItem","position":2,"name":"Acuerdo Asociaci\u00f3n Navegantes del Mediterr\u00e1neo"}]},{"@type":"WebSite","@id":"https:\/\/labs.100x100.net\/projects\/rutasal\/#website","url":"https:\/\/labs.100x100.net\/projects\/rutasal\/","name":"Regata La Ruta de la Sal","description":"Regata La Ruta de la Sal es una regata de Altura Mediterr\u00e1nea para barcos de crucero a vela con destino en Ibiza, que se disputa anualmente en Semana Santa.","potentialAction":[{"@type":"SearchAction","target":{"@type":"EntryPoint","urlTemplate":"https:\/\/labs.100x100.net\/projects\/rutasal\/?s={search_term_string}"},"query-input":"required name=search_term_string"}],"inLanguage":"es"},{"@type":"Person","@id":"https:\/\/labs.100x100.net\/projects\/rutasal\/#\/schema\/person\/ab0f0359773b0a59d5eb579ec54b37e8","name":"Enregata","image":{"@type":"ImageObject","inLanguage":"es","@id":"https:\/\/labs.100x100.net\/projects\/rutasal\/#\/schema\/person\/image\/","url":"https:\/\/secure.gravatar.com\/avatar\/c674f392343d66e95fba904bf4162243?s=96&d=mm&r=g","contentUrl":"https:\/\/secure.gravatar.com\/avatar\/c674f392343d66e95fba904bf4162243?s=96&d=mm&r=g","caption":"Enregata"}}]}},"_links":{"self":[{"href":"https:\/\/labs.100x100.net\/projects\/rutasal\/wp-json\/wp\/v2\/posts\/4541"}],"collection":[{"href":"https:\/\/labs.100x100.net\/projects\/rutasal\/wp-json\/wp\/v2\/posts"}],"about":[{"href":"https:\/\/labs.100x100.net\/projects\/rutasal\/wp-json\/wp\/v2\/types\/post"}],"author":[{"embeddable":true,"href":"https:\/\/labs.100x100.net\/projects\/rutasal\/wp-json\/wp\/v2\/users\/8"}],"replies":[{"embeddable":true,"href":"https:\/\/labs.100x100.net\/projects\/rutasal\/wp-json\/wp\/v2\/comments?post=4541"}],"version-history":[{"count":2,"href":"https:\/\/labs.100x100.net\/projects\/rutasal\/wp-json\/wp\/v2\/posts\/4541\/revisions"}],"predecessor-version":[{"id":4544,"href":"https:\/\/labs.100x100.net\/projects\/rutasal\/wp-json\/wp\/v2\/posts\/4541\/revisions\/4544"}],"wp:featuredmedia":[{"embeddable":true,"href":"https:\/\/labs.100x100.net\/projects\/rutasal\/wp-json\/wp\/v2\/media\/4542"}],"wp:attachment":[{"href":"https:\/\/labs.100x100.net\/projects\/rutasal\/wp-json\/wp\/v2\/media?parent=4541"}],"wp:term":[{"taxonomy":"category","embeddable":true,"href":"https:\/\/labs.100x100.net\/projects\/rutasal\/wp-json\/wp\/v2\/categories?post=4541"},{"taxonomy":"post_tag","embeddable":true,"href":"https:\/\/labs.100x100.net\/projects\/rutasal\/wp-json\/wp\/v2\/tags?post=4541"}],"curies":[{"name":"wp","href":"https:\/\/api.w.org\/{rel}","templated":true}]}}