{"id":4516,"date":"2019-12-17T11:49:28","date_gmt":"2019-12-17T09:49:28","guid":{"rendered":"https:\/\/larutadelasal.com\/?p=4516"},"modified":"2019-12-18T16:09:03","modified_gmt":"2019-12-18T14:09:03","slug":"avance-informativo-2","status":"publish","type":"post","link":"https:\/\/labs.100x100.net\/projects\/rutasal\/avance-informativo-2\/","title":{"rendered":"AVANCE INFORMATIVO"},"content":{"rendered":"<p><b><span style=\"font-size: xx-large;\">LA 33 REGATA DE ALTURA DE LA RUTA DE LA SAL, RUMBO A SANT ANTONI DE PORTMANY\u00a0<\/span><\/b><b><span style=\"font-size: xx-large;\">EN LA ISLA DE IBIZA<\/span><\/b><\/p>\n<p><b><span style=\"font-size: large;\">La Ruta de La Sal 2020, alto nivel deportivo y sostenibilidad para promocionar la isla de Ibiza como destino para el turismo n\u00e1utico de calidad.<\/span><\/b><\/p>\n<div>\n<p><b><span style=\"font-size: large;\">La Ruta de la Sal sigue siendo el referente mas importante de la navegaci\u00f3n de altura del Mediterr\u00e1neo<\/span><\/b><\/p>\n<p><b><span style=\"font-size: large;\">El pr\u00f3ximo 9 de abril, Jueves Santo, comenzara la 33 edici\u00f3n de la Regata de Altura de la Ruta de la Sal; unas 200 embarcaciones de vela tratar\u00e1n, utilizando al viento como \u00fanica fuente de energ\u00eda, de llegar lo antes posible a Sant Antoni de Portmany en Ibiza, con el objetivo de lograr una buena clasificaci\u00f3n en la que es hoy reconocida como la prueba de altura m\u00e1s prestigiosa del calendario nacional de regatas.<\/span><\/b><\/p>\n<div><\/div>\n<\/div>\n<div><img loading=\"lazy\" decoding=\"async\" class=\"aligncenter size-full wp-image-4517\" src=\"http:\/\/larutadelasal.com\/custom\/uploads\/2019\/12\/32751382337_d88f6d4e30_c.jpg\" alt=\"\" width=\"800\" height=\"534\" srcset=\"https:\/\/labs.100x100.net\/projects\/rutasal\/custom\/uploads\/2019\/12\/32751382337_d88f6d4e30_c.jpg 800w, https:\/\/labs.100x100.net\/projects\/rutasal\/custom\/uploads\/2019\/12\/32751382337_d88f6d4e30_c-300x200.jpg 300w, https:\/\/labs.100x100.net\/projects\/rutasal\/custom\/uploads\/2019\/12\/32751382337_d88f6d4e30_c-768x513.jpg 768w\" sizes=\"(max-width: 800px) 100vw, 800px\" \/><\/div>\n<div>\n<div><span style=\"font-size: large;\">\u00a0<\/span><\/div>\n<div><span style=\"font-size: large;\">La flota se repartir\u00e1 entre tres recorridos diferentes con salidas desde Port Ginesta en Barcelona, Denia y Puerto de Andraxt, en Mallorca con llegadas, en todos los casos, en Sant Antoni de Portmany, en la isla de Ibiza. Ser\u00e1n tres regatas distintas de aproximaci\u00f3n a Ibiza, que en su conjunto conforman un \u00fanico gran evento; La Ruta de La Sal. En el que las previsiones, considerando las inscripciones tramitadas hasta la fecha, apuntan a la participaci\u00f3n directa de cerca 200 equipos de unas 12 nacionalidades, conformados por algo m\u00e1s de 1.200 regatistas. Datos que definen claramente el potencial deportivo y la intencionalidad de la cita. Tambi\u00e9n que los cupos m\u00e1ximos de participaci\u00f3n aceptados por la organizaci\u00f3n quedar\u00e1n, un a\u00f1o m\u00e1s, totalmente cubiertos.<\/span><\/div>\n<div><span style=\"font-size: large;\">\u00a0<\/span><\/div>\n<div><span style=\"font-size: large;\">La salida de la Versi\u00f3n Barcelona de La Sal, coordinada por el Club Maritim Port Ginesta implica competir en un recorrido de 140 millas con rumbo directo hasta Ibiza. La Versi\u00f3n Denia, que se organiza\u00a0desde el Real Club N\u00e1utico de Denia, obligar\u00e1 a sus participantes a cubrir un circuito de 120 millas, tomando Formentera por babor, la Isla de Tagomago y, navegando por la costa norte de Ibiza, llegar hasta Sant Antoni. Finalmente, los equipos que opten por competir en la Versi\u00f3n Mallorca, tomar\u00e1n la salida, bajo la supervisi\u00f3n t\u00e9cnica del Club Vela Port d\u2019Andratx con rumbo a St. Antoni de Portmany dejando por estribor las islas de Tagomago, Formentera, Es Vedr\u00e1, Bledas y Conejera. En total unas 103 millas de singladura.<\/span><\/div>\n<\/div>\n<div><span style=\"font-size: large;\">\u00a0<\/span><\/div>\n<div><img loading=\"lazy\" decoding=\"async\" class=\"aligncenter size-full wp-image-4519\" src=\"http:\/\/larutadelasal.com\/custom\/uploads\/2019\/12\/32751389967_2f6e0bd2d6_c.jpg\" alt=\"\" width=\"800\" height=\"534\" srcset=\"https:\/\/labs.100x100.net\/projects\/rutasal\/custom\/uploads\/2019\/12\/32751389967_2f6e0bd2d6_c.jpg 800w, https:\/\/labs.100x100.net\/projects\/rutasal\/custom\/uploads\/2019\/12\/32751389967_2f6e0bd2d6_c-300x200.jpg 300w, https:\/\/labs.100x100.net\/projects\/rutasal\/custom\/uploads\/2019\/12\/32751389967_2f6e0bd2d6_c-768x513.jpg 768w\" sizes=\"(max-width: 800px) 100vw, 800px\" \/><\/div>\n<div><\/div>\n<div>\n<div><span style=\"font-size: large;\">En principio, a las llegadas a Ibiza, concretamente al Club N\u00e0utic Sant Antoni &#8211; responsable de las infraestructuras de apoyo, base y log\u00edstica de la regata en su llegada a la isla de Ibiza. &#8211; deber\u00edan producirse, bajo panoramas meteorol\u00f3gicos estables, a partir de la madrugada del<\/span><\/div>\n<div><span style=\"font-size: large;\">viernes 10 de abril.<\/span><\/div>\n<div><span style=\"font-size: large;\">\u00a0<\/span><\/div>\n<div><span style=\"font-size: large;\">La 33 edici\u00f3n de La Ruta de Sal, incorporar\u00e1, como novedad el Trofeo Sant Antoni de Portmany, una regata \u201cinshore\u201d de unas 10 millas dentro de la Bah\u00eda de Sant Antoni de Portmany, prevista para el domingo 12 de abril de 2020, destinada a que los equipos participantes en la diferentes Versiones puedan medir sus potenciales en un circuito r\u00e1pido y muy t\u00e1ctico. Una prueba, que aporta un significativo valor a\u00f1adido a una regata cargada de atractivos.<\/span><\/div>\n<div><\/div>\n<\/div>\n<div><span style=\"font-size: large;\"><img loading=\"lazy\" decoding=\"async\" class=\"aligncenter size-full wp-image-4518\" src=\"http:\/\/larutadelasal.com\/custom\/uploads\/2019\/12\/32751381957_61fc9c2fde_c.jpg\" alt=\"\" width=\"800\" height=\"534\" srcset=\"https:\/\/labs.100x100.net\/projects\/rutasal\/custom\/uploads\/2019\/12\/32751381957_61fc9c2fde_c.jpg 800w, https:\/\/labs.100x100.net\/projects\/rutasal\/custom\/uploads\/2019\/12\/32751381957_61fc9c2fde_c-300x200.jpg 300w, https:\/\/labs.100x100.net\/projects\/rutasal\/custom\/uploads\/2019\/12\/32751381957_61fc9c2fde_c-768x513.jpg 768w\" sizes=\"(max-width: 800px) 100vw, 800px\" \/><\/span><\/div>\n<div>\n<div><\/div>\n<\/div>\n","protected":false},"excerpt":{"rendered":"<p>LA 33 REGATA DE ALTURA DE LA RUTA DE LA SAL, RUMBO A SANT ANTONI DE PORTMANY\u00a0EN LA ISLA DE IBIZA La Ruta de La Sal 2020, alto nivel deportivo y sostenibilidad para promocionar la isla de Ibiza como destino para el turismo n\u00e1utico de calidad. La Ruta de la Sal sigue siendo el referente [&hellip;]<\/p>\n","protected":false},"author":8,"featured_media":4517,"comment_status":"open","ping_status":"open","sticky":false,"template":"","format":"standard","meta":{"_acf_changed":false,"footnotes":""},"categories":[3,1],"tags":[],"acf":[],"yoast_head":"<!-- This site is optimized with the Yoast SEO plugin v23.0 - https:\/\/yoast.com\/wordpress\/plugins\/seo\/ -->\n<title>AVANCE INFORMATIVO | Regata La Ruta de la Sal<\/title>\n<meta name=\"robots\" content=\"noindex, follow, max-snippet:-1, max-image-preview:large, max-video-preview:-1\" \/>\n<meta property=\"og:locale\" content=\"es_ES\" \/>\n<meta property=\"og:type\" content=\"article\" \/>\n<meta property=\"og:title\" content=\"AVANCE INFORMATIVO | Regata La Ruta de la Sal\" \/>\n<meta property=\"og:description\" content=\"LA 33 REGATA DE ALTURA DE LA RUTA DE LA SAL, RUMBO A SANT ANTONI DE PORTMANY\u00a0EN LA ISLA DE IBIZA La Ruta de La Sal 2020, alto nivel deportivo y sostenibilidad para promocionar la isla de Ibiza como destino para el turismo n\u00e1utico de calidad. La Ruta de la Sal sigue siendo el referente [&hellip;]\" \/>\n<meta property=\"og:url\" content=\"https:\/\/labs.100x100.net\/projects\/rutasal\/avance-informativo-2\/\" \/>\n<meta property=\"og:site_name\" content=\"Regata La Ruta de la Sal\" \/>\n<meta property=\"article:publisher\" content=\"https:\/\/www.facebook.com\/rutadelasal\/\" \/>\n<meta property=\"article:published_time\" content=\"2019-12-17T09:49:28+00:00\" \/>\n<meta property=\"article:modified_time\" content=\"2019-12-18T14:09:03+00:00\" \/>\n<meta property=\"og:image\" content=\"https:\/\/labs.100x100.net\/projects\/rutasal\/custom\/uploads\/2019\/12\/32751382337_d88f6d4e30_c.jpg\" \/>\n\t<meta property=\"og:image:width\" content=\"800\" \/>\n\t<meta property=\"og:image:height\" content=\"534\" \/>\n\t<meta property=\"og:image:type\" content=\"image\/jpeg\" \/>\n<meta name=\"author\" content=\"Enregata\" \/>\n<meta name=\"twitter:card\" content=\"summary_large_image\" \/>\n<meta name=\"twitter:creator\" content=\"@AnamMedi\" \/>\n<meta name=\"twitter:site\" content=\"@AnamMedi\" \/>\n<meta name=\"twitter:label1\" content=\"Escrito por\" \/>\n\t<meta name=\"twitter:data1\" content=\"Enregata\" \/>\n\t<meta name=\"twitter:label2\" content=\"Tiempo de lectura\" \/>\n\t<meta name=\"twitter:data2\" content=\"3 minutos\" \/>\n<script type=\"application\/ld+json\" class=\"yoast-schema-graph\">{\"@context\":\"https:\/\/schema.org\",\"@graph\":[{\"@type\":\"WebPage\",\"@id\":\"https:\/\/labs.100x100.net\/projects\/rutasal\/avance-informativo-2\/\",\"url\":\"https:\/\/labs.100x100.net\/projects\/rutasal\/avance-informativo-2\/\",\"name\":\"AVANCE INFORMATIVO | Regata La Ruta de la Sal\",\"isPartOf\":{\"@id\":\"https:\/\/labs.100x100.net\/projects\/rutasal\/#website\"},\"primaryImageOfPage\":{\"@id\":\"https:\/\/labs.100x100.net\/projects\/rutasal\/avance-informativo-2\/#primaryimage\"},\"image\":{\"@id\":\"https:\/\/labs.100x100.net\/projects\/rutasal\/avance-informativo-2\/#primaryimage\"},\"thumbnailUrl\":\"https:\/\/labs.100x100.net\/projects\/rutasal\/custom\/uploads\/2019\/12\/32751382337_d88f6d4e30_c.jpg\",\"datePublished\":\"2019-12-17T09:49:28+00:00\",\"dateModified\":\"2019-12-18T14:09:03+00:00\",\"author\":{\"@id\":\"https:\/\/labs.100x100.net\/projects\/rutasal\/#\/schema\/person\/ab0f0359773b0a59d5eb579ec54b37e8\"},\"breadcrumb\":{\"@id\":\"https:\/\/labs.100x100.net\/projects\/rutasal\/avance-informativo-2\/#breadcrumb\"},\"inLanguage\":\"es\",\"potentialAction\":[{\"@type\":\"ReadAction\",\"target\":[\"https:\/\/labs.100x100.net\/projects\/rutasal\/avance-informativo-2\/\"]}]},{\"@type\":\"ImageObject\",\"inLanguage\":\"es\",\"@id\":\"https:\/\/labs.100x100.net\/projects\/rutasal\/avance-informativo-2\/#primaryimage\",\"url\":\"https:\/\/labs.100x100.net\/projects\/rutasal\/custom\/uploads\/2019\/12\/32751382337_d88f6d4e30_c.jpg\",\"contentUrl\":\"https:\/\/labs.100x100.net\/projects\/rutasal\/custom\/uploads\/2019\/12\/32751382337_d88f6d4e30_c.jpg\",\"width\":800,\"height\":534},{\"@type\":\"BreadcrumbList\",\"@id\":\"https:\/\/labs.100x100.net\/projects\/rutasal\/avance-informativo-2\/#breadcrumb\",\"itemListElement\":[{\"@type\":\"ListItem\",\"position\":1,\"name\":\"Portada\",\"item\":\"https:\/\/labs.100x100.net\/projects\/rutasal\/\"},{\"@type\":\"ListItem\",\"position\":2,\"name\":\"AVANCE INFORMATIVO\"}]},{\"@type\":\"WebSite\",\"@id\":\"https:\/\/labs.100x100.net\/projects\/rutasal\/#website\",\"url\":\"https:\/\/labs.100x100.net\/projects\/rutasal\/\",\"name\":\"Regata La Ruta de la Sal\",\"description\":\"Regata La Ruta de la Sal es una regata de Altura Mediterr\u00e1nea para barcos de crucero a vela con destino en Ibiza, que se disputa anualmente en Semana Santa.\",\"potentialAction\":[{\"@type\":\"SearchAction\",\"target\":{\"@type\":\"EntryPoint\",\"urlTemplate\":\"https:\/\/labs.100x100.net\/projects\/rutasal\/?s={search_term_string}\"},\"query-input\":\"required name=search_term_string\"}],\"inLanguage\":\"es\"},{\"@type\":\"Person\",\"@id\":\"https:\/\/labs.100x100.net\/projects\/rutasal\/#\/schema\/person\/ab0f0359773b0a59d5eb579ec54b37e8\",\"name\":\"Enregata\",\"image\":{\"@type\":\"ImageObject\",\"inLanguage\":\"es\",\"@id\":\"https:\/\/labs.100x100.net\/projects\/rutasal\/#\/schema\/person\/image\/\",\"url\":\"https:\/\/secure.gravatar.com\/avatar\/c674f392343d66e95fba904bf4162243?s=96&d=mm&r=g\",\"contentUrl\":\"https:\/\/secure.gravatar.com\/avatar\/c674f392343d66e95fba904bf4162243?s=96&d=mm&r=g\",\"caption\":\"Enregata\"}}]}<\/script>\n<!-- \/ Yoast SEO plugin. -->","yoast_head_json":{"title":"AVANCE INFORMATIVO | Regata La Ruta de la Sal","robots":{"index":"noindex","follow":"follow","max-snippet":"max-snippet:-1","max-image-preview":"max-image-preview:large","max-video-preview":"max-video-preview:-1"},"og_locale":"es_ES","og_type":"article","og_title":"AVANCE INFORMATIVO | Regata La Ruta de la Sal","og_description":"LA 33 REGATA DE ALTURA DE LA RUTA DE LA SAL, RUMBO A SANT ANTONI DE PORTMANY\u00a0EN LA ISLA DE IBIZA La Ruta de La Sal 2020, alto nivel deportivo y sostenibilidad para promocionar la isla de Ibiza como destino para el turismo n\u00e1utico de calidad. La Ruta de la Sal sigue siendo el referente [&hellip;]","og_url":"https:\/\/labs.100x100.net\/projects\/rutasal\/avance-informativo-2\/","og_site_name":"Regata La Ruta de la Sal","article_publisher":"https:\/\/www.facebook.com\/rutadelasal\/","article_published_time":"2019-12-17T09:49:28+00:00","article_modified_time":"2019-12-18T14:09:03+00:00","og_image":[{"width":800,"height":534,"url":"https:\/\/labs.100x100.net\/projects\/rutasal\/custom\/uploads\/2019\/12\/32751382337_d88f6d4e30_c.jpg","type":"image\/jpeg"}],"author":"Enregata","twitter_card":"summary_large_image","twitter_creator":"@AnamMedi","twitter_site":"@AnamMedi","twitter_misc":{"Escrito por":"Enregata","Tiempo de lectura":"3 minutos"},"schema":{"@context":"https:\/\/schema.org","@graph":[{"@type":"WebPage","@id":"https:\/\/labs.100x100.net\/projects\/rutasal\/avance-informativo-2\/","url":"https:\/\/labs.100x100.net\/projects\/rutasal\/avance-informativo-2\/","name":"AVANCE INFORMATIVO | Regata La Ruta de la Sal","isPartOf":{"@id":"https:\/\/labs.100x100.net\/projects\/rutasal\/#website"},"primaryImageOfPage":{"@id":"https:\/\/labs.100x100.net\/projects\/rutasal\/avance-informativo-2\/#primaryimage"},"image":{"@id":"https:\/\/labs.100x100.net\/projects\/rutasal\/avance-informativo-2\/#primaryimage"},"thumbnailUrl":"https:\/\/labs.100x100.net\/projects\/rutasal\/custom\/uploads\/2019\/12\/32751382337_d88f6d4e30_c.jpg","datePublished":"2019-12-17T09:49:28+00:00","dateModified":"2019-12-18T14:09:03+00:00","author":{"@id":"https:\/\/labs.100x100.net\/projects\/rutasal\/#\/schema\/person\/ab0f0359773b0a59d5eb579ec54b37e8"},"breadcrumb":{"@id":"https:\/\/labs.100x100.net\/projects\/rutasal\/avance-informativo-2\/#breadcrumb"},"inLanguage":"es","potentialAction":[{"@type":"ReadAction","target":["https:\/\/labs.100x100.net\/projects\/rutasal\/avance-informativo-2\/"]}]},{"@type":"ImageObject","inLanguage":"es","@id":"https:\/\/labs.100x100.net\/projects\/rutasal\/avance-informativo-2\/#primaryimage","url":"https:\/\/labs.100x100.net\/projects\/rutasal\/custom\/uploads\/2019\/12\/32751382337_d88f6d4e30_c.jpg","contentUrl":"https:\/\/labs.100x100.net\/projects\/rutasal\/custom\/uploads\/2019\/12\/32751382337_d88f6d4e30_c.jpg","width":800,"height":534},{"@type":"BreadcrumbList","@id":"https:\/\/labs.100x100.net\/projects\/rutasal\/avance-informativo-2\/#breadcrumb","itemListElement":[{"@type":"ListItem","position":1,"name":"Portada","item":"https:\/\/labs.100x100.net\/projects\/rutasal\/"},{"@type":"ListItem","position":2,"name":"AVANCE INFORMATIVO"}]},{"@type":"WebSite","@id":"https:\/\/labs.100x100.net\/projects\/rutasal\/#website","url":"https:\/\/labs.100x100.net\/projects\/rutasal\/","name":"Regata La Ruta de la Sal","description":"Regata La Ruta de la Sal es una regata de Altura Mediterr\u00e1nea para barcos de crucero a vela con destino en Ibiza, que se disputa anualmente en Semana Santa.","potentialAction":[{"@type":"SearchAction","target":{"@type":"EntryPoint","urlTemplate":"https:\/\/labs.100x100.net\/projects\/rutasal\/?s={search_term_string}"},"query-input":"required name=search_term_string"}],"inLanguage":"es"},{"@type":"Person","@id":"https:\/\/labs.100x100.net\/projects\/rutasal\/#\/schema\/person\/ab0f0359773b0a59d5eb579ec54b37e8","name":"Enregata","image":{"@type":"ImageObject","inLanguage":"es","@id":"https:\/\/labs.100x100.net\/projects\/rutasal\/#\/schema\/person\/image\/","url":"https:\/\/secure.gravatar.com\/avatar\/c674f392343d66e95fba904bf4162243?s=96&d=mm&r=g","contentUrl":"https:\/\/secure.gravatar.com\/avatar\/c674f392343d66e95fba904bf4162243?s=96&d=mm&r=g","caption":"Enregata"}}]}},"_links":{"self":[{"href":"https:\/\/labs.100x100.net\/projects\/rutasal\/wp-json\/wp\/v2\/posts\/4516"}],"collection":[{"href":"https:\/\/labs.100x100.net\/projects\/rutasal\/wp-json\/wp\/v2\/posts"}],"about":[{"href":"https:\/\/labs.100x100.net\/projects\/rutasal\/wp-json\/wp\/v2\/types\/post"}],"author":[{"embeddable":true,"href":"https:\/\/labs.100x100.net\/projects\/rutasal\/wp-json\/wp\/v2\/users\/8"}],"replies":[{"embeddable":true,"href":"https:\/\/labs.100x100.net\/projects\/rutasal\/wp-json\/wp\/v2\/comments?post=4516"}],"version-history":[{"count":4,"href":"https:\/\/labs.100x100.net\/projects\/rutasal\/wp-json\/wp\/v2\/posts\/4516\/revisions"}],"predecessor-version":[{"id":4523,"href":"https:\/\/labs.100x100.net\/projects\/rutasal\/wp-json\/wp\/v2\/posts\/4516\/revisions\/4523"}],"wp:featuredmedia":[{"embeddable":true,"href":"https:\/\/labs.100x100.net\/projects\/rutasal\/wp-json\/wp\/v2\/media\/4517"}],"wp:attachment":[{"href":"https:\/\/labs.100x100.net\/projects\/rutasal\/wp-json\/wp\/v2\/media?parent=4516"}],"wp:term":[{"taxonomy":"category","embeddable":true,"href":"https:\/\/labs.100x100.net\/projects\/rutasal\/wp-json\/wp\/v2\/categories?post=4516"},{"taxonomy":"post_tag","embeddable":true,"href":"https:\/\/labs.100x100.net\/projects\/rutasal\/wp-json\/wp\/v2\/tags?post=4516"}],"curies":[{"name":"wp","href":"https:\/\/api.w.org\/{rel}","templated":true}]}}