{"id":4506,"date":"2019-12-12T14:06:24","date_gmt":"2019-12-12T12:06:24","guid":{"rendered":"https:\/\/larutadelasal.com\/?p=4506"},"modified":"2019-12-12T14:06:24","modified_gmt":"2019-12-12T12:06:24","slug":"garmin-renueva-acuerdo","status":"publish","type":"post","link":"https:\/\/labs.100x100.net\/projects\/rutasal\/garmin-renueva-acuerdo\/","title":{"rendered":"Garmin, renueva acuerdo"},"content":{"rendered":"<p class=\"p1\"><a href=\"http:\/\/www.garmin.com\"><strong><img loading=\"lazy\" decoding=\"async\" class=\"size-full wp-image-4270 aligncenter\" src=\"http:\/\/larutadelasal.com\/custom\/uploads\/2019\/04\/5_Trofeo-Garmin-a-los-Vencedores-Absolutos.jpg\" alt=\"\" width=\"900\" height=\"601\" srcset=\"https:\/\/labs.100x100.net\/projects\/rutasal\/custom\/uploads\/2019\/04\/5_Trofeo-Garmin-a-los-Vencedores-Absolutos.jpg 900w, https:\/\/labs.100x100.net\/projects\/rutasal\/custom\/uploads\/2019\/04\/5_Trofeo-Garmin-a-los-Vencedores-Absolutos-300x200.jpg 300w, https:\/\/labs.100x100.net\/projects\/rutasal\/custom\/uploads\/2019\/04\/5_Trofeo-Garmin-a-los-Vencedores-Absolutos-768x513.jpg 768w\" sizes=\"(max-width: 900px) 100vw, 900px\" \/><\/strong><\/a><\/p>\n<p class=\"p1\"><a href=\"http:\/\/www.garmin.com\"><strong>Garmin<\/strong><\/a> renueva su acuerdo, un a\u00f1o m\u00e1s, con <strong>La Ruta de la Sal<\/strong> como electr\u00f3nica oficial de la regata. <a href=\"http:\/\/www.garmin.com\">Garmin<\/a> se afianza como una marca de referencia por las opciones que tiene y sus nuevos productos que lanzan al mercado.<\/p>\n<p class=\"p1\">Los ganadores recibir\u00e1n, como cada edici\u00f3n, un reloj de la gama <a href=\"http:\/\/www.garmin.com\">Garmin<\/a>, uno de los trofeos de mayor valor de La Ruta de la Sal.<\/p>\n<p><a href=\"http:\/\/www.garmin.com\"><strong>www.garmin.com<\/strong><\/a><\/p>\n","protected":false},"excerpt":{"rendered":"<p>Garmin renueva su acuerdo, un a\u00f1o m\u00e1s, con La Ruta de la Sal como electr\u00f3nica oficial de la regata. Garmin se afianza como una marca de referencia por las opciones que tiene y sus nuevos productos que lanzan al mercado. Los ganadores recibir\u00e1n, como cada edici\u00f3n, un reloj de la gama Garmin, uno de los [&hellip;]<\/p>\n","protected":false},"author":8,"featured_media":4270,"comment_status":"open","ping_status":"open","sticky":false,"template":"","format":"standard","meta":{"_acf_changed":false,"footnotes":""},"categories":[3],"tags":[],"acf":[],"yoast_head":"<!-- This site is optimized with the Yoast SEO plugin v23.0 - https:\/\/yoast.com\/wordpress\/plugins\/seo\/ -->\n<title>Garmin, renueva acuerdo | Regata La Ruta de la Sal<\/title>\n<meta name=\"robots\" content=\"noindex, follow, max-snippet:-1, max-image-preview:large, max-video-preview:-1\" \/>\n<meta property=\"og:locale\" content=\"es_ES\" \/>\n<meta property=\"og:type\" content=\"article\" \/>\n<meta property=\"og:title\" content=\"Garmin, renueva acuerdo | Regata La Ruta de la Sal\" \/>\n<meta property=\"og:description\" content=\"Garmin renueva su acuerdo, un a\u00f1o m\u00e1s, con La Ruta de la Sal como electr\u00f3nica oficial de la regata. Garmin se afianza como una marca de referencia por las opciones que tiene y sus nuevos productos que lanzan al mercado. Los ganadores recibir\u00e1n, como cada edici\u00f3n, un reloj de la gama Garmin, uno de los [&hellip;]\" \/>\n<meta property=\"og:url\" content=\"https:\/\/labs.100x100.net\/projects\/rutasal\/garmin-renueva-acuerdo\/\" \/>\n<meta property=\"og:site_name\" content=\"Regata La Ruta de la Sal\" \/>\n<meta property=\"article:publisher\" content=\"https:\/\/www.facebook.com\/rutadelasal\/\" \/>\n<meta property=\"article:published_time\" content=\"2019-12-12T12:06:24+00:00\" \/>\n<meta property=\"og:image\" content=\"https:\/\/labs.100x100.net\/projects\/rutasal\/custom\/uploads\/2019\/04\/5_Trofeo-Garmin-a-los-Vencedores-Absolutos.jpg\" \/>\n\t<meta property=\"og:image:width\" content=\"900\" \/>\n\t<meta property=\"og:image:height\" content=\"601\" \/>\n\t<meta property=\"og:image:type\" content=\"image\/jpeg\" \/>\n<meta name=\"author\" content=\"Enregata\" \/>\n<meta name=\"twitter:card\" content=\"summary_large_image\" \/>\n<meta name=\"twitter:creator\" content=\"@AnamMedi\" \/>\n<meta name=\"twitter:site\" content=\"@AnamMedi\" \/>\n<meta name=\"twitter:label1\" content=\"Escrito por\" \/>\n\t<meta name=\"twitter:data1\" content=\"Enregata\" \/>\n<script type=\"application\/ld+json\" class=\"yoast-schema-graph\">{\"@context\":\"https:\/\/schema.org\",\"@graph\":[{\"@type\":\"WebPage\",\"@id\":\"https:\/\/labs.100x100.net\/projects\/rutasal\/garmin-renueva-acuerdo\/\",\"url\":\"https:\/\/labs.100x100.net\/projects\/rutasal\/garmin-renueva-acuerdo\/\",\"name\":\"Garmin, renueva acuerdo | Regata La Ruta de la Sal\",\"isPartOf\":{\"@id\":\"https:\/\/labs.100x100.net\/projects\/rutasal\/#website\"},\"primaryImageOfPage\":{\"@id\":\"https:\/\/labs.100x100.net\/projects\/rutasal\/garmin-renueva-acuerdo\/#primaryimage\"},\"image\":{\"@id\":\"https:\/\/labs.100x100.net\/projects\/rutasal\/garmin-renueva-acuerdo\/#primaryimage\"},\"thumbnailUrl\":\"https:\/\/labs.100x100.net\/projects\/rutasal\/custom\/uploads\/2019\/04\/5_Trofeo-Garmin-a-los-Vencedores-Absolutos.jpg\",\"datePublished\":\"2019-12-12T12:06:24+00:00\",\"dateModified\":\"2019-12-12T12:06:24+00:00\",\"author\":{\"@id\":\"https:\/\/labs.100x100.net\/projects\/rutasal\/#\/schema\/person\/ab0f0359773b0a59d5eb579ec54b37e8\"},\"breadcrumb\":{\"@id\":\"https:\/\/labs.100x100.net\/projects\/rutasal\/garmin-renueva-acuerdo\/#breadcrumb\"},\"inLanguage\":\"es\",\"potentialAction\":[{\"@type\":\"ReadAction\",\"target\":[\"https:\/\/labs.100x100.net\/projects\/rutasal\/garmin-renueva-acuerdo\/\"]}]},{\"@type\":\"ImageObject\",\"inLanguage\":\"es\",\"@id\":\"https:\/\/labs.100x100.net\/projects\/rutasal\/garmin-renueva-acuerdo\/#primaryimage\",\"url\":\"https:\/\/labs.100x100.net\/projects\/rutasal\/custom\/uploads\/2019\/04\/5_Trofeo-Garmin-a-los-Vencedores-Absolutos.jpg\",\"contentUrl\":\"https:\/\/labs.100x100.net\/projects\/rutasal\/custom\/uploads\/2019\/04\/5_Trofeo-Garmin-a-los-Vencedores-Absolutos.jpg\",\"width\":900,\"height\":601},{\"@type\":\"BreadcrumbList\",\"@id\":\"https:\/\/labs.100x100.net\/projects\/rutasal\/garmin-renueva-acuerdo\/#breadcrumb\",\"itemListElement\":[{\"@type\":\"ListItem\",\"position\":1,\"name\":\"Portada\",\"item\":\"https:\/\/labs.100x100.net\/projects\/rutasal\/\"},{\"@type\":\"ListItem\",\"position\":2,\"name\":\"Garmin, renueva acuerdo\"}]},{\"@type\":\"WebSite\",\"@id\":\"https:\/\/labs.100x100.net\/projects\/rutasal\/#website\",\"url\":\"https:\/\/labs.100x100.net\/projects\/rutasal\/\",\"name\":\"Regata La Ruta de la Sal\",\"description\":\"Regata La Ruta de la Sal es una regata de Altura Mediterr\u00e1nea para barcos de crucero a vela con destino en Ibiza, que se disputa anualmente en Semana Santa.\",\"potentialAction\":[{\"@type\":\"SearchAction\",\"target\":{\"@type\":\"EntryPoint\",\"urlTemplate\":\"https:\/\/labs.100x100.net\/projects\/rutasal\/?s={search_term_string}\"},\"query-input\":\"required name=search_term_string\"}],\"inLanguage\":\"es\"},{\"@type\":\"Person\",\"@id\":\"https:\/\/labs.100x100.net\/projects\/rutasal\/#\/schema\/person\/ab0f0359773b0a59d5eb579ec54b37e8\",\"name\":\"Enregata\",\"image\":{\"@type\":\"ImageObject\",\"inLanguage\":\"es\",\"@id\":\"https:\/\/labs.100x100.net\/projects\/rutasal\/#\/schema\/person\/image\/\",\"url\":\"https:\/\/secure.gravatar.com\/avatar\/c674f392343d66e95fba904bf4162243?s=96&d=mm&r=g\",\"contentUrl\":\"https:\/\/secure.gravatar.com\/avatar\/c674f392343d66e95fba904bf4162243?s=96&d=mm&r=g\",\"caption\":\"Enregata\"}}]}<\/script>\n<!-- \/ Yoast SEO plugin. -->","yoast_head_json":{"title":"Garmin, renueva acuerdo | Regata La Ruta de la Sal","robots":{"index":"noindex","follow":"follow","max-snippet":"max-snippet:-1","max-image-preview":"max-image-preview:large","max-video-preview":"max-video-preview:-1"},"og_locale":"es_ES","og_type":"article","og_title":"Garmin, renueva acuerdo | Regata La Ruta de la Sal","og_description":"Garmin renueva su acuerdo, un a\u00f1o m\u00e1s, con La Ruta de la Sal como electr\u00f3nica oficial de la regata. Garmin se afianza como una marca de referencia por las opciones que tiene y sus nuevos productos que lanzan al mercado. Los ganadores recibir\u00e1n, como cada edici\u00f3n, un reloj de la gama Garmin, uno de los [&hellip;]","og_url":"https:\/\/labs.100x100.net\/projects\/rutasal\/garmin-renueva-acuerdo\/","og_site_name":"Regata La Ruta de la Sal","article_publisher":"https:\/\/www.facebook.com\/rutadelasal\/","article_published_time":"2019-12-12T12:06:24+00:00","og_image":[{"width":900,"height":601,"url":"https:\/\/labs.100x100.net\/projects\/rutasal\/custom\/uploads\/2019\/04\/5_Trofeo-Garmin-a-los-Vencedores-Absolutos.jpg","type":"image\/jpeg"}],"author":"Enregata","twitter_card":"summary_large_image","twitter_creator":"@AnamMedi","twitter_site":"@AnamMedi","twitter_misc":{"Escrito por":"Enregata"},"schema":{"@context":"https:\/\/schema.org","@graph":[{"@type":"WebPage","@id":"https:\/\/labs.100x100.net\/projects\/rutasal\/garmin-renueva-acuerdo\/","url":"https:\/\/labs.100x100.net\/projects\/rutasal\/garmin-renueva-acuerdo\/","name":"Garmin, renueva acuerdo | Regata La Ruta de la Sal","isPartOf":{"@id":"https:\/\/labs.100x100.net\/projects\/rutasal\/#website"},"primaryImageOfPage":{"@id":"https:\/\/labs.100x100.net\/projects\/rutasal\/garmin-renueva-acuerdo\/#primaryimage"},"image":{"@id":"https:\/\/labs.100x100.net\/projects\/rutasal\/garmin-renueva-acuerdo\/#primaryimage"},"thumbnailUrl":"https:\/\/labs.100x100.net\/projects\/rutasal\/custom\/uploads\/2019\/04\/5_Trofeo-Garmin-a-los-Vencedores-Absolutos.jpg","datePublished":"2019-12-12T12:06:24+00:00","dateModified":"2019-12-12T12:06:24+00:00","author":{"@id":"https:\/\/labs.100x100.net\/projects\/rutasal\/#\/schema\/person\/ab0f0359773b0a59d5eb579ec54b37e8"},"breadcrumb":{"@id":"https:\/\/labs.100x100.net\/projects\/rutasal\/garmin-renueva-acuerdo\/#breadcrumb"},"inLanguage":"es","potentialAction":[{"@type":"ReadAction","target":["https:\/\/labs.100x100.net\/projects\/rutasal\/garmin-renueva-acuerdo\/"]}]},{"@type":"ImageObject","inLanguage":"es","@id":"https:\/\/labs.100x100.net\/projects\/rutasal\/garmin-renueva-acuerdo\/#primaryimage","url":"https:\/\/labs.100x100.net\/projects\/rutasal\/custom\/uploads\/2019\/04\/5_Trofeo-Garmin-a-los-Vencedores-Absolutos.jpg","contentUrl":"https:\/\/labs.100x100.net\/projects\/rutasal\/custom\/uploads\/2019\/04\/5_Trofeo-Garmin-a-los-Vencedores-Absolutos.jpg","width":900,"height":601},{"@type":"BreadcrumbList","@id":"https:\/\/labs.100x100.net\/projects\/rutasal\/garmin-renueva-acuerdo\/#breadcrumb","itemListElement":[{"@type":"ListItem","position":1,"name":"Portada","item":"https:\/\/labs.100x100.net\/projects\/rutasal\/"},{"@type":"ListItem","position":2,"name":"Garmin, renueva acuerdo"}]},{"@type":"WebSite","@id":"https:\/\/labs.100x100.net\/projects\/rutasal\/#website","url":"https:\/\/labs.100x100.net\/projects\/rutasal\/","name":"Regata La Ruta de la Sal","description":"Regata La Ruta de la Sal es una regata de Altura Mediterr\u00e1nea para barcos de crucero a vela con destino en Ibiza, que se disputa anualmente en Semana Santa.","potentialAction":[{"@type":"SearchAction","target":{"@type":"EntryPoint","urlTemplate":"https:\/\/labs.100x100.net\/projects\/rutasal\/?s={search_term_string}"},"query-input":"required name=search_term_string"}],"inLanguage":"es"},{"@type":"Person","@id":"https:\/\/labs.100x100.net\/projects\/rutasal\/#\/schema\/person\/ab0f0359773b0a59d5eb579ec54b37e8","name":"Enregata","image":{"@type":"ImageObject","inLanguage":"es","@id":"https:\/\/labs.100x100.net\/projects\/rutasal\/#\/schema\/person\/image\/","url":"https:\/\/secure.gravatar.com\/avatar\/c674f392343d66e95fba904bf4162243?s=96&d=mm&r=g","contentUrl":"https:\/\/secure.gravatar.com\/avatar\/c674f392343d66e95fba904bf4162243?s=96&d=mm&r=g","caption":"Enregata"}}]}},"_links":{"self":[{"href":"https:\/\/labs.100x100.net\/projects\/rutasal\/wp-json\/wp\/v2\/posts\/4506"}],"collection":[{"href":"https:\/\/labs.100x100.net\/projects\/rutasal\/wp-json\/wp\/v2\/posts"}],"about":[{"href":"https:\/\/labs.100x100.net\/projects\/rutasal\/wp-json\/wp\/v2\/types\/post"}],"author":[{"embeddable":true,"href":"https:\/\/labs.100x100.net\/projects\/rutasal\/wp-json\/wp\/v2\/users\/8"}],"replies":[{"embeddable":true,"href":"https:\/\/labs.100x100.net\/projects\/rutasal\/wp-json\/wp\/v2\/comments?post=4506"}],"version-history":[{"count":6,"href":"https:\/\/labs.100x100.net\/projects\/rutasal\/wp-json\/wp\/v2\/posts\/4506\/revisions"}],"predecessor-version":[{"id":4513,"href":"https:\/\/labs.100x100.net\/projects\/rutasal\/wp-json\/wp\/v2\/posts\/4506\/revisions\/4513"}],"wp:featuredmedia":[{"embeddable":true,"href":"https:\/\/labs.100x100.net\/projects\/rutasal\/wp-json\/wp\/v2\/media\/4270"}],"wp:attachment":[{"href":"https:\/\/labs.100x100.net\/projects\/rutasal\/wp-json\/wp\/v2\/media?parent=4506"}],"wp:term":[{"taxonomy":"category","embeddable":true,"href":"https:\/\/labs.100x100.net\/projects\/rutasal\/wp-json\/wp\/v2\/categories?post=4506"},{"taxonomy":"post_tag","embeddable":true,"href":"https:\/\/labs.100x100.net\/projects\/rutasal\/wp-json\/wp\/v2\/tags?post=4506"}],"curies":[{"name":"wp","href":"https:\/\/api.w.org\/{rel}","templated":true}]}}