{"id":4469,"date":"2019-12-02T12:55:41","date_gmt":"2019-12-02T10:55:41","guid":{"rendered":"https:\/\/larutadelasal.com\/?p=4469"},"modified":"2019-12-19T14:09:37","modified_gmt":"2019-12-19T12:09:37","slug":"la-ruta-de-la-sal-evento-deportivo-de-interes-turistico-en-ibiza-2020","status":"publish","type":"post","link":"https:\/\/labs.100x100.net\/projects\/rutasal\/la-ruta-de-la-sal-evento-deportivo-de-interes-turistico-en-ibiza-2020\/","title":{"rendered":"LA RUTA DE LA SAL EVENTO DEPORTIVO DE INTER\u00c9S TUR\u00cdSTICO EN IBIZA 2020"},"content":{"rendered":"<p><img loading=\"lazy\" decoding=\"async\" class=\"aligncenter size-full wp-image-4470\" src=\"http:\/\/larutadelasal.com\/custom\/uploads\/2019\/12\/77238861_10157748653351740_7324326605973618688_o.jpg\" alt=\"\" width=\"1620\" height=\"1080\" srcset=\"https:\/\/labs.100x100.net\/projects\/rutasal\/custom\/uploads\/2019\/12\/77238861_10157748653351740_7324326605973618688_o.jpg 1620w, https:\/\/labs.100x100.net\/projects\/rutasal\/custom\/uploads\/2019\/12\/77238861_10157748653351740_7324326605973618688_o-300x200.jpg 300w, https:\/\/labs.100x100.net\/projects\/rutasal\/custom\/uploads\/2019\/12\/77238861_10157748653351740_7324326605973618688_o-768x512.jpg 768w, https:\/\/labs.100x100.net\/projects\/rutasal\/custom\/uploads\/2019\/12\/77238861_10157748653351740_7324326605973618688_o-1024x683.jpg 1024w\" sizes=\"(max-width: 1620px) 100vw, 1620px\" \/><\/p>\n<p>Este fin de semana se ha celebrado la presentaci\u00f3n en Valencia, presidida por Salvador Losa, Conseller d&#8217;Esports del Consell d&#8217;Eivissa, del calendario de grandes eventos deportivos para 2020 en Ibiza: La isla de referencia para los amantes del turismo deportivo, con competiciones de primer nivel, figuras internacionales en las pruebas y paisajes \u00fanicos en el mundo como escenario.<br \/>\n<a class=\"profileLink\" href=\"http:\/\/ibiza.travel\/\" data-hovercard=\"\/ajax\/hovercard\/page.php?id=342512381739&amp;extragetparams=%7B%22__tn__%22%3A%22%2CdK-R-R-R%22%2C%22eid%22%3A%22ARCseOc8r3783_RIDzIcoefA1lU-8NhG_QlrIYwerVAiIa2CPcuYhWU_hCMTHV0bg3CfBmdY1f7QMcED%22%2C%22fref%22%3A%22mentions%22%7D&amp;av=125989500790073&amp;eav=Afak9CxsIYPREKg1VvUFTZYw4cYoIFhYbIhVa1_pu0sV0nwJTiSDD-80yu95GBChSGk\" data-hovercard-prefer-more-content-show=\"1\">Ibiza.travel<\/a>\u00a0<a class=\"profileLink\" href=\"http:\/\/www.santantoni.net\/portalSanAntoni\/p_1_principal1.jsp?codResi=1\" data-hovercard=\"\/ajax\/hovercard\/page.php?id=1594911540756613&amp;extragetparams=%7B%22__tn__%22%3A%22%2CdK-R-R-R%22%2C%22eid%22%3A%22ARC2U5F2cqTSBF0cRN6QxgNlzVBRICVixbbCaXa1jfVCGqfWbwJFEvIXOhlRNaprhkbQb-oFui9rP7jS%22%2C%22fref%22%3A%22mentions%22%7D&amp;av=125989500790073&amp;eav=AfY_Nd86VpDc-Gvl9V_4TaT9WF-pytHt36O5GKZP71RDqiKUwWr8HQr_6FRAV3U6fdM\" data-hovercard-prefer-more-content-show=\"1\">Ajuntament de Sant Antoni de Portmany<\/a>\u00a0<a class=\"profileLink\" href=\"http:\/\/www.conselldeivissa.es\/portal\/p_1_principal1.jsp?codResi=1&amp;language=ca\" data-hovercard=\"\/ajax\/hovercard\/page.php?id=153060851384533&amp;extragetparams=%7B%22__tn__%22%3A%22%2CdK-R-R-R%22%2C%22eid%22%3A%22ARAVergCYW9PciHog5J3xIiIxYBElCcN7MmwLpr7ptqVkqxT_WcroTV1H9JxnHbmRKxSY1XdHatwsMx2%22%2C%22fref%22%3A%22mentions%22%7D&amp;av=125989500790073&amp;eav=AfbSQ1EQHJt7muIx24bbCocqml2Bps4EJTREUMaBL9Q2wJUwW8_BSnITc7JyzZ2jCRQ\" data-hovercard-prefer-more-content-show=\"1\">Consell d&#8217;Eivissa<\/a>\u00a0<a class=\"_58cn\" href=\"https:\/\/www.facebook.com\/hashtag\/feeltheexperience?source=feed_text&amp;epa=HASHTAG&amp;__xts__%5B0%5D=68.ARB4h5_4LyQnofuk_28pybC56vtBFGYL7OlK2iefz4Jgp5OlsvMwlsF_eH-SLex-8LYD_bYgFVt6X237Ce__d19D4s7TOKHB24aaJp1xCXJ2JxNYVD_q66Ahg3OxWyCoeblK4Uya7ydLQW3SK7uAYepLz5JErsKY9dqGl3-bVALsJyzA7P4GvHMC1RiWReulcKWqRRjT3O90DZ8ojXZXNxAAIq2MB0AiDI4P06vnZQOpNF7JsZJZDyOpNKHertEz1RQ1muZXKxvNVnXqKOH0laLvo1mvksUGuLGIjtUEB35NUDNnCUy7C2ashh4zDZ8ua-9B&amp;__tn__=%2ANK-R-R\" data-ft=\"{&quot;type&quot;:104,&quot;tn&quot;:&quot;*N&quot;}\"><span class=\"_5afx\"><span class=\"_58cl _5afz\" aria-label=\"hashtag\">#<\/span><span class=\"_58cm\">Feeltheexperience<\/span><\/span><\/a><\/p>\n<p><img loading=\"lazy\" decoding=\"async\" class=\"aligncenter size-full wp-image-4471\" src=\"http:\/\/larutadelasal.com\/custom\/uploads\/2019\/12\/77247343_10157748653301740_3667275125817868288_o.jpg\" alt=\"\" width=\"1620\" height=\"1080\" srcset=\"https:\/\/labs.100x100.net\/projects\/rutasal\/custom\/uploads\/2019\/12\/77247343_10157748653301740_3667275125817868288_o.jpg 1620w, https:\/\/labs.100x100.net\/projects\/rutasal\/custom\/uploads\/2019\/12\/77247343_10157748653301740_3667275125817868288_o-300x200.jpg 300w, https:\/\/labs.100x100.net\/projects\/rutasal\/custom\/uploads\/2019\/12\/77247343_10157748653301740_3667275125817868288_o-768x512.jpg 768w, https:\/\/labs.100x100.net\/projects\/rutasal\/custom\/uploads\/2019\/12\/77247343_10157748653301740_3667275125817868288_o-1024x683.jpg 1024w\" sizes=\"(max-width: 1620px) 100vw, 1620px\" \/><\/p>\n","protected":false},"excerpt":{"rendered":"<p>Este fin de semana se ha celebrado la presentaci\u00f3n en Valencia, presidida por Salvador Losa, Conseller d&#8217;Esports del Consell d&#8217;Eivissa, del calendario de grandes eventos deportivos para 2020 en Ibiza: La isla de referencia para los amantes del turismo deportivo, con competiciones de primer nivel, figuras internacionales en las pruebas y paisajes \u00fanicos en el [&hellip;]<\/p>\n","protected":false},"author":8,"featured_media":4471,"comment_status":"open","ping_status":"open","sticky":false,"template":"","format":"standard","meta":{"_acf_changed":false,"footnotes":""},"categories":[3,1],"tags":[],"acf":[],"yoast_head":"<!-- This site is optimized with the Yoast SEO plugin v23.0 - https:\/\/yoast.com\/wordpress\/plugins\/seo\/ -->\n<title>LA RUTA DE LA SAL EVENTO DEPORTIVO DE INTER\u00c9S TUR\u00cdSTICO EN IBIZA 2020 | Regata La Ruta de la Sal<\/title>\n<meta name=\"robots\" content=\"noindex, follow, max-snippet:-1, max-image-preview:large, max-video-preview:-1\" \/>\n<meta property=\"og:locale\" content=\"es_ES\" \/>\n<meta property=\"og:type\" content=\"article\" \/>\n<meta property=\"og:title\" content=\"LA RUTA DE LA SAL EVENTO DEPORTIVO DE INTER\u00c9S TUR\u00cdSTICO EN IBIZA 2020 | Regata La Ruta de la Sal\" \/>\n<meta property=\"og:description\" content=\"Este fin de semana se ha celebrado la presentaci\u00f3n en Valencia, presidida por Salvador Losa, Conseller d&#8217;Esports del Consell d&#8217;Eivissa, del calendario de grandes eventos deportivos para 2020 en Ibiza: La isla de referencia para los amantes del turismo deportivo, con competiciones de primer nivel, figuras internacionales en las pruebas y paisajes \u00fanicos en el [&hellip;]\" \/>\n<meta property=\"og:url\" content=\"https:\/\/labs.100x100.net\/projects\/rutasal\/la-ruta-de-la-sal-evento-deportivo-de-interes-turistico-en-ibiza-2020\/\" \/>\n<meta property=\"og:site_name\" content=\"Regata La Ruta de la Sal\" \/>\n<meta property=\"article:publisher\" content=\"https:\/\/www.facebook.com\/rutadelasal\/\" \/>\n<meta property=\"article:published_time\" content=\"2019-12-02T10:55:41+00:00\" \/>\n<meta property=\"article:modified_time\" content=\"2019-12-19T12:09:37+00:00\" \/>\n<meta property=\"og:image\" content=\"https:\/\/labs.100x100.net\/projects\/rutasal\/custom\/uploads\/2019\/12\/77247343_10157748653301740_3667275125817868288_o.jpg\" \/>\n\t<meta property=\"og:image:width\" content=\"1620\" \/>\n\t<meta property=\"og:image:height\" content=\"1080\" \/>\n\t<meta property=\"og:image:type\" content=\"image\/jpeg\" \/>\n<meta name=\"author\" content=\"Enregata\" \/>\n<meta name=\"twitter:card\" content=\"summary_large_image\" \/>\n<meta name=\"twitter:creator\" content=\"@AnamMedi\" \/>\n<meta name=\"twitter:site\" content=\"@AnamMedi\" \/>\n<meta name=\"twitter:label1\" content=\"Escrito por\" \/>\n\t<meta name=\"twitter:data1\" content=\"Enregata\" \/>\n<script type=\"application\/ld+json\" class=\"yoast-schema-graph\">{\"@context\":\"https:\/\/schema.org\",\"@graph\":[{\"@type\":\"WebPage\",\"@id\":\"https:\/\/labs.100x100.net\/projects\/rutasal\/la-ruta-de-la-sal-evento-deportivo-de-interes-turistico-en-ibiza-2020\/\",\"url\":\"https:\/\/labs.100x100.net\/projects\/rutasal\/la-ruta-de-la-sal-evento-deportivo-de-interes-turistico-en-ibiza-2020\/\",\"name\":\"LA RUTA DE LA SAL EVENTO DEPORTIVO DE INTER\u00c9S TUR\u00cdSTICO EN IBIZA 2020 | Regata La Ruta de la Sal\",\"isPartOf\":{\"@id\":\"https:\/\/labs.100x100.net\/projects\/rutasal\/#website\"},\"primaryImageOfPage\":{\"@id\":\"https:\/\/labs.100x100.net\/projects\/rutasal\/la-ruta-de-la-sal-evento-deportivo-de-interes-turistico-en-ibiza-2020\/#primaryimage\"},\"image\":{\"@id\":\"https:\/\/labs.100x100.net\/projects\/rutasal\/la-ruta-de-la-sal-evento-deportivo-de-interes-turistico-en-ibiza-2020\/#primaryimage\"},\"thumbnailUrl\":\"https:\/\/labs.100x100.net\/projects\/rutasal\/custom\/uploads\/2019\/12\/77247343_10157748653301740_3667275125817868288_o.jpg\",\"datePublished\":\"2019-12-02T10:55:41+00:00\",\"dateModified\":\"2019-12-19T12:09:37+00:00\",\"author\":{\"@id\":\"https:\/\/labs.100x100.net\/projects\/rutasal\/#\/schema\/person\/ab0f0359773b0a59d5eb579ec54b37e8\"},\"breadcrumb\":{\"@id\":\"https:\/\/labs.100x100.net\/projects\/rutasal\/la-ruta-de-la-sal-evento-deportivo-de-interes-turistico-en-ibiza-2020\/#breadcrumb\"},\"inLanguage\":\"es\",\"potentialAction\":[{\"@type\":\"ReadAction\",\"target\":[\"https:\/\/labs.100x100.net\/projects\/rutasal\/la-ruta-de-la-sal-evento-deportivo-de-interes-turistico-en-ibiza-2020\/\"]}]},{\"@type\":\"ImageObject\",\"inLanguage\":\"es\",\"@id\":\"https:\/\/labs.100x100.net\/projects\/rutasal\/la-ruta-de-la-sal-evento-deportivo-de-interes-turistico-en-ibiza-2020\/#primaryimage\",\"url\":\"https:\/\/labs.100x100.net\/projects\/rutasal\/custom\/uploads\/2019\/12\/77247343_10157748653301740_3667275125817868288_o.jpg\",\"contentUrl\":\"https:\/\/labs.100x100.net\/projects\/rutasal\/custom\/uploads\/2019\/12\/77247343_10157748653301740_3667275125817868288_o.jpg\",\"width\":1620,\"height\":1080},{\"@type\":\"BreadcrumbList\",\"@id\":\"https:\/\/labs.100x100.net\/projects\/rutasal\/la-ruta-de-la-sal-evento-deportivo-de-interes-turistico-en-ibiza-2020\/#breadcrumb\",\"itemListElement\":[{\"@type\":\"ListItem\",\"position\":1,\"name\":\"Portada\",\"item\":\"https:\/\/labs.100x100.net\/projects\/rutasal\/\"},{\"@type\":\"ListItem\",\"position\":2,\"name\":\"LA RUTA DE LA SAL EVENTO DEPORTIVO DE INTER\u00c9S TUR\u00cdSTICO EN IBIZA 2020\"}]},{\"@type\":\"WebSite\",\"@id\":\"https:\/\/labs.100x100.net\/projects\/rutasal\/#website\",\"url\":\"https:\/\/labs.100x100.net\/projects\/rutasal\/\",\"name\":\"Regata La Ruta de la Sal\",\"description\":\"Regata La Ruta de la Sal es una regata de Altura Mediterr\u00e1nea para barcos de crucero a vela con destino en Ibiza, que se disputa anualmente en Semana Santa.\",\"potentialAction\":[{\"@type\":\"SearchAction\",\"target\":{\"@type\":\"EntryPoint\",\"urlTemplate\":\"https:\/\/labs.100x100.net\/projects\/rutasal\/?s={search_term_string}\"},\"query-input\":\"required name=search_term_string\"}],\"inLanguage\":\"es\"},{\"@type\":\"Person\",\"@id\":\"https:\/\/labs.100x100.net\/projects\/rutasal\/#\/schema\/person\/ab0f0359773b0a59d5eb579ec54b37e8\",\"name\":\"Enregata\",\"image\":{\"@type\":\"ImageObject\",\"inLanguage\":\"es\",\"@id\":\"https:\/\/labs.100x100.net\/projects\/rutasal\/#\/schema\/person\/image\/\",\"url\":\"https:\/\/secure.gravatar.com\/avatar\/c674f392343d66e95fba904bf4162243?s=96&d=mm&r=g\",\"contentUrl\":\"https:\/\/secure.gravatar.com\/avatar\/c674f392343d66e95fba904bf4162243?s=96&d=mm&r=g\",\"caption\":\"Enregata\"}}]}<\/script>\n<!-- \/ Yoast SEO plugin. -->","yoast_head_json":{"title":"LA RUTA DE LA SAL EVENTO DEPORTIVO DE INTER\u00c9S TUR\u00cdSTICO EN IBIZA 2020 | Regata La Ruta de la Sal","robots":{"index":"noindex","follow":"follow","max-snippet":"max-snippet:-1","max-image-preview":"max-image-preview:large","max-video-preview":"max-video-preview:-1"},"og_locale":"es_ES","og_type":"article","og_title":"LA RUTA DE LA SAL EVENTO DEPORTIVO DE INTER\u00c9S TUR\u00cdSTICO EN IBIZA 2020 | Regata La Ruta de la Sal","og_description":"Este fin de semana se ha celebrado la presentaci\u00f3n en Valencia, presidida por Salvador Losa, Conseller d&#8217;Esports del Consell d&#8217;Eivissa, del calendario de grandes eventos deportivos para 2020 en Ibiza: La isla de referencia para los amantes del turismo deportivo, con competiciones de primer nivel, figuras internacionales en las pruebas y paisajes \u00fanicos en el [&hellip;]","og_url":"https:\/\/labs.100x100.net\/projects\/rutasal\/la-ruta-de-la-sal-evento-deportivo-de-interes-turistico-en-ibiza-2020\/","og_site_name":"Regata La Ruta de la Sal","article_publisher":"https:\/\/www.facebook.com\/rutadelasal\/","article_published_time":"2019-12-02T10:55:41+00:00","article_modified_time":"2019-12-19T12:09:37+00:00","og_image":[{"width":1620,"height":1080,"url":"https:\/\/labs.100x100.net\/projects\/rutasal\/custom\/uploads\/2019\/12\/77247343_10157748653301740_3667275125817868288_o.jpg","type":"image\/jpeg"}],"author":"Enregata","twitter_card":"summary_large_image","twitter_creator":"@AnamMedi","twitter_site":"@AnamMedi","twitter_misc":{"Escrito por":"Enregata"},"schema":{"@context":"https:\/\/schema.org","@graph":[{"@type":"WebPage","@id":"https:\/\/labs.100x100.net\/projects\/rutasal\/la-ruta-de-la-sal-evento-deportivo-de-interes-turistico-en-ibiza-2020\/","url":"https:\/\/labs.100x100.net\/projects\/rutasal\/la-ruta-de-la-sal-evento-deportivo-de-interes-turistico-en-ibiza-2020\/","name":"LA RUTA DE LA SAL EVENTO DEPORTIVO DE INTER\u00c9S TUR\u00cdSTICO EN IBIZA 2020 | Regata La Ruta de la Sal","isPartOf":{"@id":"https:\/\/labs.100x100.net\/projects\/rutasal\/#website"},"primaryImageOfPage":{"@id":"https:\/\/labs.100x100.net\/projects\/rutasal\/la-ruta-de-la-sal-evento-deportivo-de-interes-turistico-en-ibiza-2020\/#primaryimage"},"image":{"@id":"https:\/\/labs.100x100.net\/projects\/rutasal\/la-ruta-de-la-sal-evento-deportivo-de-interes-turistico-en-ibiza-2020\/#primaryimage"},"thumbnailUrl":"https:\/\/labs.100x100.net\/projects\/rutasal\/custom\/uploads\/2019\/12\/77247343_10157748653301740_3667275125817868288_o.jpg","datePublished":"2019-12-02T10:55:41+00:00","dateModified":"2019-12-19T12:09:37+00:00","author":{"@id":"https:\/\/labs.100x100.net\/projects\/rutasal\/#\/schema\/person\/ab0f0359773b0a59d5eb579ec54b37e8"},"breadcrumb":{"@id":"https:\/\/labs.100x100.net\/projects\/rutasal\/la-ruta-de-la-sal-evento-deportivo-de-interes-turistico-en-ibiza-2020\/#breadcrumb"},"inLanguage":"es","potentialAction":[{"@type":"ReadAction","target":["https:\/\/labs.100x100.net\/projects\/rutasal\/la-ruta-de-la-sal-evento-deportivo-de-interes-turistico-en-ibiza-2020\/"]}]},{"@type":"ImageObject","inLanguage":"es","@id":"https:\/\/labs.100x100.net\/projects\/rutasal\/la-ruta-de-la-sal-evento-deportivo-de-interes-turistico-en-ibiza-2020\/#primaryimage","url":"https:\/\/labs.100x100.net\/projects\/rutasal\/custom\/uploads\/2019\/12\/77247343_10157748653301740_3667275125817868288_o.jpg","contentUrl":"https:\/\/labs.100x100.net\/projects\/rutasal\/custom\/uploads\/2019\/12\/77247343_10157748653301740_3667275125817868288_o.jpg","width":1620,"height":1080},{"@type":"BreadcrumbList","@id":"https:\/\/labs.100x100.net\/projects\/rutasal\/la-ruta-de-la-sal-evento-deportivo-de-interes-turistico-en-ibiza-2020\/#breadcrumb","itemListElement":[{"@type":"ListItem","position":1,"name":"Portada","item":"https:\/\/labs.100x100.net\/projects\/rutasal\/"},{"@type":"ListItem","position":2,"name":"LA RUTA DE LA SAL EVENTO DEPORTIVO DE INTER\u00c9S TUR\u00cdSTICO EN IBIZA 2020"}]},{"@type":"WebSite","@id":"https:\/\/labs.100x100.net\/projects\/rutasal\/#website","url":"https:\/\/labs.100x100.net\/projects\/rutasal\/","name":"Regata La Ruta de la Sal","description":"Regata La Ruta de la Sal es una regata de Altura Mediterr\u00e1nea para barcos de crucero a vela con destino en Ibiza, que se disputa anualmente en Semana Santa.","potentialAction":[{"@type":"SearchAction","target":{"@type":"EntryPoint","urlTemplate":"https:\/\/labs.100x100.net\/projects\/rutasal\/?s={search_term_string}"},"query-input":"required name=search_term_string"}],"inLanguage":"es"},{"@type":"Person","@id":"https:\/\/labs.100x100.net\/projects\/rutasal\/#\/schema\/person\/ab0f0359773b0a59d5eb579ec54b37e8","name":"Enregata","image":{"@type":"ImageObject","inLanguage":"es","@id":"https:\/\/labs.100x100.net\/projects\/rutasal\/#\/schema\/person\/image\/","url":"https:\/\/secure.gravatar.com\/avatar\/c674f392343d66e95fba904bf4162243?s=96&d=mm&r=g","contentUrl":"https:\/\/secure.gravatar.com\/avatar\/c674f392343d66e95fba904bf4162243?s=96&d=mm&r=g","caption":"Enregata"}}]}},"_links":{"self":[{"href":"https:\/\/labs.100x100.net\/projects\/rutasal\/wp-json\/wp\/v2\/posts\/4469"}],"collection":[{"href":"https:\/\/labs.100x100.net\/projects\/rutasal\/wp-json\/wp\/v2\/posts"}],"about":[{"href":"https:\/\/labs.100x100.net\/projects\/rutasal\/wp-json\/wp\/v2\/types\/post"}],"author":[{"embeddable":true,"href":"https:\/\/labs.100x100.net\/projects\/rutasal\/wp-json\/wp\/v2\/users\/8"}],"replies":[{"embeddable":true,"href":"https:\/\/labs.100x100.net\/projects\/rutasal\/wp-json\/wp\/v2\/comments?post=4469"}],"version-history":[{"count":2,"href":"https:\/\/labs.100x100.net\/projects\/rutasal\/wp-json\/wp\/v2\/posts\/4469\/revisions"}],"predecessor-version":[{"id":4473,"href":"https:\/\/labs.100x100.net\/projects\/rutasal\/wp-json\/wp\/v2\/posts\/4469\/revisions\/4473"}],"wp:featuredmedia":[{"embeddable":true,"href":"https:\/\/labs.100x100.net\/projects\/rutasal\/wp-json\/wp\/v2\/media\/4471"}],"wp:attachment":[{"href":"https:\/\/labs.100x100.net\/projects\/rutasal\/wp-json\/wp\/v2\/media?parent=4469"}],"wp:term":[{"taxonomy":"category","embeddable":true,"href":"https:\/\/labs.100x100.net\/projects\/rutasal\/wp-json\/wp\/v2\/categories?post=4469"},{"taxonomy":"post_tag","embeddable":true,"href":"https:\/\/labs.100x100.net\/projects\/rutasal\/wp-json\/wp\/v2\/tags?post=4469"}],"curies":[{"name":"wp","href":"https:\/\/api.w.org\/{rel}","templated":true}]}}