{"id":4436,"date":"2019-10-15T16:45:19","date_gmt":"2019-10-15T14:45:19","guid":{"rendered":"https:\/\/larutadelasal.com\/?p=4436"},"modified":"2019-12-19T14:09:49","modified_gmt":"2019-12-19T12:09:49","slug":"presentada-la-33-edicion-de-la-ruta-de-la-sal-en-el-salon-nautico-internacional-de-barcelona","status":"publish","type":"post","link":"https:\/\/labs.100x100.net\/projects\/rutasal\/presentada-la-33-edicion-de-la-ruta-de-la-sal-en-el-salon-nautico-internacional-de-barcelona\/","title":{"rendered":"PRESENTADA LA 33 EDICI\u00d3N DE LA RUTA DE LA SAL EN EL SAL\u00d3N NAUTICO INTERNACIONAL DE BARCELONA"},"content":{"rendered":"<p style=\"font-weight: 400;\"><img loading=\"lazy\" decoding=\"async\" class=\"aligncenter size-full wp-image-4437\" src=\"http:\/\/larutadelasal.com\/custom\/uploads\/2019\/10\/AFB6946.jpg\" alt=\"\" width=\"1000\" height=\"662\" srcset=\"https:\/\/labs.100x100.net\/projects\/rutasal\/custom\/uploads\/2019\/10\/AFB6946.jpg 1000w, https:\/\/labs.100x100.net\/projects\/rutasal\/custom\/uploads\/2019\/10\/AFB6946-300x199.jpg 300w, https:\/\/labs.100x100.net\/projects\/rutasal\/custom\/uploads\/2019\/10\/AFB6946-768x508.jpg 768w\" sizes=\"(max-width: 1000px) 100vw, 1000px\" \/><\/p>\n<ul>\n<li style=\"font-weight: 400;\"><em>La isla de Ibiza reunir\u00e1 en Sant Antoni de Portmany a 200 embarcaciones de crucero y unos 1.500 regatistas en la pr\u00f3xima Semana Santa<\/em><\/li>\n<li style=\"font-weight: 400;\"><em>Las salidas se realizar\u00e1n el 9 de abril desde Port Ginesta (Barcelona), RCN Denia (Alicante) y el CV Andratx (Mallorca) con llegada a Sant Antony Portmany en la isla de Ibiza<\/em><\/li>\n<li><em>Todas las fotos en: <a href=\"https:\/\/flic.kr\/s\/aHsmHHizXt\">https:\/\/flic.kr\/s\/aHsmHHizXt<\/a><\/em><\/li>\n<\/ul>\n<p style=\"font-weight: 400;\"><strong>Barcelona, 10 de octubre, 2019.-\u00a0<\/strong>Esta tarde se ha presentado la 33\u00aa edici\u00f3n de la Ruta de la Sal dentro del Sal\u00f3n N\u00e1utico Internacional de Barcelona, acto que estuvo presidido por , Marcos Serra, alcalde de St. Antoni de Portmany y donde el presidente del Sal\u00f3n N\u00e1utico Internacional de Barcelona, Luis Conde, dio la bienvenida a los asistentes.<\/p>\n<p><img loading=\"lazy\" decoding=\"async\" class=\"size-medium wp-image-4438 alignleft\" src=\"http:\/\/larutadelasal.com\/custom\/uploads\/2019\/10\/AFB6974-300x199.jpg\" alt=\"\" width=\"300\" height=\"199\" srcset=\"https:\/\/labs.100x100.net\/projects\/rutasal\/custom\/uploads\/2019\/10\/AFB6974-300x199.jpg 300w, https:\/\/labs.100x100.net\/projects\/rutasal\/custom\/uploads\/2019\/10\/AFB6974-768x508.jpg 768w, https:\/\/labs.100x100.net\/projects\/rutasal\/custom\/uploads\/2019\/10\/AFB6974.jpg 1000w\" sizes=\"(max-width: 300px) 100vw, 300px\" \/><img loading=\"lazy\" decoding=\"async\" class=\"size-medium wp-image-4439 alignleft\" src=\"http:\/\/larutadelasal.com\/custom\/uploads\/2019\/10\/AFB7079-300x199.jpg\" alt=\"\" width=\"300\" height=\"199\" srcset=\"https:\/\/labs.100x100.net\/projects\/rutasal\/custom\/uploads\/2019\/10\/AFB7079-300x199.jpg 300w, https:\/\/labs.100x100.net\/projects\/rutasal\/custom\/uploads\/2019\/10\/AFB7079-768x508.jpg 768w, https:\/\/labs.100x100.net\/projects\/rutasal\/custom\/uploads\/2019\/10\/AFB7079.jpg 1000w\" sizes=\"(max-width: 300px) 100vw, 300px\" \/><\/p>\n<p style=\"font-weight: 400;\">El evento reuni\u00f3 a los navegantes y aficionados de esta regata a mar abierto donde participa un gran n\u00famero de tripulaciones y skippers, tanto espa\u00f1oles como extranjeros en una de las concentraciones n\u00e1uticas m\u00e1s importantes del Mediterr\u00e1neo.<\/p>\n<p style=\"font-weight: 400;\">En la presentaci\u00f3n de la regata estuvieron presentes, a parte del Alcalde de St. Antoni de Portmany, Marcos Serra, el Regidor de Turisme de l&#8217;Ajuntament de Sant Antoni de Portmany, Miquel Tur, la Presidente de la Real Federaci\u00f3n Espa\u00f1ola de Vela, Julia Casanueva, el President de la Federaci\u00f3 Catalana de Vela, Xavier Torres, la Jefa de Salvamento Mar\u00edtimo de Barcelona, Eulalia Pujol Valls, el comodoro del CN Sant Antoni de Portmany, Xavier Planas, el Presidente de la RANC, August Vallv\u00e9, Isabel Subirats y el\u00a0 Director de la Regata Enrique Curt.<\/p>\n<p><img loading=\"lazy\" decoding=\"async\" class=\"size-medium wp-image-4442 alignleft\" src=\"http:\/\/larutadelasal.com\/custom\/uploads\/2019\/10\/AFB7059-300x199.jpg\" alt=\"\" width=\"300\" height=\"199\" srcset=\"https:\/\/labs.100x100.net\/projects\/rutasal\/custom\/uploads\/2019\/10\/AFB7059-300x199.jpg 300w, https:\/\/labs.100x100.net\/projects\/rutasal\/custom\/uploads\/2019\/10\/AFB7059-768x508.jpg 768w, https:\/\/labs.100x100.net\/projects\/rutasal\/custom\/uploads\/2019\/10\/AFB7059.jpg 1000w\" sizes=\"(max-width: 300px) 100vw, 300px\" \/><\/p>\n<p><img loading=\"lazy\" decoding=\"async\" class=\"size-medium wp-image-4441 alignleft\" src=\"http:\/\/larutadelasal.com\/custom\/uploads\/2019\/10\/AFB7043-300x199.jpg\" alt=\"\" width=\"300\" height=\"199\" srcset=\"https:\/\/labs.100x100.net\/projects\/rutasal\/custom\/uploads\/2019\/10\/AFB7043-300x199.jpg 300w, https:\/\/labs.100x100.net\/projects\/rutasal\/custom\/uploads\/2019\/10\/AFB7043-768x508.jpg 768w, https:\/\/labs.100x100.net\/projects\/rutasal\/custom\/uploads\/2019\/10\/AFB7043.jpg 1000w\" sizes=\"(max-width: 300px) 100vw, 300px\" \/><\/p>\n<p><img loading=\"lazy\" decoding=\"async\" class=\"size-medium wp-image-4440 alignleft\" src=\"http:\/\/larutadelasal.com\/custom\/uploads\/2019\/10\/AFB7031-300x199.jpg\" alt=\"\" width=\"300\" height=\"199\" srcset=\"https:\/\/labs.100x100.net\/projects\/rutasal\/custom\/uploads\/2019\/10\/AFB7031-300x199.jpg 300w, https:\/\/labs.100x100.net\/projects\/rutasal\/custom\/uploads\/2019\/10\/AFB7031-768x508.jpg 768w, https:\/\/labs.100x100.net\/projects\/rutasal\/custom\/uploads\/2019\/10\/AFB7031.jpg 1000w\" sizes=\"(max-width: 300px) 100vw, 300px\" \/> <img loading=\"lazy\" decoding=\"async\" class=\"size-medium wp-image-4443 alignleft\" src=\"http:\/\/larutadelasal.com\/custom\/uploads\/2019\/10\/AFB7023-300x199.jpg\" alt=\"\" width=\"300\" height=\"199\" srcset=\"https:\/\/labs.100x100.net\/projects\/rutasal\/custom\/uploads\/2019\/10\/AFB7023-300x199.jpg 300w, https:\/\/labs.100x100.net\/projects\/rutasal\/custom\/uploads\/2019\/10\/AFB7023-768x508.jpg 768w, https:\/\/labs.100x100.net\/projects\/rutasal\/custom\/uploads\/2019\/10\/AFB7023.jpg 1000w\" sizes=\"(max-width: 300px) 100vw, 300px\" \/><\/p>\n<p style=\"font-weight: 400;\">La Ruta de la Sal, la regata de altura m\u00e1s consolidada y con mayor participaci\u00f3n del mediterr\u00e1neo, es una emblem\u00e1tica prueba con tres salidas diferenciadas, CM Port Ginesta (Barcelona), RCN Denia (Alicante), CV Port Andratx (Mallorca) que tiene el objetivo de alcanzar\u00a0 Ibiza, la Isla de la Sal, en el CN Sant Antoni Portmany.<\/p>\n<p style=\"font-weight: 400;\">La regata se iniciar\u00e1 el 9 de abril, con un tope m\u00e1ximo de 200 embarcaciones, que supondr\u00e1 unos 1.500 regatistas y el desplazamiento a la isla de Ibiza de muchos familiares y amigos que siguen a los regatistas, lo que consolida una vez m\u00e1s a La Sal como l\u00edder en este tipo de pruebas n\u00e1uticas.<\/p>\n<p style=\"font-weight: 400;\"><img loading=\"lazy\" decoding=\"async\" class=\"aligncenter size-full wp-image-4445\" src=\"http:\/\/larutadelasal.com\/custom\/uploads\/2019\/10\/AFB7284.jpg\" alt=\"\" width=\"1000\" height=\"662\" srcset=\"https:\/\/labs.100x100.net\/projects\/rutasal\/custom\/uploads\/2019\/10\/AFB7284.jpg 1000w, https:\/\/labs.100x100.net\/projects\/rutasal\/custom\/uploads\/2019\/10\/AFB7284-300x199.jpg 300w, https:\/\/labs.100x100.net\/projects\/rutasal\/custom\/uploads\/2019\/10\/AFB7284-768x508.jpg 768w\" sizes=\"(max-width: 1000px) 100vw, 1000px\" \/><\/p>\n<p>&nbsp;<\/p>\n<p><img loading=\"lazy\" decoding=\"async\" class=\"aligncenter size-full wp-image-4444\" src=\"http:\/\/larutadelasal.com\/custom\/uploads\/2019\/10\/AFB7273.jpg\" alt=\"\" width=\"1000\" height=\"662\" srcset=\"https:\/\/labs.100x100.net\/projects\/rutasal\/custom\/uploads\/2019\/10\/AFB7273.jpg 1000w, https:\/\/labs.100x100.net\/projects\/rutasal\/custom\/uploads\/2019\/10\/AFB7273-300x199.jpg 300w, https:\/\/labs.100x100.net\/projects\/rutasal\/custom\/uploads\/2019\/10\/AFB7273-768x508.jpg 768w\" sizes=\"(max-width: 1000px) 100vw, 1000px\" \/><\/p>\n<p style=\"font-weight: 400;\"><strong>Una\u00a0<em>inshore<\/em>\u00a0en Sant Antoni<\/strong><\/p>\n<p style=\"font-weight: 400;\">Para la edici\u00f3n 2020 est\u00e1 tambi\u00e9n programada la regata\u00a0<em>inshore<\/em>\u00a0de 10 millas n\u00e1uticas, dentro de la bah\u00eda de Sant Antoni de Portmany, que se realizar\u00e1 el domingo 12 de abril, donde podr\u00e1n competir los equipos inscritos de las tres diferentes versiones de La Sal\u00a0 y cuya entrega de premios se realizar\u00e1 en un acto el Sal\u00f3n N\u00e1utico del 2020.<\/p>\n<p style=\"font-weight: 400;\">Una vez m\u00e1s, La Ruta de la Sal se reafirma como el evento n\u00e1utico deportivo que m\u00e1s ha contribuido de una manera decisiva, durante los \u00faltimos 30 a\u00f1os, a fomentar y promocionar la navegaci\u00f3n de crucero en nuestro pa\u00eds y poner a la isla de Ibiza y Sant Antoni de Portmany en el centro de la n\u00e1utica mediterr\u00e1nea.<\/p>\n<p style=\"font-weight: 400;\">En esta edici\u00f3n la entrada de embarcaciones con pabellones de pa\u00edses, es importante, como refleja las preinscripciones de armadores de Rusia, Italia, Holanda, Alemania, Inglaterra, Suiza, Luxemburgo, Portugal y, muy especialmente Francia, que, en su mayor\u00eda, provienen de puertos de las costas Mediterr\u00e1neas del Languedoc-Rosell\u00f3n y Provenza-Costa Azul.<\/p>\n","protected":false},"excerpt":{"rendered":"<p>La isla de Ibiza reunir\u00e1 en Sant Antoni de Portmany a 200 embarcaciones de crucero y unos 1.500 regatistas en la pr\u00f3xima Semana Santa Las salidas se realizar\u00e1n el 9 de abril desde Port Ginesta (Barcelona), RCN Denia (Alicante) y el CV Andratx (Mallorca) con llegada a Sant Antony Portmany en la isla de Ibiza [&hellip;]<\/p>\n","protected":false},"author":8,"featured_media":4450,"comment_status":"open","ping_status":"open","sticky":false,"template":"","format":"standard","meta":{"_acf_changed":false,"footnotes":""},"categories":[3,1],"tags":[],"acf":[],"yoast_head":"<!-- This site is optimized with the Yoast SEO plugin v23.0 - https:\/\/yoast.com\/wordpress\/plugins\/seo\/ -->\n<title>PRESENTADA LA 33 EDICI\u00d3N DE LA RUTA DE LA SAL EN EL SAL\u00d3N NAUTICO INTERNACIONAL DE BARCELONA | Regata La Ruta de la Sal<\/title>\n<meta name=\"robots\" content=\"noindex, follow, max-snippet:-1, max-image-preview:large, max-video-preview:-1\" \/>\n<meta property=\"og:locale\" content=\"es_ES\" \/>\n<meta property=\"og:type\" content=\"article\" \/>\n<meta property=\"og:title\" content=\"PRESENTADA LA 33 EDICI\u00d3N DE LA RUTA DE LA SAL EN EL SAL\u00d3N NAUTICO INTERNACIONAL DE BARCELONA | Regata La Ruta de la Sal\" \/>\n<meta property=\"og:description\" content=\"La isla de Ibiza reunir\u00e1 en Sant Antoni de Portmany a 200 embarcaciones de crucero y unos 1.500 regatistas en la pr\u00f3xima Semana Santa Las salidas se realizar\u00e1n el 9 de abril desde Port Ginesta (Barcelona), RCN Denia (Alicante) y el CV Andratx (Mallorca) con llegada a Sant Antony Portmany en la isla de Ibiza [&hellip;]\" \/>\n<meta property=\"og:url\" content=\"https:\/\/labs.100x100.net\/projects\/rutasal\/presentada-la-33-edicion-de-la-ruta-de-la-sal-en-el-salon-nautico-internacional-de-barcelona\/\" \/>\n<meta property=\"og:site_name\" content=\"Regata La Ruta de la Sal\" \/>\n<meta property=\"article:publisher\" content=\"https:\/\/www.facebook.com\/rutadelasal\/\" \/>\n<meta property=\"article:published_time\" content=\"2019-10-15T14:45:19+00:00\" \/>\n<meta property=\"article:modified_time\" content=\"2019-12-19T12:09:49+00:00\" \/>\n<meta property=\"og:image\" content=\"https:\/\/labs.100x100.net\/projects\/rutasal\/custom\/uploads\/2019\/10\/AFB6885.jpg\" \/>\n\t<meta property=\"og:image:width\" content=\"1000\" \/>\n\t<meta property=\"og:image:height\" content=\"662\" \/>\n\t<meta property=\"og:image:type\" content=\"image\/jpeg\" \/>\n<meta name=\"author\" content=\"Enregata\" \/>\n<meta name=\"twitter:card\" content=\"summary_large_image\" \/>\n<meta name=\"twitter:creator\" content=\"@AnamMedi\" \/>\n<meta name=\"twitter:site\" content=\"@AnamMedi\" \/>\n<meta name=\"twitter:label1\" content=\"Escrito por\" \/>\n\t<meta name=\"twitter:data1\" content=\"Enregata\" \/>\n\t<meta name=\"twitter:label2\" content=\"Tiempo de lectura\" \/>\n\t<meta name=\"twitter:data2\" content=\"3 minutos\" \/>\n<script type=\"application\/ld+json\" class=\"yoast-schema-graph\">{\"@context\":\"https:\/\/schema.org\",\"@graph\":[{\"@type\":\"WebPage\",\"@id\":\"https:\/\/labs.100x100.net\/projects\/rutasal\/presentada-la-33-edicion-de-la-ruta-de-la-sal-en-el-salon-nautico-internacional-de-barcelona\/\",\"url\":\"https:\/\/labs.100x100.net\/projects\/rutasal\/presentada-la-33-edicion-de-la-ruta-de-la-sal-en-el-salon-nautico-internacional-de-barcelona\/\",\"name\":\"PRESENTADA LA 33 EDICI\u00d3N DE LA RUTA DE LA SAL EN EL SAL\u00d3N NAUTICO INTERNACIONAL DE BARCELONA | Regata La Ruta de la Sal\",\"isPartOf\":{\"@id\":\"https:\/\/labs.100x100.net\/projects\/rutasal\/#website\"},\"primaryImageOfPage\":{\"@id\":\"https:\/\/labs.100x100.net\/projects\/rutasal\/presentada-la-33-edicion-de-la-ruta-de-la-sal-en-el-salon-nautico-internacional-de-barcelona\/#primaryimage\"},\"image\":{\"@id\":\"https:\/\/labs.100x100.net\/projects\/rutasal\/presentada-la-33-edicion-de-la-ruta-de-la-sal-en-el-salon-nautico-internacional-de-barcelona\/#primaryimage\"},\"thumbnailUrl\":\"https:\/\/labs.100x100.net\/projects\/rutasal\/custom\/uploads\/2019\/10\/AFB6885.jpg\",\"datePublished\":\"2019-10-15T14:45:19+00:00\",\"dateModified\":\"2019-12-19T12:09:49+00:00\",\"author\":{\"@id\":\"https:\/\/labs.100x100.net\/projects\/rutasal\/#\/schema\/person\/ab0f0359773b0a59d5eb579ec54b37e8\"},\"breadcrumb\":{\"@id\":\"https:\/\/labs.100x100.net\/projects\/rutasal\/presentada-la-33-edicion-de-la-ruta-de-la-sal-en-el-salon-nautico-internacional-de-barcelona\/#breadcrumb\"},\"inLanguage\":\"es\",\"potentialAction\":[{\"@type\":\"ReadAction\",\"target\":[\"https:\/\/labs.100x100.net\/projects\/rutasal\/presentada-la-33-edicion-de-la-ruta-de-la-sal-en-el-salon-nautico-internacional-de-barcelona\/\"]}]},{\"@type\":\"ImageObject\",\"inLanguage\":\"es\",\"@id\":\"https:\/\/labs.100x100.net\/projects\/rutasal\/presentada-la-33-edicion-de-la-ruta-de-la-sal-en-el-salon-nautico-internacional-de-barcelona\/#primaryimage\",\"url\":\"https:\/\/labs.100x100.net\/projects\/rutasal\/custom\/uploads\/2019\/10\/AFB6885.jpg\",\"contentUrl\":\"https:\/\/labs.100x100.net\/projects\/rutasal\/custom\/uploads\/2019\/10\/AFB6885.jpg\",\"width\":1000,\"height\":662},{\"@type\":\"BreadcrumbList\",\"@id\":\"https:\/\/labs.100x100.net\/projects\/rutasal\/presentada-la-33-edicion-de-la-ruta-de-la-sal-en-el-salon-nautico-internacional-de-barcelona\/#breadcrumb\",\"itemListElement\":[{\"@type\":\"ListItem\",\"position\":1,\"name\":\"Portada\",\"item\":\"https:\/\/labs.100x100.net\/projects\/rutasal\/\"},{\"@type\":\"ListItem\",\"position\":2,\"name\":\"PRESENTADA LA 33 EDICI\u00d3N DE LA RUTA DE LA SAL EN EL SAL\u00d3N NAUTICO INTERNACIONAL DE BARCELONA\"}]},{\"@type\":\"WebSite\",\"@id\":\"https:\/\/labs.100x100.net\/projects\/rutasal\/#website\",\"url\":\"https:\/\/labs.100x100.net\/projects\/rutasal\/\",\"name\":\"Regata La Ruta de la Sal\",\"description\":\"Regata La Ruta de la Sal es una regata de Altura Mediterr\u00e1nea para barcos de crucero a vela con destino en Ibiza, que se disputa anualmente en Semana Santa.\",\"potentialAction\":[{\"@type\":\"SearchAction\",\"target\":{\"@type\":\"EntryPoint\",\"urlTemplate\":\"https:\/\/labs.100x100.net\/projects\/rutasal\/?s={search_term_string}\"},\"query-input\":\"required name=search_term_string\"}],\"inLanguage\":\"es\"},{\"@type\":\"Person\",\"@id\":\"https:\/\/labs.100x100.net\/projects\/rutasal\/#\/schema\/person\/ab0f0359773b0a59d5eb579ec54b37e8\",\"name\":\"Enregata\",\"image\":{\"@type\":\"ImageObject\",\"inLanguage\":\"es\",\"@id\":\"https:\/\/labs.100x100.net\/projects\/rutasal\/#\/schema\/person\/image\/\",\"url\":\"https:\/\/secure.gravatar.com\/avatar\/c674f392343d66e95fba904bf4162243?s=96&d=mm&r=g\",\"contentUrl\":\"https:\/\/secure.gravatar.com\/avatar\/c674f392343d66e95fba904bf4162243?s=96&d=mm&r=g\",\"caption\":\"Enregata\"}}]}<\/script>\n<!-- \/ Yoast SEO plugin. -->","yoast_head_json":{"title":"PRESENTADA LA 33 EDICI\u00d3N DE LA RUTA DE LA SAL EN EL SAL\u00d3N NAUTICO INTERNACIONAL DE BARCELONA | Regata La Ruta de la Sal","robots":{"index":"noindex","follow":"follow","max-snippet":"max-snippet:-1","max-image-preview":"max-image-preview:large","max-video-preview":"max-video-preview:-1"},"og_locale":"es_ES","og_type":"article","og_title":"PRESENTADA LA 33 EDICI\u00d3N DE LA RUTA DE LA SAL EN EL SAL\u00d3N NAUTICO INTERNACIONAL DE BARCELONA | Regata La Ruta de la Sal","og_description":"La isla de Ibiza reunir\u00e1 en Sant Antoni de Portmany a 200 embarcaciones de crucero y unos 1.500 regatistas en la pr\u00f3xima Semana Santa Las salidas se realizar\u00e1n el 9 de abril desde Port Ginesta (Barcelona), RCN Denia (Alicante) y el CV Andratx (Mallorca) con llegada a Sant Antony Portmany en la isla de Ibiza [&hellip;]","og_url":"https:\/\/labs.100x100.net\/projects\/rutasal\/presentada-la-33-edicion-de-la-ruta-de-la-sal-en-el-salon-nautico-internacional-de-barcelona\/","og_site_name":"Regata La Ruta de la Sal","article_publisher":"https:\/\/www.facebook.com\/rutadelasal\/","article_published_time":"2019-10-15T14:45:19+00:00","article_modified_time":"2019-12-19T12:09:49+00:00","og_image":[{"width":1000,"height":662,"url":"https:\/\/labs.100x100.net\/projects\/rutasal\/custom\/uploads\/2019\/10\/AFB6885.jpg","type":"image\/jpeg"}],"author":"Enregata","twitter_card":"summary_large_image","twitter_creator":"@AnamMedi","twitter_site":"@AnamMedi","twitter_misc":{"Escrito por":"Enregata","Tiempo de lectura":"3 minutos"},"schema":{"@context":"https:\/\/schema.org","@graph":[{"@type":"WebPage","@id":"https:\/\/labs.100x100.net\/projects\/rutasal\/presentada-la-33-edicion-de-la-ruta-de-la-sal-en-el-salon-nautico-internacional-de-barcelona\/","url":"https:\/\/labs.100x100.net\/projects\/rutasal\/presentada-la-33-edicion-de-la-ruta-de-la-sal-en-el-salon-nautico-internacional-de-barcelona\/","name":"PRESENTADA LA 33 EDICI\u00d3N DE LA RUTA DE LA SAL EN EL SAL\u00d3N NAUTICO INTERNACIONAL DE BARCELONA | Regata La Ruta de la Sal","isPartOf":{"@id":"https:\/\/labs.100x100.net\/projects\/rutasal\/#website"},"primaryImageOfPage":{"@id":"https:\/\/labs.100x100.net\/projects\/rutasal\/presentada-la-33-edicion-de-la-ruta-de-la-sal-en-el-salon-nautico-internacional-de-barcelona\/#primaryimage"},"image":{"@id":"https:\/\/labs.100x100.net\/projects\/rutasal\/presentada-la-33-edicion-de-la-ruta-de-la-sal-en-el-salon-nautico-internacional-de-barcelona\/#primaryimage"},"thumbnailUrl":"https:\/\/labs.100x100.net\/projects\/rutasal\/custom\/uploads\/2019\/10\/AFB6885.jpg","datePublished":"2019-10-15T14:45:19+00:00","dateModified":"2019-12-19T12:09:49+00:00","author":{"@id":"https:\/\/labs.100x100.net\/projects\/rutasal\/#\/schema\/person\/ab0f0359773b0a59d5eb579ec54b37e8"},"breadcrumb":{"@id":"https:\/\/labs.100x100.net\/projects\/rutasal\/presentada-la-33-edicion-de-la-ruta-de-la-sal-en-el-salon-nautico-internacional-de-barcelona\/#breadcrumb"},"inLanguage":"es","potentialAction":[{"@type":"ReadAction","target":["https:\/\/labs.100x100.net\/projects\/rutasal\/presentada-la-33-edicion-de-la-ruta-de-la-sal-en-el-salon-nautico-internacional-de-barcelona\/"]}]},{"@type":"ImageObject","inLanguage":"es","@id":"https:\/\/labs.100x100.net\/projects\/rutasal\/presentada-la-33-edicion-de-la-ruta-de-la-sal-en-el-salon-nautico-internacional-de-barcelona\/#primaryimage","url":"https:\/\/labs.100x100.net\/projects\/rutasal\/custom\/uploads\/2019\/10\/AFB6885.jpg","contentUrl":"https:\/\/labs.100x100.net\/projects\/rutasal\/custom\/uploads\/2019\/10\/AFB6885.jpg","width":1000,"height":662},{"@type":"BreadcrumbList","@id":"https:\/\/labs.100x100.net\/projects\/rutasal\/presentada-la-33-edicion-de-la-ruta-de-la-sal-en-el-salon-nautico-internacional-de-barcelona\/#breadcrumb","itemListElement":[{"@type":"ListItem","position":1,"name":"Portada","item":"https:\/\/labs.100x100.net\/projects\/rutasal\/"},{"@type":"ListItem","position":2,"name":"PRESENTADA LA 33 EDICI\u00d3N DE LA RUTA DE LA SAL EN EL SAL\u00d3N NAUTICO INTERNACIONAL DE BARCELONA"}]},{"@type":"WebSite","@id":"https:\/\/labs.100x100.net\/projects\/rutasal\/#website","url":"https:\/\/labs.100x100.net\/projects\/rutasal\/","name":"Regata La Ruta de la Sal","description":"Regata La Ruta de la Sal es una regata de Altura Mediterr\u00e1nea para barcos de crucero a vela con destino en Ibiza, que se disputa anualmente en Semana Santa.","potentialAction":[{"@type":"SearchAction","target":{"@type":"EntryPoint","urlTemplate":"https:\/\/labs.100x100.net\/projects\/rutasal\/?s={search_term_string}"},"query-input":"required name=search_term_string"}],"inLanguage":"es"},{"@type":"Person","@id":"https:\/\/labs.100x100.net\/projects\/rutasal\/#\/schema\/person\/ab0f0359773b0a59d5eb579ec54b37e8","name":"Enregata","image":{"@type":"ImageObject","inLanguage":"es","@id":"https:\/\/labs.100x100.net\/projects\/rutasal\/#\/schema\/person\/image\/","url":"https:\/\/secure.gravatar.com\/avatar\/c674f392343d66e95fba904bf4162243?s=96&d=mm&r=g","contentUrl":"https:\/\/secure.gravatar.com\/avatar\/c674f392343d66e95fba904bf4162243?s=96&d=mm&r=g","caption":"Enregata"}}]}},"_links":{"self":[{"href":"https:\/\/labs.100x100.net\/projects\/rutasal\/wp-json\/wp\/v2\/posts\/4436"}],"collection":[{"href":"https:\/\/labs.100x100.net\/projects\/rutasal\/wp-json\/wp\/v2\/posts"}],"about":[{"href":"https:\/\/labs.100x100.net\/projects\/rutasal\/wp-json\/wp\/v2\/types\/post"}],"author":[{"embeddable":true,"href":"https:\/\/labs.100x100.net\/projects\/rutasal\/wp-json\/wp\/v2\/users\/8"}],"replies":[{"embeddable":true,"href":"https:\/\/labs.100x100.net\/projects\/rutasal\/wp-json\/wp\/v2\/comments?post=4436"}],"version-history":[{"count":5,"href":"https:\/\/labs.100x100.net\/projects\/rutasal\/wp-json\/wp\/v2\/posts\/4436\/revisions"}],"predecessor-version":[{"id":4451,"href":"https:\/\/labs.100x100.net\/projects\/rutasal\/wp-json\/wp\/v2\/posts\/4436\/revisions\/4451"}],"wp:featuredmedia":[{"embeddable":true,"href":"https:\/\/labs.100x100.net\/projects\/rutasal\/wp-json\/wp\/v2\/media\/4450"}],"wp:attachment":[{"href":"https:\/\/labs.100x100.net\/projects\/rutasal\/wp-json\/wp\/v2\/media?parent=4436"}],"wp:term":[{"taxonomy":"category","embeddable":true,"href":"https:\/\/labs.100x100.net\/projects\/rutasal\/wp-json\/wp\/v2\/categories?post=4436"},{"taxonomy":"post_tag","embeddable":true,"href":"https:\/\/labs.100x100.net\/projects\/rutasal\/wp-json\/wp\/v2\/tags?post=4436"}],"curies":[{"name":"wp","href":"https:\/\/api.w.org\/{rel}","templated":true}]}}